{"id":10559,"date":"2021-01-27T13:55:54","date_gmt":"2021-01-27T12:55:54","guid":{"rendered":"https:\/\/www.rijeka.hr\/en\/?p=10559"},"modified":"2021-01-28T14:11:50","modified_gmt":"2021-01-28T13:11:50","slug":"croatian-edition-book-little-girls-auschwitz-confession-sisters-andra-tatiana-bucci-presented","status":"publish","type":"post","link":"https:\/\/www.rijeka.hr\/en\/croatian-edition-book-little-girls-auschwitz-confession-sisters-andra-tatiana-bucci-presented\/","title":{"rendered":"The Croatian edition of the book &#8220;We, little girls in Auschwitz&#8221; &#8211; confession of sisters Andra and Tatiana Bucci has been presented"},"content":{"rendered":"<p>&#8220;We, little girls in Auschwitz&#8221; is a shocking confession of sisters Andra and Tatiana Bucci, who were six and four years old when they were deported with their family from Rijeka, after a brief stop in the San Sabba rice mill in Trieste, to Auschwitz II \u2013 Birkenau, concentration camp. The Bucci sisters are two of the few dozen girls and boys who survived the extermination camp in which over 230,000 children from all over Europe died. The book, \u201cWe, little girls in Auschwitz\u201d, was published in 2019 by the Mondadori publishing house, and was also translated into German, and is currently being translated into English.<\/p>\n<p>In this book, the Bucci sisters give for the first time a personal testimony of everything they experienced in the concentration camp. They survived the selections perhaps because they thought they were twins, perhaps because they were daughters of a Catholic father, or simply because of a game of destiny.<\/p>\n<p>The mayor of Rijeka Vojko Obersnel, who on the initiative of the professor Ivo Goldstein started the publication of the book in Croatian, gave an introductory speech and the County vice president Petar Mamula. Ivo Goldstein, Ines Grgurina, history teacher at the First Croatian Grammar School in Rijeka and the curator of the Croatian edition Dragan Ogurli\u0107 spoke about the meaning of the Holocaust and how this initiative was born.<\/p>\n<p>Mayor Obersnel expressed the hope that the book would also be presented in other Croatian cities, because it carried an extremely strong message.<\/p>\n<p><img loading=\"lazy\" decoding=\"async\" width=\"435\" height=\"600\" class=\"size-medium wp-image-10565 alignleft\" src=\"https:\/\/www.rijeka.hr\/en\/wp-content\/uploads\/sites\/2\/2021\/01\/Naslovnica-knjige-\u201eMi-djevoj\u010dice-iz-Auschwitza\u201c-435x600-435x600.jpg\" alt=\"\" srcset=\"https:\/\/www.rijeka.hr\/en\/wp-content\/uploads\/sites\/2\/2021\/01\/Naslovnica-knjige-\u201eMi-djevoj\u010dice-iz-Auschwitza\u201c-435x600.jpg 435w, https:\/\/www.rijeka.hr\/en\/wp-content\/uploads\/sites\/2\/2021\/01\/Naslovnica-knjige-\u201eMi-djevoj\u010dice-iz-Auschwitza\u201c-435x600-290x400.jpg 290w\" sizes=\"(max-width: 435px) 100vw, 435px\" \/>\u201cToday, it is even more important to warn through the story of this book and the story of the Holocaust that sadly we have not learned much from all the horrors that took place in recent European history. We are witnesses that even today there are people who are willing to divide other people based on their religious or national affiliation, skin colour or political affiliation&#8221;, said mayor Obersnel, stressing that that and all similar books were a permanent warning that such horrors should never repeat again.<\/p>\n<p>Ivo Goldstein met the Bucci sisters in Rome during a conference of the International Holocaust Remembrance Association (IHRA), where a cartoon about the sisters who had survived Auschwitz was presented. On that occasion, Goldstein asked them if they would like to come to Rijeka, which they accepted with great joy. In March 2019, accompanied by their families, they visited Rijeka, and on that occasion, a stolperstein block was placed in front of the house from which they were deported. In 2019, the pupils attending elementary schools in Rijeka also had an opportunity to watch this cartoon.<\/p>\n<p>The sisters Andra and Tatiana Bucci addressed the attendees via a video message.<\/p>\n<p>Andra Bucci said she was happy and excited about the presentation of the book in Croatian in Rijeka. &#8220;Fiume &#8211; Rijeka &#8211; no matter how you call it, it is always our city. When in 2019 the stolperstein block was placed in front of the house where we had lived in Rijeka and from where we had been deported, we met the mayor Vojko Obersnel, who suggested that we translate the book into Croatian, which we immediately accepted. I think that the tragedy we experienced should not happen in today&#8217;s Europe. Europe is a young country, young people are the future of the whole world and it is certain that they will remember, learn and not repeat the last century\u2019s mistakes. Of that I am sure.&#8221;<\/p>\n<p>Tatiana Bucci said that the presentation of the book &#8220;We, little girls in Auschwitz&#8221; was deeply moving. \u201cWe are here today to remember the history of Europe, especially that part that concerned different people, among which, unfortunately, me too. &#8221;<\/p>\n<p>The sisters thanked mayor Vojko Obersnel for everything he had done for them and all those who had worked on the translation of the book and its presentation, and special thanks to Dijana Jelu\u0161i\u0107 Po\u017eari\u0107, mayor\u2019s associate, who helped them a lot in all.<\/p>\n<p>The promotion was also attended by the deputy mayor of Rijeka Marko Filipovi\u0107, the Consul General of Italy in Rijeka Davide Bradanini, the rector of the University of Rijeka Snje\u017eana Priji\u0107-Samar\u017eija and the president of the Jewish Community of Rijeka Ranko \u0160pigl.<\/p>\n<p>The Croatian edition of the book &#8220;We, little girls in Auschwitz&#8221; with the subtitle &#8220;Our Confession: How did we survive the Holocaust?&#8221;, was published at the end of 2020 by the publishing house Naklada Val from Rijeka.<\/p>\n<p>The book was published under the auspices of the City of Rijeka and the Primorje \u2013 Gorski Kotar County.<\/p>\n","protected":false},"excerpt":{"rendered":"<p>The Croatian translation of the book &#8220;We, little girls in Auschwitz&#8221; was presented in the Council Hall of the City of Rijeka on the occasion of the International Holocaust Remembrance Day.<\/p>\n","protected":false},"author":5,"featured_media":10564,"comment_status":"open","ping_status":"open","sticky":false,"template":"","format":"standard","meta":{"_acf_changed":false,"_trash_the_other_posts":false,"footnotes":"","_links_to":"","_links_to_target":""},"categories":[149],"tags":[248,245,247,246,244],"class_list":["post-10559","post","type-post","status-publish","format-standard","has-post-thumbnail","hentry","category-article","tag-concentration-camp","tag-little-girls-in-auschwitz","tag-sisters","tag-the-holocaust","tag-we"],"acf":[],"yoast_head":"<!-- This site is optimized with the Yoast SEO plugin v24.4 - https:\/\/yoast.com\/wordpress\/plugins\/seo\/ -->\n<title>The Croatian edition of the book &quot;We, little girls in Auschwitz&quot; - confession of sisters Andra and Tatiana Bucci has been presented - City of Rijeka<\/title>\n<meta name=\"robots\" content=\"index, follow, max-snippet:-1, max-image-preview:large, max-video-preview:-1\" \/>\n<link rel=\"canonical\" href=\"https:\/\/www.rijeka.hr\/en\/croatian-edition-book-little-girls-auschwitz-confession-sisters-andra-tatiana-bucci-presented\/\" \/>\n<meta property=\"og:locale\" content=\"en_US\" \/>\n<meta property=\"og:type\" content=\"article\" \/>\n<meta property=\"og:title\" content=\"The Croatian edition of the book &quot;We, little girls in Auschwitz&quot; - confession of sisters Andra and Tatiana Bucci has been presented - City of Rijeka\" \/>\n<meta property=\"og:description\" content=\"The Croatian translation of the book &quot;We, little girls in Auschwitz&quot; was presented in the Council Hall of the City of Rijeka on the occasion of the International Holocaust Remembrance Day.\" \/>\n<meta property=\"og:url\" content=\"https:\/\/www.rijeka.hr\/en\/croatian-edition-book-little-girls-auschwitz-confession-sisters-andra-tatiana-bucci-presented\/\" \/>\n<meta property=\"og:site_name\" content=\"City of Rijeka\" \/>\n<meta property=\"article:published_time\" content=\"2021-01-27T12:55:54+00:00\" \/>\n<meta property=\"article:modified_time\" content=\"2021-01-28T13:11:50+00:00\" \/>\n<meta property=\"og:image\" content=\"https:\/\/www.rijeka.hr\/en\/wp-content\/uploads\/sites\/2\/2021\/01\/Predstavljanje-knjige-o-sestrama-Bucci-4-900x600.jpg\" \/>\n\t<meta property=\"og:image:width\" content=\"900\" \/>\n\t<meta property=\"og:image:height\" content=\"600\" \/>\n\t<meta property=\"og:image:type\" content=\"image\/jpeg\" \/>\n<meta name=\"author\" content=\"Ivica Nikolac\" \/>\n<meta name=\"twitter:card\" content=\"summary_large_image\" \/>\n<meta name=\"twitter:label1\" content=\"Written by\" \/>\n\t<meta name=\"twitter:data1\" content=\"Ivica Nikolac\" \/>\n\t<meta name=\"twitter:label2\" content=\"Est. reading time\" \/>\n\t<meta name=\"twitter:data2\" content=\"4 minutes\" \/>\n<script type=\"application\/ld+json\" class=\"yoast-schema-graph\">{\"@context\":\"https:\/\/schema.org\",\"@graph\":[{\"@type\":\"WebPage\",\"@id\":\"https:\/\/www.rijeka.hr\/en\/croatian-edition-book-little-girls-auschwitz-confession-sisters-andra-tatiana-bucci-presented\/\",\"url\":\"https:\/\/www.rijeka.hr\/en\/croatian-edition-book-little-girls-auschwitz-confession-sisters-andra-tatiana-bucci-presented\/\",\"name\":\"The Croatian edition of the book \\\"We, little girls in Auschwitz\\\" - confession of sisters Andra and Tatiana Bucci has been presented - City of Rijeka\",\"isPartOf\":{\"@id\":\"https:\/\/www.rijeka.hr\/en\/#website\"},\"primaryImageOfPage\":{\"@id\":\"https:\/\/www.rijeka.hr\/en\/croatian-edition-book-little-girls-auschwitz-confession-sisters-andra-tatiana-bucci-presented\/#primaryimage\"},\"image\":{\"@id\":\"https:\/\/www.rijeka.hr\/en\/croatian-edition-book-little-girls-auschwitz-confession-sisters-andra-tatiana-bucci-presented\/#primaryimage\"},\"thumbnailUrl\":\"https:\/\/www.rijeka.hr\/en\/wp-content\/uploads\/sites\/2\/2021\/01\/Predstavljanje-knjige-o-sestrama-Bucci-4-900x600.jpg\",\"datePublished\":\"2021-01-27T12:55:54+00:00\",\"dateModified\":\"2021-01-28T13:11:50+00:00\",\"author\":{\"@id\":\"https:\/\/www.rijeka.hr\/en\/#\/schema\/person\/048b064fa7891b19d16e03a382abb85e\"},\"breadcrumb\":{\"@id\":\"https:\/\/www.rijeka.hr\/en\/croatian-edition-book-little-girls-auschwitz-confession-sisters-andra-tatiana-bucci-presented\/#breadcrumb\"},\"inLanguage\":\"en-US\",\"potentialAction\":[{\"@type\":\"ReadAction\",\"target\":[\"https:\/\/www.rijeka.hr\/en\/croatian-edition-book-little-girls-auschwitz-confession-sisters-andra-tatiana-bucci-presented\/\"]}]},{\"@type\":\"ImageObject\",\"inLanguage\":\"en-US\",\"@id\":\"https:\/\/www.rijeka.hr\/en\/croatian-edition-book-little-girls-auschwitz-confession-sisters-andra-tatiana-bucci-presented\/#primaryimage\",\"url\":\"https:\/\/www.rijeka.hr\/en\/wp-content\/uploads\/sites\/2\/2021\/01\/Predstavljanje-knjige-o-sestrama-Bucci-4-900x600.jpg\",\"contentUrl\":\"https:\/\/www.rijeka.hr\/en\/wp-content\/uploads\/sites\/2\/2021\/01\/Predstavljanje-knjige-o-sestrama-Bucci-4-900x600.jpg\",\"width\":900,\"height\":600},{\"@type\":\"BreadcrumbList\",\"@id\":\"https:\/\/www.rijeka.hr\/en\/croatian-edition-book-little-girls-auschwitz-confession-sisters-andra-tatiana-bucci-presented\/#breadcrumb\",\"itemListElement\":[{\"@type\":\"ListItem\",\"position\":1,\"name\":\"Po\u010detna stranica\",\"item\":\"https:\/\/www.rijeka.hr\/en\/\"},{\"@type\":\"ListItem\",\"position\":2,\"name\":\"The Croatian edition of the book &#8220;We, little girls in Auschwitz&#8221; &#8211; confession of sisters Andra and Tatiana Bucci has been presented\"}]},{\"@type\":\"WebSite\",\"@id\":\"https:\/\/www.rijeka.hr\/en\/#website\",\"url\":\"https:\/\/www.rijeka.hr\/en\/\",\"name\":\"City of Rijeka\",\"description\":\"City of Rijeka web Portal\",\"potentialAction\":[{\"@type\":\"SearchAction\",\"target\":{\"@type\":\"EntryPoint\",\"urlTemplate\":\"https:\/\/www.rijeka.hr\/en\/?s={search_term_string}\"},\"query-input\":{\"@type\":\"PropertyValueSpecification\",\"valueRequired\":true,\"valueName\":\"search_term_string\"}}],\"inLanguage\":\"en-US\"},{\"@type\":\"Person\",\"@id\":\"https:\/\/www.rijeka.hr\/en\/#\/schema\/person\/048b064fa7891b19d16e03a382abb85e\",\"name\":\"Ivica Nikolac\",\"image\":{\"@type\":\"ImageObject\",\"inLanguage\":\"en-US\",\"@id\":\"https:\/\/www.rijeka.hr\/en\/#\/schema\/person\/image\/\",\"url\":\"https:\/\/secure.gravatar.com\/avatar\/566d324e1656a1b494a0766b85643006?s=96&d=mm&r=g\",\"contentUrl\":\"https:\/\/secure.gravatar.com\/avatar\/566d324e1656a1b494a0766b85643006?s=96&d=mm&r=g\",\"caption\":\"Ivica Nikolac\"},\"url\":\"https:\/\/www.rijeka.hr\/en\/author\/inikolac\/\"}]}<\/script>\n<!-- \/ Yoast SEO plugin. -->","yoast_head_json":{"title":"The Croatian edition of the book \"We, little girls in Auschwitz\" - confession of sisters Andra and Tatiana Bucci has been presented - City of Rijeka","robots":{"index":"index","follow":"follow","max-snippet":"max-snippet:-1","max-image-preview":"max-image-preview:large","max-video-preview":"max-video-preview:-1"},"canonical":"https:\/\/www.rijeka.hr\/en\/croatian-edition-book-little-girls-auschwitz-confession-sisters-andra-tatiana-bucci-presented\/","og_locale":"en_US","og_type":"article","og_title":"The Croatian edition of the book \"We, little girls in Auschwitz\" - confession of sisters Andra and Tatiana Bucci has been presented - City of Rijeka","og_description":"The Croatian translation of the book \"We, little girls in Auschwitz\" was presented in the Council Hall of the City of Rijeka on the occasion of the International Holocaust Remembrance Day.","og_url":"https:\/\/www.rijeka.hr\/en\/croatian-edition-book-little-girls-auschwitz-confession-sisters-andra-tatiana-bucci-presented\/","og_site_name":"City of Rijeka","article_published_time":"2021-01-27T12:55:54+00:00","article_modified_time":"2021-01-28T13:11:50+00:00","og_image":[{"width":900,"height":600,"url":"https:\/\/www.rijeka.hr\/en\/wp-content\/uploads\/sites\/2\/2021\/01\/Predstavljanje-knjige-o-sestrama-Bucci-4-900x600.jpg","type":"image\/jpeg"}],"author":"Ivica Nikolac","twitter_card":"summary_large_image","twitter_misc":{"Written by":"Ivica Nikolac","Est. reading time":"4 minutes"},"schema":{"@context":"https:\/\/schema.org","@graph":[{"@type":"WebPage","@id":"https:\/\/www.rijeka.hr\/en\/croatian-edition-book-little-girls-auschwitz-confession-sisters-andra-tatiana-bucci-presented\/","url":"https:\/\/www.rijeka.hr\/en\/croatian-edition-book-little-girls-auschwitz-confession-sisters-andra-tatiana-bucci-presented\/","name":"The Croatian edition of the book \"We, little girls in Auschwitz\" - confession of sisters Andra and Tatiana Bucci has been presented - City of Rijeka","isPartOf":{"@id":"https:\/\/www.rijeka.hr\/en\/#website"},"primaryImageOfPage":{"@id":"https:\/\/www.rijeka.hr\/en\/croatian-edition-book-little-girls-auschwitz-confession-sisters-andra-tatiana-bucci-presented\/#primaryimage"},"image":{"@id":"https:\/\/www.rijeka.hr\/en\/croatian-edition-book-little-girls-auschwitz-confession-sisters-andra-tatiana-bucci-presented\/#primaryimage"},"thumbnailUrl":"https:\/\/www.rijeka.hr\/en\/wp-content\/uploads\/sites\/2\/2021\/01\/Predstavljanje-knjige-o-sestrama-Bucci-4-900x600.jpg","datePublished":"2021-01-27T12:55:54+00:00","dateModified":"2021-01-28T13:11:50+00:00","author":{"@id":"https:\/\/www.rijeka.hr\/en\/#\/schema\/person\/048b064fa7891b19d16e03a382abb85e"},"breadcrumb":{"@id":"https:\/\/www.rijeka.hr\/en\/croatian-edition-book-little-girls-auschwitz-confession-sisters-andra-tatiana-bucci-presented\/#breadcrumb"},"inLanguage":"en-US","potentialAction":[{"@type":"ReadAction","target":["https:\/\/www.rijeka.hr\/en\/croatian-edition-book-little-girls-auschwitz-confession-sisters-andra-tatiana-bucci-presented\/"]}]},{"@type":"ImageObject","inLanguage":"en-US","@id":"https:\/\/www.rijeka.hr\/en\/croatian-edition-book-little-girls-auschwitz-confession-sisters-andra-tatiana-bucci-presented\/#primaryimage","url":"https:\/\/www.rijeka.hr\/en\/wp-content\/uploads\/sites\/2\/2021\/01\/Predstavljanje-knjige-o-sestrama-Bucci-4-900x600.jpg","contentUrl":"https:\/\/www.rijeka.hr\/en\/wp-content\/uploads\/sites\/2\/2021\/01\/Predstavljanje-knjige-o-sestrama-Bucci-4-900x600.jpg","width":900,"height":600},{"@type":"BreadcrumbList","@id":"https:\/\/www.rijeka.hr\/en\/croatian-edition-book-little-girls-auschwitz-confession-sisters-andra-tatiana-bucci-presented\/#breadcrumb","itemListElement":[{"@type":"ListItem","position":1,"name":"Po\u010detna stranica","item":"https:\/\/www.rijeka.hr\/en\/"},{"@type":"ListItem","position":2,"name":"The Croatian edition of the book &#8220;We, little girls in Auschwitz&#8221; &#8211; confession of sisters Andra and Tatiana Bucci has been presented"}]},{"@type":"WebSite","@id":"https:\/\/www.rijeka.hr\/en\/#website","url":"https:\/\/www.rijeka.hr\/en\/","name":"City of Rijeka","description":"City of Rijeka web Portal","potentialAction":[{"@type":"SearchAction","target":{"@type":"EntryPoint","urlTemplate":"https:\/\/www.rijeka.hr\/en\/?s={search_term_string}"},"query-input":{"@type":"PropertyValueSpecification","valueRequired":true,"valueName":"search_term_string"}}],"inLanguage":"en-US"},{"@type":"Person","@id":"https:\/\/www.rijeka.hr\/en\/#\/schema\/person\/048b064fa7891b19d16e03a382abb85e","name":"Ivica Nikolac","image":{"@type":"ImageObject","inLanguage":"en-US","@id":"https:\/\/www.rijeka.hr\/en\/#\/schema\/person\/image\/","url":"https:\/\/secure.gravatar.com\/avatar\/566d324e1656a1b494a0766b85643006?s=96&d=mm&r=g","contentUrl":"https:\/\/secure.gravatar.com\/avatar\/566d324e1656a1b494a0766b85643006?s=96&d=mm&r=g","caption":"Ivica Nikolac"},"url":"https:\/\/www.rijeka.hr\/en\/author\/inikolac\/"}]}},"_links":{"self":[{"href":"https:\/\/www.rijeka.hr\/en\/wp-json\/wp\/v2\/posts\/10559","targetHints":{"allow":["GET"]}}],"collection":[{"href":"https:\/\/www.rijeka.hr\/en\/wp-json\/wp\/v2\/posts"}],"about":[{"href":"https:\/\/www.rijeka.hr\/en\/wp-json\/wp\/v2\/types\/post"}],"author":[{"embeddable":true,"href":"https:\/\/www.rijeka.hr\/en\/wp-json\/wp\/v2\/users\/5"}],"replies":[{"embeddable":true,"href":"https:\/\/www.rijeka.hr\/en\/wp-json\/wp\/v2\/comments?post=10559"}],"version-history":[{"count":3,"href":"https:\/\/www.rijeka.hr\/en\/wp-json\/wp\/v2\/posts\/10559\/revisions"}],"predecessor-version":[{"id":10562,"href":"https:\/\/www.rijeka.hr\/en\/wp-json\/wp\/v2\/posts\/10559\/revisions\/10562"}],"wp:featuredmedia":[{"embeddable":true,"href":"https:\/\/www.rijeka.hr\/en\/wp-json\/wp\/v2\/media\/10564"}],"wp:attachment":[{"href":"https:\/\/www.rijeka.hr\/en\/wp-json\/wp\/v2\/media?parent=10559"}],"wp:term":[{"taxonomy":"category","embeddable":true,"href":"https:\/\/www.rijeka.hr\/en\/wp-json\/wp\/v2\/categories?post=10559"},{"taxonomy":"post_tag","embeddable":true,"href":"https:\/\/www.rijeka.hr\/en\/wp-json\/wp\/v2\/tags?post=10559"}],"curies":[{"name":"wp","href":"https:\/\/api.w.org\/{rel}","templated":true}]}}