{"id":12922,"date":"2022-06-25T12:35:24","date_gmt":"2022-06-25T10:35:24","guid":{"rendered":"https:\/\/www.rijeka.hr\/en\/?p=12922"},"modified":"2022-08-10T12:43:18","modified_gmt":"2022-08-10T10:43:18","slug":"scenic-eclipse-ii-entered-water-first-time-3-maj-shipyard","status":"publish","type":"post","link":"https:\/\/www.rijeka.hr\/en\/scenic-eclipse-ii-entered-water-first-time-3-maj-shipyard\/","title":{"rendered":"The Scenic Eclipse II entered the water for the first time at the \u201c3. maj\u201d shipyard"},"content":{"rendered":"<p>The Scenic Eclipse II, ordered by the Australian Scenic group, is an ultra-luxury polar cruiser, 168 meters long and 21.5 meters wide, which can accommodate 228 guests. The appearance of this ship is familiar to the people of Rijeka, since it is the sister to the Scenic Eclipse, which was moored at Molo longa during the corona virus pandemic. The process of managing the construction of this research cruiser at \u201c3.maj\u201d is led by MKM Yachts, a division of Scenic Group.<\/p>\n<p>It is the first launch of a ship at &#8220;3. maj&#8221;, after four years, and since it was open to the public, it attracted a significant number of citizens.<\/p>\n<p>Before the ship&#8217;s launch, welcome speeches were given by Edi Ku\u010dan, director of the &#8220;3. maj&#8221; shipyard, Glen Moroney on behalf of Scenic Group, Davor Filipovi\u0107, Minister of Economy and Sustainable Development as well as by Vjera Mari\u0107, ship godmother. She was chosen as the ship godmother as a longtime employee of the \u201c3. Maj\u201d shipyard and the project manager of the construction of the &#8220;Eclipse II&#8221;, who symbolically launched the ship into the sea by cutting the champagne cord.<\/p>\n<p>The launch of the ship was also attended by the deputy mayor of Rijeka, Goran Pal\u010devski.<\/p>\n<div id='gallery-1' class='gallery galleryid-12922 gallery-columns-3 gallery-size-thumbnail'><dl class='gallery-item'>\n            <dt class='gallery-icon landscape'>\n                <a href='https:\/\/www.rijeka.hr\/en\/wp-content\/uploads\/sites\/2\/2022\/06\/Porinu\u0107e-broda-Scenic-Eclipse-II-u-brodogradili\u0161tu-3.-maj-6-250x250.jpg' title=\"\" data-rl_title=\"\" class=\"rl-gallery-link\" data-rl_caption=\"\" data-rel=\"lightbox-gallery-1\"><img loading=\"lazy\" decoding=\"async\" width=\"250\" height=\"250\" src=\"https:\/\/www.rijeka.hr\/en\/wp-content\/uploads\/sites\/2\/2022\/06\/Porinu\u0107e-broda-Scenic-Eclipse-II-u-brodogradili\u0161tu-3.-maj-6-250x250.jpg\" class=\"attachment-thumbnail size-thumbnail\" alt=\"\" aria-describedby=\"gallery-1-12927\" srcset=\"https:\/\/www.rijeka.hr\/en\/wp-content\/uploads\/sites\/2\/2022\/06\/Porinu\u0107e-broda-Scenic-Eclipse-II-u-brodogradili\u0161tu-3.-maj-6-250x250.jpg 250w, https:\/\/www.rijeka.hr\/en\/wp-content\/uploads\/sites\/2\/2022\/06\/Porinu\u0107e-broda-Scenic-Eclipse-II-u-brodogradili\u0161tu-3.-maj-6-250x250-200x200.jpg 200w\" sizes=\"(max-width: 250px) 100vw, 250px\" \/><\/a>\n            <\/dt>\n                <dd class='wp-caption-text gallery-caption size-thumbnail' id='gallery-1-12927'>\n                Many citizens were present during the  \u2018float out\u2019 ceremony\n                <\/dd><\/dl><dl class='gallery-item'>\n            <dt class='gallery-icon landscape'>\n                <a href='https:\/\/www.rijeka.hr\/en\/wp-content\/uploads\/sites\/2\/2022\/06\/Porinu\u0107e-broda-Scenic-Eclipse-II-u-brodogradili\u0161tu-3.-maj-5-1-250x250.jpg' title=\"\" data-rl_title=\"\" class=\"rl-gallery-link\" data-rl_caption=\"\" data-rel=\"lightbox-gallery-1\"><img loading=\"lazy\" decoding=\"async\" width=\"250\" height=\"250\" src=\"https:\/\/www.rijeka.hr\/en\/wp-content\/uploads\/sites\/2\/2022\/06\/Porinu\u0107e-broda-Scenic-Eclipse-II-u-brodogradili\u0161tu-3.-maj-5-1-250x250.jpg\" class=\"attachment-thumbnail size-thumbnail\" alt=\"\" aria-describedby=\"gallery-1-12928\" srcset=\"https:\/\/www.rijeka.hr\/en\/wp-content\/uploads\/sites\/2\/2022\/06\/Porinu\u0107e-broda-Scenic-Eclipse-II-u-brodogradili\u0161tu-3.-maj-5-1-250x250.jpg 250w, https:\/\/www.rijeka.hr\/en\/wp-content\/uploads\/sites\/2\/2022\/06\/Porinu\u0107e-broda-Scenic-Eclipse-II-u-brodogradili\u0161tu-3.-maj-5-1-250x250-200x200.jpg 200w\" sizes=\"(max-width: 250px) 100vw, 250px\" \/><\/a>\n            <\/dt>\n                <dd class='wp-caption-text gallery-caption size-thumbnail' id='gallery-1-12928'>\n                Marko Filipovi\u0107, mayor of Rijeka attended the ceremony\n                <\/dd><\/dl><dl class='gallery-item'>\n            <dt class='gallery-icon landscape'>\n                <a href='https:\/\/www.rijeka.hr\/en\/wp-content\/uploads\/sites\/2\/2022\/06\/Porinu\u0107e-broda-Scenic-Eclipse-II-u-brodogradili\u0161tu-3.-maj-2-1-250x250.jpg' title=\"\" data-rl_title=\"\" class=\"rl-gallery-link\" data-rl_caption=\"\" data-rel=\"lightbox-gallery-1\"><img loading=\"lazy\" decoding=\"async\" width=\"250\" height=\"250\" src=\"https:\/\/www.rijeka.hr\/en\/wp-content\/uploads\/sites\/2\/2022\/06\/Porinu\u0107e-broda-Scenic-Eclipse-II-u-brodogradili\u0161tu-3.-maj-2-1-250x250.jpg\" class=\"attachment-thumbnail size-thumbnail\" alt=\"\" aria-describedby=\"gallery-1-12929\" srcset=\"https:\/\/www.rijeka.hr\/en\/wp-content\/uploads\/sites\/2\/2022\/06\/Porinu\u0107e-broda-Scenic-Eclipse-II-u-brodogradili\u0161tu-3.-maj-2-1-250x250.jpg 250w, https:\/\/www.rijeka.hr\/en\/wp-content\/uploads\/sites\/2\/2022\/06\/Porinu\u0107e-broda-Scenic-Eclipse-II-u-brodogradili\u0161tu-3.-maj-2-1-250x250-200x200.jpg 200w\" sizes=\"(max-width: 250px) 100vw, 250px\" \/><\/a>\n            <\/dt>\n                <dd class='wp-caption-text gallery-caption size-thumbnail' id='gallery-1-12929'>\n                Shipyard &#8220;3.maj&#8221;\n                <\/dd><\/dl><br style=\"clear: both\" \/>\n        <\/div>\n\n<p>&#8220;This is a big and important day for all of us at Scenic. We are extremely proud that even in these challenging periods, we managed to realise our ideas. The Scenic Eclipse II represents an enhanced vision of our pioneering approach to the world of ultra-luxury cruising. We are grateful for the fact that we can build the most technologically advanced research passenger ships in the world and at the same time cooperate with shipyards with a long-standing proud tradition of shipbuilding. In Croatia, i.e., at \u201c3. maj\u201d, we found a suitable partner, and I would like to thank them for their cooperation, as well as all other stakeholders who recognized the seriousness of our intentions and the size of this project for Croatian shipbuilding on a global scale. I would like to thank HBOR, OTP Bank and all our subcontractors and partners for their support,&#8221; said Glen Moroney.<\/p>\n<p>The interesting thing is that the Scenic Eclipse II was the first new construction after a long four-year break at \u201c3. Maj\u201d, and the specificity of this highly sophisticated expedition ship is also the model of contracted cooperation with the Rijeka shipyard, according to which MKM Yachts took part of \u201c3. Maj\u201d in a subconcession, and by using the existing infrastructure and expertise of domestic shipbuilders and in synergy with the Scenic team, is working on the realisation of a copy of the Scenic Eclipse.<\/p>\n<p>The novelty of the MKM&#8217;s cooperation with \u201c3. Maj\u201d is also in the manner of operation, where the ship began to be equipped already at the slipway in order to be launched in the highest possible degree of completion. The workers of \u201c3. maj\u201d and subcontractors participated in the construction of the hull and its partial equipment, and MKM Yachts cooperated with numerous Croatian companies for procurement purposes. The Scenic Grupa further expanded its business operation in Rijeka last year by opening Scenic Cruise Services, company in charge of procurement and complete technical and hotel management of Scenic&#8217;s fleet of marine cruise ships. We are talking about jobs that until now were carried out from the office in Monaco, and since last year it has been done in Rijeka. Earlier, they founded a new shipping company, the Rijeka registry office, which for Scenic Eclipse was managed in Italy until now, and now the plan is to cooperate with other companies in the territory of Rijeka.<\/p>\n","protected":false},"excerpt":{"rendered":"<p>In the presence of guests and numerous citizens, at the &#8220;3. maj&#8221; shipyard the Scenic Eclipse II was launched into the sea from slipway II.<\/p>\n","protected":false},"author":89,"featured_media":12926,"comment_status":"open","ping_status":"open","sticky":false,"template":"","format":"standard","meta":{"_acf_changed":false,"_trash_the_other_posts":false,"footnotes":"","_links_to":"","_links_to_target":""},"categories":[149],"tags":[585,587,586],"class_list":["post-12922","post","type-post","status-publish","format-standard","has-post-thumbnail","hentry","category-article","tag-3-maj-shipyard","tag-luxury-polar-cruiser","tag-the-scenic-eclipse-ii"],"acf":[],"yoast_head":"<!-- This site is optimized with the Yoast SEO plugin v24.4 - https:\/\/yoast.com\/wordpress\/plugins\/seo\/ -->\n<title>The Scenic Eclipse II entered the water for the first time at the \u201c3. maj\u201d shipyard - City of Rijeka<\/title>\n<meta name=\"robots\" content=\"index, follow, max-snippet:-1, max-image-preview:large, max-video-preview:-1\" \/>\n<link rel=\"canonical\" href=\"https:\/\/www.rijeka.hr\/en\/scenic-eclipse-ii-entered-water-first-time-3-maj-shipyard\/\" \/>\n<meta property=\"og:locale\" content=\"en_US\" \/>\n<meta property=\"og:type\" content=\"article\" \/>\n<meta property=\"og:title\" content=\"The Scenic Eclipse II entered the water for the first time at the \u201c3. maj\u201d shipyard - City of Rijeka\" \/>\n<meta property=\"og:description\" content=\"In the presence of guests and numerous citizens, at the &quot;3. maj&quot; shipyard the Scenic Eclipse II was launched into the sea from slipway II.\" \/>\n<meta property=\"og:url\" content=\"https:\/\/www.rijeka.hr\/en\/scenic-eclipse-ii-entered-water-first-time-3-maj-shipyard\/\" \/>\n<meta property=\"og:site_name\" content=\"City of Rijeka\" \/>\n<meta property=\"article:published_time\" content=\"2022-06-25T10:35:24+00:00\" \/>\n<meta property=\"article:modified_time\" content=\"2022-08-10T10:43:18+00:00\" \/>\n<meta property=\"og:image\" content=\"https:\/\/www.rijeka.hr\/en\/wp-content\/uploads\/sites\/2\/2022\/06\/Porinu\u0107e-broda-Scenic-Eclipse-II-u-brodogradili\u0161tu-3.-maj-7-800x600.jpg\" \/>\n\t<meta property=\"og:image:width\" content=\"800\" \/>\n\t<meta property=\"og:image:height\" content=\"600\" \/>\n\t<meta property=\"og:image:type\" content=\"image\/jpeg\" \/>\n<meta name=\"author\" content=\"mbembic\" \/>\n<meta name=\"twitter:card\" content=\"summary_large_image\" \/>\n<meta name=\"twitter:label1\" content=\"Written by\" \/>\n\t<meta name=\"twitter:data1\" content=\"mbembic\" \/>\n\t<meta name=\"twitter:label2\" content=\"Est. reading time\" \/>\n\t<meta name=\"twitter:data2\" content=\"3 minutes\" \/>\n<script type=\"application\/ld+json\" class=\"yoast-schema-graph\">{\"@context\":\"https:\/\/schema.org\",\"@graph\":[{\"@type\":\"WebPage\",\"@id\":\"https:\/\/www.rijeka.hr\/en\/scenic-eclipse-ii-entered-water-first-time-3-maj-shipyard\/\",\"url\":\"https:\/\/www.rijeka.hr\/en\/scenic-eclipse-ii-entered-water-first-time-3-maj-shipyard\/\",\"name\":\"The Scenic Eclipse II entered the water for the first time at the \u201c3. maj\u201d shipyard - City of Rijeka\",\"isPartOf\":{\"@id\":\"https:\/\/www.rijeka.hr\/en\/#website\"},\"primaryImageOfPage\":{\"@id\":\"https:\/\/www.rijeka.hr\/en\/scenic-eclipse-ii-entered-water-first-time-3-maj-shipyard\/#primaryimage\"},\"image\":{\"@id\":\"https:\/\/www.rijeka.hr\/en\/scenic-eclipse-ii-entered-water-first-time-3-maj-shipyard\/#primaryimage\"},\"thumbnailUrl\":\"https:\/\/www.rijeka.hr\/en\/wp-content\/uploads\/sites\/2\/2022\/06\/Porinu\u0107e-broda-Scenic-Eclipse-II-u-brodogradili\u0161tu-3.-maj-7-800x600.jpg\",\"datePublished\":\"2022-06-25T10:35:24+00:00\",\"dateModified\":\"2022-08-10T10:43:18+00:00\",\"author\":{\"@id\":\"https:\/\/www.rijeka.hr\/en\/#\/schema\/person\/c6f2fe4ba52af1df0e9a2b0a22d63cc0\"},\"breadcrumb\":{\"@id\":\"https:\/\/www.rijeka.hr\/en\/scenic-eclipse-ii-entered-water-first-time-3-maj-shipyard\/#breadcrumb\"},\"inLanguage\":\"en-US\",\"potentialAction\":[{\"@type\":\"ReadAction\",\"target\":[\"https:\/\/www.rijeka.hr\/en\/scenic-eclipse-ii-entered-water-first-time-3-maj-shipyard\/\"]}]},{\"@type\":\"ImageObject\",\"inLanguage\":\"en-US\",\"@id\":\"https:\/\/www.rijeka.hr\/en\/scenic-eclipse-ii-entered-water-first-time-3-maj-shipyard\/#primaryimage\",\"url\":\"https:\/\/www.rijeka.hr\/en\/wp-content\/uploads\/sites\/2\/2022\/06\/Porinu\u0107e-broda-Scenic-Eclipse-II-u-brodogradili\u0161tu-3.-maj-7-800x600.jpg\",\"contentUrl\":\"https:\/\/www.rijeka.hr\/en\/wp-content\/uploads\/sites\/2\/2022\/06\/Porinu\u0107e-broda-Scenic-Eclipse-II-u-brodogradili\u0161tu-3.-maj-7-800x600.jpg\",\"width\":800,\"height\":600},{\"@type\":\"BreadcrumbList\",\"@id\":\"https:\/\/www.rijeka.hr\/en\/scenic-eclipse-ii-entered-water-first-time-3-maj-shipyard\/#breadcrumb\",\"itemListElement\":[{\"@type\":\"ListItem\",\"position\":1,\"name\":\"Po\u010detna stranica\",\"item\":\"https:\/\/www.rijeka.hr\/en\/\"},{\"@type\":\"ListItem\",\"position\":2,\"name\":\"The Scenic Eclipse II entered the water for the first time at the \u201c3. maj\u201d shipyard\"}]},{\"@type\":\"WebSite\",\"@id\":\"https:\/\/www.rijeka.hr\/en\/#website\",\"url\":\"https:\/\/www.rijeka.hr\/en\/\",\"name\":\"City of Rijeka\",\"description\":\"City of Rijeka web Portal\",\"potentialAction\":[{\"@type\":\"SearchAction\",\"target\":{\"@type\":\"EntryPoint\",\"urlTemplate\":\"https:\/\/www.rijeka.hr\/en\/?s={search_term_string}\"},\"query-input\":{\"@type\":\"PropertyValueSpecification\",\"valueRequired\":true,\"valueName\":\"search_term_string\"}}],\"inLanguage\":\"en-US\"},{\"@type\":\"Person\",\"@id\":\"https:\/\/www.rijeka.hr\/en\/#\/schema\/person\/c6f2fe4ba52af1df0e9a2b0a22d63cc0\",\"name\":\"mbembic\",\"image\":{\"@type\":\"ImageObject\",\"inLanguage\":\"en-US\",\"@id\":\"https:\/\/www.rijeka.hr\/en\/#\/schema\/person\/image\/\",\"url\":\"https:\/\/secure.gravatar.com\/avatar\/3ce3ce6ed89053defb3e592d3a5f1f9f?s=96&d=mm&r=g\",\"contentUrl\":\"https:\/\/secure.gravatar.com\/avatar\/3ce3ce6ed89053defb3e592d3a5f1f9f?s=96&d=mm&r=g\",\"caption\":\"mbembic\"},\"sameAs\":[\"https:\/\/www.rijeka.hr\/\"],\"url\":\"https:\/\/www.rijeka.hr\/en\/author\/mbembic\/\"}]}<\/script>\n<!-- \/ Yoast SEO plugin. -->","yoast_head_json":{"title":"The Scenic Eclipse II entered the water for the first time at the \u201c3. maj\u201d shipyard - City of Rijeka","robots":{"index":"index","follow":"follow","max-snippet":"max-snippet:-1","max-image-preview":"max-image-preview:large","max-video-preview":"max-video-preview:-1"},"canonical":"https:\/\/www.rijeka.hr\/en\/scenic-eclipse-ii-entered-water-first-time-3-maj-shipyard\/","og_locale":"en_US","og_type":"article","og_title":"The Scenic Eclipse II entered the water for the first time at the \u201c3. maj\u201d shipyard - City of Rijeka","og_description":"In the presence of guests and numerous citizens, at the \"3. maj\" shipyard the Scenic Eclipse II was launched into the sea from slipway II.","og_url":"https:\/\/www.rijeka.hr\/en\/scenic-eclipse-ii-entered-water-first-time-3-maj-shipyard\/","og_site_name":"City of Rijeka","article_published_time":"2022-06-25T10:35:24+00:00","article_modified_time":"2022-08-10T10:43:18+00:00","og_image":[{"width":800,"height":600,"url":"https:\/\/www.rijeka.hr\/en\/wp-content\/uploads\/sites\/2\/2022\/06\/Porinu\u0107e-broda-Scenic-Eclipse-II-u-brodogradili\u0161tu-3.-maj-7-800x600.jpg","type":"image\/jpeg"}],"author":"mbembic","twitter_card":"summary_large_image","twitter_misc":{"Written by":"mbembic","Est. reading time":"3 minutes"},"schema":{"@context":"https:\/\/schema.org","@graph":[{"@type":"WebPage","@id":"https:\/\/www.rijeka.hr\/en\/scenic-eclipse-ii-entered-water-first-time-3-maj-shipyard\/","url":"https:\/\/www.rijeka.hr\/en\/scenic-eclipse-ii-entered-water-first-time-3-maj-shipyard\/","name":"The Scenic Eclipse II entered the water for the first time at the \u201c3. maj\u201d shipyard - City of Rijeka","isPartOf":{"@id":"https:\/\/www.rijeka.hr\/en\/#website"},"primaryImageOfPage":{"@id":"https:\/\/www.rijeka.hr\/en\/scenic-eclipse-ii-entered-water-first-time-3-maj-shipyard\/#primaryimage"},"image":{"@id":"https:\/\/www.rijeka.hr\/en\/scenic-eclipse-ii-entered-water-first-time-3-maj-shipyard\/#primaryimage"},"thumbnailUrl":"https:\/\/www.rijeka.hr\/en\/wp-content\/uploads\/sites\/2\/2022\/06\/Porinu\u0107e-broda-Scenic-Eclipse-II-u-brodogradili\u0161tu-3.-maj-7-800x600.jpg","datePublished":"2022-06-25T10:35:24+00:00","dateModified":"2022-08-10T10:43:18+00:00","author":{"@id":"https:\/\/www.rijeka.hr\/en\/#\/schema\/person\/c6f2fe4ba52af1df0e9a2b0a22d63cc0"},"breadcrumb":{"@id":"https:\/\/www.rijeka.hr\/en\/scenic-eclipse-ii-entered-water-first-time-3-maj-shipyard\/#breadcrumb"},"inLanguage":"en-US","potentialAction":[{"@type":"ReadAction","target":["https:\/\/www.rijeka.hr\/en\/scenic-eclipse-ii-entered-water-first-time-3-maj-shipyard\/"]}]},{"@type":"ImageObject","inLanguage":"en-US","@id":"https:\/\/www.rijeka.hr\/en\/scenic-eclipse-ii-entered-water-first-time-3-maj-shipyard\/#primaryimage","url":"https:\/\/www.rijeka.hr\/en\/wp-content\/uploads\/sites\/2\/2022\/06\/Porinu\u0107e-broda-Scenic-Eclipse-II-u-brodogradili\u0161tu-3.-maj-7-800x600.jpg","contentUrl":"https:\/\/www.rijeka.hr\/en\/wp-content\/uploads\/sites\/2\/2022\/06\/Porinu\u0107e-broda-Scenic-Eclipse-II-u-brodogradili\u0161tu-3.-maj-7-800x600.jpg","width":800,"height":600},{"@type":"BreadcrumbList","@id":"https:\/\/www.rijeka.hr\/en\/scenic-eclipse-ii-entered-water-first-time-3-maj-shipyard\/#breadcrumb","itemListElement":[{"@type":"ListItem","position":1,"name":"Po\u010detna stranica","item":"https:\/\/www.rijeka.hr\/en\/"},{"@type":"ListItem","position":2,"name":"The Scenic Eclipse II entered the water for the first time at the \u201c3. maj\u201d shipyard"}]},{"@type":"WebSite","@id":"https:\/\/www.rijeka.hr\/en\/#website","url":"https:\/\/www.rijeka.hr\/en\/","name":"City of Rijeka","description":"City of Rijeka web Portal","potentialAction":[{"@type":"SearchAction","target":{"@type":"EntryPoint","urlTemplate":"https:\/\/www.rijeka.hr\/en\/?s={search_term_string}"},"query-input":{"@type":"PropertyValueSpecification","valueRequired":true,"valueName":"search_term_string"}}],"inLanguage":"en-US"},{"@type":"Person","@id":"https:\/\/www.rijeka.hr\/en\/#\/schema\/person\/c6f2fe4ba52af1df0e9a2b0a22d63cc0","name":"mbembic","image":{"@type":"ImageObject","inLanguage":"en-US","@id":"https:\/\/www.rijeka.hr\/en\/#\/schema\/person\/image\/","url":"https:\/\/secure.gravatar.com\/avatar\/3ce3ce6ed89053defb3e592d3a5f1f9f?s=96&d=mm&r=g","contentUrl":"https:\/\/secure.gravatar.com\/avatar\/3ce3ce6ed89053defb3e592d3a5f1f9f?s=96&d=mm&r=g","caption":"mbembic"},"sameAs":["https:\/\/www.rijeka.hr\/"],"url":"https:\/\/www.rijeka.hr\/en\/author\/mbembic\/"}]}},"_links":{"self":[{"href":"https:\/\/www.rijeka.hr\/en\/wp-json\/wp\/v2\/posts\/12922","targetHints":{"allow":["GET"]}}],"collection":[{"href":"https:\/\/www.rijeka.hr\/en\/wp-json\/wp\/v2\/posts"}],"about":[{"href":"https:\/\/www.rijeka.hr\/en\/wp-json\/wp\/v2\/types\/post"}],"author":[{"embeddable":true,"href":"https:\/\/www.rijeka.hr\/en\/wp-json\/wp\/v2\/users\/89"}],"replies":[{"embeddable":true,"href":"https:\/\/www.rijeka.hr\/en\/wp-json\/wp\/v2\/comments?post=12922"}],"version-history":[{"count":3,"href":"https:\/\/www.rijeka.hr\/en\/wp-json\/wp\/v2\/posts\/12922\/revisions"}],"predecessor-version":[{"id":12931,"href":"https:\/\/www.rijeka.hr\/en\/wp-json\/wp\/v2\/posts\/12922\/revisions\/12931"}],"wp:featuredmedia":[{"embeddable":true,"href":"https:\/\/www.rijeka.hr\/en\/wp-json\/wp\/v2\/media\/12926"}],"wp:attachment":[{"href":"https:\/\/www.rijeka.hr\/en\/wp-json\/wp\/v2\/media?parent=12922"}],"wp:term":[{"taxonomy":"category","embeddable":true,"href":"https:\/\/www.rijeka.hr\/en\/wp-json\/wp\/v2\/categories?post=12922"},{"taxonomy":"post_tag","embeddable":true,"href":"https:\/\/www.rijeka.hr\/en\/wp-json\/wp\/v2\/tags?post=12922"}],"curies":[{"name":"wp","href":"https:\/\/api.w.org\/{rel}","templated":true}]}}