{"id":13064,"date":"2022-09-20T11:26:54","date_gmt":"2022-09-20T09:26:54","guid":{"rendered":"https:\/\/www.rijeka.hr\/en\/?p=13064"},"modified":"2022-09-20T11:40:26","modified_gmt":"2022-09-20T09:40:26","slug":"king-sejong-institute-inaugurated-rijeka","status":"publish","type":"post","link":"https:\/\/www.rijeka.hr\/en\/king-sejong-institute-inaugurated-rijeka\/","title":{"rendered":"King Sejong Institute inaugurated in Rijeka"},"content":{"rendered":"<p>The King Sejong Institute is a leading brand of the institute for learning and teaching Korean abroad. It was established in 2007, and in June 2022, there were 244 branches in 84 countries around the world, with more than 81,000 participants. The Rijeka branch of the Institute will provide integrated and standardised information and services for learning the Korean language and will offer a true experience of the diversity of Korean culture. The lecturers, who are native speakers of the Korean language, will hold classes according to a standardised curriculum, which will greatly facilitate learning for all participants. The expected duration of the course is from 10 to 12 weeks, and the Institute in Rijeka will become operative in the first week of October with classes on the basics of the Korean language and culture and taekwondo, one of traditional Korean martial arts.<\/p>\n<div id=\"attachment_13068\" class=\"wp-caption alignleft\"><img loading=\"lazy\" decoding=\"async\" width=\"600\" height=\"400\" class=\"wp-image-13068 size-medium\" src=\"https:\/\/www.rijeka.hr\/en\/wp-content\/uploads\/sites\/2\/2022\/09\/Otvaranje-rije\u010dke-podru\u017enice-ju\u017enokorejskog-Instituta-kralja-Sed\u017eonga-2-600x400-600x400.jpg\" alt=\"\" \/><p class=\"wp-caption-text\">Inauguration of the King Sejong Institute in Rijeka<\/p><\/div>\n<p>The ceremony was attended by guests from the Republic of Korea, representatives of the Korean Embassy, the University of Rijeka and partner institutions.<\/p>\n<p>Welcome speeches were given by H.E. Sung-Wook Hong, Ambassador of the Republic of Korea to the Republic of Croatia, Seong Keun Yi, rector of Sungshin Women&#8217;s University, Snje\u017eana Priji\u0107 Samar\u017eija, Rector of the University of Rijeka and Marko Filipovi\u0107, Mayor of Rijeka.<\/p>\n<p>There is a long-standing and fruitful connection and partnership between the University of Rijeka and educational institutions in Korea. Back in 2008, cooperation was established between the University of Hankuk (South Slavic Studies) and the University of Rijeka under the leadership of academician Rector Daniel Rukavina. The Taekwondo Academy of the University of Rijeka was officially opened in June 2016 in the presence of President Chungwon Choue and in cooperation with the World Taekwondo Federation and Pohang University of Science and Technology.<\/p>\n<div id=\"attachment_13070\" class=\"wp-caption alignright\"><img loading=\"lazy\" decoding=\"async\" class=\"wp-image-13070 size-medium\" src=\"https:\/\/www.rijeka.hr\/en\/wp-content\/uploads\/sites\/2\/2022\/09\/Snje\u017eana-Priji\u0107-Samar\u017eija-rektorica-Sveu\u010dili\u0161ta-u-Rijeci-600x400-600x400.jpg\" alt=\"\" width=\"600\" height=\"400\" \/><p class=\"wp-caption-text\">Snje\u017eana Priji\u0107 Samar\u017eija, Rector of the University of Rijeka<\/p><\/div>\n<p>We are exceptionally honoured that the King Sejong Institute has been set up at our University and that more than 60 people have already registered for the initial course of the Korean language and culture, which indicates the interest of our fellow citizens in the Korean language and culture, pointed out Rector Priji\u0107 Samar\u017eija in her address.<\/p>\n<div id=\"attachment_13071\" class=\"wp-caption alignleft\"><img loading=\"lazy\" decoding=\"async\" class=\"wp-image-13071 size-medium\" src=\"https:\/\/www.rijeka.hr\/en\/wp-content\/uploads\/sites\/2\/2022\/09\/Otvaranje-rije\u010dke-podru\u017enice-ju\u017enokorejskog-Instituta-kralja-Sed\u017eonga-12-600x400-600x400.jpg\" alt=\"\" width=\"600\" height=\"400\" \/><p class=\"wp-caption-text\">H.E. SUNG-WOOK HONG, AMBASSADOR OF THE REPUBLIC OF KOREA TO THE REPUBLIC OF CROATIA<\/p><\/div>\n<p>The development of the city on the foundations of a knowledge society is not possible without a university rich in tradition and quality. All these years, the university has been a key player in the creation of quality and sought-after young professionals. Being a knowledge society is one of the most important directions in the development pathway of Rijeka, a direction that is encouraged by numerous civic initiatives and volunteer activities aimed precisely at the further development of Rijeka as a modern, open, multicultural community. Studying in Rijeka means having excellent professors and the best conditions for education, and that&#8217;s why I&#8217;m glad that our city has firmly committed itself to the development and support of education, knowledge, science and new technologies in the last twenty years. Also, this year we mark the 30th anniversary of the establishment of diplomatic relationships between Croatia and the Republic of Korea, so this is the perfect moment for the opening of the King Sejong Institute, stressed Mayor Filipovi\u0107.<\/p>\n<p>Ambassador Hong pointed out: \u201cI am delighted with the Rijeka Carnival, which I visited for the first time this year and it was organised exceptionally in summer, instead of at the end of winter. These are significant diplomatic developments. We hope that the people of Rijeka will love the Korean language and culture\u201d, he concluded.<\/p>\n<div id=\"attachment_13072\" class=\"wp-caption alignright\"><img loading=\"lazy\" decoding=\"async\" class=\"wp-image-13072 size-medium\" src=\"https:\/\/www.rijeka.hr\/en\/wp-content\/uploads\/sites\/2\/2022\/09\/Otvaranje-rije\u010dke-podru\u017enice-ju\u017enokorejskog-Instituta-kralja-Sed\u017eonga-9-600x400-600x400.jpg\" alt=\"\" width=\"600\" height=\"400\" \/><p class=\"wp-caption-text\">Marko Filipovi\u0107, Mayor of Rijeka<\/p><\/div>\n<p>H.E. Damir Ku\u0161en, Ambassador of the Republic of Croatia in Seoul welcomed the attendees and extended his congratulations via a video call.<\/p>\n<p>We are proud to open the Institute at this promising and growing University, said Rector Yi, and thanked Rector Priji\u0107 Samar\u017eija, Prorector \u017duvi\u0107 and the ambassadors.<\/p>\n<p>The director of the Business Department at the King Sejong Institute, Mr. Jongkwon Jeong, presented a plaque with the name of the Institute to the Prorector for Studies, Students and Quality Assurance, Marta \u017duvi\u0107, who was appointed director of the Institute, and handed over to her a plaque with the Institute\u2019s name.<\/p>\n<p>Following the ceremony, the guests and the hosts visited the premises on the Campus, that have been made available to the Institute to use them.<\/p>\n","protected":false},"excerpt":{"rendered":"<p>The Rijeka branch of the South Korean King Sejong Institute was officially inaugurated at the Rectorate of the University of Rijeka, where lecturers, native speakers of the Korean language, will hold classes according to a standardised curriculum, which will greatly facilitate learning for all participants.<\/p>\n","protected":false},"author":5,"featured_media":13067,"comment_status":"open","ping_status":"open","sticky":false,"template":"","format":"standard","meta":{"_acf_changed":false,"_trash_the_other_posts":false,"footnotes":"","_links_to":"","_links_to_target":""},"categories":[149],"tags":[617,621,618,620,619],"class_list":["post-13064","post","type-post","status-publish","format-standard","has-post-thumbnail","hentry","category-article","tag-king-sejong-institute","tag-knowledge-society","tag-korean-language","tag-korean-martial-arts","tag-university-of-rijeka"],"acf":[],"yoast_head":"<!-- This site is optimized with the Yoast SEO plugin v24.4 - https:\/\/yoast.com\/wordpress\/plugins\/seo\/ -->\n<title>King Sejong Institute inaugurated in Rijeka - City of Rijeka<\/title>\n<meta name=\"robots\" content=\"index, follow, max-snippet:-1, max-image-preview:large, max-video-preview:-1\" \/>\n<link rel=\"canonical\" href=\"https:\/\/www.rijeka.hr\/en\/king-sejong-institute-inaugurated-rijeka\/\" \/>\n<meta property=\"og:locale\" content=\"en_US\" \/>\n<meta property=\"og:type\" content=\"article\" \/>\n<meta property=\"og:title\" content=\"King Sejong Institute inaugurated in Rijeka - City of Rijeka\" \/>\n<meta property=\"og:description\" content=\"The Rijeka branch of the South Korean King Sejong Institute was officially inaugurated at the Rectorate of the University of Rijeka, where lecturers, native speakers of the Korean language, will hold classes according to a standardised curriculum, which will greatly facilitate learning for all participants.\" \/>\n<meta property=\"og:url\" content=\"https:\/\/www.rijeka.hr\/en\/king-sejong-institute-inaugurated-rijeka\/\" \/>\n<meta property=\"og:site_name\" content=\"City of Rijeka\" \/>\n<meta property=\"article:published_time\" content=\"2022-09-20T09:26:54+00:00\" \/>\n<meta property=\"article:modified_time\" content=\"2022-09-20T09:40:26+00:00\" \/>\n<meta property=\"og:image\" content=\"https:\/\/www.rijeka.hr\/en\/wp-content\/uploads\/sites\/2\/2022\/09\/Otvaranje-rije\u010dke-podru\u017enice-ju\u017enokorejskog-Instituta-kralja-Sed\u017eonga-13-901x600.jpg\" \/>\n\t<meta property=\"og:image:width\" content=\"901\" \/>\n\t<meta property=\"og:image:height\" content=\"600\" \/>\n\t<meta property=\"og:image:type\" content=\"image\/jpeg\" \/>\n<meta name=\"author\" content=\"Ivica Nikolac\" \/>\n<meta name=\"twitter:card\" content=\"summary_large_image\" \/>\n<meta name=\"twitter:label1\" content=\"Written by\" \/>\n\t<meta name=\"twitter:data1\" content=\"Ivica Nikolac\" \/>\n\t<meta name=\"twitter:label2\" content=\"Est. reading time\" \/>\n\t<meta name=\"twitter:data2\" content=\"4 minutes\" \/>\n<script type=\"application\/ld+json\" class=\"yoast-schema-graph\">{\"@context\":\"https:\/\/schema.org\",\"@graph\":[{\"@type\":\"WebPage\",\"@id\":\"https:\/\/www.rijeka.hr\/en\/king-sejong-institute-inaugurated-rijeka\/\",\"url\":\"https:\/\/www.rijeka.hr\/en\/king-sejong-institute-inaugurated-rijeka\/\",\"name\":\"King Sejong Institute inaugurated in Rijeka - City of Rijeka\",\"isPartOf\":{\"@id\":\"https:\/\/www.rijeka.hr\/en\/#website\"},\"primaryImageOfPage\":{\"@id\":\"https:\/\/www.rijeka.hr\/en\/king-sejong-institute-inaugurated-rijeka\/#primaryimage\"},\"image\":{\"@id\":\"https:\/\/www.rijeka.hr\/en\/king-sejong-institute-inaugurated-rijeka\/#primaryimage\"},\"thumbnailUrl\":\"https:\/\/www.rijeka.hr\/en\/wp-content\/uploads\/sites\/2\/2022\/09\/Otvaranje-rije\u010dke-podru\u017enice-ju\u017enokorejskog-Instituta-kralja-Sed\u017eonga-13-901x600.jpg\",\"datePublished\":\"2022-09-20T09:26:54+00:00\",\"dateModified\":\"2022-09-20T09:40:26+00:00\",\"author\":{\"@id\":\"https:\/\/www.rijeka.hr\/en\/#\/schema\/person\/048b064fa7891b19d16e03a382abb85e\"},\"breadcrumb\":{\"@id\":\"https:\/\/www.rijeka.hr\/en\/king-sejong-institute-inaugurated-rijeka\/#breadcrumb\"},\"inLanguage\":\"en-US\",\"potentialAction\":[{\"@type\":\"ReadAction\",\"target\":[\"https:\/\/www.rijeka.hr\/en\/king-sejong-institute-inaugurated-rijeka\/\"]}]},{\"@type\":\"ImageObject\",\"inLanguage\":\"en-US\",\"@id\":\"https:\/\/www.rijeka.hr\/en\/king-sejong-institute-inaugurated-rijeka\/#primaryimage\",\"url\":\"https:\/\/www.rijeka.hr\/en\/wp-content\/uploads\/sites\/2\/2022\/09\/Otvaranje-rije\u010dke-podru\u017enice-ju\u017enokorejskog-Instituta-kralja-Sed\u017eonga-13-901x600.jpg\",\"contentUrl\":\"https:\/\/www.rijeka.hr\/en\/wp-content\/uploads\/sites\/2\/2022\/09\/Otvaranje-rije\u010dke-podru\u017enice-ju\u017enokorejskog-Instituta-kralja-Sed\u017eonga-13-901x600.jpg\",\"width\":901,\"height\":600},{\"@type\":\"BreadcrumbList\",\"@id\":\"https:\/\/www.rijeka.hr\/en\/king-sejong-institute-inaugurated-rijeka\/#breadcrumb\",\"itemListElement\":[{\"@type\":\"ListItem\",\"position\":1,\"name\":\"Po\u010detna stranica\",\"item\":\"https:\/\/www.rijeka.hr\/en\/\"},{\"@type\":\"ListItem\",\"position\":2,\"name\":\"King Sejong Institute inaugurated in Rijeka\"}]},{\"@type\":\"WebSite\",\"@id\":\"https:\/\/www.rijeka.hr\/en\/#website\",\"url\":\"https:\/\/www.rijeka.hr\/en\/\",\"name\":\"City of Rijeka\",\"description\":\"City of Rijeka web Portal\",\"potentialAction\":[{\"@type\":\"SearchAction\",\"target\":{\"@type\":\"EntryPoint\",\"urlTemplate\":\"https:\/\/www.rijeka.hr\/en\/?s={search_term_string}\"},\"query-input\":{\"@type\":\"PropertyValueSpecification\",\"valueRequired\":true,\"valueName\":\"search_term_string\"}}],\"inLanguage\":\"en-US\"},{\"@type\":\"Person\",\"@id\":\"https:\/\/www.rijeka.hr\/en\/#\/schema\/person\/048b064fa7891b19d16e03a382abb85e\",\"name\":\"Ivica Nikolac\",\"image\":{\"@type\":\"ImageObject\",\"inLanguage\":\"en-US\",\"@id\":\"https:\/\/www.rijeka.hr\/en\/#\/schema\/person\/image\/\",\"url\":\"https:\/\/secure.gravatar.com\/avatar\/566d324e1656a1b494a0766b85643006?s=96&d=mm&r=g\",\"contentUrl\":\"https:\/\/secure.gravatar.com\/avatar\/566d324e1656a1b494a0766b85643006?s=96&d=mm&r=g\",\"caption\":\"Ivica Nikolac\"},\"url\":\"https:\/\/www.rijeka.hr\/en\/author\/inikolac\/\"}]}<\/script>\n<!-- \/ Yoast SEO plugin. -->","yoast_head_json":{"title":"King Sejong Institute inaugurated in Rijeka - City of Rijeka","robots":{"index":"index","follow":"follow","max-snippet":"max-snippet:-1","max-image-preview":"max-image-preview:large","max-video-preview":"max-video-preview:-1"},"canonical":"https:\/\/www.rijeka.hr\/en\/king-sejong-institute-inaugurated-rijeka\/","og_locale":"en_US","og_type":"article","og_title":"King Sejong Institute inaugurated in Rijeka - City of Rijeka","og_description":"The Rijeka branch of the South Korean King Sejong Institute was officially inaugurated at the Rectorate of the University of Rijeka, where lecturers, native speakers of the Korean language, will hold classes according to a standardised curriculum, which will greatly facilitate learning for all participants.","og_url":"https:\/\/www.rijeka.hr\/en\/king-sejong-institute-inaugurated-rijeka\/","og_site_name":"City of Rijeka","article_published_time":"2022-09-20T09:26:54+00:00","article_modified_time":"2022-09-20T09:40:26+00:00","og_image":[{"width":901,"height":600,"url":"https:\/\/www.rijeka.hr\/en\/wp-content\/uploads\/sites\/2\/2022\/09\/Otvaranje-rije\u010dke-podru\u017enice-ju\u017enokorejskog-Instituta-kralja-Sed\u017eonga-13-901x600.jpg","type":"image\/jpeg"}],"author":"Ivica Nikolac","twitter_card":"summary_large_image","twitter_misc":{"Written by":"Ivica Nikolac","Est. reading time":"4 minutes"},"schema":{"@context":"https:\/\/schema.org","@graph":[{"@type":"WebPage","@id":"https:\/\/www.rijeka.hr\/en\/king-sejong-institute-inaugurated-rijeka\/","url":"https:\/\/www.rijeka.hr\/en\/king-sejong-institute-inaugurated-rijeka\/","name":"King Sejong Institute inaugurated in Rijeka - City of Rijeka","isPartOf":{"@id":"https:\/\/www.rijeka.hr\/en\/#website"},"primaryImageOfPage":{"@id":"https:\/\/www.rijeka.hr\/en\/king-sejong-institute-inaugurated-rijeka\/#primaryimage"},"image":{"@id":"https:\/\/www.rijeka.hr\/en\/king-sejong-institute-inaugurated-rijeka\/#primaryimage"},"thumbnailUrl":"https:\/\/www.rijeka.hr\/en\/wp-content\/uploads\/sites\/2\/2022\/09\/Otvaranje-rije\u010dke-podru\u017enice-ju\u017enokorejskog-Instituta-kralja-Sed\u017eonga-13-901x600.jpg","datePublished":"2022-09-20T09:26:54+00:00","dateModified":"2022-09-20T09:40:26+00:00","author":{"@id":"https:\/\/www.rijeka.hr\/en\/#\/schema\/person\/048b064fa7891b19d16e03a382abb85e"},"breadcrumb":{"@id":"https:\/\/www.rijeka.hr\/en\/king-sejong-institute-inaugurated-rijeka\/#breadcrumb"},"inLanguage":"en-US","potentialAction":[{"@type":"ReadAction","target":["https:\/\/www.rijeka.hr\/en\/king-sejong-institute-inaugurated-rijeka\/"]}]},{"@type":"ImageObject","inLanguage":"en-US","@id":"https:\/\/www.rijeka.hr\/en\/king-sejong-institute-inaugurated-rijeka\/#primaryimage","url":"https:\/\/www.rijeka.hr\/en\/wp-content\/uploads\/sites\/2\/2022\/09\/Otvaranje-rije\u010dke-podru\u017enice-ju\u017enokorejskog-Instituta-kralja-Sed\u017eonga-13-901x600.jpg","contentUrl":"https:\/\/www.rijeka.hr\/en\/wp-content\/uploads\/sites\/2\/2022\/09\/Otvaranje-rije\u010dke-podru\u017enice-ju\u017enokorejskog-Instituta-kralja-Sed\u017eonga-13-901x600.jpg","width":901,"height":600},{"@type":"BreadcrumbList","@id":"https:\/\/www.rijeka.hr\/en\/king-sejong-institute-inaugurated-rijeka\/#breadcrumb","itemListElement":[{"@type":"ListItem","position":1,"name":"Po\u010detna stranica","item":"https:\/\/www.rijeka.hr\/en\/"},{"@type":"ListItem","position":2,"name":"King Sejong Institute inaugurated in Rijeka"}]},{"@type":"WebSite","@id":"https:\/\/www.rijeka.hr\/en\/#website","url":"https:\/\/www.rijeka.hr\/en\/","name":"City of Rijeka","description":"City of Rijeka web Portal","potentialAction":[{"@type":"SearchAction","target":{"@type":"EntryPoint","urlTemplate":"https:\/\/www.rijeka.hr\/en\/?s={search_term_string}"},"query-input":{"@type":"PropertyValueSpecification","valueRequired":true,"valueName":"search_term_string"}}],"inLanguage":"en-US"},{"@type":"Person","@id":"https:\/\/www.rijeka.hr\/en\/#\/schema\/person\/048b064fa7891b19d16e03a382abb85e","name":"Ivica Nikolac","image":{"@type":"ImageObject","inLanguage":"en-US","@id":"https:\/\/www.rijeka.hr\/en\/#\/schema\/person\/image\/","url":"https:\/\/secure.gravatar.com\/avatar\/566d324e1656a1b494a0766b85643006?s=96&d=mm&r=g","contentUrl":"https:\/\/secure.gravatar.com\/avatar\/566d324e1656a1b494a0766b85643006?s=96&d=mm&r=g","caption":"Ivica Nikolac"},"url":"https:\/\/www.rijeka.hr\/en\/author\/inikolac\/"}]}},"_links":{"self":[{"href":"https:\/\/www.rijeka.hr\/en\/wp-json\/wp\/v2\/posts\/13064","targetHints":{"allow":["GET"]}}],"collection":[{"href":"https:\/\/www.rijeka.hr\/en\/wp-json\/wp\/v2\/posts"}],"about":[{"href":"https:\/\/www.rijeka.hr\/en\/wp-json\/wp\/v2\/types\/post"}],"author":[{"embeddable":true,"href":"https:\/\/www.rijeka.hr\/en\/wp-json\/wp\/v2\/users\/5"}],"replies":[{"embeddable":true,"href":"https:\/\/www.rijeka.hr\/en\/wp-json\/wp\/v2\/comments?post=13064"}],"version-history":[{"count":3,"href":"https:\/\/www.rijeka.hr\/en\/wp-json\/wp\/v2\/posts\/13064\/revisions"}],"predecessor-version":[{"id":13075,"href":"https:\/\/www.rijeka.hr\/en\/wp-json\/wp\/v2\/posts\/13064\/revisions\/13075"}],"wp:featuredmedia":[{"embeddable":true,"href":"https:\/\/www.rijeka.hr\/en\/wp-json\/wp\/v2\/media\/13067"}],"wp:attachment":[{"href":"https:\/\/www.rijeka.hr\/en\/wp-json\/wp\/v2\/media?parent=13064"}],"wp:term":[{"taxonomy":"category","embeddable":true,"href":"https:\/\/www.rijeka.hr\/en\/wp-json\/wp\/v2\/categories?post=13064"},{"taxonomy":"post_tag","embeddable":true,"href":"https:\/\/www.rijeka.hr\/en\/wp-json\/wp\/v2\/tags?post=13064"}],"curies":[{"name":"wp","href":"https:\/\/api.w.org\/{rel}","templated":true}]}}