{"id":13907,"date":"2023-04-20T13:43:09","date_gmt":"2023-04-20T11:43:09","guid":{"rendered":"https:\/\/www.rijeka.hr\/en\/?p=13907"},"modified":"2023-04-26T13:49:36","modified_gmt":"2023-04-26T11:49:36","slug":"university-rijeka-lurssen-group-gathered-eminent-domestic-european-names-business-education-sectors-european-forum-future-universities","status":"publish","type":"post","link":"https:\/\/www.rijeka.hr\/en\/university-rijeka-lurssen-group-gathered-eminent-domestic-european-names-business-education-sectors-european-forum-future-universities\/","title":{"rendered":"The University of Rijeka and the L\u00fcrssen group gathered eminent domestic and European names from the business and education sectors at the European Forum &#8211; Future for Universities"},"content":{"rendered":"<p>During a two-day conference, the academic and business community of Rijeka and the Kvarner region had an opportunity to hear some first-hand experiences and advice of some of the most successful people from the business sector and higher education in Europe, including Mr. Peter L\u00fcrssen, CEO of L\u00fcrssen, Mr. Andreas Treichl, Chairman of the Supervisory Board of the ERSTE Foundation, and Mr. Roberto Kuti\u0107, co-founder and COO at Infobip and many others.<\/p>\n<div id=\"attachment_13913\" class=\"wp-caption alignleft\"><img loading=\"lazy\" decoding=\"async\" width=\"600\" height=\"400\" class=\"wp-image-13913 size-medium\" src=\"https:\/\/www.rijeka.hr\/en\/wp-content\/uploads\/sites\/2\/2023\/04\/Otvorenje-Europskog-foruma-5-600x400-600x400.jpg\" alt=\"\" \/><p class=\"wp-caption-text\">Opening of the European Forum<\/p><\/div>\n<p>For 50 years, the University of Rijeka has been a national and regional example of striving for excellence in the education of numerous generations of academic citizens, who have become or will soon become the promotors of socio-economic development, not only in Rijeka, but also in the Kvarner region and beyond. The University of Rijeka is proud of the accomplishments achieved over the last 50 years, and it celebrates this great jubilee, without looking back, but rather, thinking about the future, with an emphasis on sustainability.<\/p>\n<p>\u201cThe underlying idea of this European Forum, which, hopefully, will not be the only one, was primarily our desire to establish communication. Of course, there is cooperation between the business sector and the University, the civil sector, the local community, and citizens. However, our idea is that one can face the challenges of the future, as well as the temporary social problems, only if we put our heads together, if we somehow overcome the prejudices that are deeply rooted in our institutions \u2013 both business and university. We must endeavour to solve the problems together, because it is our duty, our moral obligation, to think about future generations as much as we think about the quality of life of our citizens\u201d, pointed out Snje\u017eana Priji\u0107-Samar\u017eija, rector of the University of Rijeka<\/p>\n<div id=\"attachment_13915\" class=\"wp-caption alignright\"><img loading=\"lazy\" decoding=\"async\" class=\"wp-image-13915 size-medium\" src=\"https:\/\/www.rijeka.hr\/en\/wp-content\/uploads\/sites\/2\/2023\/04\/Peter-L\u00fcrssen_izvr\u0161ni-direktor-tvrtke-L\u00fcrssen_2_Foto_Tanja-Kanazir-600x400-600x400.jpeg\" alt=\"\" width=\"600\" height=\"400\" \/><p class=\"wp-caption-text\">Peter L\u00fcrssen, CEO of L\u00fcrssen<\/p><\/div>\n<p>The University of Rijeka and the L\u00fcrssen company, as a co-organiser of this special manifestation, share the common stance, i.e. the future of education lies precisely in cross-sectoral cooperation at multiple levels. Therefore, the European Forum \u00a0&#8211; Future for Universities tried to embody exactly these values for the purpose of further development and strengthening the competitiveness of the general domestic academic and business community.<\/p>\n<p>\u201cOne company alone cannot make a big change within a certain industry. The secret is that we have to work closely with educational and research institutions. By working openly and transparently, we can find a solution together, or direct the industry towards a solution. If one\u2019s good idea doesn\u2019t work the first time, give it a second chance and try to learn from the first failure, so that you may succeed the second time. After all, it\u2019s all about people, creative and innovative people\u201d, pointed out Peter L\u00fcrssen. L\u00fcrssen is one of the world\u2019s largest manufacturers of large yachts, who has been very active for some time and a prominent member of the local community of Rijeka.<\/p>\n<div id=\"attachment_13916\" class=\"wp-caption alignleft\"><img loading=\"lazy\" decoding=\"async\" class=\"wp-image-13916 size-medium\" src=\"https:\/\/www.rijeka.hr\/en\/wp-content\/uploads\/sites\/2\/2023\/04\/Rektorica-Sveu\u010dili\u0161ta-u-Rijeci-Snje\u017eana-Priji\u0107-Samar\u017eija_Foto_Tanja-Kanazir-600x400-600x400.jpeg\" alt=\"\" width=\"600\" height=\"400\" \/><p class=\"wp-caption-text\">Snje\u017eana Priji\u0107-Samar\u017eija, rector of the University of Rijeka<\/p><\/div>\n<p>\u201cAs the strategic partner of the University of Rijeka, the L\u00fcrssen group observes the importance of creating new jobs of the future and continuously strives to work very closely with the University to educate new staff who will one day work on the development and research projects of both parties\u201d, added Teuta Duleti\u0107, Managing Director at L\u00fcrssen Design Centre Kvarner.<\/p>\n<p>Mr. Andreas Treichl, Chairman of the Supervisory Board of the ERSTE Foundation and former CEO of Erste Group Bank AG, drew attention with his rich experience and witty comments during the first day of the Forum, as he was one of the panelists in a panel discussion Education for the competencies of the future, giving the students valuable advice for future personal and professional development. Mr. Marko Filipovi\u0107, Mayor of Rijeka, also welcomed the participants: \u201cThrough this conference, the University of Rijeka takes both the European and the global perspective, and its work enables Rijeka to connect not only with the academic but also with the business sector. On the other hand, the L\u00fcrssen company will implement the project which will change our city. We and the city of Rijeka must not miss the opportunity at hand, and the possibility of developing our city in the future, in Europe.\u201d In addition to the mayor Filipovi\u0107, the conference was also attended by Deputy Mayor Goran Pal\u010devski.<\/p>\n","protected":false},"excerpt":{"rendered":"<p>On the occasion of the 50th anniversary of its foundation, the University of Rijeka, in cooperation with the L\u00fcrssen group, organised a unique two-day event titled the European Forum &#8211; Future for Universities in the to the premises of the former company Eksportdrvo.<\/p>\n","protected":false},"author":8,"featured_media":13912,"comment_status":"open","ping_status":"open","sticky":false,"template":"","format":"standard","meta":{"_acf_changed":false,"_trash_the_other_posts":false,"footnotes":"","_links_to":"","_links_to_target":""},"categories":[149],"tags":[777,521,619],"class_list":["post-13907","post","type-post","status-publish","format-standard","has-post-thumbnail","hentry","category-article","tag-european-forum-future-for-universities","tag-lurssen-group","tag-university-of-rijeka"],"acf":[],"yoast_head":"<!-- This site is optimized with the Yoast SEO plugin v24.4 - https:\/\/yoast.com\/wordpress\/plugins\/seo\/ -->\n<title>The University of Rijeka and the L\u00fcrssen group gathered eminent domestic and European names from the business and education sectors at the European Forum - Future for Universities - City of Rijeka<\/title>\n<meta name=\"robots\" content=\"index, follow, max-snippet:-1, max-image-preview:large, max-video-preview:-1\" \/>\n<link rel=\"canonical\" href=\"https:\/\/www.rijeka.hr\/en\/university-rijeka-lurssen-group-gathered-eminent-domestic-european-names-business-education-sectors-european-forum-future-universities\/\" \/>\n<meta property=\"og:locale\" content=\"en_US\" \/>\n<meta property=\"og:type\" content=\"article\" \/>\n<meta property=\"og:title\" content=\"The University of Rijeka and the L\u00fcrssen group gathered eminent domestic and European names from the business and education sectors at the European Forum - Future for Universities - City of Rijeka\" \/>\n<meta property=\"og:description\" content=\"On the occasion of the 50th anniversary of its foundation, the University of Rijeka, in cooperation with the L\u00fcrssen group, organised a unique two-day event titled the European Forum - Future for Universities in the to the premises of the former company Eksportdrvo.\" \/>\n<meta property=\"og:url\" content=\"https:\/\/www.rijeka.hr\/en\/university-rijeka-lurssen-group-gathered-eminent-domestic-european-names-business-education-sectors-european-forum-future-universities\/\" \/>\n<meta property=\"og:site_name\" content=\"City of Rijeka\" \/>\n<meta property=\"article:published_time\" content=\"2023-04-20T11:43:09+00:00\" \/>\n<meta property=\"article:modified_time\" content=\"2023-04-26T11:49:36+00:00\" \/>\n<meta property=\"og:image\" content=\"https:\/\/www.rijeka.hr\/en\/wp-content\/uploads\/sites\/2\/2023\/04\/Otvorenje-Europskog-foruma-2-900x600.jpg\" \/>\n\t<meta property=\"og:image:width\" content=\"900\" \/>\n\t<meta property=\"og:image:height\" content=\"600\" \/>\n\t<meta property=\"og:image:type\" content=\"image\/jpeg\" \/>\n<meta name=\"author\" content=\"sradovic\" \/>\n<meta name=\"twitter:card\" content=\"summary_large_image\" \/>\n<meta name=\"twitter:label1\" content=\"Written by\" \/>\n\t<meta name=\"twitter:data1\" content=\"sradovic\" \/>\n\t<meta name=\"twitter:label2\" content=\"Est. reading time\" \/>\n\t<meta name=\"twitter:data2\" content=\"4 minutes\" \/>\n<script type=\"application\/ld+json\" class=\"yoast-schema-graph\">{\"@context\":\"https:\/\/schema.org\",\"@graph\":[{\"@type\":\"WebPage\",\"@id\":\"https:\/\/www.rijeka.hr\/en\/university-rijeka-lurssen-group-gathered-eminent-domestic-european-names-business-education-sectors-european-forum-future-universities\/\",\"url\":\"https:\/\/www.rijeka.hr\/en\/university-rijeka-lurssen-group-gathered-eminent-domestic-european-names-business-education-sectors-european-forum-future-universities\/\",\"name\":\"The University of Rijeka and the L\u00fcrssen group gathered eminent domestic and European names from the business and education sectors at the European Forum - Future for Universities - City of Rijeka\",\"isPartOf\":{\"@id\":\"https:\/\/www.rijeka.hr\/en\/#website\"},\"primaryImageOfPage\":{\"@id\":\"https:\/\/www.rijeka.hr\/en\/university-rijeka-lurssen-group-gathered-eminent-domestic-european-names-business-education-sectors-european-forum-future-universities\/#primaryimage\"},\"image\":{\"@id\":\"https:\/\/www.rijeka.hr\/en\/university-rijeka-lurssen-group-gathered-eminent-domestic-european-names-business-education-sectors-european-forum-future-universities\/#primaryimage\"},\"thumbnailUrl\":\"https:\/\/www.rijeka.hr\/en\/wp-content\/uploads\/sites\/2\/2023\/04\/Otvorenje-Europskog-foruma-2-900x600.jpg\",\"datePublished\":\"2023-04-20T11:43:09+00:00\",\"dateModified\":\"2023-04-26T11:49:36+00:00\",\"author\":{\"@id\":\"https:\/\/www.rijeka.hr\/en\/#\/schema\/person\/f944eacc70b6a69bc142d9389862b37b\"},\"breadcrumb\":{\"@id\":\"https:\/\/www.rijeka.hr\/en\/university-rijeka-lurssen-group-gathered-eminent-domestic-european-names-business-education-sectors-european-forum-future-universities\/#breadcrumb\"},\"inLanguage\":\"en-US\",\"potentialAction\":[{\"@type\":\"ReadAction\",\"target\":[\"https:\/\/www.rijeka.hr\/en\/university-rijeka-lurssen-group-gathered-eminent-domestic-european-names-business-education-sectors-european-forum-future-universities\/\"]}]},{\"@type\":\"ImageObject\",\"inLanguage\":\"en-US\",\"@id\":\"https:\/\/www.rijeka.hr\/en\/university-rijeka-lurssen-group-gathered-eminent-domestic-european-names-business-education-sectors-european-forum-future-universities\/#primaryimage\",\"url\":\"https:\/\/www.rijeka.hr\/en\/wp-content\/uploads\/sites\/2\/2023\/04\/Otvorenje-Europskog-foruma-2-900x600.jpg\",\"contentUrl\":\"https:\/\/www.rijeka.hr\/en\/wp-content\/uploads\/sites\/2\/2023\/04\/Otvorenje-Europskog-foruma-2-900x600.jpg\",\"width\":900,\"height\":600},{\"@type\":\"BreadcrumbList\",\"@id\":\"https:\/\/www.rijeka.hr\/en\/university-rijeka-lurssen-group-gathered-eminent-domestic-european-names-business-education-sectors-european-forum-future-universities\/#breadcrumb\",\"itemListElement\":[{\"@type\":\"ListItem\",\"position\":1,\"name\":\"Po\u010detna stranica\",\"item\":\"https:\/\/www.rijeka.hr\/en\/\"},{\"@type\":\"ListItem\",\"position\":2,\"name\":\"The University of Rijeka and the L\u00fcrssen group gathered eminent domestic and European names from the business and education sectors at the European Forum &#8211; Future for Universities\"}]},{\"@type\":\"WebSite\",\"@id\":\"https:\/\/www.rijeka.hr\/en\/#website\",\"url\":\"https:\/\/www.rijeka.hr\/en\/\",\"name\":\"City of Rijeka\",\"description\":\"City of Rijeka web Portal\",\"potentialAction\":[{\"@type\":\"SearchAction\",\"target\":{\"@type\":\"EntryPoint\",\"urlTemplate\":\"https:\/\/www.rijeka.hr\/en\/?s={search_term_string}\"},\"query-input\":{\"@type\":\"PropertyValueSpecification\",\"valueRequired\":true,\"valueName\":\"search_term_string\"}}],\"inLanguage\":\"en-US\"},{\"@type\":\"Person\",\"@id\":\"https:\/\/www.rijeka.hr\/en\/#\/schema\/person\/f944eacc70b6a69bc142d9389862b37b\",\"name\":\"sradovic\",\"image\":{\"@type\":\"ImageObject\",\"inLanguage\":\"en-US\",\"@id\":\"https:\/\/www.rijeka.hr\/en\/#\/schema\/person\/image\/\",\"url\":\"https:\/\/secure.gravatar.com\/avatar\/d438b95983d528813c6fe2e5812a4188?s=96&d=mm&r=g\",\"contentUrl\":\"https:\/\/secure.gravatar.com\/avatar\/d438b95983d528813c6fe2e5812a4188?s=96&d=mm&r=g\",\"caption\":\"sradovic\"},\"url\":\"https:\/\/www.rijeka.hr\/en\/author\/sradovic\/\"}]}<\/script>\n<!-- \/ Yoast SEO plugin. -->","yoast_head_json":{"title":"The University of Rijeka and the L\u00fcrssen group gathered eminent domestic and European names from the business and education sectors at the European Forum - Future for Universities - City of Rijeka","robots":{"index":"index","follow":"follow","max-snippet":"max-snippet:-1","max-image-preview":"max-image-preview:large","max-video-preview":"max-video-preview:-1"},"canonical":"https:\/\/www.rijeka.hr\/en\/university-rijeka-lurssen-group-gathered-eminent-domestic-european-names-business-education-sectors-european-forum-future-universities\/","og_locale":"en_US","og_type":"article","og_title":"The University of Rijeka and the L\u00fcrssen group gathered eminent domestic and European names from the business and education sectors at the European Forum - Future for Universities - City of Rijeka","og_description":"On the occasion of the 50th anniversary of its foundation, the University of Rijeka, in cooperation with the L\u00fcrssen group, organised a unique two-day event titled the European Forum - Future for Universities in the to the premises of the former company Eksportdrvo.","og_url":"https:\/\/www.rijeka.hr\/en\/university-rijeka-lurssen-group-gathered-eminent-domestic-european-names-business-education-sectors-european-forum-future-universities\/","og_site_name":"City of Rijeka","article_published_time":"2023-04-20T11:43:09+00:00","article_modified_time":"2023-04-26T11:49:36+00:00","og_image":[{"width":900,"height":600,"url":"https:\/\/www.rijeka.hr\/en\/wp-content\/uploads\/sites\/2\/2023\/04\/Otvorenje-Europskog-foruma-2-900x600.jpg","type":"image\/jpeg"}],"author":"sradovic","twitter_card":"summary_large_image","twitter_misc":{"Written by":"sradovic","Est. reading time":"4 minutes"},"schema":{"@context":"https:\/\/schema.org","@graph":[{"@type":"WebPage","@id":"https:\/\/www.rijeka.hr\/en\/university-rijeka-lurssen-group-gathered-eminent-domestic-european-names-business-education-sectors-european-forum-future-universities\/","url":"https:\/\/www.rijeka.hr\/en\/university-rijeka-lurssen-group-gathered-eminent-domestic-european-names-business-education-sectors-european-forum-future-universities\/","name":"The University of Rijeka and the L\u00fcrssen group gathered eminent domestic and European names from the business and education sectors at the European Forum - Future for Universities - City of Rijeka","isPartOf":{"@id":"https:\/\/www.rijeka.hr\/en\/#website"},"primaryImageOfPage":{"@id":"https:\/\/www.rijeka.hr\/en\/university-rijeka-lurssen-group-gathered-eminent-domestic-european-names-business-education-sectors-european-forum-future-universities\/#primaryimage"},"image":{"@id":"https:\/\/www.rijeka.hr\/en\/university-rijeka-lurssen-group-gathered-eminent-domestic-european-names-business-education-sectors-european-forum-future-universities\/#primaryimage"},"thumbnailUrl":"https:\/\/www.rijeka.hr\/en\/wp-content\/uploads\/sites\/2\/2023\/04\/Otvorenje-Europskog-foruma-2-900x600.jpg","datePublished":"2023-04-20T11:43:09+00:00","dateModified":"2023-04-26T11:49:36+00:00","author":{"@id":"https:\/\/www.rijeka.hr\/en\/#\/schema\/person\/f944eacc70b6a69bc142d9389862b37b"},"breadcrumb":{"@id":"https:\/\/www.rijeka.hr\/en\/university-rijeka-lurssen-group-gathered-eminent-domestic-european-names-business-education-sectors-european-forum-future-universities\/#breadcrumb"},"inLanguage":"en-US","potentialAction":[{"@type":"ReadAction","target":["https:\/\/www.rijeka.hr\/en\/university-rijeka-lurssen-group-gathered-eminent-domestic-european-names-business-education-sectors-european-forum-future-universities\/"]}]},{"@type":"ImageObject","inLanguage":"en-US","@id":"https:\/\/www.rijeka.hr\/en\/university-rijeka-lurssen-group-gathered-eminent-domestic-european-names-business-education-sectors-european-forum-future-universities\/#primaryimage","url":"https:\/\/www.rijeka.hr\/en\/wp-content\/uploads\/sites\/2\/2023\/04\/Otvorenje-Europskog-foruma-2-900x600.jpg","contentUrl":"https:\/\/www.rijeka.hr\/en\/wp-content\/uploads\/sites\/2\/2023\/04\/Otvorenje-Europskog-foruma-2-900x600.jpg","width":900,"height":600},{"@type":"BreadcrumbList","@id":"https:\/\/www.rijeka.hr\/en\/university-rijeka-lurssen-group-gathered-eminent-domestic-european-names-business-education-sectors-european-forum-future-universities\/#breadcrumb","itemListElement":[{"@type":"ListItem","position":1,"name":"Po\u010detna stranica","item":"https:\/\/www.rijeka.hr\/en\/"},{"@type":"ListItem","position":2,"name":"The University of Rijeka and the L\u00fcrssen group gathered eminent domestic and European names from the business and education sectors at the European Forum &#8211; Future for Universities"}]},{"@type":"WebSite","@id":"https:\/\/www.rijeka.hr\/en\/#website","url":"https:\/\/www.rijeka.hr\/en\/","name":"City of Rijeka","description":"City of Rijeka web Portal","potentialAction":[{"@type":"SearchAction","target":{"@type":"EntryPoint","urlTemplate":"https:\/\/www.rijeka.hr\/en\/?s={search_term_string}"},"query-input":{"@type":"PropertyValueSpecification","valueRequired":true,"valueName":"search_term_string"}}],"inLanguage":"en-US"},{"@type":"Person","@id":"https:\/\/www.rijeka.hr\/en\/#\/schema\/person\/f944eacc70b6a69bc142d9389862b37b","name":"sradovic","image":{"@type":"ImageObject","inLanguage":"en-US","@id":"https:\/\/www.rijeka.hr\/en\/#\/schema\/person\/image\/","url":"https:\/\/secure.gravatar.com\/avatar\/d438b95983d528813c6fe2e5812a4188?s=96&d=mm&r=g","contentUrl":"https:\/\/secure.gravatar.com\/avatar\/d438b95983d528813c6fe2e5812a4188?s=96&d=mm&r=g","caption":"sradovic"},"url":"https:\/\/www.rijeka.hr\/en\/author\/sradovic\/"}]}},"_links":{"self":[{"href":"https:\/\/www.rijeka.hr\/en\/wp-json\/wp\/v2\/posts\/13907","targetHints":{"allow":["GET"]}}],"collection":[{"href":"https:\/\/www.rijeka.hr\/en\/wp-json\/wp\/v2\/posts"}],"about":[{"href":"https:\/\/www.rijeka.hr\/en\/wp-json\/wp\/v2\/types\/post"}],"author":[{"embeddable":true,"href":"https:\/\/www.rijeka.hr\/en\/wp-json\/wp\/v2\/users\/8"}],"replies":[{"embeddable":true,"href":"https:\/\/www.rijeka.hr\/en\/wp-json\/wp\/v2\/comments?post=13907"}],"version-history":[{"count":3,"href":"https:\/\/www.rijeka.hr\/en\/wp-json\/wp\/v2\/posts\/13907\/revisions"}],"predecessor-version":[{"id":13917,"href":"https:\/\/www.rijeka.hr\/en\/wp-json\/wp\/v2\/posts\/13907\/revisions\/13917"}],"wp:featuredmedia":[{"embeddable":true,"href":"https:\/\/www.rijeka.hr\/en\/wp-json\/wp\/v2\/media\/13912"}],"wp:attachment":[{"href":"https:\/\/www.rijeka.hr\/en\/wp-json\/wp\/v2\/media?parent=13907"}],"wp:term":[{"taxonomy":"category","embeddable":true,"href":"https:\/\/www.rijeka.hr\/en\/wp-json\/wp\/v2\/categories?post=13907"},{"taxonomy":"post_tag","embeddable":true,"href":"https:\/\/www.rijeka.hr\/en\/wp-json\/wp\/v2\/tags?post=13907"}],"curies":[{"name":"wp","href":"https:\/\/api.w.org\/{rel}","templated":true}]}}