{"id":9297,"date":"2020-02-01T22:31:46","date_gmt":"2020-02-01T21:31:46","guid":{"rendered":"https:\/\/www.rijeka.hr\/en\/?p=9297"},"modified":"2020-06-12T10:48:32","modified_gmt":"2020-06-12T08:48:32","slug":"opera-industriale-transforms-rijeka-port-amazing-stage-leading-rijeka-year-european-capital-culture","status":"publish","type":"post","link":"https:\/\/www.rijeka.hr\/en\/opera-industriale-transforms-rijeka-port-amazing-stage-leading-rijeka-year-european-capital-culture\/","title":{"rendered":"Opera Industriale transforms Rijeka Port into an amazing stage, leading Rijeka into a year of the European Capital of Culture"},"content":{"rendered":"<p>This evening, the uncommon Opera Industriale transformed Rijeka Port into a huge stage, where thousands of performers performed, accompanied by the sounds of work, industry and noise. The Opera Industriale\u2019s final song \u201cO Bella Ciao\u201d symbolically reminded Europe and Croatia of the freedom which the citizens of Europe have been enjoying for the last 75 years with words \u201c\u00c8 questo il fiore del partigiano, morto per la libert\u00e0! \/ This is a flower for the partisan, who died for the liberty\u201d.<\/p>\n<p>Messages appearing on light installations were: RIJEKA LET\u2019S GO; FORZA FIUME; PORT OF DIVERSITY; TOLERANCE; RESPECT; COEXISTENCE; PEACE, ANTIFASCISM; ART; EUROPE, CULTURE<\/p>\n<div id='gallery-1' class='gallery galleryid-9297 gallery-columns-3 gallery-size-thumbnail'><dl class='gallery-item'>\n            <dt class='gallery-icon landscape'>\n                <a href='https:\/\/www.rijeka.hr\/en\/wp-content\/uploads\/sites\/2\/2020\/06\/Opera-industriale-opening-European-Capital-of-Culture-2020-6.jpg' title=\"\" data-rl_title=\"\" class=\"rl-gallery-link\" data-rl_caption=\"\" data-rel=\"lightbox-gallery-1\"><img loading=\"lazy\" decoding=\"async\" width=\"250\" height=\"250\" src=\"https:\/\/www.rijeka.hr\/en\/wp-content\/uploads\/sites\/2\/2020\/06\/Opera-industriale-opening-European-Capital-of-Culture-2020-6-250x250.jpg\" class=\"attachment-thumbnail size-thumbnail\" alt=\"Opera industriale opening European Capital of Culture 2020\" srcset=\"https:\/\/www.rijeka.hr\/en\/wp-content\/uploads\/sites\/2\/2020\/06\/Opera-industriale-opening-European-Capital-of-Culture-2020-6-250x250.jpg 250w, https:\/\/www.rijeka.hr\/en\/wp-content\/uploads\/sites\/2\/2020\/06\/Opera-industriale-opening-European-Capital-of-Culture-2020-6-200x200.jpg 200w\" sizes=\"(max-width: 250px) 100vw, 250px\" \/><\/a>\n            <\/dt><\/dl><dl class='gallery-item'>\n            <dt class='gallery-icon landscape'>\n                <a href='https:\/\/www.rijeka.hr\/en\/wp-content\/uploads\/sites\/2\/2020\/06\/Opera-industriale-opening-European-Capital-of-Culture-2020-4.jpg' title=\"\" data-rl_title=\"\" class=\"rl-gallery-link\" data-rl_caption=\"\" data-rel=\"lightbox-gallery-1\"><img loading=\"lazy\" decoding=\"async\" width=\"250\" height=\"250\" src=\"https:\/\/www.rijeka.hr\/en\/wp-content\/uploads\/sites\/2\/2020\/06\/Opera-industriale-opening-European-Capital-of-Culture-2020-4-250x250.jpg\" class=\"attachment-thumbnail size-thumbnail\" alt=\"Opera industriale opening European Capital of Culture 2020\" srcset=\"https:\/\/www.rijeka.hr\/en\/wp-content\/uploads\/sites\/2\/2020\/06\/Opera-industriale-opening-European-Capital-of-Culture-2020-4-250x250.jpg 250w, https:\/\/www.rijeka.hr\/en\/wp-content\/uploads\/sites\/2\/2020\/06\/Opera-industriale-opening-European-Capital-of-Culture-2020-4-200x200.jpg 200w\" sizes=\"(max-width: 250px) 100vw, 250px\" \/><\/a>\n            <\/dt><\/dl><dl class='gallery-item'>\n            <dt class='gallery-icon landscape'>\n                <a href='https:\/\/www.rijeka.hr\/en\/wp-content\/uploads\/sites\/2\/2020\/06\/Opera-industriale-opening-European-Capital-of-Culture-2020-5.jpg' title=\"\" data-rl_title=\"\" class=\"rl-gallery-link\" data-rl_caption=\"\" data-rel=\"lightbox-gallery-1\"><img loading=\"lazy\" decoding=\"async\" width=\"250\" height=\"250\" src=\"https:\/\/www.rijeka.hr\/en\/wp-content\/uploads\/sites\/2\/2020\/06\/Opera-industriale-opening-European-Capital-of-Culture-2020-5-250x250.jpg\" class=\"attachment-thumbnail size-thumbnail\" alt=\"Opera industriale opening European Capital of Culture 2020\" srcset=\"https:\/\/www.rijeka.hr\/en\/wp-content\/uploads\/sites\/2\/2020\/06\/Opera-industriale-opening-European-Capital-of-Culture-2020-5-250x250.jpg 250w, https:\/\/www.rijeka.hr\/en\/wp-content\/uploads\/sites\/2\/2020\/06\/Opera-industriale-opening-European-Capital-of-Culture-2020-5-200x200.jpg 200w\" sizes=\"(max-width: 250px) 100vw, 250px\" \/><\/a>\n            <\/dt><\/dl><br style=\"clear: both\" \/>\n        <\/div>\n\n<p>\u201cThrough the programme in the port, in front of the eyes of Europe, Rijeka paid respect to its workers and its industrial heritage, its avant-garde art and the tradition of its surrounding region, at the same time reminding us of the core values the modern Europe was built on. Rijeka Port was chosen as the symbol of modern and open Rijeka, for which reason the motto of European Capital of Culture Rijeka is Port of Diversity. The uniqueness of this program was ensured by the huge audience which rang the cowbells, cheered, created noise and lights, and thus participated in performance both as a living instrument and as the very reason for the existence and realization of the European Capital of Culture,\u201c said Emina Vi\u0161ni\u0107, Rijeka 2020 CEO immediately after the ending of Opera Industriale.<\/p>\n<p>Opera Industriale is based on the musical framework designed by Rijeka art duo JMZM (Josip Mar\u0161i\u0107 and Zoran Medved) and orchestrated by Croatian composer, maestro Frano \u0110urovi\u0107. Besides them, this central opening programme in Rijeka Port featured numerous artists, including DB Indo\u0161 \u2013 House of Extreme Musical Theatre with Rumoristi, the mixed Choir of The Opening of European Capital of Culture which was lead by Jeka Primorja choir and fronted by Igor Vlajni\u0107, and string and wind orchestra. The Finish Choir Mieskuoro Huutajat offered an especially attractive performance that included screaming, shouting and rattling. Opera Industriale also featured around twenty Rijeka guitarists, ten drummers, dancers and the workers\u2019 orchestra of grinders, welders and sparks.<br \/>\nThis urban Rijeka opera has brought forth a reminder of the rich and stormy Rijeka past, along with the messages of respect for the power of workers in the life of a modern city, the working people who proudly built Rijeka.<\/p>\n<div id='gallery-2' class='gallery galleryid-9297 gallery-columns-3 gallery-size-thumbnail'><dl class='gallery-item'>\n            <dt class='gallery-icon landscape'>\n                <a href='https:\/\/www.rijeka.hr\/en\/wp-content\/uploads\/sites\/2\/2020\/06\/Opera-industriale-opening-European-Capital-of-Culture-2020-3.jpg' title=\"\" data-rl_title=\"\" class=\"rl-gallery-link\" data-rl_caption=\"\" data-rel=\"lightbox-gallery-2\"><img loading=\"lazy\" decoding=\"async\" width=\"250\" height=\"250\" src=\"https:\/\/www.rijeka.hr\/en\/wp-content\/uploads\/sites\/2\/2020\/06\/Opera-industriale-opening-European-Capital-of-Culture-2020-3-250x250.jpg\" class=\"attachment-thumbnail size-thumbnail\" alt=\"Opera industriale opening European Capital of Culture 2020 (1)\" srcset=\"https:\/\/www.rijeka.hr\/en\/wp-content\/uploads\/sites\/2\/2020\/06\/Opera-industriale-opening-European-Capital-of-Culture-2020-3-250x250.jpg 250w, https:\/\/www.rijeka.hr\/en\/wp-content\/uploads\/sites\/2\/2020\/06\/Opera-industriale-opening-European-Capital-of-Culture-2020-3-200x200.jpg 200w\" sizes=\"(max-width: 250px) 100vw, 250px\" \/><\/a>\n            <\/dt><\/dl><dl class='gallery-item'>\n            <dt class='gallery-icon landscape'>\n                <a href='https:\/\/www.rijeka.hr\/en\/wp-content\/uploads\/sites\/2\/2020\/06\/Opera-industriale-opening-European-Capital-of-Culture-2020-2-1.jpg' title=\"\" data-rl_title=\"\" class=\"rl-gallery-link\" data-rl_caption=\"\" data-rel=\"lightbox-gallery-2\"><img loading=\"lazy\" decoding=\"async\" width=\"250\" height=\"250\" src=\"https:\/\/www.rijeka.hr\/en\/wp-content\/uploads\/sites\/2\/2020\/06\/Opera-industriale-opening-European-Capital-of-Culture-2020-2-1-250x250.jpg\" class=\"attachment-thumbnail size-thumbnail\" alt=\"Opera industriale opening European Capital of Culture 2020 (1)\" srcset=\"https:\/\/www.rijeka.hr\/en\/wp-content\/uploads\/sites\/2\/2020\/06\/Opera-industriale-opening-European-Capital-of-Culture-2020-2-1-250x250.jpg 250w, https:\/\/www.rijeka.hr\/en\/wp-content\/uploads\/sites\/2\/2020\/06\/Opera-industriale-opening-European-Capital-of-Culture-2020-2-1-200x200.jpg 200w\" sizes=\"(max-width: 250px) 100vw, 250px\" \/><\/a>\n            <\/dt><\/dl><dl class='gallery-item'>\n            <dt class='gallery-icon landscape'>\n                <a href='https:\/\/www.rijeka.hr\/en\/wp-content\/uploads\/sites\/2\/2020\/06\/Opera-industriale-opening-European-Capital-of-Culture-2020-1.jpg' title=\"\" data-rl_title=\"\" class=\"rl-gallery-link\" data-rl_caption=\"\" data-rel=\"lightbox-gallery-2\"><img loading=\"lazy\" decoding=\"async\" width=\"250\" height=\"250\" src=\"https:\/\/www.rijeka.hr\/en\/wp-content\/uploads\/sites\/2\/2020\/06\/Opera-industriale-opening-European-Capital-of-Culture-2020-1-250x250.jpg\" class=\"attachment-thumbnail size-thumbnail\" alt=\"Opera industriale opening European Capital of Culture 2020 (1)\" srcset=\"https:\/\/www.rijeka.hr\/en\/wp-content\/uploads\/sites\/2\/2020\/06\/Opera-industriale-opening-European-Capital-of-Culture-2020-1-250x250.jpg 250w, https:\/\/www.rijeka.hr\/en\/wp-content\/uploads\/sites\/2\/2020\/06\/Opera-industriale-opening-European-Capital-of-Culture-2020-1-200x200.jpg 200w\" sizes=\"(max-width: 250px) 100vw, 250px\" \/><\/a>\n            <\/dt><\/dl><br style=\"clear: both\" \/><dl class='gallery-item'>\n            <dt class='gallery-icon landscape'>\n                <a href='https:\/\/www.rijeka.hr\/en\/wp-content\/uploads\/sites\/2\/2020\/06\/Opera-industriale-opening-European-Capital-of-Culture-2020-4-1.jpg' title=\"\" data-rl_title=\"\" class=\"rl-gallery-link\" data-rl_caption=\"\" data-rel=\"lightbox-gallery-2\"><img loading=\"lazy\" decoding=\"async\" width=\"250\" height=\"250\" src=\"https:\/\/www.rijeka.hr\/en\/wp-content\/uploads\/sites\/2\/2020\/06\/Opera-industriale-opening-European-Capital-of-Culture-2020-4-1-250x250.jpg\" class=\"attachment-thumbnail size-thumbnail\" alt=\"Opera industriale opening European Capital of Culture 2020 (1)\" srcset=\"https:\/\/www.rijeka.hr\/en\/wp-content\/uploads\/sites\/2\/2020\/06\/Opera-industriale-opening-European-Capital-of-Culture-2020-4-1-250x250.jpg 250w, https:\/\/www.rijeka.hr\/en\/wp-content\/uploads\/sites\/2\/2020\/06\/Opera-industriale-opening-European-Capital-of-Culture-2020-4-1-200x200.jpg 200w\" sizes=\"(max-width: 250px) 100vw, 250px\" \/><\/a>\n            <\/dt><\/dl><dl class='gallery-item'>\n            <dt class='gallery-icon landscape'>\n                <a href='https:\/\/www.rijeka.hr\/en\/wp-content\/uploads\/sites\/2\/2020\/06\/Opera-industriale-opening-European-Capital-of-Culture-2020-11.jpg' title=\"\" data-rl_title=\"\" class=\"rl-gallery-link\" data-rl_caption=\"\" data-rel=\"lightbox-gallery-2\"><img loading=\"lazy\" decoding=\"async\" width=\"250\" height=\"250\" src=\"https:\/\/www.rijeka.hr\/en\/wp-content\/uploads\/sites\/2\/2020\/06\/Opera-industriale-opening-European-Capital-of-Culture-2020-11-250x250.jpg\" class=\"attachment-thumbnail size-thumbnail\" alt=\"\" srcset=\"https:\/\/www.rijeka.hr\/en\/wp-content\/uploads\/sites\/2\/2020\/06\/Opera-industriale-opening-European-Capital-of-Culture-2020-11-250x250.jpg 250w, https:\/\/www.rijeka.hr\/en\/wp-content\/uploads\/sites\/2\/2020\/06\/Opera-industriale-opening-European-Capital-of-Culture-2020-11-200x200.jpg 200w\" sizes=\"(max-width: 250px) 100vw, 250px\" \/><\/a>\n            <\/dt><\/dl><dl class='gallery-item'>\n            <dt class='gallery-icon landscape'>\n                <a href='https:\/\/www.rijeka.hr\/en\/wp-content\/uploads\/sites\/2\/2020\/06\/Opera-industriale-opening-European-Capital-of-Culture-2020-10.jpg' title=\"\" data-rl_title=\"\" class=\"rl-gallery-link\" data-rl_caption=\"\" data-rel=\"lightbox-gallery-2\"><img loading=\"lazy\" decoding=\"async\" width=\"250\" height=\"250\" src=\"https:\/\/www.rijeka.hr\/en\/wp-content\/uploads\/sites\/2\/2020\/06\/Opera-industriale-opening-European-Capital-of-Culture-2020-10-250x250.jpg\" class=\"attachment-thumbnail size-thumbnail\" alt=\"Opera industriale opening European Capital of Culture 2020 (1)\" srcset=\"https:\/\/www.rijeka.hr\/en\/wp-content\/uploads\/sites\/2\/2020\/06\/Opera-industriale-opening-European-Capital-of-Culture-2020-10-250x250.jpg 250w, https:\/\/www.rijeka.hr\/en\/wp-content\/uploads\/sites\/2\/2020\/06\/Opera-industriale-opening-European-Capital-of-Culture-2020-10-200x200.jpg 200w\" sizes=\"(max-width: 250px) 100vw, 250px\" \/><\/a>\n            <\/dt><\/dl><br style=\"clear: both\" \/>\n        <\/div>\n\n<p>In regard to the tackled themes, this performance also included a reference to Janko Poli\u0107 Kamov, the greatest Rijeka writer and a predecessor of the European avant-garde, whose verses were recited in a very peculiar style. A Finnish choir of screaming men sang the hymns of all the states in which Rijeka existed during the past hundred years.<\/p>\n<p>During Opera\u2019s grand finale, the famous song of Italian antifascists \u201cO Bella Ciao\u201d was jointly sang by all the performers: rock guitarists, drummers, The Choir of The ECoC Opening, orchestra, Finnish Choir Huutajat and DB Indo\u0161 along with a large part of audience. Through the messages that pervaded this programme, Rijeka clearly demonstrated the values it cultivates and represents, the messages it wishes to send to both Europe and the world. Programme\u2019s narrator was Zoran Prodanovi\u0107 Prlja, a well known Croatian rock frontman. The spectacle was rounded with spectacular fireworks.<\/p>\n<p>Rijeka has been having fun from the early morning hours<\/p>\n<p>Following Opera Industriale, entertainment and fun will continue to the early morning hours, in Rijeka\u2019s cafes and clubs, its streets and squares. Welcome to Rijeka, the European Capital of Culture, one of the most interesting European cities this year.<\/p>\n<p>This is a message from Rijeka!<\/p>\n","protected":false},"excerpt":{"rendered":"<p>Tens of thousands of people attended the central EcoC opening programme hat communicated the courageous messages on the values upon which modern Europe is founded<\/p>\n","protected":false},"author":5,"featured_media":9299,"comment_status":"open","ping_status":"open","sticky":false,"template":"","format":"standard","meta":{"_acf_changed":false,"_trash_the_other_posts":false,"footnotes":"","_links_to":"","_links_to_target":""},"categories":[158],"tags":[159,160],"class_list":["post-9297","post","type-post","status-publish","format-standard","has-post-thumbnail","hentry","category-epk-2020","tag-epk-2020","tag-european-capital-of-culture"],"acf":[],"yoast_head":"<!-- This site is optimized with the Yoast SEO plugin v24.4 - https:\/\/yoast.com\/wordpress\/plugins\/seo\/ -->\n<title>Opera Industriale transforms Rijeka Port into an amazing stage, leading Rijeka into a year of the European Capital of Culture - City of Rijeka<\/title>\n<meta name=\"robots\" content=\"index, follow, max-snippet:-1, max-image-preview:large, max-video-preview:-1\" \/>\n<link rel=\"canonical\" href=\"https:\/\/www.rijeka.hr\/en\/opera-industriale-transforms-rijeka-port-amazing-stage-leading-rijeka-year-european-capital-culture\/\" \/>\n<meta property=\"og:locale\" content=\"en_US\" \/>\n<meta property=\"og:type\" content=\"article\" \/>\n<meta property=\"og:title\" content=\"Opera Industriale transforms Rijeka Port into an amazing stage, leading Rijeka into a year of the European Capital of Culture - City of Rijeka\" \/>\n<meta property=\"og:description\" content=\"Tens of thousands of people attended the central EcoC opening programme hat communicated the courageous messages on the values upon which modern Europe is founded\" \/>\n<meta property=\"og:url\" content=\"https:\/\/www.rijeka.hr\/en\/opera-industriale-transforms-rijeka-port-amazing-stage-leading-rijeka-year-european-capital-culture\/\" \/>\n<meta property=\"og:site_name\" content=\"City of Rijeka\" \/>\n<meta property=\"article:published_time\" content=\"2020-02-01T21:31:46+00:00\" \/>\n<meta property=\"article:modified_time\" content=\"2020-06-12T08:48:32+00:00\" \/>\n<meta property=\"og:image\" content=\"https:\/\/www.rijeka.hr\/en\/wp-content\/uploads\/sites\/2\/2020\/06\/Opera-industriale-opening-European-Capital-of-Culture-2020-2.jpg\" \/>\n\t<meta property=\"og:image:width\" content=\"2048\" \/>\n\t<meta property=\"og:image:height\" content=\"1365\" \/>\n\t<meta property=\"og:image:type\" content=\"image\/jpeg\" \/>\n<meta name=\"author\" content=\"Ivica Nikolac\" \/>\n<meta name=\"twitter:card\" content=\"summary_large_image\" \/>\n<meta name=\"twitter:label1\" content=\"Written by\" \/>\n\t<meta name=\"twitter:data1\" content=\"Ivica Nikolac\" \/>\n\t<meta name=\"twitter:label2\" content=\"Est. reading time\" \/>\n\t<meta name=\"twitter:data2\" content=\"3 minutes\" \/>\n<script type=\"application\/ld+json\" class=\"yoast-schema-graph\">{\"@context\":\"https:\/\/schema.org\",\"@graph\":[{\"@type\":\"WebPage\",\"@id\":\"https:\/\/www.rijeka.hr\/en\/opera-industriale-transforms-rijeka-port-amazing-stage-leading-rijeka-year-european-capital-culture\/\",\"url\":\"https:\/\/www.rijeka.hr\/en\/opera-industriale-transforms-rijeka-port-amazing-stage-leading-rijeka-year-european-capital-culture\/\",\"name\":\"Opera Industriale transforms Rijeka Port into an amazing stage, leading Rijeka into a year of the European Capital of Culture - City of Rijeka\",\"isPartOf\":{\"@id\":\"https:\/\/www.rijeka.hr\/en\/#website\"},\"primaryImageOfPage\":{\"@id\":\"https:\/\/www.rijeka.hr\/en\/opera-industriale-transforms-rijeka-port-amazing-stage-leading-rijeka-year-european-capital-culture\/#primaryimage\"},\"image\":{\"@id\":\"https:\/\/www.rijeka.hr\/en\/opera-industriale-transforms-rijeka-port-amazing-stage-leading-rijeka-year-european-capital-culture\/#primaryimage\"},\"thumbnailUrl\":\"https:\/\/www.rijeka.hr\/en\/wp-content\/uploads\/sites\/2\/2020\/06\/Opera-industriale-opening-European-Capital-of-Culture-2020-2.jpg\",\"datePublished\":\"2020-02-01T21:31:46+00:00\",\"dateModified\":\"2020-06-12T08:48:32+00:00\",\"author\":{\"@id\":\"https:\/\/www.rijeka.hr\/en\/#\/schema\/person\/048b064fa7891b19d16e03a382abb85e\"},\"breadcrumb\":{\"@id\":\"https:\/\/www.rijeka.hr\/en\/opera-industriale-transforms-rijeka-port-amazing-stage-leading-rijeka-year-european-capital-culture\/#breadcrumb\"},\"inLanguage\":\"en-US\",\"potentialAction\":[{\"@type\":\"ReadAction\",\"target\":[\"https:\/\/www.rijeka.hr\/en\/opera-industriale-transforms-rijeka-port-amazing-stage-leading-rijeka-year-european-capital-culture\/\"]}]},{\"@type\":\"ImageObject\",\"inLanguage\":\"en-US\",\"@id\":\"https:\/\/www.rijeka.hr\/en\/opera-industriale-transforms-rijeka-port-amazing-stage-leading-rijeka-year-european-capital-culture\/#primaryimage\",\"url\":\"https:\/\/www.rijeka.hr\/en\/wp-content\/uploads\/sites\/2\/2020\/06\/Opera-industriale-opening-European-Capital-of-Culture-2020-2.jpg\",\"contentUrl\":\"https:\/\/www.rijeka.hr\/en\/wp-content\/uploads\/sites\/2\/2020\/06\/Opera-industriale-opening-European-Capital-of-Culture-2020-2.jpg\",\"width\":2048,\"height\":1365,\"caption\":\"Opera industriale opening European Capital of Culture 2020\"},{\"@type\":\"BreadcrumbList\",\"@id\":\"https:\/\/www.rijeka.hr\/en\/opera-industriale-transforms-rijeka-port-amazing-stage-leading-rijeka-year-european-capital-culture\/#breadcrumb\",\"itemListElement\":[{\"@type\":\"ListItem\",\"position\":1,\"name\":\"Po\u010detna stranica\",\"item\":\"https:\/\/www.rijeka.hr\/en\/\"},{\"@type\":\"ListItem\",\"position\":2,\"name\":\"Opera Industriale transforms Rijeka Port into an amazing stage, leading Rijeka into a year of the European Capital of Culture\"}]},{\"@type\":\"WebSite\",\"@id\":\"https:\/\/www.rijeka.hr\/en\/#website\",\"url\":\"https:\/\/www.rijeka.hr\/en\/\",\"name\":\"City of Rijeka\",\"description\":\"City of Rijeka web Portal\",\"potentialAction\":[{\"@type\":\"SearchAction\",\"target\":{\"@type\":\"EntryPoint\",\"urlTemplate\":\"https:\/\/www.rijeka.hr\/en\/?s={search_term_string}\"},\"query-input\":{\"@type\":\"PropertyValueSpecification\",\"valueRequired\":true,\"valueName\":\"search_term_string\"}}],\"inLanguage\":\"en-US\"},{\"@type\":\"Person\",\"@id\":\"https:\/\/www.rijeka.hr\/en\/#\/schema\/person\/048b064fa7891b19d16e03a382abb85e\",\"name\":\"Ivica Nikolac\",\"image\":{\"@type\":\"ImageObject\",\"inLanguage\":\"en-US\",\"@id\":\"https:\/\/www.rijeka.hr\/en\/#\/schema\/person\/image\/\",\"url\":\"https:\/\/secure.gravatar.com\/avatar\/566d324e1656a1b494a0766b85643006?s=96&d=mm&r=g\",\"contentUrl\":\"https:\/\/secure.gravatar.com\/avatar\/566d324e1656a1b494a0766b85643006?s=96&d=mm&r=g\",\"caption\":\"Ivica Nikolac\"},\"url\":\"https:\/\/www.rijeka.hr\/en\/author\/inikolac\/\"}]}<\/script>\n<!-- \/ Yoast SEO plugin. -->","yoast_head_json":{"title":"Opera Industriale transforms Rijeka Port into an amazing stage, leading Rijeka into a year of the European Capital of Culture - City of Rijeka","robots":{"index":"index","follow":"follow","max-snippet":"max-snippet:-1","max-image-preview":"max-image-preview:large","max-video-preview":"max-video-preview:-1"},"canonical":"https:\/\/www.rijeka.hr\/en\/opera-industriale-transforms-rijeka-port-amazing-stage-leading-rijeka-year-european-capital-culture\/","og_locale":"en_US","og_type":"article","og_title":"Opera Industriale transforms Rijeka Port into an amazing stage, leading Rijeka into a year of the European Capital of Culture - City of Rijeka","og_description":"Tens of thousands of people attended the central EcoC opening programme hat communicated the courageous messages on the values upon which modern Europe is founded","og_url":"https:\/\/www.rijeka.hr\/en\/opera-industriale-transforms-rijeka-port-amazing-stage-leading-rijeka-year-european-capital-culture\/","og_site_name":"City of Rijeka","article_published_time":"2020-02-01T21:31:46+00:00","article_modified_time":"2020-06-12T08:48:32+00:00","og_image":[{"width":2048,"height":1365,"url":"https:\/\/www.rijeka.hr\/en\/wp-content\/uploads\/sites\/2\/2020\/06\/Opera-industriale-opening-European-Capital-of-Culture-2020-2.jpg","type":"image\/jpeg"}],"author":"Ivica Nikolac","twitter_card":"summary_large_image","twitter_misc":{"Written by":"Ivica Nikolac","Est. reading time":"3 minutes"},"schema":{"@context":"https:\/\/schema.org","@graph":[{"@type":"WebPage","@id":"https:\/\/www.rijeka.hr\/en\/opera-industriale-transforms-rijeka-port-amazing-stage-leading-rijeka-year-european-capital-culture\/","url":"https:\/\/www.rijeka.hr\/en\/opera-industriale-transforms-rijeka-port-amazing-stage-leading-rijeka-year-european-capital-culture\/","name":"Opera Industriale transforms Rijeka Port into an amazing stage, leading Rijeka into a year of the European Capital of Culture - City of Rijeka","isPartOf":{"@id":"https:\/\/www.rijeka.hr\/en\/#website"},"primaryImageOfPage":{"@id":"https:\/\/www.rijeka.hr\/en\/opera-industriale-transforms-rijeka-port-amazing-stage-leading-rijeka-year-european-capital-culture\/#primaryimage"},"image":{"@id":"https:\/\/www.rijeka.hr\/en\/opera-industriale-transforms-rijeka-port-amazing-stage-leading-rijeka-year-european-capital-culture\/#primaryimage"},"thumbnailUrl":"https:\/\/www.rijeka.hr\/en\/wp-content\/uploads\/sites\/2\/2020\/06\/Opera-industriale-opening-European-Capital-of-Culture-2020-2.jpg","datePublished":"2020-02-01T21:31:46+00:00","dateModified":"2020-06-12T08:48:32+00:00","author":{"@id":"https:\/\/www.rijeka.hr\/en\/#\/schema\/person\/048b064fa7891b19d16e03a382abb85e"},"breadcrumb":{"@id":"https:\/\/www.rijeka.hr\/en\/opera-industriale-transforms-rijeka-port-amazing-stage-leading-rijeka-year-european-capital-culture\/#breadcrumb"},"inLanguage":"en-US","potentialAction":[{"@type":"ReadAction","target":["https:\/\/www.rijeka.hr\/en\/opera-industriale-transforms-rijeka-port-amazing-stage-leading-rijeka-year-european-capital-culture\/"]}]},{"@type":"ImageObject","inLanguage":"en-US","@id":"https:\/\/www.rijeka.hr\/en\/opera-industriale-transforms-rijeka-port-amazing-stage-leading-rijeka-year-european-capital-culture\/#primaryimage","url":"https:\/\/www.rijeka.hr\/en\/wp-content\/uploads\/sites\/2\/2020\/06\/Opera-industriale-opening-European-Capital-of-Culture-2020-2.jpg","contentUrl":"https:\/\/www.rijeka.hr\/en\/wp-content\/uploads\/sites\/2\/2020\/06\/Opera-industriale-opening-European-Capital-of-Culture-2020-2.jpg","width":2048,"height":1365,"caption":"Opera industriale opening European Capital of Culture 2020"},{"@type":"BreadcrumbList","@id":"https:\/\/www.rijeka.hr\/en\/opera-industriale-transforms-rijeka-port-amazing-stage-leading-rijeka-year-european-capital-culture\/#breadcrumb","itemListElement":[{"@type":"ListItem","position":1,"name":"Po\u010detna stranica","item":"https:\/\/www.rijeka.hr\/en\/"},{"@type":"ListItem","position":2,"name":"Opera Industriale transforms Rijeka Port into an amazing stage, leading Rijeka into a year of the European Capital of Culture"}]},{"@type":"WebSite","@id":"https:\/\/www.rijeka.hr\/en\/#website","url":"https:\/\/www.rijeka.hr\/en\/","name":"City of Rijeka","description":"City of Rijeka web Portal","potentialAction":[{"@type":"SearchAction","target":{"@type":"EntryPoint","urlTemplate":"https:\/\/www.rijeka.hr\/en\/?s={search_term_string}"},"query-input":{"@type":"PropertyValueSpecification","valueRequired":true,"valueName":"search_term_string"}}],"inLanguage":"en-US"},{"@type":"Person","@id":"https:\/\/www.rijeka.hr\/en\/#\/schema\/person\/048b064fa7891b19d16e03a382abb85e","name":"Ivica Nikolac","image":{"@type":"ImageObject","inLanguage":"en-US","@id":"https:\/\/www.rijeka.hr\/en\/#\/schema\/person\/image\/","url":"https:\/\/secure.gravatar.com\/avatar\/566d324e1656a1b494a0766b85643006?s=96&d=mm&r=g","contentUrl":"https:\/\/secure.gravatar.com\/avatar\/566d324e1656a1b494a0766b85643006?s=96&d=mm&r=g","caption":"Ivica Nikolac"},"url":"https:\/\/www.rijeka.hr\/en\/author\/inikolac\/"}]}},"_links":{"self":[{"href":"https:\/\/www.rijeka.hr\/en\/wp-json\/wp\/v2\/posts\/9297","targetHints":{"allow":["GET"]}}],"collection":[{"href":"https:\/\/www.rijeka.hr\/en\/wp-json\/wp\/v2\/posts"}],"about":[{"href":"https:\/\/www.rijeka.hr\/en\/wp-json\/wp\/v2\/types\/post"}],"author":[{"embeddable":true,"href":"https:\/\/www.rijeka.hr\/en\/wp-json\/wp\/v2\/users\/5"}],"replies":[{"embeddable":true,"href":"https:\/\/www.rijeka.hr\/en\/wp-json\/wp\/v2\/comments?post=9297"}],"version-history":[{"count":2,"href":"https:\/\/www.rijeka.hr\/en\/wp-json\/wp\/v2\/posts\/9297\/revisions"}],"predecessor-version":[{"id":9312,"href":"https:\/\/www.rijeka.hr\/en\/wp-json\/wp\/v2\/posts\/9297\/revisions\/9312"}],"wp:featuredmedia":[{"embeddable":true,"href":"https:\/\/www.rijeka.hr\/en\/wp-json\/wp\/v2\/media\/9299"}],"wp:attachment":[{"href":"https:\/\/www.rijeka.hr\/en\/wp-json\/wp\/v2\/media?parent=9297"}],"wp:term":[{"taxonomy":"category","embeddable":true,"href":"https:\/\/www.rijeka.hr\/en\/wp-json\/wp\/v2\/categories?post=9297"},{"taxonomy":"post_tag","embeddable":true,"href":"https:\/\/www.rijeka.hr\/en\/wp-json\/wp\/v2\/tags?post=9297"}],"curies":[{"name":"wp","href":"https:\/\/api.w.org\/{rel}","templated":true}]}}