{"id":9719,"date":"2020-09-02T13:01:24","date_gmt":"2020-09-02T11:01:24","guid":{"rendered":"https:\/\/www.rijeka.hr\/en\/?p=9719"},"modified":"2020-09-28T09:04:59","modified_gmt":"2020-09-28T07:04:59","slug":"the-european-jazz-days-and-jazz-time-rijeka-music-festivals","status":"publish","type":"post","link":"https:\/\/www.rijeka.hr\/en\/the-european-jazz-days-and-jazz-time-rijeka-music-festivals\/","title":{"rendered":"The European Jazz Days and Jazz Time Rijeka music festivals"},"content":{"rendered":"<p><img loading=\"lazy\" decoding=\"async\" width=\"250\" height=\"250\" class=\"alignleft wp-image-9724 size-thumbnail\" src=\"https:\/\/www.rijeka.hr\/en\/wp-content\/uploads\/sites\/2\/2020\/09\/Najavljeni-glazbeni-festivali-Europski-dani-jazza-i-Jazz-Time-Rijeka-2-400x600-250x250.jpg\" alt=\"\" srcset=\"https:\/\/www.rijeka.hr\/en\/wp-content\/uploads\/sites\/2\/2020\/09\/Najavljeni-glazbeni-festivali-Europski-dani-jazza-i-Jazz-Time-Rijeka-2-400x600-250x250.jpg 250w, https:\/\/www.rijeka.hr\/en\/wp-content\/uploads\/sites\/2\/2020\/09\/Najavljeni-glazbeni-festivali-Europski-dani-jazza-i-Jazz-Time-Rijeka-2-400x600-200x200.jpg 200w, https:\/\/www.rijeka.hr\/en\/wp-content\/uploads\/sites\/2\/2020\/09\/Najavljeni-glazbeni-festivali-Europski-dani-jazza-i-Jazz-Time-Rijeka-2-400x600-400x400.jpg 400w\" sizes=\"(max-width: 250px) 100vw, 250px\" \/>The European Jazz Days will be held on Wednesday and Thursday, 2 and 3 September. It is a new festival project within the European Capital of Culture programme, designed as a presentation of the European and local jazz scene and jazz music in general lasting for several days.<\/p>\n<p>The Spart Jazz Quintet, Jed Becker\u2019s Group feat, Elvis Stani\u0107 and Alba &amp; Leo will perform at the European Jazz Days on Wednesday, and GIIPUJE, Zvonimir Radi\u0161i\u0107 Trio and the Love Runners Band will present themselves on Thursday.<\/p>\n<p>Continuing a long tradition of promoting jazz music, this year again, the JazzTimeRijeka festival programme, for the 29th time in a row, will present musicians who are linked by love for jazz and Rijeka.<\/p>\n<p>This year, due to the epidemiological situation, the festival is held at an earlier date, on Friday and Saturday, 4 and 5 September, and it relies on local jazz forces.<\/p>\n<p>The first day of the JazzTimeRijeka festival, on Friday, the audience will enjoy the performances of Marko Ramljak Band, Joe Kaplowitz, the \u201cOrganic Intelligence\u201d trio and B\u2019s FUNstallation, while Robert Mikuljan quintet, Leva\u010di\u0107 \/ Kralj \/ Pavi\u0107 Trio, Sterptet are announced for Saturday on the stage in front of Export.<\/p>\n<p>In case of bad weather, the festivals European Jazz Days and JazzTimeRijeka will move to the premises of Export, on the ground floor, and will be held at the announced time.<\/p>\n","protected":false},"excerpt":{"rendered":"<p>From 2 to 5 September 2020, the spotlight in Rijeka &#8211; European Capital of Culture will be on jazz. Two festival projects, the EuropeanJazzDays and JazzTimeRijeka, for jazz lovers will be organised outdoors, in front of the premises of Export in the Delta area, every night from 8 pm, with free admission.<\/p>\n","protected":false},"author":5,"featured_media":9723,"comment_status":"open","ping_status":"open","sticky":false,"template":"","format":"standard","meta":{"_acf_changed":false,"_trash_the_other_posts":false,"footnotes":"","_links_to":"","_links_to_target":""},"categories":[149],"tags":[188,187],"class_list":["post-9719","post","type-post","status-publish","format-standard","has-post-thumbnail","hentry","category-article","tag-export","tag-music-festival"],"acf":[],"yoast_head":"<!-- This site is optimized with the Yoast SEO plugin v24.4 - https:\/\/yoast.com\/wordpress\/plugins\/seo\/ -->\n<title>The European Jazz Days and Jazz Time Rijeka music festivals - City of Rijeka<\/title>\n<meta name=\"robots\" content=\"index, follow, max-snippet:-1, max-image-preview:large, max-video-preview:-1\" \/>\n<link rel=\"canonical\" href=\"https:\/\/www.rijeka.hr\/en\/the-european-jazz-days-and-jazz-time-rijeka-music-festivals\/\" \/>\n<meta property=\"og:locale\" content=\"en_US\" \/>\n<meta property=\"og:type\" content=\"article\" \/>\n<meta property=\"og:title\" content=\"The European Jazz Days and Jazz Time Rijeka music festivals - City of Rijeka\" \/>\n<meta property=\"og:description\" content=\"From 2 to 5 September 2020, the spotlight in Rijeka - European Capital of Culture will be on jazz. Two festival projects, the EuropeanJazzDays and JazzTimeRijeka, for jazz lovers will be organised outdoors, in front of the premises of Export in the Delta area, every night from 8 pm, with free admission.\" \/>\n<meta property=\"og:url\" content=\"https:\/\/www.rijeka.hr\/en\/the-european-jazz-days-and-jazz-time-rijeka-music-festivals\/\" \/>\n<meta property=\"og:site_name\" content=\"City of Rijeka\" \/>\n<meta property=\"article:published_time\" content=\"2020-09-02T11:01:24+00:00\" \/>\n<meta property=\"article:modified_time\" content=\"2020-09-28T07:04:59+00:00\" \/>\n<meta property=\"og:image\" content=\"https:\/\/www.rijeka.hr\/en\/wp-content\/uploads\/sites\/2\/2020\/09\/Najavljeni-glazbeni-festivali-Europski-dani-jazza-i-Jazz-Time-Rijeka-1-900x600.jpg\" \/>\n\t<meta property=\"og:image:width\" content=\"900\" \/>\n\t<meta property=\"og:image:height\" content=\"600\" \/>\n\t<meta property=\"og:image:type\" content=\"image\/jpeg\" \/>\n<meta name=\"author\" content=\"Ivica Nikolac\" \/>\n<meta name=\"twitter:card\" content=\"summary_large_image\" \/>\n<meta name=\"twitter:label1\" content=\"Written by\" \/>\n\t<meta name=\"twitter:data1\" content=\"Ivica Nikolac\" \/>\n\t<meta name=\"twitter:label2\" content=\"Est. reading time\" \/>\n\t<meta name=\"twitter:data2\" content=\"1 minute\" \/>\n<script type=\"application\/ld+json\" class=\"yoast-schema-graph\">{\"@context\":\"https:\/\/schema.org\",\"@graph\":[{\"@type\":\"WebPage\",\"@id\":\"https:\/\/www.rijeka.hr\/en\/the-european-jazz-days-and-jazz-time-rijeka-music-festivals\/\",\"url\":\"https:\/\/www.rijeka.hr\/en\/the-european-jazz-days-and-jazz-time-rijeka-music-festivals\/\",\"name\":\"The European Jazz Days and Jazz Time Rijeka music festivals - City of Rijeka\",\"isPartOf\":{\"@id\":\"https:\/\/www.rijeka.hr\/en\/#website\"},\"primaryImageOfPage\":{\"@id\":\"https:\/\/www.rijeka.hr\/en\/the-european-jazz-days-and-jazz-time-rijeka-music-festivals\/#primaryimage\"},\"image\":{\"@id\":\"https:\/\/www.rijeka.hr\/en\/the-european-jazz-days-and-jazz-time-rijeka-music-festivals\/#primaryimage\"},\"thumbnailUrl\":\"https:\/\/www.rijeka.hr\/en\/wp-content\/uploads\/sites\/2\/2020\/09\/Najavljeni-glazbeni-festivali-Europski-dani-jazza-i-Jazz-Time-Rijeka-1-900x600.jpg\",\"datePublished\":\"2020-09-02T11:01:24+00:00\",\"dateModified\":\"2020-09-28T07:04:59+00:00\",\"author\":{\"@id\":\"https:\/\/www.rijeka.hr\/en\/#\/schema\/person\/048b064fa7891b19d16e03a382abb85e\"},\"breadcrumb\":{\"@id\":\"https:\/\/www.rijeka.hr\/en\/the-european-jazz-days-and-jazz-time-rijeka-music-festivals\/#breadcrumb\"},\"inLanguage\":\"en-US\",\"potentialAction\":[{\"@type\":\"ReadAction\",\"target\":[\"https:\/\/www.rijeka.hr\/en\/the-european-jazz-days-and-jazz-time-rijeka-music-festivals\/\"]}]},{\"@type\":\"ImageObject\",\"inLanguage\":\"en-US\",\"@id\":\"https:\/\/www.rijeka.hr\/en\/the-european-jazz-days-and-jazz-time-rijeka-music-festivals\/#primaryimage\",\"url\":\"https:\/\/www.rijeka.hr\/en\/wp-content\/uploads\/sites\/2\/2020\/09\/Najavljeni-glazbeni-festivali-Europski-dani-jazza-i-Jazz-Time-Rijeka-1-900x600.jpg\",\"contentUrl\":\"https:\/\/www.rijeka.hr\/en\/wp-content\/uploads\/sites\/2\/2020\/09\/Najavljeni-glazbeni-festivali-Europski-dani-jazza-i-Jazz-Time-Rijeka-1-900x600.jpg\",\"width\":900,\"height\":600},{\"@type\":\"BreadcrumbList\",\"@id\":\"https:\/\/www.rijeka.hr\/en\/the-european-jazz-days-and-jazz-time-rijeka-music-festivals\/#breadcrumb\",\"itemListElement\":[{\"@type\":\"ListItem\",\"position\":1,\"name\":\"Po\u010detna stranica\",\"item\":\"https:\/\/www.rijeka.hr\/en\/\"},{\"@type\":\"ListItem\",\"position\":2,\"name\":\"The European Jazz Days and Jazz Time Rijeka music festivals\"}]},{\"@type\":\"WebSite\",\"@id\":\"https:\/\/www.rijeka.hr\/en\/#website\",\"url\":\"https:\/\/www.rijeka.hr\/en\/\",\"name\":\"City of Rijeka\",\"description\":\"City of Rijeka web Portal\",\"potentialAction\":[{\"@type\":\"SearchAction\",\"target\":{\"@type\":\"EntryPoint\",\"urlTemplate\":\"https:\/\/www.rijeka.hr\/en\/?s={search_term_string}\"},\"query-input\":{\"@type\":\"PropertyValueSpecification\",\"valueRequired\":true,\"valueName\":\"search_term_string\"}}],\"inLanguage\":\"en-US\"},{\"@type\":\"Person\",\"@id\":\"https:\/\/www.rijeka.hr\/en\/#\/schema\/person\/048b064fa7891b19d16e03a382abb85e\",\"name\":\"Ivica Nikolac\",\"image\":{\"@type\":\"ImageObject\",\"inLanguage\":\"en-US\",\"@id\":\"https:\/\/www.rijeka.hr\/en\/#\/schema\/person\/image\/\",\"url\":\"https:\/\/secure.gravatar.com\/avatar\/566d324e1656a1b494a0766b85643006?s=96&d=mm&r=g\",\"contentUrl\":\"https:\/\/secure.gravatar.com\/avatar\/566d324e1656a1b494a0766b85643006?s=96&d=mm&r=g\",\"caption\":\"Ivica Nikolac\"},\"url\":\"https:\/\/www.rijeka.hr\/en\/author\/inikolac\/\"}]}<\/script>\n<!-- \/ Yoast SEO plugin. -->","yoast_head_json":{"title":"The European Jazz Days and Jazz Time Rijeka music festivals - City of Rijeka","robots":{"index":"index","follow":"follow","max-snippet":"max-snippet:-1","max-image-preview":"max-image-preview:large","max-video-preview":"max-video-preview:-1"},"canonical":"https:\/\/www.rijeka.hr\/en\/the-european-jazz-days-and-jazz-time-rijeka-music-festivals\/","og_locale":"en_US","og_type":"article","og_title":"The European Jazz Days and Jazz Time Rijeka music festivals - City of Rijeka","og_description":"From 2 to 5 September 2020, the spotlight in Rijeka - European Capital of Culture will be on jazz. Two festival projects, the EuropeanJazzDays and JazzTimeRijeka, for jazz lovers will be organised outdoors, in front of the premises of Export in the Delta area, every night from 8 pm, with free admission.","og_url":"https:\/\/www.rijeka.hr\/en\/the-european-jazz-days-and-jazz-time-rijeka-music-festivals\/","og_site_name":"City of Rijeka","article_published_time":"2020-09-02T11:01:24+00:00","article_modified_time":"2020-09-28T07:04:59+00:00","og_image":[{"width":900,"height":600,"url":"https:\/\/www.rijeka.hr\/en\/wp-content\/uploads\/sites\/2\/2020\/09\/Najavljeni-glazbeni-festivali-Europski-dani-jazza-i-Jazz-Time-Rijeka-1-900x600.jpg","type":"image\/jpeg"}],"author":"Ivica Nikolac","twitter_card":"summary_large_image","twitter_misc":{"Written by":"Ivica Nikolac","Est. reading time":"1 minute"},"schema":{"@context":"https:\/\/schema.org","@graph":[{"@type":"WebPage","@id":"https:\/\/www.rijeka.hr\/en\/the-european-jazz-days-and-jazz-time-rijeka-music-festivals\/","url":"https:\/\/www.rijeka.hr\/en\/the-european-jazz-days-and-jazz-time-rijeka-music-festivals\/","name":"The European Jazz Days and Jazz Time Rijeka music festivals - City of Rijeka","isPartOf":{"@id":"https:\/\/www.rijeka.hr\/en\/#website"},"primaryImageOfPage":{"@id":"https:\/\/www.rijeka.hr\/en\/the-european-jazz-days-and-jazz-time-rijeka-music-festivals\/#primaryimage"},"image":{"@id":"https:\/\/www.rijeka.hr\/en\/the-european-jazz-days-and-jazz-time-rijeka-music-festivals\/#primaryimage"},"thumbnailUrl":"https:\/\/www.rijeka.hr\/en\/wp-content\/uploads\/sites\/2\/2020\/09\/Najavljeni-glazbeni-festivali-Europski-dani-jazza-i-Jazz-Time-Rijeka-1-900x600.jpg","datePublished":"2020-09-02T11:01:24+00:00","dateModified":"2020-09-28T07:04:59+00:00","author":{"@id":"https:\/\/www.rijeka.hr\/en\/#\/schema\/person\/048b064fa7891b19d16e03a382abb85e"},"breadcrumb":{"@id":"https:\/\/www.rijeka.hr\/en\/the-european-jazz-days-and-jazz-time-rijeka-music-festivals\/#breadcrumb"},"inLanguage":"en-US","potentialAction":[{"@type":"ReadAction","target":["https:\/\/www.rijeka.hr\/en\/the-european-jazz-days-and-jazz-time-rijeka-music-festivals\/"]}]},{"@type":"ImageObject","inLanguage":"en-US","@id":"https:\/\/www.rijeka.hr\/en\/the-european-jazz-days-and-jazz-time-rijeka-music-festivals\/#primaryimage","url":"https:\/\/www.rijeka.hr\/en\/wp-content\/uploads\/sites\/2\/2020\/09\/Najavljeni-glazbeni-festivali-Europski-dani-jazza-i-Jazz-Time-Rijeka-1-900x600.jpg","contentUrl":"https:\/\/www.rijeka.hr\/en\/wp-content\/uploads\/sites\/2\/2020\/09\/Najavljeni-glazbeni-festivali-Europski-dani-jazza-i-Jazz-Time-Rijeka-1-900x600.jpg","width":900,"height":600},{"@type":"BreadcrumbList","@id":"https:\/\/www.rijeka.hr\/en\/the-european-jazz-days-and-jazz-time-rijeka-music-festivals\/#breadcrumb","itemListElement":[{"@type":"ListItem","position":1,"name":"Po\u010detna stranica","item":"https:\/\/www.rijeka.hr\/en\/"},{"@type":"ListItem","position":2,"name":"The European Jazz Days and Jazz Time Rijeka music festivals"}]},{"@type":"WebSite","@id":"https:\/\/www.rijeka.hr\/en\/#website","url":"https:\/\/www.rijeka.hr\/en\/","name":"City of Rijeka","description":"City of Rijeka web Portal","potentialAction":[{"@type":"SearchAction","target":{"@type":"EntryPoint","urlTemplate":"https:\/\/www.rijeka.hr\/en\/?s={search_term_string}"},"query-input":{"@type":"PropertyValueSpecification","valueRequired":true,"valueName":"search_term_string"}}],"inLanguage":"en-US"},{"@type":"Person","@id":"https:\/\/www.rijeka.hr\/en\/#\/schema\/person\/048b064fa7891b19d16e03a382abb85e","name":"Ivica Nikolac","image":{"@type":"ImageObject","inLanguage":"en-US","@id":"https:\/\/www.rijeka.hr\/en\/#\/schema\/person\/image\/","url":"https:\/\/secure.gravatar.com\/avatar\/566d324e1656a1b494a0766b85643006?s=96&d=mm&r=g","contentUrl":"https:\/\/secure.gravatar.com\/avatar\/566d324e1656a1b494a0766b85643006?s=96&d=mm&r=g","caption":"Ivica Nikolac"},"url":"https:\/\/www.rijeka.hr\/en\/author\/inikolac\/"}]}},"_links":{"self":[{"href":"https:\/\/www.rijeka.hr\/en\/wp-json\/wp\/v2\/posts\/9719","targetHints":{"allow":["GET"]}}],"collection":[{"href":"https:\/\/www.rijeka.hr\/en\/wp-json\/wp\/v2\/posts"}],"about":[{"href":"https:\/\/www.rijeka.hr\/en\/wp-json\/wp\/v2\/types\/post"}],"author":[{"embeddable":true,"href":"https:\/\/www.rijeka.hr\/en\/wp-json\/wp\/v2\/users\/5"}],"replies":[{"embeddable":true,"href":"https:\/\/www.rijeka.hr\/en\/wp-json\/wp\/v2\/comments?post=9719"}],"version-history":[{"count":3,"href":"https:\/\/www.rijeka.hr\/en\/wp-json\/wp\/v2\/posts\/9719\/revisions"}],"predecessor-version":[{"id":9898,"href":"https:\/\/www.rijeka.hr\/en\/wp-json\/wp\/v2\/posts\/9719\/revisions\/9898"}],"wp:featuredmedia":[{"embeddable":true,"href":"https:\/\/www.rijeka.hr\/en\/wp-json\/wp\/v2\/media\/9723"}],"wp:attachment":[{"href":"https:\/\/www.rijeka.hr\/en\/wp-json\/wp\/v2\/media?parent=9719"}],"wp:term":[{"taxonomy":"category","embeddable":true,"href":"https:\/\/www.rijeka.hr\/en\/wp-json\/wp\/v2\/categories?post=9719"},{"taxonomy":"post_tag","embeddable":true,"href":"https:\/\/www.rijeka.hr\/en\/wp-json\/wp\/v2\/tags?post=9719"}],"curies":[{"name":"wp","href":"https:\/\/api.w.org\/{rel}","templated":true}]}}