{"id":10978,"date":"2020-08-28T11:19:55","date_gmt":"2020-08-28T09:19:55","guid":{"rendered":"https:\/\/www.rijeka.hr\/it\/?p=10978"},"modified":"2023-10-04T11:42:10","modified_gmt":"2023-10-04T09:42:10","slug":"mostra-citta-e-trasformazione-occasione-del-30-anniversario-dellamicizia-tra-neuss-e-fiume","status":"publish","type":"post","link":"https:\/\/www.rijeka.hr\/it\/mostra-citta-e-trasformazione-occasione-del-30-anniversario-dellamicizia-tra-neuss-e-fiume\/","title":{"rendered":"Mostra \u201cCitt\u00e0 e trasformazione\u201d in occasione del 30\u00b0 anniversario dell&#8217;amicizia tra Neuss e Fiume"},"content":{"rendered":"<p>La Galleria Kortil ha ospitato la mostra \u201cCitt\u00e0 e trasformazione\u201d da parte di artisti di Neuss e Fiume, organizzata in occasione del 30\u00b0 anniversario dell&#8217;amicizia tra le due citt\u00e0. La mostra presenta opere d&#8217;arte di Melanie Richter, Stefania Minzenmay, Vera Lossau, Nikola Uki\u0107, Igor E\u0161kinja, Slaven Tolj e Nemanja Cvijanovi\u0107.<\/p>\n<p>La mostra \u00e8 stata lanciata dalla citt\u00e0 di Neuss in collaborazione con il forum culturale Alte Post di Neuss e originariamente avrebbe dovuto essere inaugurata il 25 aprile dell&#8217;anno in corso a Neuss. A causa della presenza del coronavirus, l&#8217;apertura \u00e8 stata annullata, quindi ora \u00e8 ancora pi\u00f9 soddisfacente presentare le opere di questi artisti alla Galleria Kortil a Fiume, che quest&#8217;anno detiene il titolo di Capitale Europea della Cultura.<\/p>\n<p>Il titolo \u201cCitt\u00e0 e trasformazione\u201d orienta lo sguardo verso la citt\u00e0, in modo che la selezione delle opere d&#8217;arte rispecchi il tema cittadino in modi molto diversi e offra spazio a possibili discorsi.<\/p>\n<p>Klaus Richter, direttore del forum culturale Alte Post, \u00e8 il curatore della mostra ed \u00e8 assistito da due artisti di Neuss &#8211; Stefanie Minzenmay e Melanie Richter, con Vera Lossau che si \u00e8 presentata anche a questa mostra. La Croazia \u00e8 rappresentata dai nostri famosi artisti Igor E\u0161kinja, Nemanja Cvijanovi\u0107, Slaven Tolj e Nikola Uki\u0107.<\/p>\n<p>La mostra rimane aperta fino al 6 settembre. Gli orari di apertura della galleria sono dal luned\u00ec al venerd\u00ec dalle 10.00 alle 13.00 e dalle 17.00 alle 20.00 e il sabato dalle 10.00 alle 13.00; l&#8217;ingresso alla mostra \u00e8 gratuito.<\/p>\n","protected":false},"excerpt":{"rendered":"<p>La Galleria Kortil ha ospitato la mostra \u201cCitt\u00e0 e trasformazione\u201d da parte di artisti di Neuss e Fiume, organizzata in occasione del 30\u00b0 anniversario dell&#8217;amicizia tra le due citt\u00e0. La mostra presenta opere d&#8217;arte di Melanie Richter, Stefania Minzenmay, Vera Lossau, Nikola Uki\u0107, Igor E\u0161kinja, Slaven Tolj e Nemanja Cvijanovi\u0107. La mostra \u00e8 stata lanciata&#8230;<\/p>\n","protected":false},"author":5,"featured_media":10980,"comment_status":"open","ping_status":"open","sticky":false,"template":"","format":"standard","meta":{"_acf_changed":false,"_trash_the_other_posts":false,"footnotes":"","_links_to":"","_links_to_target":""},"categories":[1],"tags":[858,857],"class_list":["post-10978","post","type-post","status-publish","format-standard","has-post-thumbnail","hentry","category-non-categorizzato","tag-citta-e-trasformazione","tag-mostra"],"acf":[],"yoast_head":"<!-- This site is optimized with the Yoast SEO plugin v24.4 - https:\/\/yoast.com\/wordpress\/plugins\/seo\/ -->\n<title>Mostra \u201cCitt\u00e0 e trasformazione\u201d in occasione del 30\u00b0 anniversario dell&#039;amicizia tra Neuss e Fiume - Citt\u00e0 di Fiume<\/title>\n<meta name=\"robots\" content=\"index, follow, max-snippet:-1, max-image-preview:large, max-video-preview:-1\" \/>\n<link rel=\"canonical\" href=\"https:\/\/www.rijeka.hr\/it\/mostra-citta-e-trasformazione-occasione-del-30-anniversario-dellamicizia-tra-neuss-e-fiume\/\" \/>\n<meta property=\"og:locale\" content=\"it_IT\" \/>\n<meta property=\"og:type\" content=\"article\" \/>\n<meta property=\"og:title\" content=\"Mostra \u201cCitt\u00e0 e trasformazione\u201d in occasione del 30\u00b0 anniversario dell&#039;amicizia tra Neuss e Fiume - Citt\u00e0 di Fiume\" \/>\n<meta property=\"og:description\" content=\"La Galleria Kortil ha ospitato la mostra \u201cCitt\u00e0 e trasformazione\u201d da parte di artisti di Neuss e Fiume, organizzata in occasione del 30\u00b0 anniversario dell&#8217;amicizia tra le due citt\u00e0. La mostra presenta opere d&#8217;arte di Melanie Richter, Stefania Minzenmay, Vera Lossau, Nikola Uki\u0107, Igor E\u0161kinja, Slaven Tolj e Nemanja Cvijanovi\u0107. La mostra \u00e8 stata lanciata...\" \/>\n<meta property=\"og:url\" content=\"https:\/\/www.rijeka.hr\/it\/mostra-citta-e-trasformazione-occasione-del-30-anniversario-dellamicizia-tra-neuss-e-fiume\/\" \/>\n<meta property=\"og:site_name\" content=\"Citt\u00e0 di Fiume\" \/>\n<meta property=\"article:published_time\" content=\"2020-08-28T09:19:55+00:00\" \/>\n<meta property=\"article:modified_time\" content=\"2023-10-04T09:42:10+00:00\" \/>\n<meta property=\"og:image\" content=\"https:\/\/www.rijeka.hr\/it\/wp-content\/uploads\/sites\/3\/2020\/08\/Izlo\u017eba-Grad-i-transformacija-4-1000x563.jpg\" \/>\n\t<meta property=\"og:image:width\" content=\"1000\" \/>\n\t<meta property=\"og:image:height\" content=\"563\" \/>\n\t<meta property=\"og:image:type\" content=\"image\/jpeg\" \/>\n<meta name=\"author\" content=\"Ivica Nikolac\" \/>\n<meta name=\"twitter:card\" content=\"summary_large_image\" \/>\n<meta name=\"twitter:label1\" content=\"Written by\" \/>\n\t<meta name=\"twitter:data1\" content=\"Ivica Nikolac\" \/>\n\t<meta name=\"twitter:label2\" content=\"Est. reading time\" \/>\n\t<meta name=\"twitter:data2\" content=\"1 minute\" \/>\n<script type=\"application\/ld+json\" class=\"yoast-schema-graph\">{\"@context\":\"https:\/\/schema.org\",\"@graph\":[{\"@type\":\"WebPage\",\"@id\":\"https:\/\/www.rijeka.hr\/it\/mostra-citta-e-trasformazione-occasione-del-30-anniversario-dellamicizia-tra-neuss-e-fiume\/\",\"url\":\"https:\/\/www.rijeka.hr\/it\/mostra-citta-e-trasformazione-occasione-del-30-anniversario-dellamicizia-tra-neuss-e-fiume\/\",\"name\":\"Mostra \u201cCitt\u00e0 e trasformazione\u201d in occasione del 30\u00b0 anniversario dell'amicizia tra Neuss e Fiume - Citt\u00e0 di Fiume\",\"isPartOf\":{\"@id\":\"https:\/\/www.rijeka.hr\/it\/#website\"},\"primaryImageOfPage\":{\"@id\":\"https:\/\/www.rijeka.hr\/it\/mostra-citta-e-trasformazione-occasione-del-30-anniversario-dellamicizia-tra-neuss-e-fiume\/#primaryimage\"},\"image\":{\"@id\":\"https:\/\/www.rijeka.hr\/it\/mostra-citta-e-trasformazione-occasione-del-30-anniversario-dellamicizia-tra-neuss-e-fiume\/#primaryimage\"},\"thumbnailUrl\":\"https:\/\/www.rijeka.hr\/it\/wp-content\/uploads\/sites\/3\/2020\/08\/Izlo\u017eba-Grad-i-transformacija-4-1000x563.jpg\",\"datePublished\":\"2020-08-28T09:19:55+00:00\",\"dateModified\":\"2023-10-04T09:42:10+00:00\",\"author\":{\"@id\":\"https:\/\/www.rijeka.hr\/it\/#\/schema\/person\/048b064fa7891b19d16e03a382abb85e\"},\"breadcrumb\":{\"@id\":\"https:\/\/www.rijeka.hr\/it\/mostra-citta-e-trasformazione-occasione-del-30-anniversario-dellamicizia-tra-neuss-e-fiume\/#breadcrumb\"},\"inLanguage\":\"it-IT\",\"potentialAction\":[{\"@type\":\"ReadAction\",\"target\":[\"https:\/\/www.rijeka.hr\/it\/mostra-citta-e-trasformazione-occasione-del-30-anniversario-dellamicizia-tra-neuss-e-fiume\/\"]}]},{\"@type\":\"ImageObject\",\"inLanguage\":\"it-IT\",\"@id\":\"https:\/\/www.rijeka.hr\/it\/mostra-citta-e-trasformazione-occasione-del-30-anniversario-dellamicizia-tra-neuss-e-fiume\/#primaryimage\",\"url\":\"https:\/\/www.rijeka.hr\/it\/wp-content\/uploads\/sites\/3\/2020\/08\/Izlo\u017eba-Grad-i-transformacija-4-1000x563.jpg\",\"contentUrl\":\"https:\/\/www.rijeka.hr\/it\/wp-content\/uploads\/sites\/3\/2020\/08\/Izlo\u017eba-Grad-i-transformacija-4-1000x563.jpg\",\"width\":1000,\"height\":563},{\"@type\":\"BreadcrumbList\",\"@id\":\"https:\/\/www.rijeka.hr\/it\/mostra-citta-e-trasformazione-occasione-del-30-anniversario-dellamicizia-tra-neuss-e-fiume\/#breadcrumb\",\"itemListElement\":[{\"@type\":\"ListItem\",\"position\":1,\"name\":\"Po\u010detna stranica\",\"item\":\"https:\/\/www.rijeka.hr\/it\/\"},{\"@type\":\"ListItem\",\"position\":2,\"name\":\"Mostra \u201cCitt\u00e0 e trasformazione\u201d in occasione del 30\u00b0 anniversario dell&#8217;amicizia tra Neuss e Fiume\"}]},{\"@type\":\"WebSite\",\"@id\":\"https:\/\/www.rijeka.hr\/it\/#website\",\"url\":\"https:\/\/www.rijeka.hr\/it\/\",\"name\":\"Citt\u00e0 di Fiume\",\"description\":\"Portale web della Citta&#039; di Fiume\",\"potentialAction\":[{\"@type\":\"SearchAction\",\"target\":{\"@type\":\"EntryPoint\",\"urlTemplate\":\"https:\/\/www.rijeka.hr\/it\/?s={search_term_string}\"},\"query-input\":{\"@type\":\"PropertyValueSpecification\",\"valueRequired\":true,\"valueName\":\"search_term_string\"}}],\"inLanguage\":\"it-IT\"},{\"@type\":\"Person\",\"@id\":\"https:\/\/www.rijeka.hr\/it\/#\/schema\/person\/048b064fa7891b19d16e03a382abb85e\",\"name\":\"Ivica Nikolac\",\"image\":{\"@type\":\"ImageObject\",\"inLanguage\":\"it-IT\",\"@id\":\"https:\/\/www.rijeka.hr\/it\/#\/schema\/person\/image\/\",\"url\":\"https:\/\/secure.gravatar.com\/avatar\/566d324e1656a1b494a0766b85643006?s=96&d=mm&r=g\",\"contentUrl\":\"https:\/\/secure.gravatar.com\/avatar\/566d324e1656a1b494a0766b85643006?s=96&d=mm&r=g\",\"caption\":\"Ivica Nikolac\"},\"url\":\"https:\/\/www.rijeka.hr\/it\/author\/inikolac\/\"}]}<\/script>\n<!-- \/ Yoast SEO plugin. -->","yoast_head_json":{"title":"Mostra \u201cCitt\u00e0 e trasformazione\u201d in occasione del 30\u00b0 anniversario dell'amicizia tra Neuss e Fiume - Citt\u00e0 di Fiume","robots":{"index":"index","follow":"follow","max-snippet":"max-snippet:-1","max-image-preview":"max-image-preview:large","max-video-preview":"max-video-preview:-1"},"canonical":"https:\/\/www.rijeka.hr\/it\/mostra-citta-e-trasformazione-occasione-del-30-anniversario-dellamicizia-tra-neuss-e-fiume\/","og_locale":"it_IT","og_type":"article","og_title":"Mostra \u201cCitt\u00e0 e trasformazione\u201d in occasione del 30\u00b0 anniversario dell'amicizia tra Neuss e Fiume - Citt\u00e0 di Fiume","og_description":"La Galleria Kortil ha ospitato la mostra \u201cCitt\u00e0 e trasformazione\u201d da parte di artisti di Neuss e Fiume, organizzata in occasione del 30\u00b0 anniversario dell&#8217;amicizia tra le due citt\u00e0. La mostra presenta opere d&#8217;arte di Melanie Richter, Stefania Minzenmay, Vera Lossau, Nikola Uki\u0107, Igor E\u0161kinja, Slaven Tolj e Nemanja Cvijanovi\u0107. La mostra \u00e8 stata lanciata...","og_url":"https:\/\/www.rijeka.hr\/it\/mostra-citta-e-trasformazione-occasione-del-30-anniversario-dellamicizia-tra-neuss-e-fiume\/","og_site_name":"Citt\u00e0 di Fiume","article_published_time":"2020-08-28T09:19:55+00:00","article_modified_time":"2023-10-04T09:42:10+00:00","og_image":[{"width":1000,"height":563,"url":"https:\/\/www.rijeka.hr\/it\/wp-content\/uploads\/sites\/3\/2020\/08\/Izlo\u017eba-Grad-i-transformacija-4-1000x563.jpg","type":"image\/jpeg"}],"author":"Ivica Nikolac","twitter_card":"summary_large_image","twitter_misc":{"Written by":"Ivica Nikolac","Est. reading time":"1 minute"},"schema":{"@context":"https:\/\/schema.org","@graph":[{"@type":"WebPage","@id":"https:\/\/www.rijeka.hr\/it\/mostra-citta-e-trasformazione-occasione-del-30-anniversario-dellamicizia-tra-neuss-e-fiume\/","url":"https:\/\/www.rijeka.hr\/it\/mostra-citta-e-trasformazione-occasione-del-30-anniversario-dellamicizia-tra-neuss-e-fiume\/","name":"Mostra \u201cCitt\u00e0 e trasformazione\u201d in occasione del 30\u00b0 anniversario dell'amicizia tra Neuss e Fiume - Citt\u00e0 di Fiume","isPartOf":{"@id":"https:\/\/www.rijeka.hr\/it\/#website"},"primaryImageOfPage":{"@id":"https:\/\/www.rijeka.hr\/it\/mostra-citta-e-trasformazione-occasione-del-30-anniversario-dellamicizia-tra-neuss-e-fiume\/#primaryimage"},"image":{"@id":"https:\/\/www.rijeka.hr\/it\/mostra-citta-e-trasformazione-occasione-del-30-anniversario-dellamicizia-tra-neuss-e-fiume\/#primaryimage"},"thumbnailUrl":"https:\/\/www.rijeka.hr\/it\/wp-content\/uploads\/sites\/3\/2020\/08\/Izlo\u017eba-Grad-i-transformacija-4-1000x563.jpg","datePublished":"2020-08-28T09:19:55+00:00","dateModified":"2023-10-04T09:42:10+00:00","author":{"@id":"https:\/\/www.rijeka.hr\/it\/#\/schema\/person\/048b064fa7891b19d16e03a382abb85e"},"breadcrumb":{"@id":"https:\/\/www.rijeka.hr\/it\/mostra-citta-e-trasformazione-occasione-del-30-anniversario-dellamicizia-tra-neuss-e-fiume\/#breadcrumb"},"inLanguage":"it-IT","potentialAction":[{"@type":"ReadAction","target":["https:\/\/www.rijeka.hr\/it\/mostra-citta-e-trasformazione-occasione-del-30-anniversario-dellamicizia-tra-neuss-e-fiume\/"]}]},{"@type":"ImageObject","inLanguage":"it-IT","@id":"https:\/\/www.rijeka.hr\/it\/mostra-citta-e-trasformazione-occasione-del-30-anniversario-dellamicizia-tra-neuss-e-fiume\/#primaryimage","url":"https:\/\/www.rijeka.hr\/it\/wp-content\/uploads\/sites\/3\/2020\/08\/Izlo\u017eba-Grad-i-transformacija-4-1000x563.jpg","contentUrl":"https:\/\/www.rijeka.hr\/it\/wp-content\/uploads\/sites\/3\/2020\/08\/Izlo\u017eba-Grad-i-transformacija-4-1000x563.jpg","width":1000,"height":563},{"@type":"BreadcrumbList","@id":"https:\/\/www.rijeka.hr\/it\/mostra-citta-e-trasformazione-occasione-del-30-anniversario-dellamicizia-tra-neuss-e-fiume\/#breadcrumb","itemListElement":[{"@type":"ListItem","position":1,"name":"Po\u010detna stranica","item":"https:\/\/www.rijeka.hr\/it\/"},{"@type":"ListItem","position":2,"name":"Mostra \u201cCitt\u00e0 e trasformazione\u201d in occasione del 30\u00b0 anniversario dell&#8217;amicizia tra Neuss e Fiume"}]},{"@type":"WebSite","@id":"https:\/\/www.rijeka.hr\/it\/#website","url":"https:\/\/www.rijeka.hr\/it\/","name":"Citt\u00e0 di Fiume","description":"Portale web della Citta&#039; di Fiume","potentialAction":[{"@type":"SearchAction","target":{"@type":"EntryPoint","urlTemplate":"https:\/\/www.rijeka.hr\/it\/?s={search_term_string}"},"query-input":{"@type":"PropertyValueSpecification","valueRequired":true,"valueName":"search_term_string"}}],"inLanguage":"it-IT"},{"@type":"Person","@id":"https:\/\/www.rijeka.hr\/it\/#\/schema\/person\/048b064fa7891b19d16e03a382abb85e","name":"Ivica Nikolac","image":{"@type":"ImageObject","inLanguage":"it-IT","@id":"https:\/\/www.rijeka.hr\/it\/#\/schema\/person\/image\/","url":"https:\/\/secure.gravatar.com\/avatar\/566d324e1656a1b494a0766b85643006?s=96&d=mm&r=g","contentUrl":"https:\/\/secure.gravatar.com\/avatar\/566d324e1656a1b494a0766b85643006?s=96&d=mm&r=g","caption":"Ivica Nikolac"},"url":"https:\/\/www.rijeka.hr\/it\/author\/inikolac\/"}]}},"_links":{"self":[{"href":"https:\/\/www.rijeka.hr\/it\/wp-json\/wp\/v2\/posts\/10978","targetHints":{"allow":["GET"]}}],"collection":[{"href":"https:\/\/www.rijeka.hr\/it\/wp-json\/wp\/v2\/posts"}],"about":[{"href":"https:\/\/www.rijeka.hr\/it\/wp-json\/wp\/v2\/types\/post"}],"author":[{"embeddable":true,"href":"https:\/\/www.rijeka.hr\/it\/wp-json\/wp\/v2\/users\/5"}],"replies":[{"embeddable":true,"href":"https:\/\/www.rijeka.hr\/it\/wp-json\/wp\/v2\/comments?post=10978"}],"version-history":[{"count":2,"href":"https:\/\/www.rijeka.hr\/it\/wp-json\/wp\/v2\/posts\/10978\/revisions"}],"predecessor-version":[{"id":10981,"href":"https:\/\/www.rijeka.hr\/it\/wp-json\/wp\/v2\/posts\/10978\/revisions\/10981"}],"wp:featuredmedia":[{"embeddable":true,"href":"https:\/\/www.rijeka.hr\/it\/wp-json\/wp\/v2\/media\/10980"}],"wp:attachment":[{"href":"https:\/\/www.rijeka.hr\/it\/wp-json\/wp\/v2\/media?parent=10978"}],"wp:term":[{"taxonomy":"category","embeddable":true,"href":"https:\/\/www.rijeka.hr\/it\/wp-json\/wp\/v2\/categories?post=10978"},{"taxonomy":"post_tag","embeddable":true,"href":"https:\/\/www.rijeka.hr\/it\/wp-json\/wp\/v2\/tags?post=10978"}],"curies":[{"name":"wp","href":"https:\/\/api.w.org\/{rel}","templated":true}]}}