{"id":11845,"date":"2020-12-09T15:37:02","date_gmt":"2020-12-09T14:37:02","guid":{"rendered":"https:\/\/www.rijeka.hr\/it\/?p=11845"},"modified":"2021-03-17T11:10:49","modified_gmt":"2021-03-17T10:10:49","slug":"il-bilancio-rettificativo-e-le-misure-volte-ad-aiutare-gli-imprenditori-e-cittadini-legate-alla-pandemia-di-coronavirus","status":"publish","type":"post","link":"https:\/\/www.rijeka.hr\/it\/il-bilancio-rettificativo-e-le-misure-volte-ad-aiutare-gli-imprenditori-e-cittadini-legate-alla-pandemia-di-coronavirus\/","title":{"rendered":"Il bilancio rettificativo e le misure volte ad aiutare gli imprenditori e i cittadini legate alla pandemia di coronavirus"},"content":{"rendered":"<p>A causa delle misure epidemiologiche volte a prevenire la diffusione del coronavirus, il collegio del sindaco continua ad essere organizzato online, mentre il sindaco di Fiume Vojko Obersnel durante il suo incontro con i giornalisti presenta le conclusioni approvate.<\/p>\n<p>All&#8217;inizio della conferenza, il sindaco ha riflettuto l&#8217;attuale situazione epidemiologica e il numero relativamente elevato dei concittadini contagiati dal coronavirus, e ha nuovamente invitato tutti i cittadini a rispettare le misure e a comportarsi in modo responsabile.<\/p>\n<h3>Si pianificano ulteriori misure volte ad aiutare gli imprenditori che operano in condizioni di gestione difficili<\/h3>\n<p>Il sindaco ha ricordato le prime misure autunnali mirate ad aiutare gli imprenditori in difficili condizioni di gestione dovute all&#8217;epidemia di coronavirus adottate a fine ottobre. Le misure, che fanno riferimento al periodo dal 1 novembre al 31 dicembre 2020, comportano diminuiti canoni di locazione per i vani d\u2019affari di propriet\u00e0 della Citt\u00e0, a dipendenza del calo delle entrate e l\u2019esenzione dal pagamento del canone per gli utenti delle aree pubbliche che hanno installato strutture temporanee e terrazze.<\/p>\n<p>A seguito della decisione presa dal Comando di protezione civile della Repubblica di Croazia di sospendere il lavoro di certe attivit\u00e0, sono state adottate misure che riguardano l&#8217;esenzione dal pagamento del canone di locazione per i vani d\u2019affari di propriet\u00e0 della Citt\u00e0, come pure i vani d\u2019affari\u00a0 ceduti alle aziende municipalizzate &#8211; Rijeka Plus e Rijeka Sport dal 1\u00b0 al 31 dicembre 2020.<\/p>\n<p>Tutte le misure per ora riguardano il periodo fino alla fine dell&#8217;anno, con la possibilit\u00e0 di proroga se necessario, che a sua volta dipende dalla decisione del Comando nazionale di protezione civile. Nella prossima seduta del Consiglio cittadino, che si terr\u00e0 la prossima settimana, uno dei punti all&#8217;ordine del giorno sar\u00e0 la modifica della Delibera sull\u2019indennizzo comunale, grazie alla quale saranno determinate ulteriori misure a favore degli imprenditori.<\/p>\n<p>Quali misure verranno messe in atto dipende dalla decisione del governo della Repubblica di Croazia, che ha annunciato la possibilit\u00e0 di aiutare gli imprenditori che utilizzano vani d\u2019affari cittadini a pagare una parte dei loro obblighi. Vale a dire, il governo ha annunciato, ma non ha determinato in dettaglio il modo in cui pensa ad aiutare gli imprenditori.<\/p>\n<h3>Si considera la possibilit\u00e0 di assicurare buoni acquisto per un pi\u00f9 grande numero di pensionati<\/h3>\n<p>Dopo aver adottato la conclusione in uno dei precedenti collegi del sindaco, secondo la quale anche quest\u2019anno i pensionati con le pensioni pi\u00f9 basse e gli anziani senza reddito riceveranno buoni acquisto in occasione delle festivit\u00e0 natalizie, il sindaco Obersnel ha annunciato che si considera la possibilit\u00e0 di estendere i criteri per la distribuzione dei buoni acquisto.<\/p>\n<p>Vale a dire, secondo la conclusione esistente, i pensionati che percepiscono una pensione inferiore alle 1.700 kune hanno diritto a un buono acquisto, e ora si considera la possibilit\u00e0 di elevare la soglia per il diritto ai buoni acquisto, affinch\u00e9 il maggior numero possibile dei pensionati sia incluso in questa misura.<\/p>\n<h3>Oltre alle misure di assistenza agli imprenditori e ai cittadini, la Citt\u00e0 di Fiume aiuta anche attraverso una donazione al Centro Clinico Ospedaliero<\/h3>\n<p>&#8220;Dato che il numero di ammalati e pazienti che si ricoverano nel CCO di Fiume \u00e8 in aumento constante, abbiamo offerto assistenza per l&#8217;acquisto di respiratori. Dopo aver contattato il direttore, ci \u00e8 stato detto che per il momento il numero dei respiratori \u00e8 sufficiente, e che hanno bisogno dei monitor per il monitoraggio delle funzioni vitali. Pertanto, abbiamo acquistato otto dispositivi del valore di 200mila kune, che dovrebbero arrivare al pi\u00f9 presto&#8221;, ha detto il sindaco Obersnel, sottolineando che la Citt\u00e0 di Fiume, se necessario, continuer\u00e0 ad aiutare.<\/p>\n<h3>Il secondo bilancio rettificativo di natura tecnica<\/h3>\n<p>Con il secondo bilancio rettificativo si propongono entrate e proventi di bilancio nell\u2019importo di 1.092.065.513 kune, che rappresenta una diminuzione di 33.601.596 kune, ovvero del 3,0% rispetto al piano attuale. Le spese e gli oneri sono proposti nell\u2019importo di 1.112.900.000 kune, ovvero una diminuzione di 33.500.000 kune, ovvero del 2,9% rispetto al piano attuale. La differenza tra entrate e proventi e uscite e oneri viene bilanciata con i fondi trasferiti dal periodo precedente.<\/p>\n<p>&#8220;Il secondo bilancio rettificativo rappresenta l&#8217;armonizzazione del piano con i risultati precedenti e attesi sul lato delle entrate e delle spese, ovvero una rettifica tecnica. Il motivo per l&#8217;adozione del bilancio rettificativo \u00e8 il fatto che abbiamo adottato il primo bilancio rettificativo durante l&#8217;estate, che \u00e8 stata una risposta all&#8217;improvviso crollo delle condizioni economiche causato dalla pandemia di coronavirus e dal calo delle entrate. Inoltre, a causa delle misure di assistenza ai cittadini e agli imprenditori, sono ulteriormente diminuiti i ricavi a titolo dell\u2019indennizzo comunale, dei canoni di locazione per i vani d\u2019affari ecc. Anche se ci aspettavamo che la situazione si sarebbe sviluppata in una direzione positiva, i problemi con la pandemia di coronavirus sono iniziati alla fine dell&#8217;estate e quindi i problemi legati alla realizzazione del bilancio sia dal lato delle entrate che da quello delle spese &#8220;, ha spiegato il sindaco Obersnel.<\/p>\n<p>I ricavi per i quali vengono proposte modifiche significative sono le entrate fiscali, le entrate derivanti dall&#8217;assistenza e le entrate derivanti dai prestiti. Si propone di aumentare le entrate derivanti dalle imposte sul reddito e dalle sovrattasse e dalle imposte sulle transazioni immobiliari, pianificate con molta attenzione nel primo bilancio rettificativo. Questi ricavi sono ora realizzati in un importo leggermente superiore, ma comunque inferiori al livello previsto dal bilancio originario adottato a dicembre 2019. Pertanto, i ricavi da imposte e sovrattasse sul reddito sono pianificati nell\u2019importo di 310,6 milioni di kune, che rappresenta un aumento rispetto al piano precedente di 19,4 milioni o del 6,7%, mentre il reddito dalle imposte sulle transazioni immobiliari \u00e8 pianificato nell\u2019importo di 31 milioni di kune che \u00e8 un aumento di 8,9 milioni di kune ovvero del 40,6% rispetto al piano in vigore finora.<\/p>\n<p>I ricavi derivanti dall&#8217;assistenza sono previsti nell\u2019importo di 344,3 milioni di kune, che rappresenta una diminuzione di 22,4 milioni di kune ovvero del 6,1% rispetto al piano precedente. La diminuzione dei ricavi derivanti dall\u2019assistenza \u00e8 perlopi\u00f9 influenzata da minori importi di assistenza ai singoli progetti cofinanziati dai fondi dell\u2019UE, in coerenza con la ridotta dinamica di realizzazione di questi investimenti dovuta alla pandemia di coronavirus. In linea con il calo delle entrate, sono state ridotte anche le spese.<\/p>\n<p>Le proposte di modifica dei programma delle necessita pubbliche nel campo dello sport, della cultura tecnica e della cultura per il 2020 sono legate al secondo bilancio rettificativo.<\/p>\n<p>Al Consiglio cittadino sono state inviate proposte di programmi delle necessit\u00e0 pubbliche nel campo dello sport, della cultura tecnica e della cultura, piani per la distribuzione dei fondi dedicati alle priorit\u00e0 comunali nel territorio dei comitati di quartiere e i fondi raccolti a titolo della tassa sui monumenti storici.<\/p>\n<p>Per quanto riguarda la pianificazione delle priorit\u00e0 comunali da parte dei comitati di quartiere, nel 2020 sono stati intrapresi piccoli interventi comunali che si riducono su quei gi\u00e0 avviati\u00a0o presentano lavori trasferiti\u00a0 dall&#8217;anno precedente, e tutte le altre attivit\u00e0 previste per l&#8217;anno in corso verranno trasferite al 2021.<\/p>\n","protected":false},"excerpt":{"rendered":"<p>Il secondo bilancio rettificativo per il 2020 \u00e8 stato inviato dal collegio del sindaco al Consiglio cittadino per essere discusso e approvato. E stata annunciata la possibilit\u00e0 di introdurre nuove misure di assistenza agli imprenditori e ai cittadini che subiscono l\u2019onere della pandemia di coronavirus.<\/p>\n","protected":false},"author":8,"featured_media":11848,"comment_status":"open","ping_status":"open","sticky":false,"template":"","format":"standard","meta":{"_acf_changed":false,"_trash_the_other_posts":false,"footnotes":"","_links_to":"","_links_to_target":""},"categories":[416],"tags":[651,947,948,946],"class_list":["post-11845","post","type-post","status-publish","format-standard","has-post-thumbnail","hentry","category-collegio-del-sindaco","tag-bilancio-rettificativo","tag-buoni-acquisto","tag-donazione","tag-misure-volte-ad-aiutare-gli-imprenditori"],"acf":[],"yoast_head":"<!-- This site is optimized with the Yoast SEO plugin v24.4 - https:\/\/yoast.com\/wordpress\/plugins\/seo\/ -->\n<title>Il bilancio rettificativo e le misure volte ad aiutare gli imprenditori e i cittadini legate alla pandemia di coronavirus - Citt\u00e0 di Fiume<\/title>\n<meta name=\"robots\" content=\"index, follow, max-snippet:-1, max-image-preview:large, max-video-preview:-1\" \/>\n<link rel=\"canonical\" href=\"https:\/\/www.rijeka.hr\/it\/il-bilancio-rettificativo-e-le-misure-volte-ad-aiutare-gli-imprenditori-e-cittadini-legate-alla-pandemia-di-coronavirus\/\" \/>\n<meta property=\"og:locale\" content=\"it_IT\" \/>\n<meta property=\"og:type\" content=\"article\" \/>\n<meta property=\"og:title\" content=\"Il bilancio rettificativo e le misure volte ad aiutare gli imprenditori e i cittadini legate alla pandemia di coronavirus - Citt\u00e0 di Fiume\" \/>\n<meta property=\"og:description\" content=\"Il secondo bilancio rettificativo per il 2020 \u00e8 stato inviato dal collegio del sindaco al Consiglio cittadino per essere discusso e approvato. E stata annunciata la possibilit\u00e0 di introdurre nuove misure di assistenza agli imprenditori e ai cittadini che subiscono l\u2019onere della pandemia di coronavirus.\" \/>\n<meta property=\"og:url\" content=\"https:\/\/www.rijeka.hr\/it\/il-bilancio-rettificativo-e-le-misure-volte-ad-aiutare-gli-imprenditori-e-cittadini-legate-alla-pandemia-di-coronavirus\/\" \/>\n<meta property=\"og:site_name\" content=\"Citt\u00e0 di Fiume\" \/>\n<meta property=\"article:published_time\" content=\"2020-12-09T14:37:02+00:00\" \/>\n<meta property=\"article:modified_time\" content=\"2021-03-17T10:10:49+00:00\" \/>\n<meta property=\"og:image\" content=\"https:\/\/www.rijeka.hr\/it\/wp-content\/uploads\/sites\/3\/2020\/12\/72.-gradona\u010delnikov-kolegij-1-900x600.jpg\" \/>\n\t<meta property=\"og:image:width\" content=\"900\" \/>\n\t<meta property=\"og:image:height\" content=\"600\" \/>\n\t<meta property=\"og:image:type\" content=\"image\/jpeg\" \/>\n<meta name=\"author\" content=\"sradovic\" \/>\n<meta name=\"twitter:card\" content=\"summary_large_image\" \/>\n<meta name=\"twitter:label1\" content=\"Written by\" \/>\n\t<meta name=\"twitter:data1\" content=\"sradovic\" \/>\n\t<meta name=\"twitter:label2\" content=\"Est. reading time\" \/>\n\t<meta name=\"twitter:data2\" content=\"6 minutes\" \/>\n<script type=\"application\/ld+json\" class=\"yoast-schema-graph\">{\"@context\":\"https:\/\/schema.org\",\"@graph\":[{\"@type\":\"WebPage\",\"@id\":\"https:\/\/www.rijeka.hr\/it\/il-bilancio-rettificativo-e-le-misure-volte-ad-aiutare-gli-imprenditori-e-cittadini-legate-alla-pandemia-di-coronavirus\/\",\"url\":\"https:\/\/www.rijeka.hr\/it\/il-bilancio-rettificativo-e-le-misure-volte-ad-aiutare-gli-imprenditori-e-cittadini-legate-alla-pandemia-di-coronavirus\/\",\"name\":\"Il bilancio rettificativo e le misure volte ad aiutare gli imprenditori e i cittadini legate alla pandemia di coronavirus - Citt\u00e0 di Fiume\",\"isPartOf\":{\"@id\":\"https:\/\/www.rijeka.hr\/it\/#website\"},\"primaryImageOfPage\":{\"@id\":\"https:\/\/www.rijeka.hr\/it\/il-bilancio-rettificativo-e-le-misure-volte-ad-aiutare-gli-imprenditori-e-cittadini-legate-alla-pandemia-di-coronavirus\/#primaryimage\"},\"image\":{\"@id\":\"https:\/\/www.rijeka.hr\/it\/il-bilancio-rettificativo-e-le-misure-volte-ad-aiutare-gli-imprenditori-e-cittadini-legate-alla-pandemia-di-coronavirus\/#primaryimage\"},\"thumbnailUrl\":\"https:\/\/www.rijeka.hr\/it\/wp-content\/uploads\/sites\/3\/2020\/12\/72.-gradona\u010delnikov-kolegij-1-900x600.jpg\",\"datePublished\":\"2020-12-09T14:37:02+00:00\",\"dateModified\":\"2021-03-17T10:10:49+00:00\",\"author\":{\"@id\":\"https:\/\/www.rijeka.hr\/it\/#\/schema\/person\/f944eacc70b6a69bc142d9389862b37b\"},\"breadcrumb\":{\"@id\":\"https:\/\/www.rijeka.hr\/it\/il-bilancio-rettificativo-e-le-misure-volte-ad-aiutare-gli-imprenditori-e-cittadini-legate-alla-pandemia-di-coronavirus\/#breadcrumb\"},\"inLanguage\":\"it-IT\",\"potentialAction\":[{\"@type\":\"ReadAction\",\"target\":[\"https:\/\/www.rijeka.hr\/it\/il-bilancio-rettificativo-e-le-misure-volte-ad-aiutare-gli-imprenditori-e-cittadini-legate-alla-pandemia-di-coronavirus\/\"]}]},{\"@type\":\"ImageObject\",\"inLanguage\":\"it-IT\",\"@id\":\"https:\/\/www.rijeka.hr\/it\/il-bilancio-rettificativo-e-le-misure-volte-ad-aiutare-gli-imprenditori-e-cittadini-legate-alla-pandemia-di-coronavirus\/#primaryimage\",\"url\":\"https:\/\/www.rijeka.hr\/it\/wp-content\/uploads\/sites\/3\/2020\/12\/72.-gradona\u010delnikov-kolegij-1-900x600.jpg\",\"contentUrl\":\"https:\/\/www.rijeka.hr\/it\/wp-content\/uploads\/sites\/3\/2020\/12\/72.-gradona\u010delnikov-kolegij-1-900x600.jpg\",\"width\":900,\"height\":600},{\"@type\":\"BreadcrumbList\",\"@id\":\"https:\/\/www.rijeka.hr\/it\/il-bilancio-rettificativo-e-le-misure-volte-ad-aiutare-gli-imprenditori-e-cittadini-legate-alla-pandemia-di-coronavirus\/#breadcrumb\",\"itemListElement\":[{\"@type\":\"ListItem\",\"position\":1,\"name\":\"Po\u010detna stranica\",\"item\":\"https:\/\/www.rijeka.hr\/it\/\"},{\"@type\":\"ListItem\",\"position\":2,\"name\":\"Il bilancio rettificativo e le misure volte ad aiutare gli imprenditori e i cittadini legate alla pandemia di coronavirus\"}]},{\"@type\":\"WebSite\",\"@id\":\"https:\/\/www.rijeka.hr\/it\/#website\",\"url\":\"https:\/\/www.rijeka.hr\/it\/\",\"name\":\"Citt\u00e0 di Fiume\",\"description\":\"Portale web della Citta&#039; di Fiume\",\"potentialAction\":[{\"@type\":\"SearchAction\",\"target\":{\"@type\":\"EntryPoint\",\"urlTemplate\":\"https:\/\/www.rijeka.hr\/it\/?s={search_term_string}\"},\"query-input\":{\"@type\":\"PropertyValueSpecification\",\"valueRequired\":true,\"valueName\":\"search_term_string\"}}],\"inLanguage\":\"it-IT\"},{\"@type\":\"Person\",\"@id\":\"https:\/\/www.rijeka.hr\/it\/#\/schema\/person\/f944eacc70b6a69bc142d9389862b37b\",\"name\":\"sradovic\",\"image\":{\"@type\":\"ImageObject\",\"inLanguage\":\"it-IT\",\"@id\":\"https:\/\/www.rijeka.hr\/it\/#\/schema\/person\/image\/\",\"url\":\"https:\/\/secure.gravatar.com\/avatar\/d438b95983d528813c6fe2e5812a4188?s=96&d=mm&r=g\",\"contentUrl\":\"https:\/\/secure.gravatar.com\/avatar\/d438b95983d528813c6fe2e5812a4188?s=96&d=mm&r=g\",\"caption\":\"sradovic\"},\"url\":\"https:\/\/www.rijeka.hr\/it\/author\/sradovic\/\"}]}<\/script>\n<!-- \/ Yoast SEO plugin. -->","yoast_head_json":{"title":"Il bilancio rettificativo e le misure volte ad aiutare gli imprenditori e i cittadini legate alla pandemia di coronavirus - Citt\u00e0 di Fiume","robots":{"index":"index","follow":"follow","max-snippet":"max-snippet:-1","max-image-preview":"max-image-preview:large","max-video-preview":"max-video-preview:-1"},"canonical":"https:\/\/www.rijeka.hr\/it\/il-bilancio-rettificativo-e-le-misure-volte-ad-aiutare-gli-imprenditori-e-cittadini-legate-alla-pandemia-di-coronavirus\/","og_locale":"it_IT","og_type":"article","og_title":"Il bilancio rettificativo e le misure volte ad aiutare gli imprenditori e i cittadini legate alla pandemia di coronavirus - Citt\u00e0 di Fiume","og_description":"Il secondo bilancio rettificativo per il 2020 \u00e8 stato inviato dal collegio del sindaco al Consiglio cittadino per essere discusso e approvato. E stata annunciata la possibilit\u00e0 di introdurre nuove misure di assistenza agli imprenditori e ai cittadini che subiscono l\u2019onere della pandemia di coronavirus.","og_url":"https:\/\/www.rijeka.hr\/it\/il-bilancio-rettificativo-e-le-misure-volte-ad-aiutare-gli-imprenditori-e-cittadini-legate-alla-pandemia-di-coronavirus\/","og_site_name":"Citt\u00e0 di Fiume","article_published_time":"2020-12-09T14:37:02+00:00","article_modified_time":"2021-03-17T10:10:49+00:00","og_image":[{"width":900,"height":600,"url":"https:\/\/www.rijeka.hr\/it\/wp-content\/uploads\/sites\/3\/2020\/12\/72.-gradona\u010delnikov-kolegij-1-900x600.jpg","type":"image\/jpeg"}],"author":"sradovic","twitter_card":"summary_large_image","twitter_misc":{"Written by":"sradovic","Est. reading time":"6 minutes"},"schema":{"@context":"https:\/\/schema.org","@graph":[{"@type":"WebPage","@id":"https:\/\/www.rijeka.hr\/it\/il-bilancio-rettificativo-e-le-misure-volte-ad-aiutare-gli-imprenditori-e-cittadini-legate-alla-pandemia-di-coronavirus\/","url":"https:\/\/www.rijeka.hr\/it\/il-bilancio-rettificativo-e-le-misure-volte-ad-aiutare-gli-imprenditori-e-cittadini-legate-alla-pandemia-di-coronavirus\/","name":"Il bilancio rettificativo e le misure volte ad aiutare gli imprenditori e i cittadini legate alla pandemia di coronavirus - Citt\u00e0 di Fiume","isPartOf":{"@id":"https:\/\/www.rijeka.hr\/it\/#website"},"primaryImageOfPage":{"@id":"https:\/\/www.rijeka.hr\/it\/il-bilancio-rettificativo-e-le-misure-volte-ad-aiutare-gli-imprenditori-e-cittadini-legate-alla-pandemia-di-coronavirus\/#primaryimage"},"image":{"@id":"https:\/\/www.rijeka.hr\/it\/il-bilancio-rettificativo-e-le-misure-volte-ad-aiutare-gli-imprenditori-e-cittadini-legate-alla-pandemia-di-coronavirus\/#primaryimage"},"thumbnailUrl":"https:\/\/www.rijeka.hr\/it\/wp-content\/uploads\/sites\/3\/2020\/12\/72.-gradona\u010delnikov-kolegij-1-900x600.jpg","datePublished":"2020-12-09T14:37:02+00:00","dateModified":"2021-03-17T10:10:49+00:00","author":{"@id":"https:\/\/www.rijeka.hr\/it\/#\/schema\/person\/f944eacc70b6a69bc142d9389862b37b"},"breadcrumb":{"@id":"https:\/\/www.rijeka.hr\/it\/il-bilancio-rettificativo-e-le-misure-volte-ad-aiutare-gli-imprenditori-e-cittadini-legate-alla-pandemia-di-coronavirus\/#breadcrumb"},"inLanguage":"it-IT","potentialAction":[{"@type":"ReadAction","target":["https:\/\/www.rijeka.hr\/it\/il-bilancio-rettificativo-e-le-misure-volte-ad-aiutare-gli-imprenditori-e-cittadini-legate-alla-pandemia-di-coronavirus\/"]}]},{"@type":"ImageObject","inLanguage":"it-IT","@id":"https:\/\/www.rijeka.hr\/it\/il-bilancio-rettificativo-e-le-misure-volte-ad-aiutare-gli-imprenditori-e-cittadini-legate-alla-pandemia-di-coronavirus\/#primaryimage","url":"https:\/\/www.rijeka.hr\/it\/wp-content\/uploads\/sites\/3\/2020\/12\/72.-gradona\u010delnikov-kolegij-1-900x600.jpg","contentUrl":"https:\/\/www.rijeka.hr\/it\/wp-content\/uploads\/sites\/3\/2020\/12\/72.-gradona\u010delnikov-kolegij-1-900x600.jpg","width":900,"height":600},{"@type":"BreadcrumbList","@id":"https:\/\/www.rijeka.hr\/it\/il-bilancio-rettificativo-e-le-misure-volte-ad-aiutare-gli-imprenditori-e-cittadini-legate-alla-pandemia-di-coronavirus\/#breadcrumb","itemListElement":[{"@type":"ListItem","position":1,"name":"Po\u010detna stranica","item":"https:\/\/www.rijeka.hr\/it\/"},{"@type":"ListItem","position":2,"name":"Il bilancio rettificativo e le misure volte ad aiutare gli imprenditori e i cittadini legate alla pandemia di coronavirus"}]},{"@type":"WebSite","@id":"https:\/\/www.rijeka.hr\/it\/#website","url":"https:\/\/www.rijeka.hr\/it\/","name":"Citt\u00e0 di Fiume","description":"Portale web della Citta&#039; di Fiume","potentialAction":[{"@type":"SearchAction","target":{"@type":"EntryPoint","urlTemplate":"https:\/\/www.rijeka.hr\/it\/?s={search_term_string}"},"query-input":{"@type":"PropertyValueSpecification","valueRequired":true,"valueName":"search_term_string"}}],"inLanguage":"it-IT"},{"@type":"Person","@id":"https:\/\/www.rijeka.hr\/it\/#\/schema\/person\/f944eacc70b6a69bc142d9389862b37b","name":"sradovic","image":{"@type":"ImageObject","inLanguage":"it-IT","@id":"https:\/\/www.rijeka.hr\/it\/#\/schema\/person\/image\/","url":"https:\/\/secure.gravatar.com\/avatar\/d438b95983d528813c6fe2e5812a4188?s=96&d=mm&r=g","contentUrl":"https:\/\/secure.gravatar.com\/avatar\/d438b95983d528813c6fe2e5812a4188?s=96&d=mm&r=g","caption":"sradovic"},"url":"https:\/\/www.rijeka.hr\/it\/author\/sradovic\/"}]}},"_links":{"self":[{"href":"https:\/\/www.rijeka.hr\/it\/wp-json\/wp\/v2\/posts\/11845","targetHints":{"allow":["GET"]}}],"collection":[{"href":"https:\/\/www.rijeka.hr\/it\/wp-json\/wp\/v2\/posts"}],"about":[{"href":"https:\/\/www.rijeka.hr\/it\/wp-json\/wp\/v2\/types\/post"}],"author":[{"embeddable":true,"href":"https:\/\/www.rijeka.hr\/it\/wp-json\/wp\/v2\/users\/8"}],"replies":[{"embeddable":true,"href":"https:\/\/www.rijeka.hr\/it\/wp-json\/wp\/v2\/comments?post=11845"}],"version-history":[{"count":3,"href":"https:\/\/www.rijeka.hr\/it\/wp-json\/wp\/v2\/posts\/11845\/revisions"}],"predecessor-version":[{"id":12663,"href":"https:\/\/www.rijeka.hr\/it\/wp-json\/wp\/v2\/posts\/11845\/revisions\/12663"}],"wp:featuredmedia":[{"embeddable":true,"href":"https:\/\/www.rijeka.hr\/it\/wp-json\/wp\/v2\/media\/11848"}],"wp:attachment":[{"href":"https:\/\/www.rijeka.hr\/it\/wp-json\/wp\/v2\/media?parent=11845"}],"wp:term":[{"taxonomy":"category","embeddable":true,"href":"https:\/\/www.rijeka.hr\/it\/wp-json\/wp\/v2\/categories?post=11845"},{"taxonomy":"post_tag","embeddable":true,"href":"https:\/\/www.rijeka.hr\/it\/wp-json\/wp\/v2\/tags?post=11845"}],"curies":[{"name":"wp","href":"https:\/\/api.w.org\/{rel}","templated":true}]}}