{"id":12069,"date":"2021-01-11T10:22:13","date_gmt":"2021-01-11T09:22:13","guid":{"rendered":"https:\/\/www.rijeka.hr\/it\/?p=12069"},"modified":"2021-12-21T10:03:20","modified_gmt":"2021-12-21T09:03:20","slug":"dall11-al-15-gennaio-2021-liscrizione-al-programma-prescolare-obbligatorio","status":"publish","type":"post","link":"https:\/\/www.rijeka.hr\/it\/dall11-al-15-gennaio-2021-liscrizione-al-programma-prescolare-obbligatorio\/","title":{"rendered":"Dall&#8217;11 al 15 gennaio 2021, l&#8217;iscrizione al programma prescolare obbligatorio"},"content":{"rendered":"<p><img loading=\"lazy\" decoding=\"async\" width=\"900\" height=\"600\" class=\"aligncenter wp-image-12072 size-full\" src=\"https:\/\/www.rijeka.hr\/it\/wp-content\/uploads\/sites\/3\/2021\/01\/untitled.png\" alt=\"\" srcset=\"https:\/\/www.rijeka.hr\/it\/wp-content\/uploads\/sites\/3\/2021\/01\/untitled.png 900w, https:\/\/www.rijeka.hr\/it\/wp-content\/uploads\/sites\/3\/2021\/01\/untitled-600x400.png 600w, https:\/\/www.rijeka.hr\/it\/wp-content\/uploads\/sites\/3\/2021\/01\/untitled-768x512.png 768w\" sizes=\"(max-width: 900px) 100vw, 900px\" \/><\/p>\n<p>Dall&#8217;11 al 15 gennaio 2021, le scuole dell\u2019infanzia Rijeka, More e Su\u0161ak riceveranno domande di iscrizione al programma prescolare obbligatorio per l\u2019anno pedagogico 2020\/2021.<\/p>\n<p>Se il bambino non ha frequentato sistematicamente la scuola dell\u2019infanzia fino all&#8217;et\u00e0 di sei anni, deve iscriversi al programma prescolare un anno prima dell\u2019inizio della scuola e, attraverso quel programma, si preparer\u00e0 per la scuola e adempir\u00e0 agli obblighi scolastici tra i suoi coetanei.<\/p>\n<p>L\u2019iscrizione al Programma prescolare \u00e8 obbligatoria per bambini nell&#8217;anno prima dell&#8217;inizio della scuola elementare, in questo caso i bambini nati fino al 31 marzo 2015. I bambini appartenenti alla minoranza nazionale Rom e quelli la cui lingua materna non \u00e8 il croato, possono essere inclusi nel Programma prescolare due anni prima dell\u2019inizio della scuola elementare.<\/p>\n<p>Il programma prescolare viene implementato dalle seguenti succursali operanti all&#8217;interno delle scuole dell\u2019infanzia Rijeka, Su\u0161ak e More:<\/p>\n<table width=\"0\">\n<tbody>\n<tr>\n<td colspan=\"4\" width=\"682\"><strong><a href=\"http:\/\/www.rivrtici.hr\/\">SCUOLA DELL\u2019INFANZIA RIJEKA<\/a><\/strong><\/td>\n<\/tr>\n<tr>\n<td width=\"170\">Centro<\/td>\n<td width=\"170\">Succursale<\/td>\n<td width=\"171\">Indirizzo<\/td>\n<td width=\"171\">Telefono<\/td>\n<\/tr>\n<tr>\n<td width=\"170\"><strong>Maestral<\/strong><\/td>\n<td width=\"170\"><strong>Maestral<\/strong><\/td>\n<td width=\"171\">Kozala 47\/a<\/td>\n<td width=\"171\"><u><a href=\"tel:\/\/+385%2051%20514%20395\">514-395<\/a><\/u><\/td>\n<\/tr>\n<tr>\n<td width=\"170\"><strong>Potok<\/strong><\/td>\n<td width=\"170\"><strong>Potok<\/strong><\/td>\n<td width=\"171\">Josipa Zavr\u0161nika 3<\/td>\n<td width=\"171\"><u><a href=\"tel:\/\/+385%2051%20211201\">211-201<\/a><\/u><\/td>\n<\/tr>\n<tr>\n<td width=\"170\"><strong>Turni\u0107<\/strong><\/td>\n<td width=\"170\"><strong>Mavrica<\/strong><\/td>\n<td width=\"171\">Mihovili\u0107i 33<\/td>\n<td width=\"171\"><u><a href=\"tel:\/\/+385%2051%20445%20431\">445-431<\/a><\/u><\/td>\n<\/tr>\n<tr>\n<td width=\"170\"><strong>Zamet<\/strong><\/td>\n<td width=\"170\"><strong>Zamet<\/strong><\/td>\n<td width=\"171\">Bo\u017ee Vidasa 12\/a<\/td>\n<td width=\"171\"><u><a href=\"tel:\/\/+385%2051%20261%20588\">261-588<\/a><\/u><\/td>\n<\/tr>\n<\/tbody>\n<\/table>\n<p>&nbsp;<\/p>\n<table width=\"0\">\n<tbody>\n<tr>\n<td colspan=\"3\" width=\"682\"><strong><a href=\"http:\/\/susak.rivrtici.hr\/\">SCUOLA DELL\u2019INFANZIA SU\u0160AK<\/a><\/strong><\/td>\n<\/tr>\n<tr>\n<td width=\"227\">Succursale<\/td>\n<td width=\"227\">Indirizzo<\/td>\n<td width=\"228\">Telefono<\/td>\n<\/tr>\n<tr>\n<td width=\"227\"><strong>Mor\u010di\u0107<\/strong><\/td>\n<td width=\"227\">Bra\u0107e Stip\u010di\u0107 32<\/td>\n<td width=\"228\"><u><a href=\"tel:\/\/+385%2051%20499%20021\">499-021<\/a><\/u><\/td>\n<\/tr>\n<\/tbody>\n<\/table>\n<p>&nbsp;<\/p>\n<table width=\"0\">\n<tbody>\n<tr>\n<td colspan=\"3\" width=\"682\"><strong><a href=\"https:\/\/more.rivrtici.hr\/\">SCUOLA DELL\u2019INFANZIA MORE<\/a><\/strong><\/td>\n<\/tr>\n<tr>\n<td width=\"227\">Succursale<\/td>\n<td width=\"227\">Indirizzo<\/td>\n<td width=\"228\">Telefono<\/td>\n<\/tr>\n<tr>\n<td width=\"227\"><strong>\u0110ur\u0111ice<\/strong><\/td>\n<td width=\"227\">Marohni\u0107eva 12<\/td>\n<td width=\"228\"><u><a href=\"tel:\/\/+385%2051%20554%20973\">554-973<\/a><\/u><\/td>\n<\/tr>\n<\/tbody>\n<\/table>\n<h2>Notifiche a mezzo di posta elettronica<\/h2>\n<p>Le domande di iscrizione vengono presentate a mezzo di posta elettronica pubblicata sul sito web della scuola dell\u2019infanzia selezionata e le domande vengono accolte per posta soltanto per casi eccezionali.<\/p>\n<p>Gli ulteriori dettagli sulla procedura di iscrizione e la documentazione necessaria sono disponibili sul sito web della scuola dell\u2019infanzia o per telefono:<\/p>\n<ul>\n<li>Scuola dell\u2019infanzia Rijeka, tel: 209-945<\/li>\n<li>Scuola dell\u2019infanzia, More tel: 554-973<\/li>\n<li>Scuola dell\u2019infanzia, Su\u0161ak tel: 499-021<\/li>\n<\/ul>\n<p>La durata della scuola prescolare \u00e8 dal 1\u00b0 febbraio al 31 maggio<\/p>\n<h2>Il programma prescolare inizia il 1\u00b0 febbraio e dura fino al 31 maggio 2021, per un totale di 250 ore.<\/h2>\n<p>Le competenze che il bambino acquisir\u00e0 e \/ o migliorer\u00e0 riguardano la comunicazione nella lingua materna, la comunicazione di base in una delle lingue straniere, le competenze matematiche e le competenze di base in scienza e tecnologia, le competenze digitali, apprendere come apprendere, le competenze sociali e civiche, lo spirito d\u2019iniziativa, la consapevolezza culturale e l\u2019espressione e le competenze motorie adeguata all&#8217;et\u00e0.<\/p>\n","protected":false},"excerpt":{"rendered":"<p>Dall&#8217;11 al 15 gennaio 2021, le scuole dell\u2019infanzia Rijeka, More e Su\u0161ak riceveranno domande di iscrizione al programma prescolare obbligatorio per l\u2019anno pedagogico 2020\/2021. Se il bambino non ha frequentato sistematicamente la scuola dell\u2019infanzia fino all&#8217;et\u00e0 di sei anni, deve iscriversi al programma prescolare un anno prima dell\u2019inizio della scuola e, attraverso quel programma, si&#8230;<\/p>\n","protected":false},"author":8,"featured_media":0,"comment_status":"open","ping_status":"open","sticky":false,"template":"","format":"standard","meta":{"_acf_changed":false,"_trash_the_other_posts":false,"footnotes":"","_links_to":"","_links_to_target":""},"categories":[976],"tags":[1005,1003,1004],"class_list":["post-12069","post","type-post","status-publish","format-standard","hentry","category-articoli","tag-iscrizione","tag-programma-prescolare-obbligatorio","tag-scuole-dellinfanzia"],"acf":[],"yoast_head":"<!-- This site is optimized with the Yoast SEO plugin v24.4 - https:\/\/yoast.com\/wordpress\/plugins\/seo\/ -->\n<title>Dall&#039;11 al 15 gennaio 2021, l&#039;iscrizione al programma prescolare obbligatorio - Citt\u00e0 di Fiume<\/title>\n<meta name=\"robots\" content=\"index, follow, max-snippet:-1, max-image-preview:large, max-video-preview:-1\" \/>\n<link rel=\"canonical\" href=\"https:\/\/www.rijeka.hr\/it\/dall11-al-15-gennaio-2021-liscrizione-al-programma-prescolare-obbligatorio\/\" \/>\n<meta property=\"og:locale\" content=\"it_IT\" \/>\n<meta property=\"og:type\" content=\"article\" \/>\n<meta property=\"og:title\" content=\"Dall&#039;11 al 15 gennaio 2021, l&#039;iscrizione al programma prescolare obbligatorio - Citt\u00e0 di Fiume\" \/>\n<meta property=\"og:description\" content=\"Dall&#8217;11 al 15 gennaio 2021, le scuole dell\u2019infanzia Rijeka, More e Su\u0161ak riceveranno domande di iscrizione al programma prescolare obbligatorio per l\u2019anno pedagogico 2020\/2021. Se il bambino non ha frequentato sistematicamente la scuola dell\u2019infanzia fino all&#8217;et\u00e0 di sei anni, deve iscriversi al programma prescolare un anno prima dell\u2019inizio della scuola e, attraverso quel programma, si...\" \/>\n<meta property=\"og:url\" content=\"https:\/\/www.rijeka.hr\/it\/dall11-al-15-gennaio-2021-liscrizione-al-programma-prescolare-obbligatorio\/\" \/>\n<meta property=\"og:site_name\" content=\"Citt\u00e0 di Fiume\" \/>\n<meta property=\"article:published_time\" content=\"2021-01-11T09:22:13+00:00\" \/>\n<meta property=\"article:modified_time\" content=\"2021-12-21T09:03:20+00:00\" \/>\n<meta property=\"og:image\" content=\"https:\/\/www.rijeka.hr\/it\/wp-content\/uploads\/sites\/3\/2021\/01\/untitled.png\" \/>\n<meta name=\"author\" content=\"sradovic\" \/>\n<meta name=\"twitter:card\" content=\"summary_large_image\" \/>\n<meta name=\"twitter:label1\" content=\"Written by\" \/>\n\t<meta name=\"twitter:data1\" content=\"sradovic\" \/>\n\t<meta name=\"twitter:label2\" content=\"Est. reading time\" \/>\n\t<meta name=\"twitter:data2\" content=\"2 minutes\" \/>\n<script type=\"application\/ld+json\" class=\"yoast-schema-graph\">{\"@context\":\"https:\/\/schema.org\",\"@graph\":[{\"@type\":\"WebPage\",\"@id\":\"https:\/\/www.rijeka.hr\/it\/dall11-al-15-gennaio-2021-liscrizione-al-programma-prescolare-obbligatorio\/\",\"url\":\"https:\/\/www.rijeka.hr\/it\/dall11-al-15-gennaio-2021-liscrizione-al-programma-prescolare-obbligatorio\/\",\"name\":\"Dall'11 al 15 gennaio 2021, l'iscrizione al programma prescolare obbligatorio - Citt\u00e0 di Fiume\",\"isPartOf\":{\"@id\":\"https:\/\/www.rijeka.hr\/it\/#website\"},\"primaryImageOfPage\":{\"@id\":\"https:\/\/www.rijeka.hr\/it\/dall11-al-15-gennaio-2021-liscrizione-al-programma-prescolare-obbligatorio\/#primaryimage\"},\"image\":{\"@id\":\"https:\/\/www.rijeka.hr\/it\/dall11-al-15-gennaio-2021-liscrizione-al-programma-prescolare-obbligatorio\/#primaryimage\"},\"thumbnailUrl\":\"https:\/\/www.rijeka.hr\/it\/wp-content\/uploads\/sites\/3\/2021\/01\/untitled.png\",\"datePublished\":\"2021-01-11T09:22:13+00:00\",\"dateModified\":\"2021-12-21T09:03:20+00:00\",\"author\":{\"@id\":\"https:\/\/www.rijeka.hr\/it\/#\/schema\/person\/f944eacc70b6a69bc142d9389862b37b\"},\"breadcrumb\":{\"@id\":\"https:\/\/www.rijeka.hr\/it\/dall11-al-15-gennaio-2021-liscrizione-al-programma-prescolare-obbligatorio\/#breadcrumb\"},\"inLanguage\":\"it-IT\",\"potentialAction\":[{\"@type\":\"ReadAction\",\"target\":[\"https:\/\/www.rijeka.hr\/it\/dall11-al-15-gennaio-2021-liscrizione-al-programma-prescolare-obbligatorio\/\"]}]},{\"@type\":\"ImageObject\",\"inLanguage\":\"it-IT\",\"@id\":\"https:\/\/www.rijeka.hr\/it\/dall11-al-15-gennaio-2021-liscrizione-al-programma-prescolare-obbligatorio\/#primaryimage\",\"url\":\"https:\/\/www.rijeka.hr\/it\/wp-content\/uploads\/sites\/3\/2021\/01\/untitled.png\",\"contentUrl\":\"https:\/\/www.rijeka.hr\/it\/wp-content\/uploads\/sites\/3\/2021\/01\/untitled.png\",\"width\":900,\"height\":600},{\"@type\":\"BreadcrumbList\",\"@id\":\"https:\/\/www.rijeka.hr\/it\/dall11-al-15-gennaio-2021-liscrizione-al-programma-prescolare-obbligatorio\/#breadcrumb\",\"itemListElement\":[{\"@type\":\"ListItem\",\"position\":1,\"name\":\"Po\u010detna stranica\",\"item\":\"https:\/\/www.rijeka.hr\/it\/\"},{\"@type\":\"ListItem\",\"position\":2,\"name\":\"Dall&#8217;11 al 15 gennaio 2021, l&#8217;iscrizione al programma prescolare obbligatorio\"}]},{\"@type\":\"WebSite\",\"@id\":\"https:\/\/www.rijeka.hr\/it\/#website\",\"url\":\"https:\/\/www.rijeka.hr\/it\/\",\"name\":\"Citt\u00e0 di Fiume\",\"description\":\"Portale web della Citta&#039; di Fiume\",\"potentialAction\":[{\"@type\":\"SearchAction\",\"target\":{\"@type\":\"EntryPoint\",\"urlTemplate\":\"https:\/\/www.rijeka.hr\/it\/?s={search_term_string}\"},\"query-input\":{\"@type\":\"PropertyValueSpecification\",\"valueRequired\":true,\"valueName\":\"search_term_string\"}}],\"inLanguage\":\"it-IT\"},{\"@type\":\"Person\",\"@id\":\"https:\/\/www.rijeka.hr\/it\/#\/schema\/person\/f944eacc70b6a69bc142d9389862b37b\",\"name\":\"sradovic\",\"image\":{\"@type\":\"ImageObject\",\"inLanguage\":\"it-IT\",\"@id\":\"https:\/\/www.rijeka.hr\/it\/#\/schema\/person\/image\/\",\"url\":\"https:\/\/secure.gravatar.com\/avatar\/d438b95983d528813c6fe2e5812a4188?s=96&d=mm&r=g\",\"contentUrl\":\"https:\/\/secure.gravatar.com\/avatar\/d438b95983d528813c6fe2e5812a4188?s=96&d=mm&r=g\",\"caption\":\"sradovic\"},\"url\":\"https:\/\/www.rijeka.hr\/it\/author\/sradovic\/\"}]}<\/script>\n<!-- \/ Yoast SEO plugin. -->","yoast_head_json":{"title":"Dall'11 al 15 gennaio 2021, l'iscrizione al programma prescolare obbligatorio - Citt\u00e0 di Fiume","robots":{"index":"index","follow":"follow","max-snippet":"max-snippet:-1","max-image-preview":"max-image-preview:large","max-video-preview":"max-video-preview:-1"},"canonical":"https:\/\/www.rijeka.hr\/it\/dall11-al-15-gennaio-2021-liscrizione-al-programma-prescolare-obbligatorio\/","og_locale":"it_IT","og_type":"article","og_title":"Dall'11 al 15 gennaio 2021, l'iscrizione al programma prescolare obbligatorio - Citt\u00e0 di Fiume","og_description":"Dall&#8217;11 al 15 gennaio 2021, le scuole dell\u2019infanzia Rijeka, More e Su\u0161ak riceveranno domande di iscrizione al programma prescolare obbligatorio per l\u2019anno pedagogico 2020\/2021. Se il bambino non ha frequentato sistematicamente la scuola dell\u2019infanzia fino all&#8217;et\u00e0 di sei anni, deve iscriversi al programma prescolare un anno prima dell\u2019inizio della scuola e, attraverso quel programma, si...","og_url":"https:\/\/www.rijeka.hr\/it\/dall11-al-15-gennaio-2021-liscrizione-al-programma-prescolare-obbligatorio\/","og_site_name":"Citt\u00e0 di Fiume","article_published_time":"2021-01-11T09:22:13+00:00","article_modified_time":"2021-12-21T09:03:20+00:00","og_image":[{"url":"https:\/\/www.rijeka.hr\/it\/wp-content\/uploads\/sites\/3\/2021\/01\/untitled.png","type":"","width":"","height":""}],"author":"sradovic","twitter_card":"summary_large_image","twitter_misc":{"Written by":"sradovic","Est. reading time":"2 minutes"},"schema":{"@context":"https:\/\/schema.org","@graph":[{"@type":"WebPage","@id":"https:\/\/www.rijeka.hr\/it\/dall11-al-15-gennaio-2021-liscrizione-al-programma-prescolare-obbligatorio\/","url":"https:\/\/www.rijeka.hr\/it\/dall11-al-15-gennaio-2021-liscrizione-al-programma-prescolare-obbligatorio\/","name":"Dall'11 al 15 gennaio 2021, l'iscrizione al programma prescolare obbligatorio - Citt\u00e0 di Fiume","isPartOf":{"@id":"https:\/\/www.rijeka.hr\/it\/#website"},"primaryImageOfPage":{"@id":"https:\/\/www.rijeka.hr\/it\/dall11-al-15-gennaio-2021-liscrizione-al-programma-prescolare-obbligatorio\/#primaryimage"},"image":{"@id":"https:\/\/www.rijeka.hr\/it\/dall11-al-15-gennaio-2021-liscrizione-al-programma-prescolare-obbligatorio\/#primaryimage"},"thumbnailUrl":"https:\/\/www.rijeka.hr\/it\/wp-content\/uploads\/sites\/3\/2021\/01\/untitled.png","datePublished":"2021-01-11T09:22:13+00:00","dateModified":"2021-12-21T09:03:20+00:00","author":{"@id":"https:\/\/www.rijeka.hr\/it\/#\/schema\/person\/f944eacc70b6a69bc142d9389862b37b"},"breadcrumb":{"@id":"https:\/\/www.rijeka.hr\/it\/dall11-al-15-gennaio-2021-liscrizione-al-programma-prescolare-obbligatorio\/#breadcrumb"},"inLanguage":"it-IT","potentialAction":[{"@type":"ReadAction","target":["https:\/\/www.rijeka.hr\/it\/dall11-al-15-gennaio-2021-liscrizione-al-programma-prescolare-obbligatorio\/"]}]},{"@type":"ImageObject","inLanguage":"it-IT","@id":"https:\/\/www.rijeka.hr\/it\/dall11-al-15-gennaio-2021-liscrizione-al-programma-prescolare-obbligatorio\/#primaryimage","url":"https:\/\/www.rijeka.hr\/it\/wp-content\/uploads\/sites\/3\/2021\/01\/untitled.png","contentUrl":"https:\/\/www.rijeka.hr\/it\/wp-content\/uploads\/sites\/3\/2021\/01\/untitled.png","width":900,"height":600},{"@type":"BreadcrumbList","@id":"https:\/\/www.rijeka.hr\/it\/dall11-al-15-gennaio-2021-liscrizione-al-programma-prescolare-obbligatorio\/#breadcrumb","itemListElement":[{"@type":"ListItem","position":1,"name":"Po\u010detna stranica","item":"https:\/\/www.rijeka.hr\/it\/"},{"@type":"ListItem","position":2,"name":"Dall&#8217;11 al 15 gennaio 2021, l&#8217;iscrizione al programma prescolare obbligatorio"}]},{"@type":"WebSite","@id":"https:\/\/www.rijeka.hr\/it\/#website","url":"https:\/\/www.rijeka.hr\/it\/","name":"Citt\u00e0 di Fiume","description":"Portale web della Citta&#039; di Fiume","potentialAction":[{"@type":"SearchAction","target":{"@type":"EntryPoint","urlTemplate":"https:\/\/www.rijeka.hr\/it\/?s={search_term_string}"},"query-input":{"@type":"PropertyValueSpecification","valueRequired":true,"valueName":"search_term_string"}}],"inLanguage":"it-IT"},{"@type":"Person","@id":"https:\/\/www.rijeka.hr\/it\/#\/schema\/person\/f944eacc70b6a69bc142d9389862b37b","name":"sradovic","image":{"@type":"ImageObject","inLanguage":"it-IT","@id":"https:\/\/www.rijeka.hr\/it\/#\/schema\/person\/image\/","url":"https:\/\/secure.gravatar.com\/avatar\/d438b95983d528813c6fe2e5812a4188?s=96&d=mm&r=g","contentUrl":"https:\/\/secure.gravatar.com\/avatar\/d438b95983d528813c6fe2e5812a4188?s=96&d=mm&r=g","caption":"sradovic"},"url":"https:\/\/www.rijeka.hr\/it\/author\/sradovic\/"}]}},"_links":{"self":[{"href":"https:\/\/www.rijeka.hr\/it\/wp-json\/wp\/v2\/posts\/12069","targetHints":{"allow":["GET"]}}],"collection":[{"href":"https:\/\/www.rijeka.hr\/it\/wp-json\/wp\/v2\/posts"}],"about":[{"href":"https:\/\/www.rijeka.hr\/it\/wp-json\/wp\/v2\/types\/post"}],"author":[{"embeddable":true,"href":"https:\/\/www.rijeka.hr\/it\/wp-json\/wp\/v2\/users\/8"}],"replies":[{"embeddable":true,"href":"https:\/\/www.rijeka.hr\/it\/wp-json\/wp\/v2\/comments?post=12069"}],"version-history":[{"count":3,"href":"https:\/\/www.rijeka.hr\/it\/wp-json\/wp\/v2\/posts\/12069\/revisions"}],"predecessor-version":[{"id":13974,"href":"https:\/\/www.rijeka.hr\/it\/wp-json\/wp\/v2\/posts\/12069\/revisions\/13974"}],"wp:attachment":[{"href":"https:\/\/www.rijeka.hr\/it\/wp-json\/wp\/v2\/media?parent=12069"}],"wp:term":[{"taxonomy":"category","embeddable":true,"href":"https:\/\/www.rijeka.hr\/it\/wp-json\/wp\/v2\/categories?post=12069"},{"taxonomy":"post_tag","embeddable":true,"href":"https:\/\/www.rijeka.hr\/it\/wp-json\/wp\/v2\/tags?post=12069"}],"curies":[{"name":"wp","href":"https:\/\/api.w.org\/{rel}","templated":true}]}}