{"id":12565,"date":"2021-03-02T14:44:48","date_gmt":"2021-03-02T13:44:48","guid":{"rendered":"https:\/\/www.rijeka.hr\/it\/?p=12565"},"modified":"2021-03-10T09:20:27","modified_gmt":"2021-03-10T08:20:27","slug":"dal-mese-di-novembre-2020-la-citta-di-fiume-ha-rinunciato-36-milioni-di-kune-favore-degli-imprenditori","status":"publish","type":"post","link":"https:\/\/www.rijeka.hr\/it\/dal-mese-di-novembre-2020-la-citta-di-fiume-ha-rinunciato-36-milioni-di-kune-favore-degli-imprenditori\/","title":{"rendered":"Dal mese di novembre 2020, la Citt\u00e0 di Fiume ha rinunciato a 3,6 milioni di kune a favore degli imprenditori"},"content":{"rendered":"<p>Nel mese di novembre 2020, dopo che il Comando nazionale della protezione civile aveva limitato il raduno dei cittadini per prevenire la diffusione della pandemia di coronavirus, la Citt\u00e0 di Fiume ha riattivato le misure volte ad aiutare gli imprenditori cui era vietato di lavorare o con i redditi diminuiti di oltre il 40% rispetto allo stesso periodo dell&#8217;anno scorso. Cos\u00ec, nel periodo novembre-gennaio, la Citt\u00e0 di Fiume ha rinunciato a poco pi\u00f9 di due milioni di kune a favore degli imprenditori a titolo dell&#8217;affitto dei vani d\u2019affari cittadini, mentre da novembre a fine marzo di quest&#8217;anno il bilancio guadagner\u00e0 circa 1,6 milioni di kune in meno in virt\u00f9 del pagamento del canone d\u2019affitto per l\u2019allestimento delle terrazze dei bar e ristoranti nelle aree pubbliche.<\/p>\n<h2>Allestimento gratuito delle terrazze dei bar e ristoranti fino alla fine di marzo<\/h2>\n<p>Il sindaco ha preso una nuova conclusione secondo la quale gli affittuari delle aree pubbliche sono esonerati dal pagamento del canone per l&#8217;allestimento delle terrazze dei bar e ristoranti fino alla fine di marzo, sebbene da ieri sia stato nuovamente consentito il lavoro delle terrazze delle strutture di ristorazione. \u00c8 ancora valida la misura temporanea, introdotta nel mese di maggio dello scorso anno, che consente alle strutture di ristorazione di ampliare le terrazze nelle aree pubbliche, senza pagamento aggiuntivo, nei luoghi dove tecnicamente \u00e8 possibile farlo.<\/p>\n<p>Inoltre, da gennaio, il Citt\u00e0 di Fiume ha approvato una riduzione del canone d\u2019affitto del 30% alle associazioni la cui attivit\u00e0 risente della situazione legata alla pandemia di coronavirus, e che operano nei vani d\u2019affari cittadini.<\/p>\n<p>Da gennaio, la Citt\u00e0 di Fiume invia regolarmente le bollette affitto a tutti gli imprenditori, in modo che possano ricevere sussidi statali in base ad esse.<\/p>\n<p>\u00c8 da rilevare che per agevolare il piano vaccinale la Citt\u00e0 di Fiume ha messo a disposizione dell\u2019Istituto regionale di salute pubblica la sala del Centro Zamet, e se necessario, metter\u00e0 a disposizione ulteriori spazi.<\/p>\n<h2>Gli sgravi fiscali per i cittadini vengono effettuati a scapito dei bilanci locali delle citt\u00e0<\/h2>\n<p>Oltre alla pandemia di coronavirus, un ulteriore colpo al bilancio cittadino \u00e8 un nuovo ciclo di riforma fiscale. Vale a dire, a seguito degli sgravi fiscali per i giovani, solo nel 2021 nel bilancio cittadino verranno a mancare circa 20 milioni di kune a titolo dell&#8217;imposta sul reddito.<\/p>\n<p>&#8220;Ancora una volta, continua la pratica di attuare la riforma fiscale a scapito delle entrate dell&#8217;autogoverno locale. Non ho nulla contro le riforme, ma in quel caso il governo avrebbe dovuto prevedere alcune misure compensative, che compenseranno le perdite delle unit\u00e0 di autogoverno locale.<\/p>\n<h2>Nella seduta del Consiglio di Sorveglianza dell\u2019Ekoplus si \u00e8 discussa la riduzione del prezzo per il servizio di trasporto dei rifiuti ingombranti<\/h2>\n<p>La scorsa settimana il sindaco ha approvato il nuovo listino prezzi della municipalizzata \u010cisto\u0107a, che ridurr\u00e0 le bollette mensili dei cittadini di Fiume in media del 9%. Le bollette ridotte sono il risultato del fatto che la municipalizzata \u010cisto\u0107a ha firmato il contratto con un\u2019azienda privata per uno smaltimento dei rifiuti ingombranti pi\u00f9 economico rispetto al prezzo offerto dall\u2019Ekoplus, azienda che gestisce il Centro regionale per la gestione dei rifiuti Mari\u0161\u0107ina.<\/p>\n<p>&#8220;Ma devo anche annunciare che oggi \u00e8 la seduta del Consiglio di Sorveglianza dell\u2019Ekoplus, in cui ordine del giorno \u00e8 inserita la riduzione del prezzo dei rifiuti ingombranti da parte dell\u2019Ekoplus. Ci\u00f2 significa che la \u010cisto\u0107a continuer\u00e0 a utilizzare i servizi dell\u2019Ekoplus, ma con un prezzo ridotto che l\u2019Ekoplus fatturer\u00e0 alla \u010cisto\u0107a, e poi \u010cisto\u0107a agli utenti dei suoi servizi, cio\u00e8 i cittadini &#8220;, ha annunciato il sindaco Obersnel.<\/p>\n<h2>Finora, 800 utenti del web shop Rijeka CityCard<\/h2>\n<p>A met\u00e0 febbraio \u00e8 stato presentato il web shop, un nuovo progetto per la digitalizzazione della tessera cittadina RCC Torpedo, ovvero la digitalizzazione dei processi e dei servizi di pagamento utilizzati dai cittadini.<\/p>\n<p>I primi due servizi elettronici a disposizione dei cittadini attraverso il web shop Rijeka CityCard sono la registrazione dei diritti mensili, ovvero il rinnovo degli abbonamenti mensili per gli utenti dell\u2019Autotrolej e l&#8217;acquisto online delle corse con le bici elettriche.<\/p>\n<p>Entro la met\u00e0 di marzo, si prevede che sar\u00e0 consentito l&#8217;acquisto dei servizi del Rijeka plus, ovvero l&#8217;acquisto del biglietto di parcheggio annuale, mensile e possibilmente settimanale, e questo sistema sar\u00e0 ulteriormente sviluppato con l&#8217;obiettivo finale di sostituire o acquistare una nuova tessera Torpedo completamente online entro settembre.<\/p>\n<p>&#8220;Questo \u00e8 importante per coloro che presentano domanda per la prima volta per il rilascio della tessera, soprattutto per alunni e studenti, che finora hanno dovuto portare fisicamente il certificato d\u2019iscrizione a scuola o all&#8217;universit\u00e0, al fine di estendere il loro abbonamento privilegiato per il trasporto pubblico cittadino. Dopo la registrazione online, gli utenti riceveranno la tessera Torpedo al loro indirizzo di casa, sulla quale potranno poi inserire i propri diritti ogni mese, sia per il trasporto pubblico cittadino che per i parcheggi, il sistema bibliotecario cittadino e altro\u201d, ha detto il sindaco.<\/p>\n<h2>La casa dell\u2019infanzia apre a met\u00e0 marzo<\/h2>\n<p>L&#8217;inaugurazione della Casa dell&#8217;infanzia, progetto unico nella regione rivolto ai bambini, \u00e8 prevista per met\u00e0 marzo, dopo il collaudo tecnico previsto per il 12 marzo. La Casa dell\u2019infanzia ospiter\u00e0 le istituzioni culturali di Fiume e proprio ieri \u00e8 iniziato il trasloco dei materiali della Biblioteca per l\u2019infanzia Stribor nella nuova sede all&#8217;interno del complesso Ben\u010di\u0107.<\/p>\n<p>&#8220;Attualmente stiamo lavorando ad una soluzione progettuale per la riconversione a verde la maggior parte dell&#8217;area e a una specie di parco e, in base alle possibilit\u00e0 tecniche, il torrente che scorre nell&#8217;area rimanga aperto, a ricordo dei tanti torrenti che scorrono in centro citt\u00e0, ha detto il sindaco Obersnel.<\/p>\n<p>Nello spazio dell&#8217;ex fabbrica Ben\u010di\u0107 \u00e8 gi\u00e0 stato inaugurato il Museo di arte moderna e contemporanea e recentemente il Museo civico di Fiume nel ristrutturato Palazzo dello Zuccherificio. Attualmente \u00e8 in corso un intenso lavoro per la sistemazione della futura Biblioteca civica di Fiume e la sistemazione delle aree pubbliche di questo quartiere artistico di Fiume \u00e8 imminente. La ristrutturazione del complesso Ben\u010di\u0107 vale 250 milioni di kune, e quando aggiungiamo i fondi per la ristrutturazione della nave Galeb, che fa parte dello stesso progetto UE come la ristrutturazione del Palazzo dello Zuccherificio, stiamo parlando di un progetto che vale pi\u00f9 di 300 milioni di kune, per lo pi\u00f9 assicurati dai fondi dell&#8217;UE, e rappresentano il pi\u00f9 grande investimento in infrastrutture culturali dall&#8217;indipendenza della Croazia.<\/p>\n<h2>Rigetto delle accuse penali contro persone della societ\u00e0 Rijeka 2020<\/h2>\n<p>Il sindaco ha commentato il rigetto delle accuse penali contro le persone della societ\u00e0 Rijeka 2020, che nella primavera del 2020 la polizia ha denunciato per aver favorito nella procedura di appalto una delle aziende che ha partecipato alla cerimonia di inaugurazione della CEC.<\/p>\n<p>&#8220;Quanto interessante \u00e8 stata la denuncia penale, tanto non era interessante il fatto che la denuncia \u00e8 stata respinta dalla Procura dello Stato, e a noi resta discutere i danni causati all&#8217;intero progetto CEC, la Citt\u00e0 come capofila, e anche a sei dipendenti della Rijeka 2020, che hanno vissuto per nove mesi sotto la pressione di accuse penali. Nella decisione sul rigetto della denuncia penale, \u00e8 particolarmente interessante leggere che la polizia, oltre a tutta la documentazione ufficiale sugli appalti pubblici oggetto della denuncia, ha allegato articoli di giornale alla denuncia penale, quindi se questo \u00e8 il criterio secondo il quale la polizia fa denunce penali allora abbiamo problemi nel sistema&#8221;, ha detto il sindaco Obersnel.<\/p>\n<h2>Un programma interessante entro la fine dell&#8217;anno CEC<\/h2>\n<p>Fino alla fine di aprile, quando terminer\u00e0 il progetto Rijeka &#8211; Capitale europea della cultura, si terranno numerosi programmi interessanti. Sono state annunciate due grandi mostre: &#8220;Klimt sconosciuto&#8221; nel Museo civico e &#8220;La moda e i fumetti&#8221; in collaborazione con partner francesi. Nell&#8217;ambito della direzione Lungomare, verranno aperte sculture a Volosko e Ba\u0161ka e una capsula del tempo sar\u00e0 sepolta nel Campus come parte della direzione 27 vicinati. I programmi si terranno anche presso il TNC Ivan de Zajc e MAMC, e la mostra &#8220;Fiume Fantastika&#8221; sar\u00e0 riaperta nello spazio espositivo dell\u2019Exportdrvo.<\/p>\n<p>Nonostante la pandemia e l&#8217;obbligo di rispettare tutte le misure di protezione, il Palazzo dello Zuccherificio \u00e8 stato visitato da quasi 5.000 visitatori dalla sua apertura a met\u00e0 novembre fino alla scorsa settimana, mentre la mostra 51.000 &#8211; Balthazargrad \u00e8 stata visitata da pi\u00f9 di 10.000 visitatori fino alla chiusura lo scorso fine settimana.<\/p>\n","protected":false},"excerpt":{"rendered":"<p>Nella sua consueta conferenza stampa, il sindaco di Fiume, Vojko Obersnel, ha parlato dell&#8217;impatto delle misure volte ad aiutare gli imprenditori, ma anche dell&#8217;impatto negativo della riforma fiscale sul bilancio cittadino.<\/p>\n","protected":false},"author":8,"featured_media":12573,"comment_status":"open","ping_status":"open","sticky":false,"template":"","format":"standard","meta":{"_acf_changed":false,"_trash_the_other_posts":false,"footnotes":"","_links_to":"","_links_to_target":""},"categories":[503],"tags":[1062,1065,1052,1066,1060,1067,1063,1059,1061,1064],"class_list":["post-12565","post","type-post","status-publish","format-standard","has-post-thumbnail","hentry","category-consueta-conferenza-stampa","tag-consiglio-di-sorveglianza","tag-denuncia-penale","tag-di-smaltimento-dei-rifiuti-ingombranti","tag-klimt-sconosciuto","tag-lallestimento-delle-terrazze","tag-la-moda-e-i-fumetti","tag-rifiuti-ingombranti","tag-riforma-fiscale","tag-sgravi-fiscali","tag-web-shop-rijeka-citycard"],"acf":[],"yoast_head":"<!-- This site is optimized with the Yoast SEO plugin v24.4 - https:\/\/yoast.com\/wordpress\/plugins\/seo\/ -->\n<title>Dal mese di novembre 2020, la Citt\u00e0 di Fiume ha rinunciato a 3,6 milioni di kune a favore degli imprenditori - Citt\u00e0 di Fiume<\/title>\n<meta name=\"robots\" content=\"index, follow, max-snippet:-1, max-image-preview:large, max-video-preview:-1\" \/>\n<link rel=\"canonical\" href=\"https:\/\/www.rijeka.hr\/it\/dal-mese-di-novembre-2020-la-citta-di-fiume-ha-rinunciato-36-milioni-di-kune-favore-degli-imprenditori\/\" \/>\n<meta property=\"og:locale\" content=\"it_IT\" \/>\n<meta property=\"og:type\" content=\"article\" \/>\n<meta property=\"og:title\" content=\"Dal mese di novembre 2020, la Citt\u00e0 di Fiume ha rinunciato a 3,6 milioni di kune a favore degli imprenditori - Citt\u00e0 di Fiume\" \/>\n<meta property=\"og:description\" content=\"Nella sua consueta conferenza stampa, il sindaco di Fiume, Vojko Obersnel, ha parlato dell&#039;impatto delle misure volte ad aiutare gli imprenditori, ma anche dell&#039;impatto negativo della riforma fiscale sul bilancio cittadino.\" \/>\n<meta property=\"og:url\" content=\"https:\/\/www.rijeka.hr\/it\/dal-mese-di-novembre-2020-la-citta-di-fiume-ha-rinunciato-36-milioni-di-kune-favore-degli-imprenditori\/\" \/>\n<meta property=\"og:site_name\" content=\"Citt\u00e0 di Fiume\" \/>\n<meta property=\"article:published_time\" content=\"2021-03-02T13:44:48+00:00\" \/>\n<meta property=\"article:modified_time\" content=\"2021-03-10T08:20:27+00:00\" \/>\n<meta property=\"og:image\" content=\"https:\/\/www.rijeka.hr\/it\/wp-content\/uploads\/sites\/3\/2021\/03\/aRedovna-gradona\u010delnikova-konferencija-za-novinare-o\u017eujak-2021-1-900x600.jpg\" \/>\n\t<meta property=\"og:image:width\" content=\"900\" \/>\n\t<meta property=\"og:image:height\" content=\"600\" \/>\n\t<meta property=\"og:image:type\" content=\"image\/jpeg\" \/>\n<meta name=\"author\" content=\"sradovic\" \/>\n<meta name=\"twitter:card\" content=\"summary_large_image\" \/>\n<meta name=\"twitter:label1\" content=\"Written by\" \/>\n\t<meta name=\"twitter:data1\" content=\"sradovic\" \/>\n\t<meta name=\"twitter:label2\" content=\"Est. reading time\" \/>\n\t<meta name=\"twitter:data2\" content=\"7 minutes\" \/>\n<script type=\"application\/ld+json\" class=\"yoast-schema-graph\">{\"@context\":\"https:\/\/schema.org\",\"@graph\":[{\"@type\":\"WebPage\",\"@id\":\"https:\/\/www.rijeka.hr\/it\/dal-mese-di-novembre-2020-la-citta-di-fiume-ha-rinunciato-36-milioni-di-kune-favore-degli-imprenditori\/\",\"url\":\"https:\/\/www.rijeka.hr\/it\/dal-mese-di-novembre-2020-la-citta-di-fiume-ha-rinunciato-36-milioni-di-kune-favore-degli-imprenditori\/\",\"name\":\"Dal mese di novembre 2020, la Citt\u00e0 di Fiume ha rinunciato a 3,6 milioni di kune a favore degli imprenditori - Citt\u00e0 di Fiume\",\"isPartOf\":{\"@id\":\"https:\/\/www.rijeka.hr\/it\/#website\"},\"primaryImageOfPage\":{\"@id\":\"https:\/\/www.rijeka.hr\/it\/dal-mese-di-novembre-2020-la-citta-di-fiume-ha-rinunciato-36-milioni-di-kune-favore-degli-imprenditori\/#primaryimage\"},\"image\":{\"@id\":\"https:\/\/www.rijeka.hr\/it\/dal-mese-di-novembre-2020-la-citta-di-fiume-ha-rinunciato-36-milioni-di-kune-favore-degli-imprenditori\/#primaryimage\"},\"thumbnailUrl\":\"https:\/\/www.rijeka.hr\/it\/wp-content\/uploads\/sites\/3\/2021\/03\/aRedovna-gradona\u010delnikova-konferencija-za-novinare-o\u017eujak-2021-1-900x600.jpg\",\"datePublished\":\"2021-03-02T13:44:48+00:00\",\"dateModified\":\"2021-03-10T08:20:27+00:00\",\"author\":{\"@id\":\"https:\/\/www.rijeka.hr\/it\/#\/schema\/person\/f944eacc70b6a69bc142d9389862b37b\"},\"breadcrumb\":{\"@id\":\"https:\/\/www.rijeka.hr\/it\/dal-mese-di-novembre-2020-la-citta-di-fiume-ha-rinunciato-36-milioni-di-kune-favore-degli-imprenditori\/#breadcrumb\"},\"inLanguage\":\"it-IT\",\"potentialAction\":[{\"@type\":\"ReadAction\",\"target\":[\"https:\/\/www.rijeka.hr\/it\/dal-mese-di-novembre-2020-la-citta-di-fiume-ha-rinunciato-36-milioni-di-kune-favore-degli-imprenditori\/\"]}]},{\"@type\":\"ImageObject\",\"inLanguage\":\"it-IT\",\"@id\":\"https:\/\/www.rijeka.hr\/it\/dal-mese-di-novembre-2020-la-citta-di-fiume-ha-rinunciato-36-milioni-di-kune-favore-degli-imprenditori\/#primaryimage\",\"url\":\"https:\/\/www.rijeka.hr\/it\/wp-content\/uploads\/sites\/3\/2021\/03\/aRedovna-gradona\u010delnikova-konferencija-za-novinare-o\u017eujak-2021-1-900x600.jpg\",\"contentUrl\":\"https:\/\/www.rijeka.hr\/it\/wp-content\/uploads\/sites\/3\/2021\/03\/aRedovna-gradona\u010delnikova-konferencija-za-novinare-o\u017eujak-2021-1-900x600.jpg\",\"width\":900,\"height\":600},{\"@type\":\"BreadcrumbList\",\"@id\":\"https:\/\/www.rijeka.hr\/it\/dal-mese-di-novembre-2020-la-citta-di-fiume-ha-rinunciato-36-milioni-di-kune-favore-degli-imprenditori\/#breadcrumb\",\"itemListElement\":[{\"@type\":\"ListItem\",\"position\":1,\"name\":\"Po\u010detna stranica\",\"item\":\"https:\/\/www.rijeka.hr\/it\/\"},{\"@type\":\"ListItem\",\"position\":2,\"name\":\"Dal mese di novembre 2020, la Citt\u00e0 di Fiume ha rinunciato a 3,6 milioni di kune a favore degli imprenditori\"}]},{\"@type\":\"WebSite\",\"@id\":\"https:\/\/www.rijeka.hr\/it\/#website\",\"url\":\"https:\/\/www.rijeka.hr\/it\/\",\"name\":\"Citt\u00e0 di Fiume\",\"description\":\"Portale web della Citta&#039; di Fiume\",\"potentialAction\":[{\"@type\":\"SearchAction\",\"target\":{\"@type\":\"EntryPoint\",\"urlTemplate\":\"https:\/\/www.rijeka.hr\/it\/?s={search_term_string}\"},\"query-input\":{\"@type\":\"PropertyValueSpecification\",\"valueRequired\":true,\"valueName\":\"search_term_string\"}}],\"inLanguage\":\"it-IT\"},{\"@type\":\"Person\",\"@id\":\"https:\/\/www.rijeka.hr\/it\/#\/schema\/person\/f944eacc70b6a69bc142d9389862b37b\",\"name\":\"sradovic\",\"image\":{\"@type\":\"ImageObject\",\"inLanguage\":\"it-IT\",\"@id\":\"https:\/\/www.rijeka.hr\/it\/#\/schema\/person\/image\/\",\"url\":\"https:\/\/secure.gravatar.com\/avatar\/d438b95983d528813c6fe2e5812a4188?s=96&d=mm&r=g\",\"contentUrl\":\"https:\/\/secure.gravatar.com\/avatar\/d438b95983d528813c6fe2e5812a4188?s=96&d=mm&r=g\",\"caption\":\"sradovic\"},\"url\":\"https:\/\/www.rijeka.hr\/it\/author\/sradovic\/\"}]}<\/script>\n<!-- \/ Yoast SEO plugin. -->","yoast_head_json":{"title":"Dal mese di novembre 2020, la Citt\u00e0 di Fiume ha rinunciato a 3,6 milioni di kune a favore degli imprenditori - Citt\u00e0 di Fiume","robots":{"index":"index","follow":"follow","max-snippet":"max-snippet:-1","max-image-preview":"max-image-preview:large","max-video-preview":"max-video-preview:-1"},"canonical":"https:\/\/www.rijeka.hr\/it\/dal-mese-di-novembre-2020-la-citta-di-fiume-ha-rinunciato-36-milioni-di-kune-favore-degli-imprenditori\/","og_locale":"it_IT","og_type":"article","og_title":"Dal mese di novembre 2020, la Citt\u00e0 di Fiume ha rinunciato a 3,6 milioni di kune a favore degli imprenditori - Citt\u00e0 di Fiume","og_description":"Nella sua consueta conferenza stampa, il sindaco di Fiume, Vojko Obersnel, ha parlato dell'impatto delle misure volte ad aiutare gli imprenditori, ma anche dell'impatto negativo della riforma fiscale sul bilancio cittadino.","og_url":"https:\/\/www.rijeka.hr\/it\/dal-mese-di-novembre-2020-la-citta-di-fiume-ha-rinunciato-36-milioni-di-kune-favore-degli-imprenditori\/","og_site_name":"Citt\u00e0 di Fiume","article_published_time":"2021-03-02T13:44:48+00:00","article_modified_time":"2021-03-10T08:20:27+00:00","og_image":[{"width":900,"height":600,"url":"https:\/\/www.rijeka.hr\/it\/wp-content\/uploads\/sites\/3\/2021\/03\/aRedovna-gradona\u010delnikova-konferencija-za-novinare-o\u017eujak-2021-1-900x600.jpg","type":"image\/jpeg"}],"author":"sradovic","twitter_card":"summary_large_image","twitter_misc":{"Written by":"sradovic","Est. reading time":"7 minutes"},"schema":{"@context":"https:\/\/schema.org","@graph":[{"@type":"WebPage","@id":"https:\/\/www.rijeka.hr\/it\/dal-mese-di-novembre-2020-la-citta-di-fiume-ha-rinunciato-36-milioni-di-kune-favore-degli-imprenditori\/","url":"https:\/\/www.rijeka.hr\/it\/dal-mese-di-novembre-2020-la-citta-di-fiume-ha-rinunciato-36-milioni-di-kune-favore-degli-imprenditori\/","name":"Dal mese di novembre 2020, la Citt\u00e0 di Fiume ha rinunciato a 3,6 milioni di kune a favore degli imprenditori - Citt\u00e0 di Fiume","isPartOf":{"@id":"https:\/\/www.rijeka.hr\/it\/#website"},"primaryImageOfPage":{"@id":"https:\/\/www.rijeka.hr\/it\/dal-mese-di-novembre-2020-la-citta-di-fiume-ha-rinunciato-36-milioni-di-kune-favore-degli-imprenditori\/#primaryimage"},"image":{"@id":"https:\/\/www.rijeka.hr\/it\/dal-mese-di-novembre-2020-la-citta-di-fiume-ha-rinunciato-36-milioni-di-kune-favore-degli-imprenditori\/#primaryimage"},"thumbnailUrl":"https:\/\/www.rijeka.hr\/it\/wp-content\/uploads\/sites\/3\/2021\/03\/aRedovna-gradona\u010delnikova-konferencija-za-novinare-o\u017eujak-2021-1-900x600.jpg","datePublished":"2021-03-02T13:44:48+00:00","dateModified":"2021-03-10T08:20:27+00:00","author":{"@id":"https:\/\/www.rijeka.hr\/it\/#\/schema\/person\/f944eacc70b6a69bc142d9389862b37b"},"breadcrumb":{"@id":"https:\/\/www.rijeka.hr\/it\/dal-mese-di-novembre-2020-la-citta-di-fiume-ha-rinunciato-36-milioni-di-kune-favore-degli-imprenditori\/#breadcrumb"},"inLanguage":"it-IT","potentialAction":[{"@type":"ReadAction","target":["https:\/\/www.rijeka.hr\/it\/dal-mese-di-novembre-2020-la-citta-di-fiume-ha-rinunciato-36-milioni-di-kune-favore-degli-imprenditori\/"]}]},{"@type":"ImageObject","inLanguage":"it-IT","@id":"https:\/\/www.rijeka.hr\/it\/dal-mese-di-novembre-2020-la-citta-di-fiume-ha-rinunciato-36-milioni-di-kune-favore-degli-imprenditori\/#primaryimage","url":"https:\/\/www.rijeka.hr\/it\/wp-content\/uploads\/sites\/3\/2021\/03\/aRedovna-gradona\u010delnikova-konferencija-za-novinare-o\u017eujak-2021-1-900x600.jpg","contentUrl":"https:\/\/www.rijeka.hr\/it\/wp-content\/uploads\/sites\/3\/2021\/03\/aRedovna-gradona\u010delnikova-konferencija-za-novinare-o\u017eujak-2021-1-900x600.jpg","width":900,"height":600},{"@type":"BreadcrumbList","@id":"https:\/\/www.rijeka.hr\/it\/dal-mese-di-novembre-2020-la-citta-di-fiume-ha-rinunciato-36-milioni-di-kune-favore-degli-imprenditori\/#breadcrumb","itemListElement":[{"@type":"ListItem","position":1,"name":"Po\u010detna stranica","item":"https:\/\/www.rijeka.hr\/it\/"},{"@type":"ListItem","position":2,"name":"Dal mese di novembre 2020, la Citt\u00e0 di Fiume ha rinunciato a 3,6 milioni di kune a favore degli imprenditori"}]},{"@type":"WebSite","@id":"https:\/\/www.rijeka.hr\/it\/#website","url":"https:\/\/www.rijeka.hr\/it\/","name":"Citt\u00e0 di Fiume","description":"Portale web della Citta&#039; di Fiume","potentialAction":[{"@type":"SearchAction","target":{"@type":"EntryPoint","urlTemplate":"https:\/\/www.rijeka.hr\/it\/?s={search_term_string}"},"query-input":{"@type":"PropertyValueSpecification","valueRequired":true,"valueName":"search_term_string"}}],"inLanguage":"it-IT"},{"@type":"Person","@id":"https:\/\/www.rijeka.hr\/it\/#\/schema\/person\/f944eacc70b6a69bc142d9389862b37b","name":"sradovic","image":{"@type":"ImageObject","inLanguage":"it-IT","@id":"https:\/\/www.rijeka.hr\/it\/#\/schema\/person\/image\/","url":"https:\/\/secure.gravatar.com\/avatar\/d438b95983d528813c6fe2e5812a4188?s=96&d=mm&r=g","contentUrl":"https:\/\/secure.gravatar.com\/avatar\/d438b95983d528813c6fe2e5812a4188?s=96&d=mm&r=g","caption":"sradovic"},"url":"https:\/\/www.rijeka.hr\/it\/author\/sradovic\/"}]}},"_links":{"self":[{"href":"https:\/\/www.rijeka.hr\/it\/wp-json\/wp\/v2\/posts\/12565","targetHints":{"allow":["GET"]}}],"collection":[{"href":"https:\/\/www.rijeka.hr\/it\/wp-json\/wp\/v2\/posts"}],"about":[{"href":"https:\/\/www.rijeka.hr\/it\/wp-json\/wp\/v2\/types\/post"}],"author":[{"embeddable":true,"href":"https:\/\/www.rijeka.hr\/it\/wp-json\/wp\/v2\/users\/8"}],"replies":[{"embeddable":true,"href":"https:\/\/www.rijeka.hr\/it\/wp-json\/wp\/v2\/comments?post=12565"}],"version-history":[{"count":3,"href":"https:\/\/www.rijeka.hr\/it\/wp-json\/wp\/v2\/posts\/12565\/revisions"}],"predecessor-version":[{"id":12574,"href":"https:\/\/www.rijeka.hr\/it\/wp-json\/wp\/v2\/posts\/12565\/revisions\/12574"}],"wp:featuredmedia":[{"embeddable":true,"href":"https:\/\/www.rijeka.hr\/it\/wp-json\/wp\/v2\/media\/12573"}],"wp:attachment":[{"href":"https:\/\/www.rijeka.hr\/it\/wp-json\/wp\/v2\/media?parent=12565"}],"wp:term":[{"taxonomy":"category","embeddable":true,"href":"https:\/\/www.rijeka.hr\/it\/wp-json\/wp\/v2\/categories?post=12565"},{"taxonomy":"post_tag","embeddable":true,"href":"https:\/\/www.rijeka.hr\/it\/wp-json\/wp\/v2\/tags?post=12565"}],"curies":[{"name":"wp","href":"https:\/\/api.w.org\/{rel}","templated":true}]}}