{"id":12930,"date":"2021-04-24T11:21:17","date_gmt":"2021-04-24T09:21:17","guid":{"rendered":"https:\/\/www.rijeka.hr\/it\/?p=12930"},"modified":"2021-04-29T11:26:09","modified_gmt":"2021-04-29T09:26:09","slug":"capsula-del-tempo-dei-27-vicinati-di-fiume-capitale-europea-della-cultura-sotterrati-nel-campus-universitario","status":"publish","type":"post","link":"https:\/\/www.rijeka.hr\/it\/capsula-del-tempo-dei-27-vicinati-di-fiume-capitale-europea-della-cultura-sotterrati-nel-campus-universitario\/","title":{"rendered":"Capsula del tempo dei 27 vicinati di Fiume Capitale europea della cultura sotterrati nel Campus universitario"},"content":{"rendered":"<p>Ogni vicinato di Fiume Capitale europea della cultura ha conservato nella capsula le proprie idee, desideri, ricordi, domande che hanno ideato con cura e sperano che ci sar\u00e0 ancora vita in quest&#8217;area e che i loro vicinati continueranno a essere preservati nella loro autenticit\u00e0.<\/p>\n<p>I messaggi &#8220;parlano&#8221; della generazione che \u00e8 presente e qui, del 2020, di ogni singolo vicinato, della vita degli individui e dell&#8217;idea di futuro come la vedono dalla prospettiva presente.<\/p>\n<h3>Creato un nuovo cerchio di amicizia attraverso 27 vicinati<\/h3>\n<p>Snje\u017eana Priji\u0107 Samar\u017eija, rettrice dell&#8217;Universit\u00e0 degli studi di Fiume, ha sottolineato che l&#8217;Universit\u00e0 \u00e8 stata un orgoglioso partner del progetto Capitale europea della cultura in molti programmi, incluso anche il vicinato Campus.<\/p>\n<p>&#8220;\u00c8 stata lanciata una nuova energia creativa che non si fermer\u00e0. Continueremo a lavorare su nuovi progetti e questo \u00e8 ci\u00f2 che \u00e8 pi\u00f9 importante. Guardando la direzione programmatica \u201c27 vicinati\u201d nel loro complesso, mi sembra che un nuovo cerchio di amicizia sia stato creato, tante cose belle sono state fatte, sono stati aperti alcuni nuovi temi ed \u00e8 stata creata una bella rete di cooperazione&#8221;, ha detto la rettrice Priji\u0107 Samar\u017eija, ringraziando tutti coloro che sono stati inclusi nel processo: il sindaco, la Citt\u00e0 di Fiume, la societ\u00e0 Rijeka 2020, l&#8217;Universit\u00e0 e il team Kampus guidato da Rajka Jurdana \u0160epi\u0107, che ha brevemente ricordato tutti i progetti realizzati, attraverso il lavoro sul programma \u201c27 vicinati\u201d.<\/p>\n<p>&#8220;Nell\u2019ambito del vicinato Campus, abbiamo realizzato 28 progetti &#8211; sono stati pubblicati 5 libri, si sono tenuti 7 laboratori, sono state organizzate 15 mostre e una serie di programmi interattivi con la comunit\u00e0 che proseguiranno non appena le opportunit\u00e0 lo permetteranno. L&#8217;anno \u00e8 stato impegnativo, ma ricorderemo i bei momenti che rimangono come ispirazione per ulteriore attivit\u00e0 &#8220;, ha sottolineato Jurdana \u0160epi\u0107.<\/p>\n<h3>Creazione di una rete di cooperazione europea<\/h3>\n<p>La direzione programmatica \u201c27 vicinati\u201d ha consentito alle comunit\u00e0 di lavorare alla pianificazione e allo sviluppo di progetti che loro stessi consideravano importanti, ha affermato la direttrice della societ\u00e0 Rijeka 2020, Irena Kregar \u0160egota.<\/p>\n<p>\u201cIl team della societ\u00e0 Rijeka 2020 ha contribuito a connettersi con i partner internazionali e con gli artisti con cui hanno collaborato, e quindi \u00e8 stata creata una rete di cooperazione europea, che credo continuer\u00e0 a svilupparsi. Abbiamo creato un buon modello di lavoro che verr\u00e0 replicato in futuro, sia a livello locale che nazionale e internazionale&#8221;, ha affermato la Kregar \u0160egota, aggiungendo che il lavoro sul progetto CEC ha mostrato a tutte le persone coinvolte quanto facilmente potremmo adattarci, poich\u00e9 il progetto si \u00e8 svolto in condizioni impossibili. Tuttavia, durante il 2020 e il 2021, si sono svolti pi\u00f9 di 450 eventi nell&#8217;ambito del programma CEC. Fino a 50 eventi sono stati preparati per aprile come l&#8217;ultimo mese, ma sfortunatamente, a causa della difficile situazione epidemiologica nella Regione litoraneo &#8211; montana, alcuni non sono stati realizzati, ma la maggior parte dei programmi sar\u00e0 ancora disponibile al pubblico, dal vivo con l\u2019allentamento delle misure e on linea.<\/p>\n<p>A nome della Regione litoraneo \u2013 montana alla cerimonia ha presenziato anche Nikolina Radi\u0107 \u0160tivi\u0107, direttrice del Museo di Marineria e di Storia del Litorale croato:<\/p>\n<p>&#8220;Uno dei segmenti pi\u00f9 importanti di questa direzione programmatica \u00e8 la cooperazione, attraverso la quale \u00e8 stata enfatizzata l&#8217;unicit\u00e0 e la diversit\u00e0 del patrimonio culturale e naturale della nostra regione, che abbiamo condiviso anche con i paesi partner europei. In futuro, stiamo inviando messaggi che parlano dell&#8217;importanza dell\u2019unicit\u00e0 e della cooperazione, di come dovremmo usare la diversit\u00e0 per una migliore convivenza &#8220;, ha detto la Radi\u0107 \u0160tivi\u0107.<\/p>\n<h3>Obersnel: una testimonianza di creativit\u00e0, apertura, unicit\u00e0, tolleranza e multiculturalismo<\/h3>\n<p>Il discorso di chiusura \u00e8 stato tenuto dal sindaco di Fiume Vojko Obersnel:<\/p>\n<p>&#8220;Una volta scavata questa capsula, credo che i suoi messaggi testimonieranno creativit\u00e0, apertura, unicit\u00e0, tolleranza e multiculturalismo, tutto ci\u00f2 che rappresenta valori europei senza tempo che credo rimarranno tali in futuro, soprattutto nel nostro porto della diversit\u00e0. Tra tutte le direzioni programmatiche nell\u2019ambito del programma CEC, 27 vicinati hanno la componente europea pi\u00f9 accentuata. Purtroppo, a causa della pandemia, le cose non si sono sviluppate come previsto, i nostri vicini europei non sono potuti venire, ma credo che tutto ci\u00f2 che \u00e8 stato creato, la cooperazione e la creativit\u00e0 che ci connette continuer\u00e0 a svilupparsi in futuro. Tutti coloro che hanno partecipato alla creazione del programma Capitale europea della cultura, ci sono riusciti grazie a una sola idea che avevate sempre davanti a voi e che era la comunit\u00e0 &#8220;, ha concluso Sindaco Obersnel.<\/p>\n<p>I 27 vicinati coinvolti nel progetto Capitale Europea della Cultura sono: Laurana, Abbazia, Mattuglie, Castua, Pehlin, Drenova, Scurigne, Torretta, Mlaka, Campus universitario, Jelenje, \u010cavle, Praputnjak, Kostrena, Crikvenica, Novi Vinodolski, l\u2019isola di Arbe (Rab), l\u2019isola di Unie, la citt\u00e0 di Cherso, la citt\u00e0 di Veglia, Malinska, Verbenico, Gomirje, Mrkopalj, Fu\u017eine, Delnice, Brod na Kupi e Gornji Kuti.<\/p>\n<p>Tutti i vicinati hanno implementato i loro programmi, hanno stabilito nuove amicizie europee e continuano a sviluppare le iniziative create nell&#8217;ambito della direzione programmatica 27 vicinati, come parte del programma Fiume 2020 &#8211; Capitale europea della cultura.<\/p>\n<p>I collaboratori che hanno preparato la location della capsula del tempo dei 27 vicinati sono stati \u0110emil Husi\u0107, l&#8217;azienda O.T.K., l&#8217;Universit\u00e0 degli studi di Fiume e l&#8217;azienda \u010cisto\u0107a.<\/p>\n","protected":false},"excerpt":{"rendered":"<p>Il Campus Universitario di Tersatto \u00e8 ufficialmente diventato la casa della capsula del tempo dei 27 vicinati di Fiume\u00a0 Capitale europea della cultura, sotterrata tra l&#8217;edificio che ospita i Dipartimenti dell&#8217;Universit\u00e0 e la Facolt\u00e0 di Formazione degli insegnanti per i prossimi cento anni con messaggi per generazioni a venire.<\/p>\n","protected":false},"author":8,"featured_media":12934,"comment_status":"open","ping_status":"open","sticky":false,"template":"","format":"standard","meta":{"_acf_changed":false,"_trash_the_other_posts":false,"footnotes":"","_links_to":"","_links_to_target":""},"categories":[976],"tags":[1134,1133],"class_list":["post-12930","post","type-post","status-publish","format-standard","has-post-thumbnail","hentry","category-articoli","tag-27-vicinati","tag-capsula-del-tempo"],"acf":[],"yoast_head":"<!-- This site is optimized with the Yoast SEO plugin v24.4 - https:\/\/yoast.com\/wordpress\/plugins\/seo\/ -->\n<title>Capsula del tempo dei 27 vicinati di Fiume Capitale europea della cultura sotterrati nel Campus universitario - Citt\u00e0 di Fiume<\/title>\n<meta name=\"robots\" content=\"index, follow, max-snippet:-1, max-image-preview:large, max-video-preview:-1\" \/>\n<link rel=\"canonical\" href=\"https:\/\/www.rijeka.hr\/it\/capsula-del-tempo-dei-27-vicinati-di-fiume-capitale-europea-della-cultura-sotterrati-nel-campus-universitario\/\" \/>\n<meta property=\"og:locale\" content=\"it_IT\" \/>\n<meta property=\"og:type\" content=\"article\" \/>\n<meta property=\"og:title\" content=\"Capsula del tempo dei 27 vicinati di Fiume Capitale europea della cultura sotterrati nel Campus universitario - Citt\u00e0 di Fiume\" \/>\n<meta property=\"og:description\" content=\"Il Campus Universitario di Tersatto \u00e8 ufficialmente diventato la casa della capsula del tempo dei 27 vicinati di Fiume\u00a0 Capitale europea della cultura, sotterrata tra l&#039;edificio che ospita i Dipartimenti dell&#039;Universit\u00e0 e la Facolt\u00e0 di Formazione degli insegnanti per i prossimi cento anni con messaggi per generazioni a venire.\" \/>\n<meta property=\"og:url\" content=\"https:\/\/www.rijeka.hr\/it\/capsula-del-tempo-dei-27-vicinati-di-fiume-capitale-europea-della-cultura-sotterrati-nel-campus-universitario\/\" \/>\n<meta property=\"og:site_name\" content=\"Citt\u00e0 di Fiume\" \/>\n<meta property=\"article:published_time\" content=\"2021-04-24T09:21:17+00:00\" \/>\n<meta property=\"article:modified_time\" content=\"2021-04-29T09:26:09+00:00\" \/>\n<meta property=\"og:image\" content=\"https:\/\/www.rijeka.hr\/it\/wp-content\/uploads\/sites\/3\/2021\/04\/Sve\u010danost-otkrivanja-vremenske-kapsule-3-900x600.jpg\" \/>\n\t<meta property=\"og:image:width\" content=\"900\" \/>\n\t<meta property=\"og:image:height\" content=\"600\" \/>\n\t<meta property=\"og:image:type\" content=\"image\/jpeg\" \/>\n<meta name=\"author\" content=\"sradovic\" \/>\n<meta name=\"twitter:card\" content=\"summary_large_image\" \/>\n<meta name=\"twitter:label1\" content=\"Written by\" \/>\n\t<meta name=\"twitter:data1\" content=\"sradovic\" \/>\n\t<meta name=\"twitter:label2\" content=\"Est. reading time\" \/>\n\t<meta name=\"twitter:data2\" content=\"4 minutes\" \/>\n<script type=\"application\/ld+json\" class=\"yoast-schema-graph\">{\"@context\":\"https:\/\/schema.org\",\"@graph\":[{\"@type\":\"WebPage\",\"@id\":\"https:\/\/www.rijeka.hr\/it\/capsula-del-tempo-dei-27-vicinati-di-fiume-capitale-europea-della-cultura-sotterrati-nel-campus-universitario\/\",\"url\":\"https:\/\/www.rijeka.hr\/it\/capsula-del-tempo-dei-27-vicinati-di-fiume-capitale-europea-della-cultura-sotterrati-nel-campus-universitario\/\",\"name\":\"Capsula del tempo dei 27 vicinati di Fiume Capitale europea della cultura sotterrati nel Campus universitario - Citt\u00e0 di Fiume\",\"isPartOf\":{\"@id\":\"https:\/\/www.rijeka.hr\/it\/#website\"},\"primaryImageOfPage\":{\"@id\":\"https:\/\/www.rijeka.hr\/it\/capsula-del-tempo-dei-27-vicinati-di-fiume-capitale-europea-della-cultura-sotterrati-nel-campus-universitario\/#primaryimage\"},\"image\":{\"@id\":\"https:\/\/www.rijeka.hr\/it\/capsula-del-tempo-dei-27-vicinati-di-fiume-capitale-europea-della-cultura-sotterrati-nel-campus-universitario\/#primaryimage\"},\"thumbnailUrl\":\"https:\/\/www.rijeka.hr\/it\/wp-content\/uploads\/sites\/3\/2021\/04\/Sve\u010danost-otkrivanja-vremenske-kapsule-3-900x600.jpg\",\"datePublished\":\"2021-04-24T09:21:17+00:00\",\"dateModified\":\"2021-04-29T09:26:09+00:00\",\"author\":{\"@id\":\"https:\/\/www.rijeka.hr\/it\/#\/schema\/person\/f944eacc70b6a69bc142d9389862b37b\"},\"breadcrumb\":{\"@id\":\"https:\/\/www.rijeka.hr\/it\/capsula-del-tempo-dei-27-vicinati-di-fiume-capitale-europea-della-cultura-sotterrati-nel-campus-universitario\/#breadcrumb\"},\"inLanguage\":\"it-IT\",\"potentialAction\":[{\"@type\":\"ReadAction\",\"target\":[\"https:\/\/www.rijeka.hr\/it\/capsula-del-tempo-dei-27-vicinati-di-fiume-capitale-europea-della-cultura-sotterrati-nel-campus-universitario\/\"]}]},{\"@type\":\"ImageObject\",\"inLanguage\":\"it-IT\",\"@id\":\"https:\/\/www.rijeka.hr\/it\/capsula-del-tempo-dei-27-vicinati-di-fiume-capitale-europea-della-cultura-sotterrati-nel-campus-universitario\/#primaryimage\",\"url\":\"https:\/\/www.rijeka.hr\/it\/wp-content\/uploads\/sites\/3\/2021\/04\/Sve\u010danost-otkrivanja-vremenske-kapsule-3-900x600.jpg\",\"contentUrl\":\"https:\/\/www.rijeka.hr\/it\/wp-content\/uploads\/sites\/3\/2021\/04\/Sve\u010danost-otkrivanja-vremenske-kapsule-3-900x600.jpg\",\"width\":900,\"height\":600},{\"@type\":\"BreadcrumbList\",\"@id\":\"https:\/\/www.rijeka.hr\/it\/capsula-del-tempo-dei-27-vicinati-di-fiume-capitale-europea-della-cultura-sotterrati-nel-campus-universitario\/#breadcrumb\",\"itemListElement\":[{\"@type\":\"ListItem\",\"position\":1,\"name\":\"Po\u010detna stranica\",\"item\":\"https:\/\/www.rijeka.hr\/it\/\"},{\"@type\":\"ListItem\",\"position\":2,\"name\":\"Capsula del tempo dei 27 vicinati di Fiume Capitale europea della cultura sotterrati nel Campus universitario\"}]},{\"@type\":\"WebSite\",\"@id\":\"https:\/\/www.rijeka.hr\/it\/#website\",\"url\":\"https:\/\/www.rijeka.hr\/it\/\",\"name\":\"Citt\u00e0 di Fiume\",\"description\":\"Portale web della Citta&#039; di Fiume\",\"potentialAction\":[{\"@type\":\"SearchAction\",\"target\":{\"@type\":\"EntryPoint\",\"urlTemplate\":\"https:\/\/www.rijeka.hr\/it\/?s={search_term_string}\"},\"query-input\":{\"@type\":\"PropertyValueSpecification\",\"valueRequired\":true,\"valueName\":\"search_term_string\"}}],\"inLanguage\":\"it-IT\"},{\"@type\":\"Person\",\"@id\":\"https:\/\/www.rijeka.hr\/it\/#\/schema\/person\/f944eacc70b6a69bc142d9389862b37b\",\"name\":\"sradovic\",\"image\":{\"@type\":\"ImageObject\",\"inLanguage\":\"it-IT\",\"@id\":\"https:\/\/www.rijeka.hr\/it\/#\/schema\/person\/image\/\",\"url\":\"https:\/\/secure.gravatar.com\/avatar\/d438b95983d528813c6fe2e5812a4188?s=96&d=mm&r=g\",\"contentUrl\":\"https:\/\/secure.gravatar.com\/avatar\/d438b95983d528813c6fe2e5812a4188?s=96&d=mm&r=g\",\"caption\":\"sradovic\"},\"url\":\"https:\/\/www.rijeka.hr\/it\/author\/sradovic\/\"}]}<\/script>\n<!-- \/ Yoast SEO plugin. -->","yoast_head_json":{"title":"Capsula del tempo dei 27 vicinati di Fiume Capitale europea della cultura sotterrati nel Campus universitario - Citt\u00e0 di Fiume","robots":{"index":"index","follow":"follow","max-snippet":"max-snippet:-1","max-image-preview":"max-image-preview:large","max-video-preview":"max-video-preview:-1"},"canonical":"https:\/\/www.rijeka.hr\/it\/capsula-del-tempo-dei-27-vicinati-di-fiume-capitale-europea-della-cultura-sotterrati-nel-campus-universitario\/","og_locale":"it_IT","og_type":"article","og_title":"Capsula del tempo dei 27 vicinati di Fiume Capitale europea della cultura sotterrati nel Campus universitario - Citt\u00e0 di Fiume","og_description":"Il Campus Universitario di Tersatto \u00e8 ufficialmente diventato la casa della capsula del tempo dei 27 vicinati di Fiume\u00a0 Capitale europea della cultura, sotterrata tra l'edificio che ospita i Dipartimenti dell'Universit\u00e0 e la Facolt\u00e0 di Formazione degli insegnanti per i prossimi cento anni con messaggi per generazioni a venire.","og_url":"https:\/\/www.rijeka.hr\/it\/capsula-del-tempo-dei-27-vicinati-di-fiume-capitale-europea-della-cultura-sotterrati-nel-campus-universitario\/","og_site_name":"Citt\u00e0 di Fiume","article_published_time":"2021-04-24T09:21:17+00:00","article_modified_time":"2021-04-29T09:26:09+00:00","og_image":[{"width":900,"height":600,"url":"https:\/\/www.rijeka.hr\/it\/wp-content\/uploads\/sites\/3\/2021\/04\/Sve\u010danost-otkrivanja-vremenske-kapsule-3-900x600.jpg","type":"image\/jpeg"}],"author":"sradovic","twitter_card":"summary_large_image","twitter_misc":{"Written by":"sradovic","Est. reading time":"4 minutes"},"schema":{"@context":"https:\/\/schema.org","@graph":[{"@type":"WebPage","@id":"https:\/\/www.rijeka.hr\/it\/capsula-del-tempo-dei-27-vicinati-di-fiume-capitale-europea-della-cultura-sotterrati-nel-campus-universitario\/","url":"https:\/\/www.rijeka.hr\/it\/capsula-del-tempo-dei-27-vicinati-di-fiume-capitale-europea-della-cultura-sotterrati-nel-campus-universitario\/","name":"Capsula del tempo dei 27 vicinati di Fiume Capitale europea della cultura sotterrati nel Campus universitario - Citt\u00e0 di Fiume","isPartOf":{"@id":"https:\/\/www.rijeka.hr\/it\/#website"},"primaryImageOfPage":{"@id":"https:\/\/www.rijeka.hr\/it\/capsula-del-tempo-dei-27-vicinati-di-fiume-capitale-europea-della-cultura-sotterrati-nel-campus-universitario\/#primaryimage"},"image":{"@id":"https:\/\/www.rijeka.hr\/it\/capsula-del-tempo-dei-27-vicinati-di-fiume-capitale-europea-della-cultura-sotterrati-nel-campus-universitario\/#primaryimage"},"thumbnailUrl":"https:\/\/www.rijeka.hr\/it\/wp-content\/uploads\/sites\/3\/2021\/04\/Sve\u010danost-otkrivanja-vremenske-kapsule-3-900x600.jpg","datePublished":"2021-04-24T09:21:17+00:00","dateModified":"2021-04-29T09:26:09+00:00","author":{"@id":"https:\/\/www.rijeka.hr\/it\/#\/schema\/person\/f944eacc70b6a69bc142d9389862b37b"},"breadcrumb":{"@id":"https:\/\/www.rijeka.hr\/it\/capsula-del-tempo-dei-27-vicinati-di-fiume-capitale-europea-della-cultura-sotterrati-nel-campus-universitario\/#breadcrumb"},"inLanguage":"it-IT","potentialAction":[{"@type":"ReadAction","target":["https:\/\/www.rijeka.hr\/it\/capsula-del-tempo-dei-27-vicinati-di-fiume-capitale-europea-della-cultura-sotterrati-nel-campus-universitario\/"]}]},{"@type":"ImageObject","inLanguage":"it-IT","@id":"https:\/\/www.rijeka.hr\/it\/capsula-del-tempo-dei-27-vicinati-di-fiume-capitale-europea-della-cultura-sotterrati-nel-campus-universitario\/#primaryimage","url":"https:\/\/www.rijeka.hr\/it\/wp-content\/uploads\/sites\/3\/2021\/04\/Sve\u010danost-otkrivanja-vremenske-kapsule-3-900x600.jpg","contentUrl":"https:\/\/www.rijeka.hr\/it\/wp-content\/uploads\/sites\/3\/2021\/04\/Sve\u010danost-otkrivanja-vremenske-kapsule-3-900x600.jpg","width":900,"height":600},{"@type":"BreadcrumbList","@id":"https:\/\/www.rijeka.hr\/it\/capsula-del-tempo-dei-27-vicinati-di-fiume-capitale-europea-della-cultura-sotterrati-nel-campus-universitario\/#breadcrumb","itemListElement":[{"@type":"ListItem","position":1,"name":"Po\u010detna stranica","item":"https:\/\/www.rijeka.hr\/it\/"},{"@type":"ListItem","position":2,"name":"Capsula del tempo dei 27 vicinati di Fiume Capitale europea della cultura sotterrati nel Campus universitario"}]},{"@type":"WebSite","@id":"https:\/\/www.rijeka.hr\/it\/#website","url":"https:\/\/www.rijeka.hr\/it\/","name":"Citt\u00e0 di Fiume","description":"Portale web della Citta&#039; di Fiume","potentialAction":[{"@type":"SearchAction","target":{"@type":"EntryPoint","urlTemplate":"https:\/\/www.rijeka.hr\/it\/?s={search_term_string}"},"query-input":{"@type":"PropertyValueSpecification","valueRequired":true,"valueName":"search_term_string"}}],"inLanguage":"it-IT"},{"@type":"Person","@id":"https:\/\/www.rijeka.hr\/it\/#\/schema\/person\/f944eacc70b6a69bc142d9389862b37b","name":"sradovic","image":{"@type":"ImageObject","inLanguage":"it-IT","@id":"https:\/\/www.rijeka.hr\/it\/#\/schema\/person\/image\/","url":"https:\/\/secure.gravatar.com\/avatar\/d438b95983d528813c6fe2e5812a4188?s=96&d=mm&r=g","contentUrl":"https:\/\/secure.gravatar.com\/avatar\/d438b95983d528813c6fe2e5812a4188?s=96&d=mm&r=g","caption":"sradovic"},"url":"https:\/\/www.rijeka.hr\/it\/author\/sradovic\/"}]}},"_links":{"self":[{"href":"https:\/\/www.rijeka.hr\/it\/wp-json\/wp\/v2\/posts\/12930","targetHints":{"allow":["GET"]}}],"collection":[{"href":"https:\/\/www.rijeka.hr\/it\/wp-json\/wp\/v2\/posts"}],"about":[{"href":"https:\/\/www.rijeka.hr\/it\/wp-json\/wp\/v2\/types\/post"}],"author":[{"embeddable":true,"href":"https:\/\/www.rijeka.hr\/it\/wp-json\/wp\/v2\/users\/8"}],"replies":[{"embeddable":true,"href":"https:\/\/www.rijeka.hr\/it\/wp-json\/wp\/v2\/comments?post=12930"}],"version-history":[{"count":3,"href":"https:\/\/www.rijeka.hr\/it\/wp-json\/wp\/v2\/posts\/12930\/revisions"}],"predecessor-version":[{"id":12936,"href":"https:\/\/www.rijeka.hr\/it\/wp-json\/wp\/v2\/posts\/12930\/revisions\/12936"}],"wp:featuredmedia":[{"embeddable":true,"href":"https:\/\/www.rijeka.hr\/it\/wp-json\/wp\/v2\/media\/12934"}],"wp:attachment":[{"href":"https:\/\/www.rijeka.hr\/it\/wp-json\/wp\/v2\/media?parent=12930"}],"wp:term":[{"taxonomy":"category","embeddable":true,"href":"https:\/\/www.rijeka.hr\/it\/wp-json\/wp\/v2\/categories?post=12930"},{"taxonomy":"post_tag","embeddable":true,"href":"https:\/\/www.rijeka.hr\/it\/wp-json\/wp\/v2\/tags?post=12930"}],"curies":[{"name":"wp","href":"https:\/\/api.w.org\/{rel}","templated":true}]}}