{"id":13697,"date":"2021-11-19T10:35:50","date_gmt":"2021-11-19T09:35:50","guid":{"rendered":"https:\/\/www.rijeka.hr\/it\/?p=13697"},"modified":"2021-11-23T08:49:41","modified_gmt":"2021-11-23T07:49:41","slug":"laboratori-educativi-della-municipalizzata-cistoca-occasione-della-celebrazione-della-settimana-europea-per-la-riduzione-dei-rifiuti","status":"publish","type":"post","link":"https:\/\/www.rijeka.hr\/it\/laboratori-educativi-della-municipalizzata-cistoca-occasione-della-celebrazione-della-settimana-europea-per-la-riduzione-dei-rifiuti\/","title":{"rendered":"Laboratori educativi della municipalizzata \u010cisto\u0107a in occasione della celebrazione della Settimana Europea per la Riduzione dei Rifiuti"},"content":{"rendered":"<p>La Settimana Europea per la Riduzione dei Rifiuti (EWWR) \u00e8 la pi\u00f9 grande iniziativa europea che promuove attivit\u00e0 volte a accrescere la consapevolezza della gestione sostenibile delle risorse e dei rifiuti e quest&#8217;anno si celebra dal 20 al 28 novembre. Tutti sono invitati a partecipare alla celebrazione, dall\u2019amministrazione locale, alle aziende private, scuole, organizzazioni della societ\u00e0 civile, fino ai cittadini stessi, allo scopo di accrescere la consapevolezza dell&#8217;importanza di ridurre i rifiuti, riutilizzare i prodotti e favorire un corretto smaltimento dei rifiuti. Il tema principale di quest&#8217;anno della Settimana Europea per la Riduzione dei Rifiuti \u00e8 l&#8217;economia circolare e la sua importanza per la societ\u00e0.<\/p>\n<p>La municipalizzata \u010cisto\u0107a celebra questa settimana europea con il festival &#8220;Il nuovo tempo per le cose vecchie&#8221; nell&#8217;ambito del quale si terranno cinque diverse attivit\u00e0 per tutte le fasce d&#8217;et\u00e0 dei cittadini, tutte con l&#8217;obiettivo di sensibilizzare sulla riduzione degli sprechi. Ci\u00f2 consentir\u00e0 lo scambio di esperienze, l\u2019abilit\u00e0 di riparazione e l&#8217;adozione di conoscenze pratiche sul riutilizzo e la conversione che i partecipanti possono ulteriormente applicare nella vita quotidiana e contribuire cos\u00ec sia alla riduzione dei rifiuti che allo sviluppo di una societ\u00e0 sostenibile.<\/p>\n<h3>Programma del festival Il nuovo tempo per le cose vecchie:<\/h3>\n<p>22 novembre &#8211; &#8220;Non creare rifiuti, ripara le cose!&#8221; \u00e8 il nome del primo giorno del festival in cui la partecipazione alla riparazione di un proprio oggetto durante l&#8217;orario di lavoro del Riperaj (dalle 09.00 alle 13.00) verr\u00e0 premiata con un speciale sacchetto in tessuto.<\/p>\n<p>23 novembre &#8211; Il secondo giorno del festival alle ore 10 per i partecipanti al programma Sviluppo sostenibile della scuola materna Kvarner si terr\u00e0 uno spettacolo interattivo per bambini &#8220;La Pattuglia Ecologica&#8221; eseguito dall&#8217;Associazione Mali grad, che si occupa di un corretto smaltimento dei rifiuti e della tutela dell&#8217;ambiente.<\/p>\n<p>Alle 17.00 si terr\u00e0 un laboratorio di compostaggio domestico dove i partecipanti impareranno a fare il compost per la coltivazione e la cura delle piante da rifiuti organici, anche in casa. Il laboratorio sar\u00e0 condotto da Ivana Keller, master in agricoltura ecologica, progettista di permacultura e insegnante di giardinaggio presso la scuola elementare Waldorf a Fiume.<\/p>\n<p>24 novembre &#8211; Il terzo giorno del festival, alle 17:00, verr\u00e0 ospitata la sala narrativa della Biblioteca civica di Fiume con una storia educativa e un laboratorio sull&#8217;ecologia. Alla sala narrativa e al laboratorio prenderanno parte i partecipanti pi\u00f9 giovani del Consiglio dei giovani Ben\u010di\u0107.<\/p>\n<p>25 novembre &#8211; L&#8217;ultimo giorno del festival, alle 17.00 si terr\u00e0 il laboratorio con il titolo &#8220;Stira il sacchetto e cammina con una borsa nuova!&#8221; dove il mentore del laboratorio Tanja Bla\u0161kovi\u0107, master in pedagogia artistica, insegner\u00e0 ai partecipanti come riciclare creativamente i sacchetti di plastica e convertirli in sacchetti unici.<\/p>\n<p>Tutti gli interessati possono notificare la propria partecipazione al laboratorio di compostaggio domestico il 23 novembre e al laboratorio di creazione di borse da sacchetti di plastica, il 25 novembre tramite info-email: <a href=\"&#109;&#x61;i&#108;&#x74;o&#58;&#x69;n&#102;&#x6f;&#64;&#99;&#x69;&#115;&#x74;&#x6f;&#99;&#x61;&#x2d;&#114;&#x69;&#46;&#104;&#x72;\">info@cistoca-ri.<strong>h<\/strong>r<\/a> o la pagina <a href=\"https:\/\/www.facebook.com\/riperajrijeka\">Facebook del Riperaj<\/a>. Le notifiche verranno accettate sino a completare il numero dei partecipanti al laboratorio.<\/p>\n<p>Il festival &#8220;Il nuovo tempo per le cose vecchie&#8221; si terr\u00e0 presso il Riperaj, laboratorio &#8211; officina cittadina dell\u2019azienda municipalizzata \u010cisti\u0107a, destinato alle riparazioni gratuite, aperto tutto l&#8217;anno. Il Riperaj \u00e8 stata fondato sul modello del \u201cRepair caffe\u201d nell&#8217;ottobre 2019 e fino ad oggi conta pi\u00f9 di 2.000 articoli riparati con successo e oltre 50 laboratori tenuti sulla prevenzione dei rifiuti e sul riutilizzo nella vita quotidiana.<\/p>\n","protected":false},"excerpt":{"rendered":"<p>Dal 22 al 25 novembre l\u2019azienda municipalizzata \u010cisto\u0107a celebra la Settimana Europea per la Riduzione dei Rifiuti con una serie di attivit\u00e0 presso il Riperaj (via Ivan de Zajc 20b).<\/p>\n","protected":false},"author":89,"featured_media":13702,"comment_status":"open","ping_status":"open","sticky":false,"template":"","format":"standard","meta":{"_acf_changed":false,"_trash_the_other_posts":false,"footnotes":"","_links_to":"","_links_to_target":""},"categories":[976],"tags":[1199],"class_list":["post-13697","post","type-post","status-publish","format-standard","has-post-thumbnail","hentry","category-articoli","tag-la-settimana-europea-per-la-riduzione-dei-rifiuti"],"acf":[],"yoast_head":"<!-- This site is optimized with the Yoast SEO plugin v24.4 - https:\/\/yoast.com\/wordpress\/plugins\/seo\/ -->\n<title>Laboratori educativi della municipalizzata \u010cisto\u0107a in occasione della celebrazione della Settimana Europea per la Riduzione dei Rifiuti - Citt\u00e0 di Fiume<\/title>\n<meta name=\"robots\" content=\"index, follow, max-snippet:-1, max-image-preview:large, max-video-preview:-1\" \/>\n<link rel=\"canonical\" href=\"https:\/\/www.rijeka.hr\/it\/laboratori-educativi-della-municipalizzata-cistoca-occasione-della-celebrazione-della-settimana-europea-per-la-riduzione-dei-rifiuti\/\" \/>\n<meta property=\"og:locale\" content=\"it_IT\" \/>\n<meta property=\"og:type\" content=\"article\" \/>\n<meta property=\"og:title\" content=\"Laboratori educativi della municipalizzata \u010cisto\u0107a in occasione della celebrazione della Settimana Europea per la Riduzione dei Rifiuti - Citt\u00e0 di Fiume\" \/>\n<meta property=\"og:description\" content=\"Dal 22 al 25 novembre l\u2019azienda municipalizzata \u010cisto\u0107a celebra la Settimana Europea per la Riduzione dei Rifiuti con una serie di attivit\u00e0 presso il Riperaj (via Ivan de Zajc 20b).\" \/>\n<meta property=\"og:url\" content=\"https:\/\/www.rijeka.hr\/it\/laboratori-educativi-della-municipalizzata-cistoca-occasione-della-celebrazione-della-settimana-europea-per-la-riduzione-dei-rifiuti\/\" \/>\n<meta property=\"og:site_name\" content=\"Citt\u00e0 di Fiume\" \/>\n<meta property=\"article:published_time\" content=\"2021-11-19T09:35:50+00:00\" \/>\n<meta property=\"article:modified_time\" content=\"2021-11-23T07:49:41+00:00\" \/>\n<meta property=\"og:image\" content=\"https:\/\/www.rijeka.hr\/it\/wp-content\/uploads\/sites\/3\/2021\/11\/Riperaj-2-900x600.jpg\" \/>\n\t<meta property=\"og:image:width\" content=\"900\" \/>\n\t<meta property=\"og:image:height\" content=\"600\" \/>\n\t<meta property=\"og:image:type\" content=\"image\/jpeg\" \/>\n<meta name=\"author\" content=\"mbembic\" \/>\n<meta name=\"twitter:card\" content=\"summary_large_image\" \/>\n<meta name=\"twitter:label1\" content=\"Written by\" \/>\n\t<meta name=\"twitter:data1\" content=\"mbembic\" \/>\n\t<meta name=\"twitter:label2\" content=\"Est. reading time\" \/>\n\t<meta name=\"twitter:data2\" content=\"3 minutes\" \/>\n<script type=\"application\/ld+json\" class=\"yoast-schema-graph\">{\"@context\":\"https:\/\/schema.org\",\"@graph\":[{\"@type\":\"WebPage\",\"@id\":\"https:\/\/www.rijeka.hr\/it\/laboratori-educativi-della-municipalizzata-cistoca-occasione-della-celebrazione-della-settimana-europea-per-la-riduzione-dei-rifiuti\/\",\"url\":\"https:\/\/www.rijeka.hr\/it\/laboratori-educativi-della-municipalizzata-cistoca-occasione-della-celebrazione-della-settimana-europea-per-la-riduzione-dei-rifiuti\/\",\"name\":\"Laboratori educativi della municipalizzata \u010cisto\u0107a in occasione della celebrazione della Settimana Europea per la Riduzione dei Rifiuti - Citt\u00e0 di Fiume\",\"isPartOf\":{\"@id\":\"https:\/\/www.rijeka.hr\/it\/#website\"},\"primaryImageOfPage\":{\"@id\":\"https:\/\/www.rijeka.hr\/it\/laboratori-educativi-della-municipalizzata-cistoca-occasione-della-celebrazione-della-settimana-europea-per-la-riduzione-dei-rifiuti\/#primaryimage\"},\"image\":{\"@id\":\"https:\/\/www.rijeka.hr\/it\/laboratori-educativi-della-municipalizzata-cistoca-occasione-della-celebrazione-della-settimana-europea-per-la-riduzione-dei-rifiuti\/#primaryimage\"},\"thumbnailUrl\":\"https:\/\/www.rijeka.hr\/it\/wp-content\/uploads\/sites\/3\/2021\/11\/Riperaj-2-900x600.jpg\",\"datePublished\":\"2021-11-19T09:35:50+00:00\",\"dateModified\":\"2021-11-23T07:49:41+00:00\",\"author\":{\"@id\":\"https:\/\/www.rijeka.hr\/it\/#\/schema\/person\/c6f2fe4ba52af1df0e9a2b0a22d63cc0\"},\"breadcrumb\":{\"@id\":\"https:\/\/www.rijeka.hr\/it\/laboratori-educativi-della-municipalizzata-cistoca-occasione-della-celebrazione-della-settimana-europea-per-la-riduzione-dei-rifiuti\/#breadcrumb\"},\"inLanguage\":\"it-IT\",\"potentialAction\":[{\"@type\":\"ReadAction\",\"target\":[\"https:\/\/www.rijeka.hr\/it\/laboratori-educativi-della-municipalizzata-cistoca-occasione-della-celebrazione-della-settimana-europea-per-la-riduzione-dei-rifiuti\/\"]}]},{\"@type\":\"ImageObject\",\"inLanguage\":\"it-IT\",\"@id\":\"https:\/\/www.rijeka.hr\/it\/laboratori-educativi-della-municipalizzata-cistoca-occasione-della-celebrazione-della-settimana-europea-per-la-riduzione-dei-rifiuti\/#primaryimage\",\"url\":\"https:\/\/www.rijeka.hr\/it\/wp-content\/uploads\/sites\/3\/2021\/11\/Riperaj-2-900x600.jpg\",\"contentUrl\":\"https:\/\/www.rijeka.hr\/it\/wp-content\/uploads\/sites\/3\/2021\/11\/Riperaj-2-900x600.jpg\",\"width\":900,\"height\":600},{\"@type\":\"BreadcrumbList\",\"@id\":\"https:\/\/www.rijeka.hr\/it\/laboratori-educativi-della-municipalizzata-cistoca-occasione-della-celebrazione-della-settimana-europea-per-la-riduzione-dei-rifiuti\/#breadcrumb\",\"itemListElement\":[{\"@type\":\"ListItem\",\"position\":1,\"name\":\"Po\u010detna stranica\",\"item\":\"https:\/\/www.rijeka.hr\/it\/\"},{\"@type\":\"ListItem\",\"position\":2,\"name\":\"Laboratori educativi della municipalizzata \u010cisto\u0107a in occasione della celebrazione della Settimana Europea per la Riduzione dei Rifiuti\"}]},{\"@type\":\"WebSite\",\"@id\":\"https:\/\/www.rijeka.hr\/it\/#website\",\"url\":\"https:\/\/www.rijeka.hr\/it\/\",\"name\":\"Citt\u00e0 di Fiume\",\"description\":\"Portale web della Citta&#039; di Fiume\",\"potentialAction\":[{\"@type\":\"SearchAction\",\"target\":{\"@type\":\"EntryPoint\",\"urlTemplate\":\"https:\/\/www.rijeka.hr\/it\/?s={search_term_string}\"},\"query-input\":{\"@type\":\"PropertyValueSpecification\",\"valueRequired\":true,\"valueName\":\"search_term_string\"}}],\"inLanguage\":\"it-IT\"},{\"@type\":\"Person\",\"@id\":\"https:\/\/www.rijeka.hr\/it\/#\/schema\/person\/c6f2fe4ba52af1df0e9a2b0a22d63cc0\",\"name\":\"mbembic\",\"image\":{\"@type\":\"ImageObject\",\"inLanguage\":\"it-IT\",\"@id\":\"https:\/\/www.rijeka.hr\/it\/#\/schema\/person\/image\/\",\"url\":\"https:\/\/secure.gravatar.com\/avatar\/3ce3ce6ed89053defb3e592d3a5f1f9f?s=96&d=mm&r=g\",\"contentUrl\":\"https:\/\/secure.gravatar.com\/avatar\/3ce3ce6ed89053defb3e592d3a5f1f9f?s=96&d=mm&r=g\",\"caption\":\"mbembic\"},\"sameAs\":[\"https:\/\/www.rijeka.hr\/\"],\"url\":\"https:\/\/www.rijeka.hr\/it\/author\/mbembic\/\"}]}<\/script>\n<!-- \/ Yoast SEO plugin. -->","yoast_head_json":{"title":"Laboratori educativi della municipalizzata \u010cisto\u0107a in occasione della celebrazione della Settimana Europea per la Riduzione dei Rifiuti - Citt\u00e0 di Fiume","robots":{"index":"index","follow":"follow","max-snippet":"max-snippet:-1","max-image-preview":"max-image-preview:large","max-video-preview":"max-video-preview:-1"},"canonical":"https:\/\/www.rijeka.hr\/it\/laboratori-educativi-della-municipalizzata-cistoca-occasione-della-celebrazione-della-settimana-europea-per-la-riduzione-dei-rifiuti\/","og_locale":"it_IT","og_type":"article","og_title":"Laboratori educativi della municipalizzata \u010cisto\u0107a in occasione della celebrazione della Settimana Europea per la Riduzione dei Rifiuti - Citt\u00e0 di Fiume","og_description":"Dal 22 al 25 novembre l\u2019azienda municipalizzata \u010cisto\u0107a celebra la Settimana Europea per la Riduzione dei Rifiuti con una serie di attivit\u00e0 presso il Riperaj (via Ivan de Zajc 20b).","og_url":"https:\/\/www.rijeka.hr\/it\/laboratori-educativi-della-municipalizzata-cistoca-occasione-della-celebrazione-della-settimana-europea-per-la-riduzione-dei-rifiuti\/","og_site_name":"Citt\u00e0 di Fiume","article_published_time":"2021-11-19T09:35:50+00:00","article_modified_time":"2021-11-23T07:49:41+00:00","og_image":[{"width":900,"height":600,"url":"https:\/\/www.rijeka.hr\/it\/wp-content\/uploads\/sites\/3\/2021\/11\/Riperaj-2-900x600.jpg","type":"image\/jpeg"}],"author":"mbembic","twitter_card":"summary_large_image","twitter_misc":{"Written by":"mbembic","Est. reading time":"3 minutes"},"schema":{"@context":"https:\/\/schema.org","@graph":[{"@type":"WebPage","@id":"https:\/\/www.rijeka.hr\/it\/laboratori-educativi-della-municipalizzata-cistoca-occasione-della-celebrazione-della-settimana-europea-per-la-riduzione-dei-rifiuti\/","url":"https:\/\/www.rijeka.hr\/it\/laboratori-educativi-della-municipalizzata-cistoca-occasione-della-celebrazione-della-settimana-europea-per-la-riduzione-dei-rifiuti\/","name":"Laboratori educativi della municipalizzata \u010cisto\u0107a in occasione della celebrazione della Settimana Europea per la Riduzione dei Rifiuti - Citt\u00e0 di Fiume","isPartOf":{"@id":"https:\/\/www.rijeka.hr\/it\/#website"},"primaryImageOfPage":{"@id":"https:\/\/www.rijeka.hr\/it\/laboratori-educativi-della-municipalizzata-cistoca-occasione-della-celebrazione-della-settimana-europea-per-la-riduzione-dei-rifiuti\/#primaryimage"},"image":{"@id":"https:\/\/www.rijeka.hr\/it\/laboratori-educativi-della-municipalizzata-cistoca-occasione-della-celebrazione-della-settimana-europea-per-la-riduzione-dei-rifiuti\/#primaryimage"},"thumbnailUrl":"https:\/\/www.rijeka.hr\/it\/wp-content\/uploads\/sites\/3\/2021\/11\/Riperaj-2-900x600.jpg","datePublished":"2021-11-19T09:35:50+00:00","dateModified":"2021-11-23T07:49:41+00:00","author":{"@id":"https:\/\/www.rijeka.hr\/it\/#\/schema\/person\/c6f2fe4ba52af1df0e9a2b0a22d63cc0"},"breadcrumb":{"@id":"https:\/\/www.rijeka.hr\/it\/laboratori-educativi-della-municipalizzata-cistoca-occasione-della-celebrazione-della-settimana-europea-per-la-riduzione-dei-rifiuti\/#breadcrumb"},"inLanguage":"it-IT","potentialAction":[{"@type":"ReadAction","target":["https:\/\/www.rijeka.hr\/it\/laboratori-educativi-della-municipalizzata-cistoca-occasione-della-celebrazione-della-settimana-europea-per-la-riduzione-dei-rifiuti\/"]}]},{"@type":"ImageObject","inLanguage":"it-IT","@id":"https:\/\/www.rijeka.hr\/it\/laboratori-educativi-della-municipalizzata-cistoca-occasione-della-celebrazione-della-settimana-europea-per-la-riduzione-dei-rifiuti\/#primaryimage","url":"https:\/\/www.rijeka.hr\/it\/wp-content\/uploads\/sites\/3\/2021\/11\/Riperaj-2-900x600.jpg","contentUrl":"https:\/\/www.rijeka.hr\/it\/wp-content\/uploads\/sites\/3\/2021\/11\/Riperaj-2-900x600.jpg","width":900,"height":600},{"@type":"BreadcrumbList","@id":"https:\/\/www.rijeka.hr\/it\/laboratori-educativi-della-municipalizzata-cistoca-occasione-della-celebrazione-della-settimana-europea-per-la-riduzione-dei-rifiuti\/#breadcrumb","itemListElement":[{"@type":"ListItem","position":1,"name":"Po\u010detna stranica","item":"https:\/\/www.rijeka.hr\/it\/"},{"@type":"ListItem","position":2,"name":"Laboratori educativi della municipalizzata \u010cisto\u0107a in occasione della celebrazione della Settimana Europea per la Riduzione dei Rifiuti"}]},{"@type":"WebSite","@id":"https:\/\/www.rijeka.hr\/it\/#website","url":"https:\/\/www.rijeka.hr\/it\/","name":"Citt\u00e0 di Fiume","description":"Portale web della Citta&#039; di Fiume","potentialAction":[{"@type":"SearchAction","target":{"@type":"EntryPoint","urlTemplate":"https:\/\/www.rijeka.hr\/it\/?s={search_term_string}"},"query-input":{"@type":"PropertyValueSpecification","valueRequired":true,"valueName":"search_term_string"}}],"inLanguage":"it-IT"},{"@type":"Person","@id":"https:\/\/www.rijeka.hr\/it\/#\/schema\/person\/c6f2fe4ba52af1df0e9a2b0a22d63cc0","name":"mbembic","image":{"@type":"ImageObject","inLanguage":"it-IT","@id":"https:\/\/www.rijeka.hr\/it\/#\/schema\/person\/image\/","url":"https:\/\/secure.gravatar.com\/avatar\/3ce3ce6ed89053defb3e592d3a5f1f9f?s=96&d=mm&r=g","contentUrl":"https:\/\/secure.gravatar.com\/avatar\/3ce3ce6ed89053defb3e592d3a5f1f9f?s=96&d=mm&r=g","caption":"mbembic"},"sameAs":["https:\/\/www.rijeka.hr\/"],"url":"https:\/\/www.rijeka.hr\/it\/author\/mbembic\/"}]}},"_links":{"self":[{"href":"https:\/\/www.rijeka.hr\/it\/wp-json\/wp\/v2\/posts\/13697","targetHints":{"allow":["GET"]}}],"collection":[{"href":"https:\/\/www.rijeka.hr\/it\/wp-json\/wp\/v2\/posts"}],"about":[{"href":"https:\/\/www.rijeka.hr\/it\/wp-json\/wp\/v2\/types\/post"}],"author":[{"embeddable":true,"href":"https:\/\/www.rijeka.hr\/it\/wp-json\/wp\/v2\/users\/89"}],"replies":[{"embeddable":true,"href":"https:\/\/www.rijeka.hr\/it\/wp-json\/wp\/v2\/comments?post=13697"}],"version-history":[{"count":4,"href":"https:\/\/www.rijeka.hr\/it\/wp-json\/wp\/v2\/posts\/13697\/revisions"}],"predecessor-version":[{"id":13704,"href":"https:\/\/www.rijeka.hr\/it\/wp-json\/wp\/v2\/posts\/13697\/revisions\/13704"}],"wp:featuredmedia":[{"embeddable":true,"href":"https:\/\/www.rijeka.hr\/it\/wp-json\/wp\/v2\/media\/13702"}],"wp:attachment":[{"href":"https:\/\/www.rijeka.hr\/it\/wp-json\/wp\/v2\/media?parent=13697"}],"wp:term":[{"taxonomy":"category","embeddable":true,"href":"https:\/\/www.rijeka.hr\/it\/wp-json\/wp\/v2\/categories?post=13697"},{"taxonomy":"post_tag","embeddable":true,"href":"https:\/\/www.rijeka.hr\/it\/wp-json\/wp\/v2\/tags?post=13697"}],"curies":[{"name":"wp","href":"https:\/\/api.w.org\/{rel}","templated":true}]}}