{"id":13708,"date":"2021-11-19T14:33:58","date_gmt":"2021-11-19T13:33:58","guid":{"rendered":"https:\/\/www.rijeka.hr\/it\/?p=13708"},"modified":"2021-11-23T14:38:36","modified_gmt":"2021-11-23T13:38:36","slug":"e-stato-proposto-lampliamento-dellagglomerazione-urbana-di-fiume-buccari-mattuglie-jelenje-e-castelmuschio","status":"publish","type":"post","link":"https:\/\/www.rijeka.hr\/it\/e-stato-proposto-lampliamento-dellagglomerazione-urbana-di-fiume-buccari-mattuglie-jelenje-e-castelmuschio\/","title":{"rendered":"\u00c8 stato proposto l\u2019ampliamento dell&#8217;agglomerazione urbana di Fiume a Buccari, Mattuglie, Jelenje e Castelmuschio"},"content":{"rendered":"<p>L&#8217;agglomerazione urbana di Fiume \u00e8 stata instaurata nel 2015 ed \u00e8 composta da dieci unit\u00e0 di autogoverno locale, ovvero comprende le seguenti citt\u00e0: Fiume (sede dell&#8217;agglomerazione urbana), Castua, Kraljevica e Abbazia e i comuni di \u010cavle, Klana, Kostrena, Laurana, Draga di Moschiena e Vi\u0161kovo.<\/p>\n<p>L&#8217;obiettivo principale dell\u2019instaurazione dell&#8217;agglomerazione urbana di Fiume era quello di utilizzare i fondi europei attraverso il Meccanismo di investimenti territoriali integrati (meccanismo ITI). L&#8217;Unione Europea ha introdotto il meccanismo ITi con l&#8217;obiettivo di rafforzare il ruolo delle citt\u00e0 come motori dello sviluppo economico. Il meccanismo serve per attuare le attivit\u00e0 di sviluppo urbano sostenibile che hanno una forte dimensione territoriale e consente di assicurare il sostegno finanziario per l&#8217;attuazione di attivit\u00e0 integrate.<\/p>\n<h2>Finora attraverso il meccanismo ITI sono stati attinti 327 milioni di kune a fondo perduto<\/h2>\n<p>Nel periodo finanziario dal 2014 al 2020 attraverso questo meccanismo, \u00e8 stato approvato il cofinanziamento a fondo perduto per un importo di oltre 327 milioni di kune per 12 progetti nel territorio dell&#8217;agglomerazione urbana di Fiume, la cui attuazione \u00e8 in corso.<\/p>\n<p>Il valore complessivo dei progetti \u00e8 di quasi 547 milioni di kune e si tratta dei seguenti progetti:<\/p>\n<ul>\n<li>Rivitalizzazione del complesso Ben\u010di\u0107 \u2013 l\u2019Edificio di mattoni e l\u2019Edificio T<\/li>\n<li>Potenziamento del sistema di trasporto pubblico; azienda municipalizzata Autotrolej<\/li>\n<li>Connettiamoci al patrimonio, la Citt\u00e0 di Fiume e tutti i membri dell\u2019AU di Fiume<\/li>\n<li>Castua Smart start; Citt\u00e0 di Castua<\/li>\n<li>Istituzione dell\u2019incubatore imprenditoriale della Citt\u00e0 di Abbazia &#8211; HUBBAZIA; Citt\u00e0 di Abbazia<\/li>\n<li>Energana (Centrale energetica) \u2013 Incubatore startup per le tecnologie creative e per l\u2019industria IT; Citt\u00e0 di Fiume<\/li>\n<li>Zona di lavoro Mari\u0161\u0107ina K-2 nel Comune di Vi\u0161kovo; Comune di Vi\u0161kovo<\/li>\n<li>Ricostruzione della strada nella zona imprenditoriale Lokva nella citt\u00e0 di Laurana; Comune di Laurana<\/li>\n<li>Costruzione di una strada interna nella zona produttiva I2 Soboli; Comune di \u010cavle<\/li>\n<li>Rivitalizzazione dei Giardini e vivai americani nel Parco Angiolina; Parkovi Abbazia<\/li>\n<li>Ricostruzione dell&#8217;area dismessa in un nuovo centro comunitario a Laurana; Comune di Laurana<\/li>\n<li>Ricostruzione del sistema di riscaldamento di Fiume; Energo<\/li>\n<\/ul>\n<h2>Proposta di ampliamento dell&#8217;agglomerazione urbana di Fiume<\/h2>\n<p>Ai sensi delle disposizioni dei regolamenti dell\u2019UE, nel periodo finanziario 2021-2027 la Repubblica di Croazia pianifica di ampliare l&#8217;utilizzo del meccanismo ITI dalle sette esistenti ad altre 15 aree urbane. Allo stesso tempo, alle aree urbane esistenti \u00e8 permesso di modificare la copertura, ovvero di modificare il numero delle unit\u00e0 di autogoverno locale incluse nell&#8217;area urbana.<\/p>\n<p>In caso di aumento del numero di unit\u00e0 di autogoverno locale, la copertura dell&#8217;area urbana deve soddisfare i criteri di base, come segue:<\/p>\n<ul>\n<li>continuit\u00e0 spaziale e quota di migrazioni giornaliere dei dipendenti verso il centro dell&#8217;area urbana di almeno il 30%,<\/li>\n<\/ul>\n<p>e criteri aggiuntivi come:<\/p>\n<ul>\n<li>collegamenti funzionali (servizi comuni, aziende, ecc.),<\/li>\n<li>criteri infrastrutturali (investimenti di capitale nelle infrastrutture stradali, ferroviarie, portuali, aeree, ecc. nell&#8217;area di copertura),<\/li>\n<li>criteri per una risposta comune a una o pi\u00f9 sfide sociali (cambiamenti climatici, qualit\u00e0 dell&#8217;aria, congestione del traffico, reindustrializzazione, ecc.).<\/li>\n<\/ul>\n<p>La dimensione dell&#8217;area urbana \u00e8 limitata e pu\u00f2 essere composta da un massimo di quattordici unit\u00e0 di autogoverno locale, pur rispettando la condizione della continuit\u00e0 spaziale.<\/p>\n<p>Per il periodo finanziario 2021-2027 si propone di includere quattro unit\u00e0 di autogoverno locale nell&#8217;agglomerazione, vale a dire: la citt\u00e0 di Buccari e i comuni di Jelenje, Mattuglie e Castelmuschio.<\/p>\n<p>Queste citt\u00e0 e comuni soddisfano il criterio della continuit\u00e0 spaziale, mentre la citt\u00e0 di Buccari e i comuni di Jelenje e Mattuglie soddisfanno il criterio della quota di migrazioni giornaliere. L\u2019inclusione del comune di Castelmuschio \u00e8 principalmente soggetta al criterio della connettivit\u00e0 funzionale e infrastrutturale, come criterio aggiuntivo secondo il quale la citt\u00e0 di Abbazia e i comuni di Laurana e Draga di Moschiena sono gi\u00e0 inclusi nella copertura dell\u2019AU di Fiume.<\/p>\n<h2>La procedura per modificare la copertura dell&#8217;agglomerazione urbana di Fiume<\/h2>\n<p>Tutte le unit\u00e0 di autogoverno locale proposte di essere incluse nella composizione dell&#8217;AU di Fiume nel periodo 2021-2027 hanno soddisfatto i criteri per l&#8217;inclusione nella copertura nel periodo 2016-2020 e sono state invitate a unirsi all\u2019AU di Fiume, ma i loro organi di rappresentanza non hanno preso le decisioni necessarie.<\/p>\n<p>Seguendo le raccomandazioni del Ministero dello sviluppo regionale e dei fondi dell&#8217;UE, il Coordinamento dell\u2019AU di Fiume nel 2019 ha concluso che il processo di ampliamento dovrebbe iniziare e ha invitato la citt\u00e0 di Buccari e i comuni di Jelenje, Mattuglie e Castelmuschio ad aderire all&#8217;AU di Fiume.<\/p>\n<p>Dopo il Comune di Jelenje, la decisione di aderire \u00e8 stata presa da altre unit\u00e0 di autogoverno locali: il Comune di Mattuglie nel novembre 2020, la citt\u00e0 di Buccari ad agosto e il Comune di Castelmuschio nell&#8217;ottobre di quest&#8217;anno.<\/p>\n<p>Nei mesi di settembre e inizio ottobre si sono tenuti incontri tra i rappresentanti della Citt\u00e0 di Fiume e i rappresentanti del potere esecutivo di ciascuna unit\u00e0 di autogoverno locale, nel corso di cui \u00e8 stato presentato il lavoro dell&#8217;agglomerazione urbana di Fiume e i risultati dell&#8217;applicazione del modello ITI nel periodo 2016- 2020, sono state presentate le procedure e gli obblighi in materia di pianificazione strategica dello sviluppo urbano sostenibile nel periodo 2021-2027, conoscenze attuali su obiettivi specifici e possibili aree per la progettazione di progetti che potrebbero essere finanziati\u00a0 dal meccanismo ITI nel periodo 2021-2027 e informazioni sono state scambiate sull&#8217;interesse specifico di ciascuna unit\u00e0 di autogoverno locale in termini di investimento, possibili progetti e loro livello di preparazione. I rappresentanti di tutte le unit\u00e0 di autogoverno locale hanno confermato o espresso soddisfazione per la possibilit\u00e0 di aderire all\u2019AU di Fiume e hanno espresso interesse per le forme di lavoro degli organi dell\u2019AU e la metodologia e le dinamiche di preparazione e attuazione dei bandi per l&#8217;attuazione di progetti.<\/p>\n<h2>Prossime attivit\u00e0<\/h2>\n<p>Affinch\u00e9 l&#8217;agglomerazione urbana di Fiume agisca in conformit\u00e0 con le aspettative dei suoi membri e le disposizioni di legge nel prossimo periodo finanziario, \u00e8 necessario svolgere un gran numero di attivit\u00e0.<\/p>\n<p>Tra le altre cose, il Consiglio cittadino della Citt\u00e0 di Fiume deve prendere la decisione sull&#8217;ampliamento dell&#8217;agglomerazione urbana di Fiume. La Citt\u00e0 di Fiume, in quanto centro dell&#8217;agglomerazione urbana, inoltra al Ministero dello Sviluppo Regionale e dei Fondi UE la proposta finale riguardanti la copertura dell&#8217;Agglomerazione urbana di Fiume per ricevere il loro parere, e il Ministro prende la decisione sulla sua instaurazione.<\/p>\n<p>Dopo aver ricevuto la decisione sull\u2019instaurazione, al fine di operare efficacemente, l&#8217;Agglomerazione urbana di Fiume dovrebbe istituire il Consiglio di coordinamento e il Consiglio di partenariato, e tutti i membri dell&#8217;AU di Fiume devono concludere l\u2019Accordo di cooperazione per la stesura e l&#8217;attuazione della Strategia di sviluppo del territorio urbano come documento fondamentale di sviluppo strategico nel periodo 2021-2027.<\/p>\n","protected":false},"excerpt":{"rendered":"<p>Al Consiglio cittadino \u00e8 stata inviata la proposta di ampliare la copertura dell&#8217;agglomerazione urbana di Fiume alla citt\u00e0 di Buccari e ai comuni di Mattuglie, Jelenje e Castelmuschio.<\/p>\n","protected":false},"author":8,"featured_media":13713,"comment_status":"open","ping_status":"open","sticky":false,"template":"","format":"standard","meta":{"_acf_changed":false,"_trash_the_other_posts":false,"footnotes":"","_links_to":"","_links_to_target":""},"categories":[976],"tags":[1201,1114,1200],"class_list":["post-13708","post","type-post","status-publish","format-standard","has-post-thumbnail","hentry","category-articoli","tag-ampliamento","tag-lagglomerazione-urbana-di-fiume","tag-meccanismo-di-investimenti-territoriali-integrati-meccanismo-iti"],"acf":[],"yoast_head":"<!-- This site is optimized with the Yoast SEO plugin v24.4 - https:\/\/yoast.com\/wordpress\/plugins\/seo\/ -->\n<title>\u00c8 stato proposto l\u2019ampliamento dell&#039;agglomerazione urbana di Fiume a Buccari, Mattuglie, Jelenje e Castelmuschio - Citt\u00e0 di Fiume<\/title>\n<meta name=\"robots\" content=\"index, follow, max-snippet:-1, max-image-preview:large, max-video-preview:-1\" \/>\n<link rel=\"canonical\" href=\"https:\/\/www.rijeka.hr\/it\/e-stato-proposto-lampliamento-dellagglomerazione-urbana-di-fiume-buccari-mattuglie-jelenje-e-castelmuschio\/\" \/>\n<meta property=\"og:locale\" content=\"it_IT\" \/>\n<meta property=\"og:type\" content=\"article\" \/>\n<meta property=\"og:title\" content=\"\u00c8 stato proposto l\u2019ampliamento dell&#039;agglomerazione urbana di Fiume a Buccari, Mattuglie, Jelenje e Castelmuschio - Citt\u00e0 di Fiume\" \/>\n<meta property=\"og:description\" content=\"Al Consiglio cittadino \u00e8 stata inviata la proposta di ampliare la copertura dell&#039;agglomerazione urbana di Fiume alla citt\u00e0 di Buccari e ai comuni di Mattuglie, Jelenje e Castelmuschio.\" \/>\n<meta property=\"og:url\" content=\"https:\/\/www.rijeka.hr\/it\/e-stato-proposto-lampliamento-dellagglomerazione-urbana-di-fiume-buccari-mattuglie-jelenje-e-castelmuschio\/\" \/>\n<meta property=\"og:site_name\" content=\"Citt\u00e0 di Fiume\" \/>\n<meta property=\"article:published_time\" content=\"2021-11-19T13:33:58+00:00\" \/>\n<meta property=\"article:modified_time\" content=\"2021-11-23T13:38:36+00:00\" \/>\n<meta property=\"og:image\" content=\"https:\/\/www.rijeka.hr\/it\/wp-content\/uploads\/sites\/3\/2021\/11\/Prijedlog-obuhvata-Urbane-aglomeracije-Rijeka-u-razdoblju-2021.-2027-1-697x600.jpg\" \/>\n\t<meta property=\"og:image:width\" content=\"697\" \/>\n\t<meta property=\"og:image:height\" content=\"600\" \/>\n\t<meta property=\"og:image:type\" content=\"image\/jpeg\" \/>\n<meta name=\"author\" content=\"sradovic\" \/>\n<meta name=\"twitter:card\" content=\"summary_large_image\" \/>\n<meta name=\"twitter:label1\" content=\"Written by\" \/>\n\t<meta name=\"twitter:data1\" content=\"sradovic\" \/>\n\t<meta name=\"twitter:label2\" content=\"Est. reading time\" \/>\n\t<meta name=\"twitter:data2\" content=\"5 minutes\" \/>\n<script type=\"application\/ld+json\" class=\"yoast-schema-graph\">{\"@context\":\"https:\/\/schema.org\",\"@graph\":[{\"@type\":\"WebPage\",\"@id\":\"https:\/\/www.rijeka.hr\/it\/e-stato-proposto-lampliamento-dellagglomerazione-urbana-di-fiume-buccari-mattuglie-jelenje-e-castelmuschio\/\",\"url\":\"https:\/\/www.rijeka.hr\/it\/e-stato-proposto-lampliamento-dellagglomerazione-urbana-di-fiume-buccari-mattuglie-jelenje-e-castelmuschio\/\",\"name\":\"\u00c8 stato proposto l\u2019ampliamento dell'agglomerazione urbana di Fiume a Buccari, Mattuglie, Jelenje e Castelmuschio - Citt\u00e0 di Fiume\",\"isPartOf\":{\"@id\":\"https:\/\/www.rijeka.hr\/it\/#website\"},\"primaryImageOfPage\":{\"@id\":\"https:\/\/www.rijeka.hr\/it\/e-stato-proposto-lampliamento-dellagglomerazione-urbana-di-fiume-buccari-mattuglie-jelenje-e-castelmuschio\/#primaryimage\"},\"image\":{\"@id\":\"https:\/\/www.rijeka.hr\/it\/e-stato-proposto-lampliamento-dellagglomerazione-urbana-di-fiume-buccari-mattuglie-jelenje-e-castelmuschio\/#primaryimage\"},\"thumbnailUrl\":\"https:\/\/www.rijeka.hr\/it\/wp-content\/uploads\/sites\/3\/2021\/11\/Prijedlog-obuhvata-Urbane-aglomeracije-Rijeka-u-razdoblju-2021.-2027-1-697x600.jpg\",\"datePublished\":\"2021-11-19T13:33:58+00:00\",\"dateModified\":\"2021-11-23T13:38:36+00:00\",\"author\":{\"@id\":\"https:\/\/www.rijeka.hr\/it\/#\/schema\/person\/f944eacc70b6a69bc142d9389862b37b\"},\"breadcrumb\":{\"@id\":\"https:\/\/www.rijeka.hr\/it\/e-stato-proposto-lampliamento-dellagglomerazione-urbana-di-fiume-buccari-mattuglie-jelenje-e-castelmuschio\/#breadcrumb\"},\"inLanguage\":\"it-IT\",\"potentialAction\":[{\"@type\":\"ReadAction\",\"target\":[\"https:\/\/www.rijeka.hr\/it\/e-stato-proposto-lampliamento-dellagglomerazione-urbana-di-fiume-buccari-mattuglie-jelenje-e-castelmuschio\/\"]}]},{\"@type\":\"ImageObject\",\"inLanguage\":\"it-IT\",\"@id\":\"https:\/\/www.rijeka.hr\/it\/e-stato-proposto-lampliamento-dellagglomerazione-urbana-di-fiume-buccari-mattuglie-jelenje-e-castelmuschio\/#primaryimage\",\"url\":\"https:\/\/www.rijeka.hr\/it\/wp-content\/uploads\/sites\/3\/2021\/11\/Prijedlog-obuhvata-Urbane-aglomeracije-Rijeka-u-razdoblju-2021.-2027-1-697x600.jpg\",\"contentUrl\":\"https:\/\/www.rijeka.hr\/it\/wp-content\/uploads\/sites\/3\/2021\/11\/Prijedlog-obuhvata-Urbane-aglomeracije-Rijeka-u-razdoblju-2021.-2027-1-697x600.jpg\",\"width\":697,\"height\":600},{\"@type\":\"BreadcrumbList\",\"@id\":\"https:\/\/www.rijeka.hr\/it\/e-stato-proposto-lampliamento-dellagglomerazione-urbana-di-fiume-buccari-mattuglie-jelenje-e-castelmuschio\/#breadcrumb\",\"itemListElement\":[{\"@type\":\"ListItem\",\"position\":1,\"name\":\"Po\u010detna stranica\",\"item\":\"https:\/\/www.rijeka.hr\/it\/\"},{\"@type\":\"ListItem\",\"position\":2,\"name\":\"\u00c8 stato proposto l\u2019ampliamento dell&#8217;agglomerazione urbana di Fiume a Buccari, Mattuglie, Jelenje e Castelmuschio\"}]},{\"@type\":\"WebSite\",\"@id\":\"https:\/\/www.rijeka.hr\/it\/#website\",\"url\":\"https:\/\/www.rijeka.hr\/it\/\",\"name\":\"Citt\u00e0 di Fiume\",\"description\":\"Portale web della Citta&#039; di Fiume\",\"potentialAction\":[{\"@type\":\"SearchAction\",\"target\":{\"@type\":\"EntryPoint\",\"urlTemplate\":\"https:\/\/www.rijeka.hr\/it\/?s={search_term_string}\"},\"query-input\":{\"@type\":\"PropertyValueSpecification\",\"valueRequired\":true,\"valueName\":\"search_term_string\"}}],\"inLanguage\":\"it-IT\"},{\"@type\":\"Person\",\"@id\":\"https:\/\/www.rijeka.hr\/it\/#\/schema\/person\/f944eacc70b6a69bc142d9389862b37b\",\"name\":\"sradovic\",\"image\":{\"@type\":\"ImageObject\",\"inLanguage\":\"it-IT\",\"@id\":\"https:\/\/www.rijeka.hr\/it\/#\/schema\/person\/image\/\",\"url\":\"https:\/\/secure.gravatar.com\/avatar\/d438b95983d528813c6fe2e5812a4188?s=96&d=mm&r=g\",\"contentUrl\":\"https:\/\/secure.gravatar.com\/avatar\/d438b95983d528813c6fe2e5812a4188?s=96&d=mm&r=g\",\"caption\":\"sradovic\"},\"url\":\"https:\/\/www.rijeka.hr\/it\/author\/sradovic\/\"}]}<\/script>\n<!-- \/ Yoast SEO plugin. -->","yoast_head_json":{"title":"\u00c8 stato proposto l\u2019ampliamento dell'agglomerazione urbana di Fiume a Buccari, Mattuglie, Jelenje e Castelmuschio - Citt\u00e0 di Fiume","robots":{"index":"index","follow":"follow","max-snippet":"max-snippet:-1","max-image-preview":"max-image-preview:large","max-video-preview":"max-video-preview:-1"},"canonical":"https:\/\/www.rijeka.hr\/it\/e-stato-proposto-lampliamento-dellagglomerazione-urbana-di-fiume-buccari-mattuglie-jelenje-e-castelmuschio\/","og_locale":"it_IT","og_type":"article","og_title":"\u00c8 stato proposto l\u2019ampliamento dell'agglomerazione urbana di Fiume a Buccari, Mattuglie, Jelenje e Castelmuschio - Citt\u00e0 di Fiume","og_description":"Al Consiglio cittadino \u00e8 stata inviata la proposta di ampliare la copertura dell'agglomerazione urbana di Fiume alla citt\u00e0 di Buccari e ai comuni di Mattuglie, Jelenje e Castelmuschio.","og_url":"https:\/\/www.rijeka.hr\/it\/e-stato-proposto-lampliamento-dellagglomerazione-urbana-di-fiume-buccari-mattuglie-jelenje-e-castelmuschio\/","og_site_name":"Citt\u00e0 di Fiume","article_published_time":"2021-11-19T13:33:58+00:00","article_modified_time":"2021-11-23T13:38:36+00:00","og_image":[{"width":697,"height":600,"url":"https:\/\/www.rijeka.hr\/it\/wp-content\/uploads\/sites\/3\/2021\/11\/Prijedlog-obuhvata-Urbane-aglomeracije-Rijeka-u-razdoblju-2021.-2027-1-697x600.jpg","type":"image\/jpeg"}],"author":"sradovic","twitter_card":"summary_large_image","twitter_misc":{"Written by":"sradovic","Est. reading time":"5 minutes"},"schema":{"@context":"https:\/\/schema.org","@graph":[{"@type":"WebPage","@id":"https:\/\/www.rijeka.hr\/it\/e-stato-proposto-lampliamento-dellagglomerazione-urbana-di-fiume-buccari-mattuglie-jelenje-e-castelmuschio\/","url":"https:\/\/www.rijeka.hr\/it\/e-stato-proposto-lampliamento-dellagglomerazione-urbana-di-fiume-buccari-mattuglie-jelenje-e-castelmuschio\/","name":"\u00c8 stato proposto l\u2019ampliamento dell'agglomerazione urbana di Fiume a Buccari, Mattuglie, Jelenje e Castelmuschio - Citt\u00e0 di Fiume","isPartOf":{"@id":"https:\/\/www.rijeka.hr\/it\/#website"},"primaryImageOfPage":{"@id":"https:\/\/www.rijeka.hr\/it\/e-stato-proposto-lampliamento-dellagglomerazione-urbana-di-fiume-buccari-mattuglie-jelenje-e-castelmuschio\/#primaryimage"},"image":{"@id":"https:\/\/www.rijeka.hr\/it\/e-stato-proposto-lampliamento-dellagglomerazione-urbana-di-fiume-buccari-mattuglie-jelenje-e-castelmuschio\/#primaryimage"},"thumbnailUrl":"https:\/\/www.rijeka.hr\/it\/wp-content\/uploads\/sites\/3\/2021\/11\/Prijedlog-obuhvata-Urbane-aglomeracije-Rijeka-u-razdoblju-2021.-2027-1-697x600.jpg","datePublished":"2021-11-19T13:33:58+00:00","dateModified":"2021-11-23T13:38:36+00:00","author":{"@id":"https:\/\/www.rijeka.hr\/it\/#\/schema\/person\/f944eacc70b6a69bc142d9389862b37b"},"breadcrumb":{"@id":"https:\/\/www.rijeka.hr\/it\/e-stato-proposto-lampliamento-dellagglomerazione-urbana-di-fiume-buccari-mattuglie-jelenje-e-castelmuschio\/#breadcrumb"},"inLanguage":"it-IT","potentialAction":[{"@type":"ReadAction","target":["https:\/\/www.rijeka.hr\/it\/e-stato-proposto-lampliamento-dellagglomerazione-urbana-di-fiume-buccari-mattuglie-jelenje-e-castelmuschio\/"]}]},{"@type":"ImageObject","inLanguage":"it-IT","@id":"https:\/\/www.rijeka.hr\/it\/e-stato-proposto-lampliamento-dellagglomerazione-urbana-di-fiume-buccari-mattuglie-jelenje-e-castelmuschio\/#primaryimage","url":"https:\/\/www.rijeka.hr\/it\/wp-content\/uploads\/sites\/3\/2021\/11\/Prijedlog-obuhvata-Urbane-aglomeracije-Rijeka-u-razdoblju-2021.-2027-1-697x600.jpg","contentUrl":"https:\/\/www.rijeka.hr\/it\/wp-content\/uploads\/sites\/3\/2021\/11\/Prijedlog-obuhvata-Urbane-aglomeracije-Rijeka-u-razdoblju-2021.-2027-1-697x600.jpg","width":697,"height":600},{"@type":"BreadcrumbList","@id":"https:\/\/www.rijeka.hr\/it\/e-stato-proposto-lampliamento-dellagglomerazione-urbana-di-fiume-buccari-mattuglie-jelenje-e-castelmuschio\/#breadcrumb","itemListElement":[{"@type":"ListItem","position":1,"name":"Po\u010detna stranica","item":"https:\/\/www.rijeka.hr\/it\/"},{"@type":"ListItem","position":2,"name":"\u00c8 stato proposto l\u2019ampliamento dell&#8217;agglomerazione urbana di Fiume a Buccari, Mattuglie, Jelenje e Castelmuschio"}]},{"@type":"WebSite","@id":"https:\/\/www.rijeka.hr\/it\/#website","url":"https:\/\/www.rijeka.hr\/it\/","name":"Citt\u00e0 di Fiume","description":"Portale web della Citta&#039; di Fiume","potentialAction":[{"@type":"SearchAction","target":{"@type":"EntryPoint","urlTemplate":"https:\/\/www.rijeka.hr\/it\/?s={search_term_string}"},"query-input":{"@type":"PropertyValueSpecification","valueRequired":true,"valueName":"search_term_string"}}],"inLanguage":"it-IT"},{"@type":"Person","@id":"https:\/\/www.rijeka.hr\/it\/#\/schema\/person\/f944eacc70b6a69bc142d9389862b37b","name":"sradovic","image":{"@type":"ImageObject","inLanguage":"it-IT","@id":"https:\/\/www.rijeka.hr\/it\/#\/schema\/person\/image\/","url":"https:\/\/secure.gravatar.com\/avatar\/d438b95983d528813c6fe2e5812a4188?s=96&d=mm&r=g","contentUrl":"https:\/\/secure.gravatar.com\/avatar\/d438b95983d528813c6fe2e5812a4188?s=96&d=mm&r=g","caption":"sradovic"},"url":"https:\/\/www.rijeka.hr\/it\/author\/sradovic\/"}]}},"_links":{"self":[{"href":"https:\/\/www.rijeka.hr\/it\/wp-json\/wp\/v2\/posts\/13708","targetHints":{"allow":["GET"]}}],"collection":[{"href":"https:\/\/www.rijeka.hr\/it\/wp-json\/wp\/v2\/posts"}],"about":[{"href":"https:\/\/www.rijeka.hr\/it\/wp-json\/wp\/v2\/types\/post"}],"author":[{"embeddable":true,"href":"https:\/\/www.rijeka.hr\/it\/wp-json\/wp\/v2\/users\/8"}],"replies":[{"embeddable":true,"href":"https:\/\/www.rijeka.hr\/it\/wp-json\/wp\/v2\/comments?post=13708"}],"version-history":[{"count":3,"href":"https:\/\/www.rijeka.hr\/it\/wp-json\/wp\/v2\/posts\/13708\/revisions"}],"predecessor-version":[{"id":13712,"href":"https:\/\/www.rijeka.hr\/it\/wp-json\/wp\/v2\/posts\/13708\/revisions\/13712"}],"wp:featuredmedia":[{"embeddable":true,"href":"https:\/\/www.rijeka.hr\/it\/wp-json\/wp\/v2\/media\/13713"}],"wp:attachment":[{"href":"https:\/\/www.rijeka.hr\/it\/wp-json\/wp\/v2\/media?parent=13708"}],"wp:term":[{"taxonomy":"category","embeddable":true,"href":"https:\/\/www.rijeka.hr\/it\/wp-json\/wp\/v2\/categories?post=13708"},{"taxonomy":"post_tag","embeddable":true,"href":"https:\/\/www.rijeka.hr\/it\/wp-json\/wp\/v2\/tags?post=13708"}],"curies":[{"name":"wp","href":"https:\/\/api.w.org\/{rel}","templated":true}]}}