{"id":13722,"date":"2021-11-23T10:18:07","date_gmt":"2021-11-23T09:18:07","guid":{"rendered":"https:\/\/www.rijeka.hr\/it\/?p=13722"},"modified":"2021-11-24T10:20:46","modified_gmt":"2021-11-24T09:20:46","slug":"la-citta-di-fiume-invita-tutti-cittadini-interessati-alle-giornate-porte-aperte-sui-progetti-ue","status":"publish","type":"post","link":"https:\/\/www.rijeka.hr\/it\/la-citta-di-fiume-invita-tutti-cittadini-interessati-alle-giornate-porte-aperte-sui-progetti-ue\/","title":{"rendered":"La Citt\u00e0 di Fiume invita tutti i cittadini interessati alle Giornate a Porte Aperte sui progetti UE"},"content":{"rendered":"<p>Nell&#8217;ambito delle Giornate a Porte Aperte sui progetti UE da mercoled\u00ec 24 novembre 2021 a venerd\u00ec 26 novembre 2021, la Citt\u00e0 di Fiume organizza per tutti i cittadini interessati un programma di presentazione dei progetti in corso &#8220;Valorizzazione turistica dei monumenti rappresentativi del patrimonio industriale di Fiume&#8221; e &#8220;Rivitalizzazione del complesso Ben\u010di\u0107&#8221; che sono cofinanziati dall&#8217;Unione Europea. Durante il programma che si articoler\u00e0 in tre giorni, i cittadini potranno visitare e conoscere meglio il Palazzo dello Zuccherificio e la Casa dell\u2019Infanzia, le attivit\u00e0 delle istituzioni che si sono traslocate in queste nuove strutture e altre attivit\u00e0 e progetti futuri nel quartiere culturale Ben\u010di\u0107.<\/p>\n<p>Tutti i programmi sono gratuiti per i cittadini, soggetti a preavviso obbligatorio, e la visita e la presentazione saranno organizzate nel rispetto delle misure epidemiologiche vigenti e della certificazione verde COVID-19.<\/p>\n<h3><strong>Il programma delle Giornate \u00a0a Porte Aperte sui progetti europei a Fiume:<\/strong><\/h3>\n<p>Mercoled\u00ec 24\/11\/2021<\/p>\n<ul>\n<li>Visita al Palazzo dello Zuccherificio dalle 17.00 alle 19.00<\/li>\n<\/ul>\n<p>Gioved\u00ec 25\/11\/2021<\/p>\n<ul>\n<li>Visita alla Casa dell\u2019Infanzia dalle 15.30 alle 17.00<\/li>\n<li>Visita al Palazzo dello Zuccherificio dalle 17.00 alle 19.00<\/li>\n<\/ul>\n<p>Venerd\u00ec 26\/11\/2021<\/p>\n<ul>\n<li>Presentazione dei progetti dell&#8217;UE in corso &#8211; &#8220;Valorizzazione turistica dei monumenti rappresentativi del patrimonio industriale di Fiume&#8221; e &#8220;Rivitalizzazione del complesso Ben\u010di\u0107&#8221; alle 12.00 nel Museo di arte moderna e contemporanea<\/li>\n<li>Visita alla Casa dell\u2019Infanzia dalle 15.30 alle 17.00<\/li>\n<li>Visita al Palazzo dello Zuccherificio dalle 17.00 alle 19.00<\/li>\n<\/ul>\n<p>Le domande saranno ricevute fino al completamento del numero permesso tramite i seguenti numeri di telefono ed e-mail:<\/p>\n<ul>\n<li>per visitare il Palazzo dello Zuccherificio al tel. 051\/351 092, dalle 12:00 alle 15:00.<\/li>\n<li>per visitare la Casa dell\u2019Infanzia a: &#x69;&#x6e;&#x66;&#x6f;&#x40;&#x64;&#x6a;&#x65;&#x63;&#x6a;&#x61;&#x6b;&#x75;&#x63;&#x61;&#x2e;&#x68;&#x72;<\/li>\n<li>per presenziare alla presentazione a: k&#115;&#101;&#x6e;&#x69;&#x6a;a&#46;&#98;&#97;&#x74;&#x65;&#x6c;i&#99;&#64;&#114;&#x69;&#x6a;&#x65;k&#97;&#46;&#x68;&#x72;<\/li>\n<\/ul>\n","protected":false},"excerpt":{"rendered":"<p>Le Giornate a Porte Aperte sui progetti UE fanno parte di una pi\u00f9 ampia campagna promossa dalla Commissione Europea intitolata &#8220;Europe in My Region&#8221;, che ha per obiettivo incoraggiare i cittadini di tutta Europa a scoprire e conoscere meglio i progetti finanziati dall\u2019Unione europea.<\/p>\n","protected":false},"author":5,"featured_media":13726,"comment_status":"open","ping_status":"open","sticky":false,"template":"","format":"standard","meta":{"_acf_changed":false,"_trash_the_other_posts":false,"footnotes":"","_links_to":"","_links_to_target":""},"categories":[1],"tags":[1204,1203],"class_list":["post-13722","post","type-post","status-publish","format-standard","has-post-thumbnail","hentry","category-non-categorizzato","tag-europe-in-my-region","tag-giornate-a-porte-aperte-sui-progetti-ue"],"acf":[],"yoast_head":"<!-- This site is optimized with the Yoast SEO plugin v24.4 - https:\/\/yoast.com\/wordpress\/plugins\/seo\/ -->\n<title>La Citt\u00e0 di Fiume invita tutti i cittadini interessati alle Giornate a Porte Aperte sui progetti UE - Citt\u00e0 di Fiume<\/title>\n<meta name=\"robots\" content=\"index, follow, max-snippet:-1, max-image-preview:large, max-video-preview:-1\" \/>\n<link rel=\"canonical\" href=\"https:\/\/www.rijeka.hr\/it\/la-citta-di-fiume-invita-tutti-cittadini-interessati-alle-giornate-porte-aperte-sui-progetti-ue\/\" \/>\n<meta property=\"og:locale\" content=\"it_IT\" \/>\n<meta property=\"og:type\" content=\"article\" \/>\n<meta property=\"og:title\" content=\"La Citt\u00e0 di Fiume invita tutti i cittadini interessati alle Giornate a Porte Aperte sui progetti UE - Citt\u00e0 di Fiume\" \/>\n<meta property=\"og:description\" content=\"Le Giornate a Porte Aperte sui progetti UE fanno parte di una pi\u00f9 ampia campagna promossa dalla Commissione Europea intitolata &quot;Europe in My Region&quot;, che ha per obiettivo incoraggiare i cittadini di tutta Europa a scoprire e conoscere meglio i progetti finanziati dall\u2019Unione europea.\" \/>\n<meta property=\"og:url\" content=\"https:\/\/www.rijeka.hr\/it\/la-citta-di-fiume-invita-tutti-cittadini-interessati-alle-giornate-porte-aperte-sui-progetti-ue\/\" \/>\n<meta property=\"og:site_name\" content=\"Citt\u00e0 di Fiume\" \/>\n<meta property=\"article:published_time\" content=\"2021-11-23T09:18:07+00:00\" \/>\n<meta property=\"article:modified_time\" content=\"2021-11-24T09:20:46+00:00\" \/>\n<meta property=\"og:image\" content=\"https:\/\/www.rijeka.hr\/it\/wp-content\/uploads\/sites\/3\/2021\/11\/Predstavljanje-natje\u010daja-za-koncesije-Pala\u010da-\u0161e\u0107erane-1-900x600.jpg\" \/>\n\t<meta property=\"og:image:width\" content=\"900\" \/>\n\t<meta property=\"og:image:height\" content=\"600\" \/>\n\t<meta property=\"og:image:type\" content=\"image\/jpeg\" \/>\n<meta name=\"author\" content=\"Ivica Nikolac\" \/>\n<meta name=\"twitter:card\" content=\"summary_large_image\" \/>\n<meta name=\"twitter:label1\" content=\"Written by\" \/>\n\t<meta name=\"twitter:data1\" content=\"Ivica Nikolac\" \/>\n\t<meta name=\"twitter:label2\" content=\"Est. reading time\" \/>\n\t<meta name=\"twitter:data2\" content=\"1 minute\" \/>\n<script type=\"application\/ld+json\" class=\"yoast-schema-graph\">{\"@context\":\"https:\/\/schema.org\",\"@graph\":[{\"@type\":\"WebPage\",\"@id\":\"https:\/\/www.rijeka.hr\/it\/la-citta-di-fiume-invita-tutti-cittadini-interessati-alle-giornate-porte-aperte-sui-progetti-ue\/\",\"url\":\"https:\/\/www.rijeka.hr\/it\/la-citta-di-fiume-invita-tutti-cittadini-interessati-alle-giornate-porte-aperte-sui-progetti-ue\/\",\"name\":\"La Citt\u00e0 di Fiume invita tutti i cittadini interessati alle Giornate a Porte Aperte sui progetti UE - Citt\u00e0 di Fiume\",\"isPartOf\":{\"@id\":\"https:\/\/www.rijeka.hr\/it\/#website\"},\"primaryImageOfPage\":{\"@id\":\"https:\/\/www.rijeka.hr\/it\/la-citta-di-fiume-invita-tutti-cittadini-interessati-alle-giornate-porte-aperte-sui-progetti-ue\/#primaryimage\"},\"image\":{\"@id\":\"https:\/\/www.rijeka.hr\/it\/la-citta-di-fiume-invita-tutti-cittadini-interessati-alle-giornate-porte-aperte-sui-progetti-ue\/#primaryimage\"},\"thumbnailUrl\":\"https:\/\/www.rijeka.hr\/it\/wp-content\/uploads\/sites\/3\/2021\/11\/Predstavljanje-natje\u010daja-za-koncesije-Pala\u010da-\u0161e\u0107erane-1-900x600.jpg\",\"datePublished\":\"2021-11-23T09:18:07+00:00\",\"dateModified\":\"2021-11-24T09:20:46+00:00\",\"author\":{\"@id\":\"https:\/\/www.rijeka.hr\/it\/#\/schema\/person\/048b064fa7891b19d16e03a382abb85e\"},\"breadcrumb\":{\"@id\":\"https:\/\/www.rijeka.hr\/it\/la-citta-di-fiume-invita-tutti-cittadini-interessati-alle-giornate-porte-aperte-sui-progetti-ue\/#breadcrumb\"},\"inLanguage\":\"it-IT\",\"potentialAction\":[{\"@type\":\"ReadAction\",\"target\":[\"https:\/\/www.rijeka.hr\/it\/la-citta-di-fiume-invita-tutti-cittadini-interessati-alle-giornate-porte-aperte-sui-progetti-ue\/\"]}]},{\"@type\":\"ImageObject\",\"inLanguage\":\"it-IT\",\"@id\":\"https:\/\/www.rijeka.hr\/it\/la-citta-di-fiume-invita-tutti-cittadini-interessati-alle-giornate-porte-aperte-sui-progetti-ue\/#primaryimage\",\"url\":\"https:\/\/www.rijeka.hr\/it\/wp-content\/uploads\/sites\/3\/2021\/11\/Predstavljanje-natje\u010daja-za-koncesije-Pala\u010da-\u0161e\u0107erane-1-900x600.jpg\",\"contentUrl\":\"https:\/\/www.rijeka.hr\/it\/wp-content\/uploads\/sites\/3\/2021\/11\/Predstavljanje-natje\u010daja-za-koncesije-Pala\u010da-\u0161e\u0107erane-1-900x600.jpg\",\"width\":900,\"height\":600},{\"@type\":\"BreadcrumbList\",\"@id\":\"https:\/\/www.rijeka.hr\/it\/la-citta-di-fiume-invita-tutti-cittadini-interessati-alle-giornate-porte-aperte-sui-progetti-ue\/#breadcrumb\",\"itemListElement\":[{\"@type\":\"ListItem\",\"position\":1,\"name\":\"Po\u010detna stranica\",\"item\":\"https:\/\/www.rijeka.hr\/it\/\"},{\"@type\":\"ListItem\",\"position\":2,\"name\":\"La Citt\u00e0 di Fiume invita tutti i cittadini interessati alle Giornate a Porte Aperte sui progetti UE\"}]},{\"@type\":\"WebSite\",\"@id\":\"https:\/\/www.rijeka.hr\/it\/#website\",\"url\":\"https:\/\/www.rijeka.hr\/it\/\",\"name\":\"Citt\u00e0 di Fiume\",\"description\":\"Portale web della Citta&#039; di Fiume\",\"potentialAction\":[{\"@type\":\"SearchAction\",\"target\":{\"@type\":\"EntryPoint\",\"urlTemplate\":\"https:\/\/www.rijeka.hr\/it\/?s={search_term_string}\"},\"query-input\":{\"@type\":\"PropertyValueSpecification\",\"valueRequired\":true,\"valueName\":\"search_term_string\"}}],\"inLanguage\":\"it-IT\"},{\"@type\":\"Person\",\"@id\":\"https:\/\/www.rijeka.hr\/it\/#\/schema\/person\/048b064fa7891b19d16e03a382abb85e\",\"name\":\"Ivica Nikolac\",\"image\":{\"@type\":\"ImageObject\",\"inLanguage\":\"it-IT\",\"@id\":\"https:\/\/www.rijeka.hr\/it\/#\/schema\/person\/image\/\",\"url\":\"https:\/\/secure.gravatar.com\/avatar\/566d324e1656a1b494a0766b85643006?s=96&d=mm&r=g\",\"contentUrl\":\"https:\/\/secure.gravatar.com\/avatar\/566d324e1656a1b494a0766b85643006?s=96&d=mm&r=g\",\"caption\":\"Ivica Nikolac\"},\"url\":\"https:\/\/www.rijeka.hr\/it\/author\/inikolac\/\"}]}<\/script>\n<!-- \/ Yoast SEO plugin. -->","yoast_head_json":{"title":"La Citt\u00e0 di Fiume invita tutti i cittadini interessati alle Giornate a Porte Aperte sui progetti UE - Citt\u00e0 di Fiume","robots":{"index":"index","follow":"follow","max-snippet":"max-snippet:-1","max-image-preview":"max-image-preview:large","max-video-preview":"max-video-preview:-1"},"canonical":"https:\/\/www.rijeka.hr\/it\/la-citta-di-fiume-invita-tutti-cittadini-interessati-alle-giornate-porte-aperte-sui-progetti-ue\/","og_locale":"it_IT","og_type":"article","og_title":"La Citt\u00e0 di Fiume invita tutti i cittadini interessati alle Giornate a Porte Aperte sui progetti UE - Citt\u00e0 di Fiume","og_description":"Le Giornate a Porte Aperte sui progetti UE fanno parte di una pi\u00f9 ampia campagna promossa dalla Commissione Europea intitolata \"Europe in My Region\", che ha per obiettivo incoraggiare i cittadini di tutta Europa a scoprire e conoscere meglio i progetti finanziati dall\u2019Unione europea.","og_url":"https:\/\/www.rijeka.hr\/it\/la-citta-di-fiume-invita-tutti-cittadini-interessati-alle-giornate-porte-aperte-sui-progetti-ue\/","og_site_name":"Citt\u00e0 di Fiume","article_published_time":"2021-11-23T09:18:07+00:00","article_modified_time":"2021-11-24T09:20:46+00:00","og_image":[{"width":900,"height":600,"url":"https:\/\/www.rijeka.hr\/it\/wp-content\/uploads\/sites\/3\/2021\/11\/Predstavljanje-natje\u010daja-za-koncesije-Pala\u010da-\u0161e\u0107erane-1-900x600.jpg","type":"image\/jpeg"}],"author":"Ivica Nikolac","twitter_card":"summary_large_image","twitter_misc":{"Written by":"Ivica Nikolac","Est. reading time":"1 minute"},"schema":{"@context":"https:\/\/schema.org","@graph":[{"@type":"WebPage","@id":"https:\/\/www.rijeka.hr\/it\/la-citta-di-fiume-invita-tutti-cittadini-interessati-alle-giornate-porte-aperte-sui-progetti-ue\/","url":"https:\/\/www.rijeka.hr\/it\/la-citta-di-fiume-invita-tutti-cittadini-interessati-alle-giornate-porte-aperte-sui-progetti-ue\/","name":"La Citt\u00e0 di Fiume invita tutti i cittadini interessati alle Giornate a Porte Aperte sui progetti UE - Citt\u00e0 di Fiume","isPartOf":{"@id":"https:\/\/www.rijeka.hr\/it\/#website"},"primaryImageOfPage":{"@id":"https:\/\/www.rijeka.hr\/it\/la-citta-di-fiume-invita-tutti-cittadini-interessati-alle-giornate-porte-aperte-sui-progetti-ue\/#primaryimage"},"image":{"@id":"https:\/\/www.rijeka.hr\/it\/la-citta-di-fiume-invita-tutti-cittadini-interessati-alle-giornate-porte-aperte-sui-progetti-ue\/#primaryimage"},"thumbnailUrl":"https:\/\/www.rijeka.hr\/it\/wp-content\/uploads\/sites\/3\/2021\/11\/Predstavljanje-natje\u010daja-za-koncesije-Pala\u010da-\u0161e\u0107erane-1-900x600.jpg","datePublished":"2021-11-23T09:18:07+00:00","dateModified":"2021-11-24T09:20:46+00:00","author":{"@id":"https:\/\/www.rijeka.hr\/it\/#\/schema\/person\/048b064fa7891b19d16e03a382abb85e"},"breadcrumb":{"@id":"https:\/\/www.rijeka.hr\/it\/la-citta-di-fiume-invita-tutti-cittadini-interessati-alle-giornate-porte-aperte-sui-progetti-ue\/#breadcrumb"},"inLanguage":"it-IT","potentialAction":[{"@type":"ReadAction","target":["https:\/\/www.rijeka.hr\/it\/la-citta-di-fiume-invita-tutti-cittadini-interessati-alle-giornate-porte-aperte-sui-progetti-ue\/"]}]},{"@type":"ImageObject","inLanguage":"it-IT","@id":"https:\/\/www.rijeka.hr\/it\/la-citta-di-fiume-invita-tutti-cittadini-interessati-alle-giornate-porte-aperte-sui-progetti-ue\/#primaryimage","url":"https:\/\/www.rijeka.hr\/it\/wp-content\/uploads\/sites\/3\/2021\/11\/Predstavljanje-natje\u010daja-za-koncesije-Pala\u010da-\u0161e\u0107erane-1-900x600.jpg","contentUrl":"https:\/\/www.rijeka.hr\/it\/wp-content\/uploads\/sites\/3\/2021\/11\/Predstavljanje-natje\u010daja-za-koncesije-Pala\u010da-\u0161e\u0107erane-1-900x600.jpg","width":900,"height":600},{"@type":"BreadcrumbList","@id":"https:\/\/www.rijeka.hr\/it\/la-citta-di-fiume-invita-tutti-cittadini-interessati-alle-giornate-porte-aperte-sui-progetti-ue\/#breadcrumb","itemListElement":[{"@type":"ListItem","position":1,"name":"Po\u010detna stranica","item":"https:\/\/www.rijeka.hr\/it\/"},{"@type":"ListItem","position":2,"name":"La Citt\u00e0 di Fiume invita tutti i cittadini interessati alle Giornate a Porte Aperte sui progetti UE"}]},{"@type":"WebSite","@id":"https:\/\/www.rijeka.hr\/it\/#website","url":"https:\/\/www.rijeka.hr\/it\/","name":"Citt\u00e0 di Fiume","description":"Portale web della Citta&#039; di Fiume","potentialAction":[{"@type":"SearchAction","target":{"@type":"EntryPoint","urlTemplate":"https:\/\/www.rijeka.hr\/it\/?s={search_term_string}"},"query-input":{"@type":"PropertyValueSpecification","valueRequired":true,"valueName":"search_term_string"}}],"inLanguage":"it-IT"},{"@type":"Person","@id":"https:\/\/www.rijeka.hr\/it\/#\/schema\/person\/048b064fa7891b19d16e03a382abb85e","name":"Ivica Nikolac","image":{"@type":"ImageObject","inLanguage":"it-IT","@id":"https:\/\/www.rijeka.hr\/it\/#\/schema\/person\/image\/","url":"https:\/\/secure.gravatar.com\/avatar\/566d324e1656a1b494a0766b85643006?s=96&d=mm&r=g","contentUrl":"https:\/\/secure.gravatar.com\/avatar\/566d324e1656a1b494a0766b85643006?s=96&d=mm&r=g","caption":"Ivica Nikolac"},"url":"https:\/\/www.rijeka.hr\/it\/author\/inikolac\/"}]}},"_links":{"self":[{"href":"https:\/\/www.rijeka.hr\/it\/wp-json\/wp\/v2\/posts\/13722","targetHints":{"allow":["GET"]}}],"collection":[{"href":"https:\/\/www.rijeka.hr\/it\/wp-json\/wp\/v2\/posts"}],"about":[{"href":"https:\/\/www.rijeka.hr\/it\/wp-json\/wp\/v2\/types\/post"}],"author":[{"embeddable":true,"href":"https:\/\/www.rijeka.hr\/it\/wp-json\/wp\/v2\/users\/5"}],"replies":[{"embeddable":true,"href":"https:\/\/www.rijeka.hr\/it\/wp-json\/wp\/v2\/comments?post=13722"}],"version-history":[{"count":3,"href":"https:\/\/www.rijeka.hr\/it\/wp-json\/wp\/v2\/posts\/13722\/revisions"}],"predecessor-version":[{"id":13727,"href":"https:\/\/www.rijeka.hr\/it\/wp-json\/wp\/v2\/posts\/13722\/revisions\/13727"}],"wp:featuredmedia":[{"embeddable":true,"href":"https:\/\/www.rijeka.hr\/it\/wp-json\/wp\/v2\/media\/13726"}],"wp:attachment":[{"href":"https:\/\/www.rijeka.hr\/it\/wp-json\/wp\/v2\/media?parent=13722"}],"wp:term":[{"taxonomy":"category","embeddable":true,"href":"https:\/\/www.rijeka.hr\/it\/wp-json\/wp\/v2\/categories?post=13722"},{"taxonomy":"post_tag","embeddable":true,"href":"https:\/\/www.rijeka.hr\/it\/wp-json\/wp\/v2\/tags?post=13722"}],"curies":[{"name":"wp","href":"https:\/\/api.w.org\/{rel}","templated":true}]}}