{"id":13739,"date":"2021-11-25T09:04:29","date_gmt":"2021-11-25T08:04:29","guid":{"rendered":"https:\/\/www.rijeka.hr\/it\/?p=13739"},"modified":"2021-11-26T09:08:48","modified_gmt":"2021-11-26T08:08:48","slug":"il-dramma-italiano-del-teatro-nazionale-croato-ivan-de-zajc-celebra-il-75-esimo-anniversario-della-sua-istituzione-con-uno-spettacolo-per-bambini-e-un-film-documentario","status":"publish","type":"post","link":"https:\/\/www.rijeka.hr\/it\/il-dramma-italiano-del-teatro-nazionale-croato-ivan-de-zajc-celebra-il-75-esimo-anniversario-della-sua-istituzione-con-uno-spettacolo-per-bambini-e-un-film-documentario\/","title":{"rendered":"Il Dramma Italiano del Teatro Nazionale Croato Ivan de Zajc celebra il 75.esimo anniversario della sua istituzione con uno spettacolo per bambini e un film documentario"},"content":{"rendered":"<p>Nella stessa data in cui nel 1946 \u00e8 andato in scena il primo spettacolo &#8220;Il burbero benefico&#8221; di Carlo Goldoni del neoformato ens\u00e9mble italiano, il Dramma Italiano, saranno organizzati due programmi per celebrare il giubileo dell\u2019unica compagnia in lingua italiana non solo sul territorio della Croazia, ma anche al di fuori dei confini dell\u2019Italia.<\/p>\n<p>Questa sera, alle ore 18, il pubblico potr\u00e0 assistere alla prima dello spettacolo per l\u2019infanzia \u201cEclissi\u201d\/\u201dPomr\u010dina\u201d dell\u2019autore e regista Nenad Pavlovi\u0107. Visto che si tratta di uno spettacolo non verbale per bambini anche di et\u00e0 prescolare, lo potranno seguire tutte le fasce d\u2019et\u00e0.<\/p>\n<div id=\"attachment_13745\" class=\"wp-caption alignright\"><img loading=\"lazy\" decoding=\"async\" width=\"600\" height=\"400\" class=\"wp-image-13745 size-medium\" src=\"https:\/\/www.rijeka.hr\/it\/wp-content\/uploads\/sites\/3\/2021\/11\/Eclissi-Serena-Ferraiuolo-600x400-600x400.jpg\" alt=\"\" \/><p class=\"wp-caption-text\">ECLISSI SERENA FERRAIUOLO, FOTO TUTEK HAJNAL<\/p><\/div>\n<p>Lo spettacolo e i programmi per l\u2019infanzia sono stati da sempre al centro dell\u2019interesse del Dramma Italiano. Questa volta, il pubblico potr\u00e0 vivere la storia di due personaggi che sono stati condannati a distanza sin dal loro inizio. I due clown, che incarnano il Sole e la Luna, stanno cercando un modo per incontrarsi finalmente.<\/p>\n<p>Nei panni del Sole ci sar\u00e0 Serena Ferraiuolo, mentre Andrea Tich sar\u00e0 la Luna. La drammaturgia \u00e8 di Nina Pavlovi\u0107, la scenografia e i costumi sono di Ivan Boti\u010dki, la musica di Petar Eldan, le luci di Nenad Pavlovi\u0107. Collaboratore per i trucchi di magia \u00e8 Domagoj Ivankovi\u0107.<\/p>\n<p>La parte centrale della cerimonia avr\u00e0 inizio alle ore 20 con la proiezione del film documentario realizzato proprio in occasione di questo anniversario e con il sostegno finanziario dell\u2019Unione Italiana. Si tratta di \u201cVoci \u2013 passato, presente e futuro del Dramma Italiano\u201d di Chiara Boscaro, Marco Di Stefano e Antonio Simone Giansanti. Nel film vengono utilizzati materiali d\u2019archivio, intercalati da interviste con i membri del Dramma Italiano, sia quelli attivi in questo momento, che quelli in quiescenza. Verranno ricordati i momenti salienti della storia della compagnia sia nei racconti che con immagini storiche fornite da coloro che hanno vissuto e intessuto questa storia.<\/p>\n<p>La pellicola \u00e8 stata realizzata sia per un pubblico a conoscenza del Dramma Italiano, ma anche per chi incontrer\u00e0 per la prima volta la minoranza italiana in Croazia e Slovenia attraverso una delle pi\u00f9 importanti istituzioni culturali.<\/p>\n","protected":false},"excerpt":{"rendered":"<p>Il Dramma italiano del TNC Ivana de Zajc celebra venerd\u00ec 26 novembre 2021 il 75\u00b0 anniversario della sua istituzione.<\/p>\n","protected":false},"author":5,"featured_media":13744,"comment_status":"open","ping_status":"open","sticky":false,"template":"","format":"standard","meta":{"_acf_changed":false,"_trash_the_other_posts":false,"footnotes":"","_links_to":"","_links_to_target":""},"categories":[976],"tags":[1210,1208,1209,1211],"class_list":["post-13739","post","type-post","status-publish","format-standard","has-post-thumbnail","hentry","category-articoli","tag-il-burbero-benefico-di-carlo-goldoni","tag-anniversario","tag-dramma-italiano-del-teatro-nazionale-croato","tag-eclissi"],"acf":[],"yoast_head":"<!-- This site is optimized with the Yoast SEO plugin v24.4 - https:\/\/yoast.com\/wordpress\/plugins\/seo\/ -->\n<title>Il Dramma Italiano del Teatro Nazionale Croato Ivan de Zajc celebra il 75.esimo anniversario della sua istituzione con uno spettacolo per bambini e un film documentario - Citt\u00e0 di Fiume<\/title>\n<meta name=\"robots\" content=\"index, follow, max-snippet:-1, max-image-preview:large, max-video-preview:-1\" \/>\n<link rel=\"canonical\" href=\"https:\/\/www.rijeka.hr\/it\/il-dramma-italiano-del-teatro-nazionale-croato-ivan-de-zajc-celebra-il-75-esimo-anniversario-della-sua-istituzione-con-uno-spettacolo-per-bambini-e-un-film-documentario\/\" \/>\n<meta property=\"og:locale\" content=\"it_IT\" \/>\n<meta property=\"og:type\" content=\"article\" \/>\n<meta property=\"og:title\" content=\"Il Dramma Italiano del Teatro Nazionale Croato Ivan de Zajc celebra il 75.esimo anniversario della sua istituzione con uno spettacolo per bambini e un film documentario - Citt\u00e0 di Fiume\" \/>\n<meta property=\"og:description\" content=\"Il Dramma italiano del TNC Ivana de Zajc celebra venerd\u00ec 26 novembre 2021 il 75\u00b0 anniversario della sua istituzione.\" \/>\n<meta property=\"og:url\" content=\"https:\/\/www.rijeka.hr\/it\/il-dramma-italiano-del-teatro-nazionale-croato-ivan-de-zajc-celebra-il-75-esimo-anniversario-della-sua-istituzione-con-uno-spettacolo-per-bambini-e-un-film-documentario\/\" \/>\n<meta property=\"og:site_name\" content=\"Citt\u00e0 di Fiume\" \/>\n<meta property=\"article:published_time\" content=\"2021-11-25T08:04:29+00:00\" \/>\n<meta property=\"article:modified_time\" content=\"2021-11-26T08:08:48+00:00\" \/>\n<meta property=\"og:image\" content=\"https:\/\/www.rijeka.hr\/it\/wp-content\/uploads\/sites\/3\/2021\/11\/Ansambl-Talijanske-drame-i-ravnatelj-Giulio-Settimo-901x600.jpg\" \/>\n\t<meta property=\"og:image:width\" content=\"901\" \/>\n\t<meta property=\"og:image:height\" content=\"600\" \/>\n\t<meta property=\"og:image:type\" content=\"image\/jpeg\" \/>\n<meta name=\"author\" content=\"Ivica Nikolac\" \/>\n<meta name=\"twitter:card\" content=\"summary_large_image\" \/>\n<meta name=\"twitter:label1\" content=\"Written by\" \/>\n\t<meta name=\"twitter:data1\" content=\"Ivica Nikolac\" \/>\n\t<meta name=\"twitter:label2\" content=\"Est. reading time\" \/>\n\t<meta name=\"twitter:data2\" content=\"2 minutes\" \/>\n<script type=\"application\/ld+json\" class=\"yoast-schema-graph\">{\"@context\":\"https:\/\/schema.org\",\"@graph\":[{\"@type\":\"WebPage\",\"@id\":\"https:\/\/www.rijeka.hr\/it\/il-dramma-italiano-del-teatro-nazionale-croato-ivan-de-zajc-celebra-il-75-esimo-anniversario-della-sua-istituzione-con-uno-spettacolo-per-bambini-e-un-film-documentario\/\",\"url\":\"https:\/\/www.rijeka.hr\/it\/il-dramma-italiano-del-teatro-nazionale-croato-ivan-de-zajc-celebra-il-75-esimo-anniversario-della-sua-istituzione-con-uno-spettacolo-per-bambini-e-un-film-documentario\/\",\"name\":\"Il Dramma Italiano del Teatro Nazionale Croato Ivan de Zajc celebra il 75.esimo anniversario della sua istituzione con uno spettacolo per bambini e un film documentario - Citt\u00e0 di Fiume\",\"isPartOf\":{\"@id\":\"https:\/\/www.rijeka.hr\/it\/#website\"},\"primaryImageOfPage\":{\"@id\":\"https:\/\/www.rijeka.hr\/it\/il-dramma-italiano-del-teatro-nazionale-croato-ivan-de-zajc-celebra-il-75-esimo-anniversario-della-sua-istituzione-con-uno-spettacolo-per-bambini-e-un-film-documentario\/#primaryimage\"},\"image\":{\"@id\":\"https:\/\/www.rijeka.hr\/it\/il-dramma-italiano-del-teatro-nazionale-croato-ivan-de-zajc-celebra-il-75-esimo-anniversario-della-sua-istituzione-con-uno-spettacolo-per-bambini-e-un-film-documentario\/#primaryimage\"},\"thumbnailUrl\":\"https:\/\/www.rijeka.hr\/it\/wp-content\/uploads\/sites\/3\/2021\/11\/Ansambl-Talijanske-drame-i-ravnatelj-Giulio-Settimo-901x600.jpg\",\"datePublished\":\"2021-11-25T08:04:29+00:00\",\"dateModified\":\"2021-11-26T08:08:48+00:00\",\"author\":{\"@id\":\"https:\/\/www.rijeka.hr\/it\/#\/schema\/person\/048b064fa7891b19d16e03a382abb85e\"},\"breadcrumb\":{\"@id\":\"https:\/\/www.rijeka.hr\/it\/il-dramma-italiano-del-teatro-nazionale-croato-ivan-de-zajc-celebra-il-75-esimo-anniversario-della-sua-istituzione-con-uno-spettacolo-per-bambini-e-un-film-documentario\/#breadcrumb\"},\"inLanguage\":\"it-IT\",\"potentialAction\":[{\"@type\":\"ReadAction\",\"target\":[\"https:\/\/www.rijeka.hr\/it\/il-dramma-italiano-del-teatro-nazionale-croato-ivan-de-zajc-celebra-il-75-esimo-anniversario-della-sua-istituzione-con-uno-spettacolo-per-bambini-e-un-film-documentario\/\"]}]},{\"@type\":\"ImageObject\",\"inLanguage\":\"it-IT\",\"@id\":\"https:\/\/www.rijeka.hr\/it\/il-dramma-italiano-del-teatro-nazionale-croato-ivan-de-zajc-celebra-il-75-esimo-anniversario-della-sua-istituzione-con-uno-spettacolo-per-bambini-e-un-film-documentario\/#primaryimage\",\"url\":\"https:\/\/www.rijeka.hr\/it\/wp-content\/uploads\/sites\/3\/2021\/11\/Ansambl-Talijanske-drame-i-ravnatelj-Giulio-Settimo-901x600.jpg\",\"contentUrl\":\"https:\/\/www.rijeka.hr\/it\/wp-content\/uploads\/sites\/3\/2021\/11\/Ansambl-Talijanske-drame-i-ravnatelj-Giulio-Settimo-901x600.jpg\",\"width\":901,\"height\":600},{\"@type\":\"BreadcrumbList\",\"@id\":\"https:\/\/www.rijeka.hr\/it\/il-dramma-italiano-del-teatro-nazionale-croato-ivan-de-zajc-celebra-il-75-esimo-anniversario-della-sua-istituzione-con-uno-spettacolo-per-bambini-e-un-film-documentario\/#breadcrumb\",\"itemListElement\":[{\"@type\":\"ListItem\",\"position\":1,\"name\":\"Po\u010detna stranica\",\"item\":\"https:\/\/www.rijeka.hr\/it\/\"},{\"@type\":\"ListItem\",\"position\":2,\"name\":\"Il Dramma Italiano del Teatro Nazionale Croato Ivan de Zajc celebra il 75.esimo anniversario della sua istituzione con uno spettacolo per bambini e un film documentario\"}]},{\"@type\":\"WebSite\",\"@id\":\"https:\/\/www.rijeka.hr\/it\/#website\",\"url\":\"https:\/\/www.rijeka.hr\/it\/\",\"name\":\"Citt\u00e0 di Fiume\",\"description\":\"Portale web della Citta&#039; di Fiume\",\"potentialAction\":[{\"@type\":\"SearchAction\",\"target\":{\"@type\":\"EntryPoint\",\"urlTemplate\":\"https:\/\/www.rijeka.hr\/it\/?s={search_term_string}\"},\"query-input\":{\"@type\":\"PropertyValueSpecification\",\"valueRequired\":true,\"valueName\":\"search_term_string\"}}],\"inLanguage\":\"it-IT\"},{\"@type\":\"Person\",\"@id\":\"https:\/\/www.rijeka.hr\/it\/#\/schema\/person\/048b064fa7891b19d16e03a382abb85e\",\"name\":\"Ivica Nikolac\",\"image\":{\"@type\":\"ImageObject\",\"inLanguage\":\"it-IT\",\"@id\":\"https:\/\/www.rijeka.hr\/it\/#\/schema\/person\/image\/\",\"url\":\"https:\/\/secure.gravatar.com\/avatar\/566d324e1656a1b494a0766b85643006?s=96&d=mm&r=g\",\"contentUrl\":\"https:\/\/secure.gravatar.com\/avatar\/566d324e1656a1b494a0766b85643006?s=96&d=mm&r=g\",\"caption\":\"Ivica Nikolac\"},\"url\":\"https:\/\/www.rijeka.hr\/it\/author\/inikolac\/\"}]}<\/script>\n<!-- \/ Yoast SEO plugin. -->","yoast_head_json":{"title":"Il Dramma Italiano del Teatro Nazionale Croato Ivan de Zajc celebra il 75.esimo anniversario della sua istituzione con uno spettacolo per bambini e un film documentario - Citt\u00e0 di Fiume","robots":{"index":"index","follow":"follow","max-snippet":"max-snippet:-1","max-image-preview":"max-image-preview:large","max-video-preview":"max-video-preview:-1"},"canonical":"https:\/\/www.rijeka.hr\/it\/il-dramma-italiano-del-teatro-nazionale-croato-ivan-de-zajc-celebra-il-75-esimo-anniversario-della-sua-istituzione-con-uno-spettacolo-per-bambini-e-un-film-documentario\/","og_locale":"it_IT","og_type":"article","og_title":"Il Dramma Italiano del Teatro Nazionale Croato Ivan de Zajc celebra il 75.esimo anniversario della sua istituzione con uno spettacolo per bambini e un film documentario - Citt\u00e0 di Fiume","og_description":"Il Dramma italiano del TNC Ivana de Zajc celebra venerd\u00ec 26 novembre 2021 il 75\u00b0 anniversario della sua istituzione.","og_url":"https:\/\/www.rijeka.hr\/it\/il-dramma-italiano-del-teatro-nazionale-croato-ivan-de-zajc-celebra-il-75-esimo-anniversario-della-sua-istituzione-con-uno-spettacolo-per-bambini-e-un-film-documentario\/","og_site_name":"Citt\u00e0 di Fiume","article_published_time":"2021-11-25T08:04:29+00:00","article_modified_time":"2021-11-26T08:08:48+00:00","og_image":[{"width":901,"height":600,"url":"https:\/\/www.rijeka.hr\/it\/wp-content\/uploads\/sites\/3\/2021\/11\/Ansambl-Talijanske-drame-i-ravnatelj-Giulio-Settimo-901x600.jpg","type":"image\/jpeg"}],"author":"Ivica Nikolac","twitter_card":"summary_large_image","twitter_misc":{"Written by":"Ivica Nikolac","Est. reading time":"2 minutes"},"schema":{"@context":"https:\/\/schema.org","@graph":[{"@type":"WebPage","@id":"https:\/\/www.rijeka.hr\/it\/il-dramma-italiano-del-teatro-nazionale-croato-ivan-de-zajc-celebra-il-75-esimo-anniversario-della-sua-istituzione-con-uno-spettacolo-per-bambini-e-un-film-documentario\/","url":"https:\/\/www.rijeka.hr\/it\/il-dramma-italiano-del-teatro-nazionale-croato-ivan-de-zajc-celebra-il-75-esimo-anniversario-della-sua-istituzione-con-uno-spettacolo-per-bambini-e-un-film-documentario\/","name":"Il Dramma Italiano del Teatro Nazionale Croato Ivan de Zajc celebra il 75.esimo anniversario della sua istituzione con uno spettacolo per bambini e un film documentario - Citt\u00e0 di Fiume","isPartOf":{"@id":"https:\/\/www.rijeka.hr\/it\/#website"},"primaryImageOfPage":{"@id":"https:\/\/www.rijeka.hr\/it\/il-dramma-italiano-del-teatro-nazionale-croato-ivan-de-zajc-celebra-il-75-esimo-anniversario-della-sua-istituzione-con-uno-spettacolo-per-bambini-e-un-film-documentario\/#primaryimage"},"image":{"@id":"https:\/\/www.rijeka.hr\/it\/il-dramma-italiano-del-teatro-nazionale-croato-ivan-de-zajc-celebra-il-75-esimo-anniversario-della-sua-istituzione-con-uno-spettacolo-per-bambini-e-un-film-documentario\/#primaryimage"},"thumbnailUrl":"https:\/\/www.rijeka.hr\/it\/wp-content\/uploads\/sites\/3\/2021\/11\/Ansambl-Talijanske-drame-i-ravnatelj-Giulio-Settimo-901x600.jpg","datePublished":"2021-11-25T08:04:29+00:00","dateModified":"2021-11-26T08:08:48+00:00","author":{"@id":"https:\/\/www.rijeka.hr\/it\/#\/schema\/person\/048b064fa7891b19d16e03a382abb85e"},"breadcrumb":{"@id":"https:\/\/www.rijeka.hr\/it\/il-dramma-italiano-del-teatro-nazionale-croato-ivan-de-zajc-celebra-il-75-esimo-anniversario-della-sua-istituzione-con-uno-spettacolo-per-bambini-e-un-film-documentario\/#breadcrumb"},"inLanguage":"it-IT","potentialAction":[{"@type":"ReadAction","target":["https:\/\/www.rijeka.hr\/it\/il-dramma-italiano-del-teatro-nazionale-croato-ivan-de-zajc-celebra-il-75-esimo-anniversario-della-sua-istituzione-con-uno-spettacolo-per-bambini-e-un-film-documentario\/"]}]},{"@type":"ImageObject","inLanguage":"it-IT","@id":"https:\/\/www.rijeka.hr\/it\/il-dramma-italiano-del-teatro-nazionale-croato-ivan-de-zajc-celebra-il-75-esimo-anniversario-della-sua-istituzione-con-uno-spettacolo-per-bambini-e-un-film-documentario\/#primaryimage","url":"https:\/\/www.rijeka.hr\/it\/wp-content\/uploads\/sites\/3\/2021\/11\/Ansambl-Talijanske-drame-i-ravnatelj-Giulio-Settimo-901x600.jpg","contentUrl":"https:\/\/www.rijeka.hr\/it\/wp-content\/uploads\/sites\/3\/2021\/11\/Ansambl-Talijanske-drame-i-ravnatelj-Giulio-Settimo-901x600.jpg","width":901,"height":600},{"@type":"BreadcrumbList","@id":"https:\/\/www.rijeka.hr\/it\/il-dramma-italiano-del-teatro-nazionale-croato-ivan-de-zajc-celebra-il-75-esimo-anniversario-della-sua-istituzione-con-uno-spettacolo-per-bambini-e-un-film-documentario\/#breadcrumb","itemListElement":[{"@type":"ListItem","position":1,"name":"Po\u010detna stranica","item":"https:\/\/www.rijeka.hr\/it\/"},{"@type":"ListItem","position":2,"name":"Il Dramma Italiano del Teatro Nazionale Croato Ivan de Zajc celebra il 75.esimo anniversario della sua istituzione con uno spettacolo per bambini e un film documentario"}]},{"@type":"WebSite","@id":"https:\/\/www.rijeka.hr\/it\/#website","url":"https:\/\/www.rijeka.hr\/it\/","name":"Citt\u00e0 di Fiume","description":"Portale web della Citta&#039; di Fiume","potentialAction":[{"@type":"SearchAction","target":{"@type":"EntryPoint","urlTemplate":"https:\/\/www.rijeka.hr\/it\/?s={search_term_string}"},"query-input":{"@type":"PropertyValueSpecification","valueRequired":true,"valueName":"search_term_string"}}],"inLanguage":"it-IT"},{"@type":"Person","@id":"https:\/\/www.rijeka.hr\/it\/#\/schema\/person\/048b064fa7891b19d16e03a382abb85e","name":"Ivica Nikolac","image":{"@type":"ImageObject","inLanguage":"it-IT","@id":"https:\/\/www.rijeka.hr\/it\/#\/schema\/person\/image\/","url":"https:\/\/secure.gravatar.com\/avatar\/566d324e1656a1b494a0766b85643006?s=96&d=mm&r=g","contentUrl":"https:\/\/secure.gravatar.com\/avatar\/566d324e1656a1b494a0766b85643006?s=96&d=mm&r=g","caption":"Ivica Nikolac"},"url":"https:\/\/www.rijeka.hr\/it\/author\/inikolac\/"}]}},"_links":{"self":[{"href":"https:\/\/www.rijeka.hr\/it\/wp-json\/wp\/v2\/posts\/13739","targetHints":{"allow":["GET"]}}],"collection":[{"href":"https:\/\/www.rijeka.hr\/it\/wp-json\/wp\/v2\/posts"}],"about":[{"href":"https:\/\/www.rijeka.hr\/it\/wp-json\/wp\/v2\/types\/post"}],"author":[{"embeddable":true,"href":"https:\/\/www.rijeka.hr\/it\/wp-json\/wp\/v2\/users\/5"}],"replies":[{"embeddable":true,"href":"https:\/\/www.rijeka.hr\/it\/wp-json\/wp\/v2\/comments?post=13739"}],"version-history":[{"count":3,"href":"https:\/\/www.rijeka.hr\/it\/wp-json\/wp\/v2\/posts\/13739\/revisions"}],"predecessor-version":[{"id":13747,"href":"https:\/\/www.rijeka.hr\/it\/wp-json\/wp\/v2\/posts\/13739\/revisions\/13747"}],"wp:featuredmedia":[{"embeddable":true,"href":"https:\/\/www.rijeka.hr\/it\/wp-json\/wp\/v2\/media\/13744"}],"wp:attachment":[{"href":"https:\/\/www.rijeka.hr\/it\/wp-json\/wp\/v2\/media?parent=13739"}],"wp:term":[{"taxonomy":"category","embeddable":true,"href":"https:\/\/www.rijeka.hr\/it\/wp-json\/wp\/v2\/categories?post=13739"},{"taxonomy":"post_tag","embeddable":true,"href":"https:\/\/www.rijeka.hr\/it\/wp-json\/wp\/v2\/tags?post=13739"}],"curies":[{"name":"wp","href":"https:\/\/api.w.org\/{rel}","templated":true}]}}