{"id":13748,"date":"2021-11-24T09:48:20","date_gmt":"2021-11-24T08:48:20","guid":{"rendered":"https:\/\/www.rijeka.hr\/it\/?p=13748"},"modified":"2022-11-25T11:09:27","modified_gmt":"2022-11-25T10:09:27","slug":"marko-filipovic-sindaco-di-fiume-e-stato-nominato-vicepresidente-dellassociazione-delle-citta-della-repubblica-di-croazia","status":"publish","type":"post","link":"https:\/\/www.rijeka.hr\/it\/marko-filipovic-sindaco-di-fiume-e-stato-nominato-vicepresidente-dellassociazione-delle-citta-della-repubblica-di-croazia\/","title":{"rendered":"Marko Filipovi\u0107, sindaco di Fiume, \u00e8 stato nominato vicepresidente dell&#8217;Associazione delle citt\u00e0 della Repubblica di Croazia"},"content":{"rendered":"<p>All&#8217;assemblea dell&#8217;Associazione delle citt\u00e0 della Repubblica di Croazia, il sindaco di Zapre\u0161i\u0107, \u017deljko Turk, \u00e8 stato eletto per la terza volta consecutiva per il quadriennio presidente dell&#8217;Associazione delle citt\u00e0. I membri dell&#8217;Assemblea hanno eletto come vicepresidenti Marko Filipovi\u0107, sindaco di Fiume, e Loris Per\u0161uri\u0107, sindaco di Parenzo.<\/p>\n<p><img loading=\"lazy\" decoding=\"async\" width=\"1152\" height=\"768\" class=\"aligncenter wp-image-13750 size-full\" src=\"https:\/\/www.rijeka.hr\/it\/wp-content\/uploads\/sites\/3\/2021\/11\/Skup\u0161tina-Udruge-gradova-RH.jpg\" alt=\"\" srcset=\"https:\/\/www.rijeka.hr\/it\/wp-content\/uploads\/sites\/3\/2021\/11\/Skup\u0161tina-Udruge-gradova-RH.jpg 1152w, https:\/\/www.rijeka.hr\/it\/wp-content\/uploads\/sites\/3\/2021\/11\/Skup\u0161tina-Udruge-gradova-RH-600x400.jpg 600w, https:\/\/www.rijeka.hr\/it\/wp-content\/uploads\/sites\/3\/2021\/11\/Skup\u0161tina-Udruge-gradova-RH-768x512.jpg 768w, https:\/\/www.rijeka.hr\/it\/wp-content\/uploads\/sites\/3\/2021\/11\/Skup\u0161tina-Udruge-gradova-RH-900x600.jpg 900w\" sizes=\"(max-width: 1152px) 100vw, 1152px\" \/><\/p>\n","protected":false},"excerpt":{"rendered":"<p>Si svolge a Pola il 13\u00b0 incontro dei sindaci e degli imprenditori &#8217;48 ore&#8217;, organizzato dal settimanale economico Lider, in collaborazione con l&#8217;Associazione delle citt\u00e0. Prima dell&#8217;incontro si \u00e8 tenuta l&#8217;assemblea dell&#8217;Associazione delle citt\u00e0, durante la quale il sindaco di Fiume, Marko Filipovi\u0107, \u00e8 stato nominato vicepresidente dell&#8217;Associazione.<\/p>\n","protected":false},"author":5,"featured_media":13752,"comment_status":"open","ping_status":"open","sticky":false,"template":"","format":"standard","meta":{"_acf_changed":false,"_trash_the_other_posts":false,"footnotes":"","_links_to":"","_links_to_target":""},"categories":[976],"tags":[],"class_list":["post-13748","post","type-post","status-publish","format-standard","has-post-thumbnail","hentry","category-articoli"],"acf":[],"yoast_head":"<!-- This site is optimized with the Yoast SEO plugin v24.4 - https:\/\/yoast.com\/wordpress\/plugins\/seo\/ -->\n<title>Marko Filipovi\u0107, sindaco di Fiume, \u00e8 stato nominato vicepresidente dell&#039;Associazione delle citt\u00e0 della Repubblica di Croazia - Citt\u00e0 di Fiume<\/title>\n<meta name=\"robots\" content=\"index, follow, max-snippet:-1, max-image-preview:large, max-video-preview:-1\" \/>\n<link rel=\"canonical\" href=\"https:\/\/www.rijeka.hr\/it\/marko-filipovic-sindaco-di-fiume-e-stato-nominato-vicepresidente-dellassociazione-delle-citta-della-repubblica-di-croazia\/\" \/>\n<meta property=\"og:locale\" content=\"it_IT\" \/>\n<meta property=\"og:type\" content=\"article\" \/>\n<meta property=\"og:title\" content=\"Marko Filipovi\u0107, sindaco di Fiume, \u00e8 stato nominato vicepresidente dell&#039;Associazione delle citt\u00e0 della Repubblica di Croazia - Citt\u00e0 di Fiume\" \/>\n<meta property=\"og:description\" content=\"Si svolge a Pola il 13\u00b0 incontro dei sindaci e degli imprenditori &#039;48 ore&#039;, organizzato dal settimanale economico Lider, in collaborazione con l&#039;Associazione delle citt\u00e0. Prima dell&#039;incontro si \u00e8 tenuta l&#039;assemblea dell&#039;Associazione delle citt\u00e0, durante la quale il sindaco di Fiume, Marko Filipovi\u0107, \u00e8 stato nominato vicepresidente dell&#039;Associazione.\" \/>\n<meta property=\"og:url\" content=\"https:\/\/www.rijeka.hr\/it\/marko-filipovic-sindaco-di-fiume-e-stato-nominato-vicepresidente-dellassociazione-delle-citta-della-repubblica-di-croazia\/\" \/>\n<meta property=\"og:site_name\" content=\"Citt\u00e0 di Fiume\" \/>\n<meta property=\"article:published_time\" content=\"2021-11-24T08:48:20+00:00\" \/>\n<meta property=\"article:modified_time\" content=\"2022-11-25T10:09:27+00:00\" \/>\n<meta property=\"og:image\" content=\"https:\/\/www.rijeka.hr\/it\/wp-content\/uploads\/sites\/3\/2021\/11\/Marko-Filipovi\u0107-\u017deljko-TurkLoris-Pe\u0161uri\u0107-899x600.jpg\" \/>\n\t<meta property=\"og:image:width\" content=\"899\" \/>\n\t<meta property=\"og:image:height\" content=\"600\" \/>\n\t<meta property=\"og:image:type\" content=\"image\/jpeg\" \/>\n<meta name=\"author\" content=\"Ivica Nikolac\" \/>\n<meta name=\"twitter:card\" content=\"summary_large_image\" \/>\n<meta name=\"twitter:label1\" content=\"Written by\" \/>\n\t<meta name=\"twitter:data1\" content=\"Ivica Nikolac\" \/>\n<script type=\"application\/ld+json\" class=\"yoast-schema-graph\">{\"@context\":\"https:\/\/schema.org\",\"@graph\":[{\"@type\":\"WebPage\",\"@id\":\"https:\/\/www.rijeka.hr\/it\/marko-filipovic-sindaco-di-fiume-e-stato-nominato-vicepresidente-dellassociazione-delle-citta-della-repubblica-di-croazia\/\",\"url\":\"https:\/\/www.rijeka.hr\/it\/marko-filipovic-sindaco-di-fiume-e-stato-nominato-vicepresidente-dellassociazione-delle-citta-della-repubblica-di-croazia\/\",\"name\":\"Marko Filipovi\u0107, sindaco di Fiume, \u00e8 stato nominato vicepresidente dell'Associazione delle citt\u00e0 della Repubblica di Croazia - Citt\u00e0 di Fiume\",\"isPartOf\":{\"@id\":\"https:\/\/www.rijeka.hr\/it\/#website\"},\"primaryImageOfPage\":{\"@id\":\"https:\/\/www.rijeka.hr\/it\/marko-filipovic-sindaco-di-fiume-e-stato-nominato-vicepresidente-dellassociazione-delle-citta-della-repubblica-di-croazia\/#primaryimage\"},\"image\":{\"@id\":\"https:\/\/www.rijeka.hr\/it\/marko-filipovic-sindaco-di-fiume-e-stato-nominato-vicepresidente-dellassociazione-delle-citta-della-repubblica-di-croazia\/#primaryimage\"},\"thumbnailUrl\":\"https:\/\/www.rijeka.hr\/it\/wp-content\/uploads\/sites\/3\/2021\/11\/Marko-Filipovi\u0107-\u017deljko-TurkLoris-Pe\u0161uri\u0107-899x600.jpg\",\"datePublished\":\"2021-11-24T08:48:20+00:00\",\"dateModified\":\"2022-11-25T10:09:27+00:00\",\"author\":{\"@id\":\"https:\/\/www.rijeka.hr\/it\/#\/schema\/person\/048b064fa7891b19d16e03a382abb85e\"},\"breadcrumb\":{\"@id\":\"https:\/\/www.rijeka.hr\/it\/marko-filipovic-sindaco-di-fiume-e-stato-nominato-vicepresidente-dellassociazione-delle-citta-della-repubblica-di-croazia\/#breadcrumb\"},\"inLanguage\":\"it-IT\",\"potentialAction\":[{\"@type\":\"ReadAction\",\"target\":[\"https:\/\/www.rijeka.hr\/it\/marko-filipovic-sindaco-di-fiume-e-stato-nominato-vicepresidente-dellassociazione-delle-citta-della-repubblica-di-croazia\/\"]}]},{\"@type\":\"ImageObject\",\"inLanguage\":\"it-IT\",\"@id\":\"https:\/\/www.rijeka.hr\/it\/marko-filipovic-sindaco-di-fiume-e-stato-nominato-vicepresidente-dellassociazione-delle-citta-della-repubblica-di-croazia\/#primaryimage\",\"url\":\"https:\/\/www.rijeka.hr\/it\/wp-content\/uploads\/sites\/3\/2021\/11\/Marko-Filipovi\u0107-\u017deljko-TurkLoris-Pe\u0161uri\u0107-899x600.jpg\",\"contentUrl\":\"https:\/\/www.rijeka.hr\/it\/wp-content\/uploads\/sites\/3\/2021\/11\/Marko-Filipovi\u0107-\u017deljko-TurkLoris-Pe\u0161uri\u0107-899x600.jpg\",\"width\":899,\"height\":600},{\"@type\":\"BreadcrumbList\",\"@id\":\"https:\/\/www.rijeka.hr\/it\/marko-filipovic-sindaco-di-fiume-e-stato-nominato-vicepresidente-dellassociazione-delle-citta-della-repubblica-di-croazia\/#breadcrumb\",\"itemListElement\":[{\"@type\":\"ListItem\",\"position\":1,\"name\":\"Po\u010detna stranica\",\"item\":\"https:\/\/www.rijeka.hr\/it\/\"},{\"@type\":\"ListItem\",\"position\":2,\"name\":\"Marko Filipovi\u0107, sindaco di Fiume, \u00e8 stato nominato vicepresidente dell&#8217;Associazione delle citt\u00e0 della Repubblica di Croazia\"}]},{\"@type\":\"WebSite\",\"@id\":\"https:\/\/www.rijeka.hr\/it\/#website\",\"url\":\"https:\/\/www.rijeka.hr\/it\/\",\"name\":\"Citt\u00e0 di Fiume\",\"description\":\"Portale web della Citta&#039; di Fiume\",\"potentialAction\":[{\"@type\":\"SearchAction\",\"target\":{\"@type\":\"EntryPoint\",\"urlTemplate\":\"https:\/\/www.rijeka.hr\/it\/?s={search_term_string}\"},\"query-input\":{\"@type\":\"PropertyValueSpecification\",\"valueRequired\":true,\"valueName\":\"search_term_string\"}}],\"inLanguage\":\"it-IT\"},{\"@type\":\"Person\",\"@id\":\"https:\/\/www.rijeka.hr\/it\/#\/schema\/person\/048b064fa7891b19d16e03a382abb85e\",\"name\":\"Ivica Nikolac\",\"image\":{\"@type\":\"ImageObject\",\"inLanguage\":\"it-IT\",\"@id\":\"https:\/\/www.rijeka.hr\/it\/#\/schema\/person\/image\/\",\"url\":\"https:\/\/secure.gravatar.com\/avatar\/566d324e1656a1b494a0766b85643006?s=96&d=mm&r=g\",\"contentUrl\":\"https:\/\/secure.gravatar.com\/avatar\/566d324e1656a1b494a0766b85643006?s=96&d=mm&r=g\",\"caption\":\"Ivica Nikolac\"},\"url\":\"https:\/\/www.rijeka.hr\/it\/author\/inikolac\/\"}]}<\/script>\n<!-- \/ Yoast SEO plugin. -->","yoast_head_json":{"title":"Marko Filipovi\u0107, sindaco di Fiume, \u00e8 stato nominato vicepresidente dell'Associazione delle citt\u00e0 della Repubblica di Croazia - Citt\u00e0 di Fiume","robots":{"index":"index","follow":"follow","max-snippet":"max-snippet:-1","max-image-preview":"max-image-preview:large","max-video-preview":"max-video-preview:-1"},"canonical":"https:\/\/www.rijeka.hr\/it\/marko-filipovic-sindaco-di-fiume-e-stato-nominato-vicepresidente-dellassociazione-delle-citta-della-repubblica-di-croazia\/","og_locale":"it_IT","og_type":"article","og_title":"Marko Filipovi\u0107, sindaco di Fiume, \u00e8 stato nominato vicepresidente dell'Associazione delle citt\u00e0 della Repubblica di Croazia - Citt\u00e0 di Fiume","og_description":"Si svolge a Pola il 13\u00b0 incontro dei sindaci e degli imprenditori '48 ore', organizzato dal settimanale economico Lider, in collaborazione con l'Associazione delle citt\u00e0. Prima dell'incontro si \u00e8 tenuta l'assemblea dell'Associazione delle citt\u00e0, durante la quale il sindaco di Fiume, Marko Filipovi\u0107, \u00e8 stato nominato vicepresidente dell'Associazione.","og_url":"https:\/\/www.rijeka.hr\/it\/marko-filipovic-sindaco-di-fiume-e-stato-nominato-vicepresidente-dellassociazione-delle-citta-della-repubblica-di-croazia\/","og_site_name":"Citt\u00e0 di Fiume","article_published_time":"2021-11-24T08:48:20+00:00","article_modified_time":"2022-11-25T10:09:27+00:00","og_image":[{"width":899,"height":600,"url":"https:\/\/www.rijeka.hr\/it\/wp-content\/uploads\/sites\/3\/2021\/11\/Marko-Filipovi\u0107-\u017deljko-TurkLoris-Pe\u0161uri\u0107-899x600.jpg","type":"image\/jpeg"}],"author":"Ivica Nikolac","twitter_card":"summary_large_image","twitter_misc":{"Written by":"Ivica Nikolac"},"schema":{"@context":"https:\/\/schema.org","@graph":[{"@type":"WebPage","@id":"https:\/\/www.rijeka.hr\/it\/marko-filipovic-sindaco-di-fiume-e-stato-nominato-vicepresidente-dellassociazione-delle-citta-della-repubblica-di-croazia\/","url":"https:\/\/www.rijeka.hr\/it\/marko-filipovic-sindaco-di-fiume-e-stato-nominato-vicepresidente-dellassociazione-delle-citta-della-repubblica-di-croazia\/","name":"Marko Filipovi\u0107, sindaco di Fiume, \u00e8 stato nominato vicepresidente dell'Associazione delle citt\u00e0 della Repubblica di Croazia - Citt\u00e0 di Fiume","isPartOf":{"@id":"https:\/\/www.rijeka.hr\/it\/#website"},"primaryImageOfPage":{"@id":"https:\/\/www.rijeka.hr\/it\/marko-filipovic-sindaco-di-fiume-e-stato-nominato-vicepresidente-dellassociazione-delle-citta-della-repubblica-di-croazia\/#primaryimage"},"image":{"@id":"https:\/\/www.rijeka.hr\/it\/marko-filipovic-sindaco-di-fiume-e-stato-nominato-vicepresidente-dellassociazione-delle-citta-della-repubblica-di-croazia\/#primaryimage"},"thumbnailUrl":"https:\/\/www.rijeka.hr\/it\/wp-content\/uploads\/sites\/3\/2021\/11\/Marko-Filipovi\u0107-\u017deljko-TurkLoris-Pe\u0161uri\u0107-899x600.jpg","datePublished":"2021-11-24T08:48:20+00:00","dateModified":"2022-11-25T10:09:27+00:00","author":{"@id":"https:\/\/www.rijeka.hr\/it\/#\/schema\/person\/048b064fa7891b19d16e03a382abb85e"},"breadcrumb":{"@id":"https:\/\/www.rijeka.hr\/it\/marko-filipovic-sindaco-di-fiume-e-stato-nominato-vicepresidente-dellassociazione-delle-citta-della-repubblica-di-croazia\/#breadcrumb"},"inLanguage":"it-IT","potentialAction":[{"@type":"ReadAction","target":["https:\/\/www.rijeka.hr\/it\/marko-filipovic-sindaco-di-fiume-e-stato-nominato-vicepresidente-dellassociazione-delle-citta-della-repubblica-di-croazia\/"]}]},{"@type":"ImageObject","inLanguage":"it-IT","@id":"https:\/\/www.rijeka.hr\/it\/marko-filipovic-sindaco-di-fiume-e-stato-nominato-vicepresidente-dellassociazione-delle-citta-della-repubblica-di-croazia\/#primaryimage","url":"https:\/\/www.rijeka.hr\/it\/wp-content\/uploads\/sites\/3\/2021\/11\/Marko-Filipovi\u0107-\u017deljko-TurkLoris-Pe\u0161uri\u0107-899x600.jpg","contentUrl":"https:\/\/www.rijeka.hr\/it\/wp-content\/uploads\/sites\/3\/2021\/11\/Marko-Filipovi\u0107-\u017deljko-TurkLoris-Pe\u0161uri\u0107-899x600.jpg","width":899,"height":600},{"@type":"BreadcrumbList","@id":"https:\/\/www.rijeka.hr\/it\/marko-filipovic-sindaco-di-fiume-e-stato-nominato-vicepresidente-dellassociazione-delle-citta-della-repubblica-di-croazia\/#breadcrumb","itemListElement":[{"@type":"ListItem","position":1,"name":"Po\u010detna stranica","item":"https:\/\/www.rijeka.hr\/it\/"},{"@type":"ListItem","position":2,"name":"Marko Filipovi\u0107, sindaco di Fiume, \u00e8 stato nominato vicepresidente dell&#8217;Associazione delle citt\u00e0 della Repubblica di Croazia"}]},{"@type":"WebSite","@id":"https:\/\/www.rijeka.hr\/it\/#website","url":"https:\/\/www.rijeka.hr\/it\/","name":"Citt\u00e0 di Fiume","description":"Portale web della Citta&#039; di Fiume","potentialAction":[{"@type":"SearchAction","target":{"@type":"EntryPoint","urlTemplate":"https:\/\/www.rijeka.hr\/it\/?s={search_term_string}"},"query-input":{"@type":"PropertyValueSpecification","valueRequired":true,"valueName":"search_term_string"}}],"inLanguage":"it-IT"},{"@type":"Person","@id":"https:\/\/www.rijeka.hr\/it\/#\/schema\/person\/048b064fa7891b19d16e03a382abb85e","name":"Ivica Nikolac","image":{"@type":"ImageObject","inLanguage":"it-IT","@id":"https:\/\/www.rijeka.hr\/it\/#\/schema\/person\/image\/","url":"https:\/\/secure.gravatar.com\/avatar\/566d324e1656a1b494a0766b85643006?s=96&d=mm&r=g","contentUrl":"https:\/\/secure.gravatar.com\/avatar\/566d324e1656a1b494a0766b85643006?s=96&d=mm&r=g","caption":"Ivica Nikolac"},"url":"https:\/\/www.rijeka.hr\/it\/author\/inikolac\/"}]}},"_links":{"self":[{"href":"https:\/\/www.rijeka.hr\/it\/wp-json\/wp\/v2\/posts\/13748","targetHints":{"allow":["GET"]}}],"collection":[{"href":"https:\/\/www.rijeka.hr\/it\/wp-json\/wp\/v2\/posts"}],"about":[{"href":"https:\/\/www.rijeka.hr\/it\/wp-json\/wp\/v2\/types\/post"}],"author":[{"embeddable":true,"href":"https:\/\/www.rijeka.hr\/it\/wp-json\/wp\/v2\/users\/5"}],"replies":[{"embeddable":true,"href":"https:\/\/www.rijeka.hr\/it\/wp-json\/wp\/v2\/comments?post=13748"}],"version-history":[{"count":3,"href":"https:\/\/www.rijeka.hr\/it\/wp-json\/wp\/v2\/posts\/13748\/revisions"}],"predecessor-version":[{"id":13751,"href":"https:\/\/www.rijeka.hr\/it\/wp-json\/wp\/v2\/posts\/13748\/revisions\/13751"}],"wp:featuredmedia":[{"embeddable":true,"href":"https:\/\/www.rijeka.hr\/it\/wp-json\/wp\/v2\/media\/13752"}],"wp:attachment":[{"href":"https:\/\/www.rijeka.hr\/it\/wp-json\/wp\/v2\/media?parent=13748"}],"wp:term":[{"taxonomy":"category","embeddable":true,"href":"https:\/\/www.rijeka.hr\/it\/wp-json\/wp\/v2\/categories?post=13748"},{"taxonomy":"post_tag","embeddable":true,"href":"https:\/\/www.rijeka.hr\/it\/wp-json\/wp\/v2\/tags?post=13748"}],"curies":[{"name":"wp","href":"https:\/\/api.w.org\/{rel}","templated":true}]}}