{"id":13758,"date":"2021-11-27T10:59:35","date_gmt":"2021-11-27T09:59:35","guid":{"rendered":"https:\/\/www.rijeka.hr\/it\/?p=13758"},"modified":"2021-12-07T13:09:49","modified_gmt":"2021-12-07T12:09:49","slug":"con-laccensione-della-prima-candela-dellavvento-e-delle-luminarie-e-iniziato-lavvento-fiume","status":"publish","type":"post","link":"https:\/\/www.rijeka.hr\/it\/con-laccensione-della-prima-candela-dellavvento-e-delle-luminarie-e-iniziato-lavvento-fiume\/","title":{"rendered":"Con l&#8217;accensione della prima candela dell&#8217;Avvento e delle luminarie \u00e8 iniziato l&#8217;Avvento a Fiume"},"content":{"rendered":"<p>All&#8217;accensione della prima candela della corona dell&#8217;Avvento hanno partecipato il sindaco di Fiume Marko Filipovi\u0107, la presidente del Consiglio cittadino Ana Tro\u0161elj, i vicesindaci Sandra Krpan e Goran Pal\u010devski e il direttore dell&#8217;Ente per il turismo di Fiume Petar \u0160karpa.<\/p>\n<p>La prima candela dell&#8217;Avvento \u00e8 stata accesa dall&#8217;arcivescovo di Fiume, mons. Ivan Dev\u010di\u0107, che ha parlato del significato dell&#8217;Avvento.<\/p>\n<p>Mario Lipov\u0161ek Battifiaca e il Coro da Camera Schola Cantorum si sono esibiti nel programma preparato per l\u2019occasionale in Piazza Kobler.<\/p>\n<p><img loading=\"lazy\" decoding=\"async\" width=\"600\" height=\"400\" class=\"size-medium wp-image-13763 alignleft\" src=\"https:\/\/www.rijeka.hr\/it\/wp-content\/uploads\/sites\/3\/2021\/11\/Paljenje-prve-adventske-svije\u0107e-i-blagdanske-rasvjete-7-600x400-600x400.jpg\" alt=\"\" \/>Il tema di quest&#8217;anno che riguarda l\u2019addobbamento della corona dell&#8217;Avvento in Piazza Kobler \u00e8 l&#8217;Anno della lettura. I bambini e le maestre dell&#8217;Asilo More si sono inclusi nell&#8217;azione di addobbamento. Con la tecnica artigianale del papier mach\u00e9 hanno avvolto con vecchi libri e riutlizzato palline scartate, disegnando e preparando cos\u00ec gli addobbi per la corona dell&#8217;Avvento. Tutti gli accessori per l sono stati procurati dalla municipalizzata \u010cisto\u0107a.<\/p>\n<p>I rami di abete per la corona dell&#8217;Avvento quest&#8217;anno sono stati donati dai cittadini, i proprietari degli alberi che dovevano essere rimossi e il desiderio dei proprietari era di non gettare i rami ma di usarli durante questo periodo natalizio.<\/p>\n<p>Dopo l&#8217;accensione della prima candela dell&#8217;Avvento, sono state accese tutte le luminarie natalizie in Corso e su altre strade e piazze di Fiume.<\/p>\n","protected":false},"excerpt":{"rendered":"<p>La prima candela dell&#8217;Avvento in piazza Ivan Kobler \u00e8 stata accesa dall&#8217;arcivescovo di Fiume, mons. Ivan Dev\u010di\u0107.<\/p>\n","protected":false},"author":5,"featured_media":13762,"comment_status":"open","ping_status":"open","sticky":false,"template":"","format":"standard","meta":{"_acf_changed":false,"_trash_the_other_posts":false,"footnotes":"","_links_to":"","_links_to_target":""},"categories":[976],"tags":[1212,1214,1213],"class_list":["post-13758","post","type-post","status-publish","format-standard","has-post-thumbnail","hentry","category-articoli","tag-avvento-a-fiume","tag-laccensione","tag-prima-candela-dellavvento"],"acf":[],"yoast_head":"<!-- This site is optimized with the Yoast SEO plugin v24.4 - https:\/\/yoast.com\/wordpress\/plugins\/seo\/ -->\n<title>Con l&#039;accensione della prima candela dell&#039;Avvento e delle luminarie \u00e8 iniziato l&#039;Avvento a Fiume - Citt\u00e0 di Fiume<\/title>\n<meta name=\"robots\" content=\"index, follow, max-snippet:-1, max-image-preview:large, max-video-preview:-1\" \/>\n<link rel=\"canonical\" href=\"https:\/\/www.rijeka.hr\/it\/con-laccensione-della-prima-candela-dellavvento-e-delle-luminarie-e-iniziato-lavvento-fiume\/\" \/>\n<meta property=\"og:locale\" content=\"it_IT\" \/>\n<meta property=\"og:type\" content=\"article\" \/>\n<meta property=\"og:title\" content=\"Con l&#039;accensione della prima candela dell&#039;Avvento e delle luminarie \u00e8 iniziato l&#039;Avvento a Fiume - Citt\u00e0 di Fiume\" \/>\n<meta property=\"og:description\" content=\"La prima candela dell&#039;Avvento in piazza Ivan Kobler \u00e8 stata accesa dall&#039;arcivescovo di Fiume, mons. Ivan Dev\u010di\u0107.\" \/>\n<meta property=\"og:url\" content=\"https:\/\/www.rijeka.hr\/it\/con-laccensione-della-prima-candela-dellavvento-e-delle-luminarie-e-iniziato-lavvento-fiume\/\" \/>\n<meta property=\"og:site_name\" content=\"Citt\u00e0 di Fiume\" \/>\n<meta property=\"article:published_time\" content=\"2021-11-27T09:59:35+00:00\" \/>\n<meta property=\"article:modified_time\" content=\"2021-12-07T12:09:49+00:00\" \/>\n<meta property=\"og:image\" content=\"https:\/\/www.rijeka.hr\/it\/wp-content\/uploads\/sites\/3\/2021\/11\/Paljenje-prve-adventske-svije\u0107e-i-blagdanske-rasvjete-5.jpg\" \/>\n\t<meta property=\"og:image:width\" content=\"900\" \/>\n\t<meta property=\"og:image:height\" content=\"600\" \/>\n\t<meta property=\"og:image:type\" content=\"image\/jpeg\" \/>\n<meta name=\"author\" content=\"Ivica Nikolac\" \/>\n<meta name=\"twitter:card\" content=\"summary_large_image\" \/>\n<meta name=\"twitter:label1\" content=\"Written by\" \/>\n\t<meta name=\"twitter:data1\" content=\"Ivica Nikolac\" \/>\n\t<meta name=\"twitter:label2\" content=\"Est. reading time\" \/>\n\t<meta name=\"twitter:data2\" content=\"1 minute\" \/>\n<script type=\"application\/ld+json\" class=\"yoast-schema-graph\">{\"@context\":\"https:\/\/schema.org\",\"@graph\":[{\"@type\":\"WebPage\",\"@id\":\"https:\/\/www.rijeka.hr\/it\/con-laccensione-della-prima-candela-dellavvento-e-delle-luminarie-e-iniziato-lavvento-fiume\/\",\"url\":\"https:\/\/www.rijeka.hr\/it\/con-laccensione-della-prima-candela-dellavvento-e-delle-luminarie-e-iniziato-lavvento-fiume\/\",\"name\":\"Con l'accensione della prima candela dell'Avvento e delle luminarie \u00e8 iniziato l'Avvento a Fiume - Citt\u00e0 di Fiume\",\"isPartOf\":{\"@id\":\"https:\/\/www.rijeka.hr\/it\/#website\"},\"primaryImageOfPage\":{\"@id\":\"https:\/\/www.rijeka.hr\/it\/con-laccensione-della-prima-candela-dellavvento-e-delle-luminarie-e-iniziato-lavvento-fiume\/#primaryimage\"},\"image\":{\"@id\":\"https:\/\/www.rijeka.hr\/it\/con-laccensione-della-prima-candela-dellavvento-e-delle-luminarie-e-iniziato-lavvento-fiume\/#primaryimage\"},\"thumbnailUrl\":\"https:\/\/www.rijeka.hr\/it\/wp-content\/uploads\/sites\/3\/2021\/11\/Paljenje-prve-adventske-svije\u0107e-i-blagdanske-rasvjete-5.jpg\",\"datePublished\":\"2021-11-27T09:59:35+00:00\",\"dateModified\":\"2021-12-07T12:09:49+00:00\",\"author\":{\"@id\":\"https:\/\/www.rijeka.hr\/it\/#\/schema\/person\/048b064fa7891b19d16e03a382abb85e\"},\"breadcrumb\":{\"@id\":\"https:\/\/www.rijeka.hr\/it\/con-laccensione-della-prima-candela-dellavvento-e-delle-luminarie-e-iniziato-lavvento-fiume\/#breadcrumb\"},\"inLanguage\":\"it-IT\",\"potentialAction\":[{\"@type\":\"ReadAction\",\"target\":[\"https:\/\/www.rijeka.hr\/it\/con-laccensione-della-prima-candela-dellavvento-e-delle-luminarie-e-iniziato-lavvento-fiume\/\"]}]},{\"@type\":\"ImageObject\",\"inLanguage\":\"it-IT\",\"@id\":\"https:\/\/www.rijeka.hr\/it\/con-laccensione-della-prima-candela-dellavvento-e-delle-luminarie-e-iniziato-lavvento-fiume\/#primaryimage\",\"url\":\"https:\/\/www.rijeka.hr\/it\/wp-content\/uploads\/sites\/3\/2021\/11\/Paljenje-prve-adventske-svije\u0107e-i-blagdanske-rasvjete-5.jpg\",\"contentUrl\":\"https:\/\/www.rijeka.hr\/it\/wp-content\/uploads\/sites\/3\/2021\/11\/Paljenje-prve-adventske-svije\u0107e-i-blagdanske-rasvjete-5.jpg\",\"width\":900,\"height\":600},{\"@type\":\"BreadcrumbList\",\"@id\":\"https:\/\/www.rijeka.hr\/it\/con-laccensione-della-prima-candela-dellavvento-e-delle-luminarie-e-iniziato-lavvento-fiume\/#breadcrumb\",\"itemListElement\":[{\"@type\":\"ListItem\",\"position\":1,\"name\":\"Po\u010detna stranica\",\"item\":\"https:\/\/www.rijeka.hr\/it\/\"},{\"@type\":\"ListItem\",\"position\":2,\"name\":\"Con l&#8217;accensione della prima candela dell&#8217;Avvento e delle luminarie \u00e8 iniziato l&#8217;Avvento a Fiume\"}]},{\"@type\":\"WebSite\",\"@id\":\"https:\/\/www.rijeka.hr\/it\/#website\",\"url\":\"https:\/\/www.rijeka.hr\/it\/\",\"name\":\"Citt\u00e0 di Fiume\",\"description\":\"Portale web della Citta&#039; di Fiume\",\"potentialAction\":[{\"@type\":\"SearchAction\",\"target\":{\"@type\":\"EntryPoint\",\"urlTemplate\":\"https:\/\/www.rijeka.hr\/it\/?s={search_term_string}\"},\"query-input\":{\"@type\":\"PropertyValueSpecification\",\"valueRequired\":true,\"valueName\":\"search_term_string\"}}],\"inLanguage\":\"it-IT\"},{\"@type\":\"Person\",\"@id\":\"https:\/\/www.rijeka.hr\/it\/#\/schema\/person\/048b064fa7891b19d16e03a382abb85e\",\"name\":\"Ivica Nikolac\",\"image\":{\"@type\":\"ImageObject\",\"inLanguage\":\"it-IT\",\"@id\":\"https:\/\/www.rijeka.hr\/it\/#\/schema\/person\/image\/\",\"url\":\"https:\/\/secure.gravatar.com\/avatar\/566d324e1656a1b494a0766b85643006?s=96&d=mm&r=g\",\"contentUrl\":\"https:\/\/secure.gravatar.com\/avatar\/566d324e1656a1b494a0766b85643006?s=96&d=mm&r=g\",\"caption\":\"Ivica Nikolac\"},\"url\":\"https:\/\/www.rijeka.hr\/it\/author\/inikolac\/\"}]}<\/script>\n<!-- \/ Yoast SEO plugin. -->","yoast_head_json":{"title":"Con l'accensione della prima candela dell'Avvento e delle luminarie \u00e8 iniziato l'Avvento a Fiume - Citt\u00e0 di Fiume","robots":{"index":"index","follow":"follow","max-snippet":"max-snippet:-1","max-image-preview":"max-image-preview:large","max-video-preview":"max-video-preview:-1"},"canonical":"https:\/\/www.rijeka.hr\/it\/con-laccensione-della-prima-candela-dellavvento-e-delle-luminarie-e-iniziato-lavvento-fiume\/","og_locale":"it_IT","og_type":"article","og_title":"Con l'accensione della prima candela dell'Avvento e delle luminarie \u00e8 iniziato l'Avvento a Fiume - Citt\u00e0 di Fiume","og_description":"La prima candela dell'Avvento in piazza Ivan Kobler \u00e8 stata accesa dall'arcivescovo di Fiume, mons. Ivan Dev\u010di\u0107.","og_url":"https:\/\/www.rijeka.hr\/it\/con-laccensione-della-prima-candela-dellavvento-e-delle-luminarie-e-iniziato-lavvento-fiume\/","og_site_name":"Citt\u00e0 di Fiume","article_published_time":"2021-11-27T09:59:35+00:00","article_modified_time":"2021-12-07T12:09:49+00:00","og_image":[{"width":900,"height":600,"url":"https:\/\/www.rijeka.hr\/it\/wp-content\/uploads\/sites\/3\/2021\/11\/Paljenje-prve-adventske-svije\u0107e-i-blagdanske-rasvjete-5.jpg","type":"image\/jpeg"}],"author":"Ivica Nikolac","twitter_card":"summary_large_image","twitter_misc":{"Written by":"Ivica Nikolac","Est. reading time":"1 minute"},"schema":{"@context":"https:\/\/schema.org","@graph":[{"@type":"WebPage","@id":"https:\/\/www.rijeka.hr\/it\/con-laccensione-della-prima-candela-dellavvento-e-delle-luminarie-e-iniziato-lavvento-fiume\/","url":"https:\/\/www.rijeka.hr\/it\/con-laccensione-della-prima-candela-dellavvento-e-delle-luminarie-e-iniziato-lavvento-fiume\/","name":"Con l'accensione della prima candela dell'Avvento e delle luminarie \u00e8 iniziato l'Avvento a Fiume - Citt\u00e0 di Fiume","isPartOf":{"@id":"https:\/\/www.rijeka.hr\/it\/#website"},"primaryImageOfPage":{"@id":"https:\/\/www.rijeka.hr\/it\/con-laccensione-della-prima-candela-dellavvento-e-delle-luminarie-e-iniziato-lavvento-fiume\/#primaryimage"},"image":{"@id":"https:\/\/www.rijeka.hr\/it\/con-laccensione-della-prima-candela-dellavvento-e-delle-luminarie-e-iniziato-lavvento-fiume\/#primaryimage"},"thumbnailUrl":"https:\/\/www.rijeka.hr\/it\/wp-content\/uploads\/sites\/3\/2021\/11\/Paljenje-prve-adventske-svije\u0107e-i-blagdanske-rasvjete-5.jpg","datePublished":"2021-11-27T09:59:35+00:00","dateModified":"2021-12-07T12:09:49+00:00","author":{"@id":"https:\/\/www.rijeka.hr\/it\/#\/schema\/person\/048b064fa7891b19d16e03a382abb85e"},"breadcrumb":{"@id":"https:\/\/www.rijeka.hr\/it\/con-laccensione-della-prima-candela-dellavvento-e-delle-luminarie-e-iniziato-lavvento-fiume\/#breadcrumb"},"inLanguage":"it-IT","potentialAction":[{"@type":"ReadAction","target":["https:\/\/www.rijeka.hr\/it\/con-laccensione-della-prima-candela-dellavvento-e-delle-luminarie-e-iniziato-lavvento-fiume\/"]}]},{"@type":"ImageObject","inLanguage":"it-IT","@id":"https:\/\/www.rijeka.hr\/it\/con-laccensione-della-prima-candela-dellavvento-e-delle-luminarie-e-iniziato-lavvento-fiume\/#primaryimage","url":"https:\/\/www.rijeka.hr\/it\/wp-content\/uploads\/sites\/3\/2021\/11\/Paljenje-prve-adventske-svije\u0107e-i-blagdanske-rasvjete-5.jpg","contentUrl":"https:\/\/www.rijeka.hr\/it\/wp-content\/uploads\/sites\/3\/2021\/11\/Paljenje-prve-adventske-svije\u0107e-i-blagdanske-rasvjete-5.jpg","width":900,"height":600},{"@type":"BreadcrumbList","@id":"https:\/\/www.rijeka.hr\/it\/con-laccensione-della-prima-candela-dellavvento-e-delle-luminarie-e-iniziato-lavvento-fiume\/#breadcrumb","itemListElement":[{"@type":"ListItem","position":1,"name":"Po\u010detna stranica","item":"https:\/\/www.rijeka.hr\/it\/"},{"@type":"ListItem","position":2,"name":"Con l&#8217;accensione della prima candela dell&#8217;Avvento e delle luminarie \u00e8 iniziato l&#8217;Avvento a Fiume"}]},{"@type":"WebSite","@id":"https:\/\/www.rijeka.hr\/it\/#website","url":"https:\/\/www.rijeka.hr\/it\/","name":"Citt\u00e0 di Fiume","description":"Portale web della Citta&#039; di Fiume","potentialAction":[{"@type":"SearchAction","target":{"@type":"EntryPoint","urlTemplate":"https:\/\/www.rijeka.hr\/it\/?s={search_term_string}"},"query-input":{"@type":"PropertyValueSpecification","valueRequired":true,"valueName":"search_term_string"}}],"inLanguage":"it-IT"},{"@type":"Person","@id":"https:\/\/www.rijeka.hr\/it\/#\/schema\/person\/048b064fa7891b19d16e03a382abb85e","name":"Ivica Nikolac","image":{"@type":"ImageObject","inLanguage":"it-IT","@id":"https:\/\/www.rijeka.hr\/it\/#\/schema\/person\/image\/","url":"https:\/\/secure.gravatar.com\/avatar\/566d324e1656a1b494a0766b85643006?s=96&d=mm&r=g","contentUrl":"https:\/\/secure.gravatar.com\/avatar\/566d324e1656a1b494a0766b85643006?s=96&d=mm&r=g","caption":"Ivica Nikolac"},"url":"https:\/\/www.rijeka.hr\/it\/author\/inikolac\/"}]}},"_links":{"self":[{"href":"https:\/\/www.rijeka.hr\/it\/wp-json\/wp\/v2\/posts\/13758","targetHints":{"allow":["GET"]}}],"collection":[{"href":"https:\/\/www.rijeka.hr\/it\/wp-json\/wp\/v2\/posts"}],"about":[{"href":"https:\/\/www.rijeka.hr\/it\/wp-json\/wp\/v2\/types\/post"}],"author":[{"embeddable":true,"href":"https:\/\/www.rijeka.hr\/it\/wp-json\/wp\/v2\/users\/5"}],"replies":[{"embeddable":true,"href":"https:\/\/www.rijeka.hr\/it\/wp-json\/wp\/v2\/comments?post=13758"}],"version-history":[{"count":3,"href":"https:\/\/www.rijeka.hr\/it\/wp-json\/wp\/v2\/posts\/13758\/revisions"}],"predecessor-version":[{"id":13764,"href":"https:\/\/www.rijeka.hr\/it\/wp-json\/wp\/v2\/posts\/13758\/revisions\/13764"}],"wp:featuredmedia":[{"embeddable":true,"href":"https:\/\/www.rijeka.hr\/it\/wp-json\/wp\/v2\/media\/13762"}],"wp:attachment":[{"href":"https:\/\/www.rijeka.hr\/it\/wp-json\/wp\/v2\/media?parent=13758"}],"wp:term":[{"taxonomy":"category","embeddable":true,"href":"https:\/\/www.rijeka.hr\/it\/wp-json\/wp\/v2\/categories?post=13758"},{"taxonomy":"post_tag","embeddable":true,"href":"https:\/\/www.rijeka.hr\/it\/wp-json\/wp\/v2\/tags?post=13758"}],"curies":[{"name":"wp","href":"https:\/\/api.w.org\/{rel}","templated":true}]}}