{"id":13931,"date":"2021-12-13T09:50:25","date_gmt":"2021-12-13T08:50:25","guid":{"rendered":"https:\/\/www.rijeka.hr\/it\/?p=13931"},"modified":"2021-12-14T10:59:58","modified_gmt":"2021-12-14T09:59:58","slug":"e-partito-il-trenino-di-babbo-natale","status":"publish","type":"post","link":"https:\/\/www.rijeka.hr\/it\/e-partito-il-trenino-di-babbo-natale\/","title":{"rendered":"\u00c8 partito il trenino di Babbo Natale"},"content":{"rendered":"<p><strong>L\u2019orario:<\/strong><\/p>\n<ul>\n<li>luned\u00ec &#8211; venerd\u00ec 10.00 &#8211; 13.00, termine riservato alle scuole dell\u2019infanzia<\/li>\n<li>luned\u00ec &#8211; venerd\u00ec ore 16-19, corse gratuite<\/li>\n<li>sabato &#8211; domenica 10 &#8211; 13 e 16 &#8211; 19, corse gratuite<\/li>\n<\/ul>\n<p>&#8220;A causa degli obblighi immediati al Polo Nord, Babbo Natale \u00e8 arrivato quest&#8217;anno a Fiume con il suo trenino con qualche giorno di ritardo, pi\u00f9 precisamente l&#8217;11 dicembre invece dell&#8217;annunciato 5 dicembre&#8221;, \u00e8 stato\u00a0 comunicato dall&#8217;Ente per il turismo della citt\u00e0 di Fiume.<\/p>\n<p>Si tratta dell\u2019unico trenino in Croazia che offre corse gratuite ai bambini e ai loro genitori, a differenza dei trenini di Zagabria, Spalato e Osijek, in quanto la spesa viene coperta dalla Citt\u00e0 e dalla Regione litoraneo-montana e da numerosi sponsor.<\/p>\n<p>Il treno circoler\u00e0 fino al 16 gennaio 2022, eccezion fatta per il 24, 25, 31 dicembre e il 1\u00b0 gennaio.<\/p>\n","protected":false},"excerpt":{"rendered":"<p>Il tradizionale trenino fiumano di Babbo Natale circoler\u00e0 nel periodo delle festivit\u00e0 natalizie e nella prima met\u00e0 di gennaio del prossimo anno da piazza Ban Josip Jela\u010di\u0107, lungo il Corso, fino a Piazza Adria e il ritorno.<\/p>\n","protected":false},"author":5,"featured_media":13935,"comment_status":"open","ping_status":"open","sticky":false,"template":"","format":"standard","meta":{"_acf_changed":false,"_trash_the_other_posts":false,"footnotes":"","_links_to":"","_links_to_target":""},"categories":[976],"tags":[1259,1206],"class_list":["post-13931","post","type-post","status-publish","format-standard","has-post-thumbnail","hentry","category-articoli","tag-babbo-natale","tag-trenino"],"acf":[],"yoast_head":"<!-- This site is optimized with the Yoast SEO plugin v24.4 - https:\/\/yoast.com\/wordpress\/plugins\/seo\/ -->\n<title>\u00c8 partito il trenino di Babbo Natale - Citt\u00e0 di Fiume<\/title>\n<meta name=\"robots\" content=\"index, follow, max-snippet:-1, max-image-preview:large, max-video-preview:-1\" \/>\n<link rel=\"canonical\" href=\"https:\/\/www.rijeka.hr\/it\/e-partito-il-trenino-di-babbo-natale\/\" \/>\n<meta property=\"og:locale\" content=\"it_IT\" \/>\n<meta property=\"og:type\" content=\"article\" \/>\n<meta property=\"og:title\" content=\"\u00c8 partito il trenino di Babbo Natale - Citt\u00e0 di Fiume\" \/>\n<meta property=\"og:description\" content=\"Il tradizionale trenino fiumano di Babbo Natale circoler\u00e0 nel periodo delle festivit\u00e0 natalizie e nella prima met\u00e0 di gennaio del prossimo anno da piazza Ban Josip Jela\u010di\u0107, lungo il Corso, fino a Piazza Adria e il ritorno.\" \/>\n<meta property=\"og:url\" content=\"https:\/\/www.rijeka.hr\/it\/e-partito-il-trenino-di-babbo-natale\/\" \/>\n<meta property=\"og:site_name\" content=\"Citt\u00e0 di Fiume\" \/>\n<meta property=\"article:published_time\" content=\"2021-12-13T08:50:25+00:00\" \/>\n<meta property=\"article:modified_time\" content=\"2021-12-14T09:59:58+00:00\" \/>\n<meta property=\"og:image\" content=\"https:\/\/www.rijeka.hr\/it\/wp-content\/uploads\/sites\/3\/2021\/12\/babbo-Natale.jpg\" \/>\n\t<meta property=\"og:image:width\" content=\"961\" \/>\n\t<meta property=\"og:image:height\" content=\"600\" \/>\n\t<meta property=\"og:image:type\" content=\"image\/jpeg\" \/>\n<meta name=\"author\" content=\"Ivica Nikolac\" \/>\n<meta name=\"twitter:card\" content=\"summary_large_image\" \/>\n<meta name=\"twitter:label1\" content=\"Written by\" \/>\n\t<meta name=\"twitter:data1\" content=\"Ivica Nikolac\" \/>\n\t<meta name=\"twitter:label2\" content=\"Est. reading time\" \/>\n\t<meta name=\"twitter:data2\" content=\"1 minute\" \/>\n<script type=\"application\/ld+json\" class=\"yoast-schema-graph\">{\"@context\":\"https:\/\/schema.org\",\"@graph\":[{\"@type\":\"WebPage\",\"@id\":\"https:\/\/www.rijeka.hr\/it\/e-partito-il-trenino-di-babbo-natale\/\",\"url\":\"https:\/\/www.rijeka.hr\/it\/e-partito-il-trenino-di-babbo-natale\/\",\"name\":\"\u00c8 partito il trenino di Babbo Natale - Citt\u00e0 di Fiume\",\"isPartOf\":{\"@id\":\"https:\/\/www.rijeka.hr\/it\/#website\"},\"primaryImageOfPage\":{\"@id\":\"https:\/\/www.rijeka.hr\/it\/e-partito-il-trenino-di-babbo-natale\/#primaryimage\"},\"image\":{\"@id\":\"https:\/\/www.rijeka.hr\/it\/e-partito-il-trenino-di-babbo-natale\/#primaryimage\"},\"thumbnailUrl\":\"https:\/\/www.rijeka.hr\/it\/wp-content\/uploads\/sites\/3\/2021\/12\/babbo-Natale.jpg\",\"datePublished\":\"2021-12-13T08:50:25+00:00\",\"dateModified\":\"2021-12-14T09:59:58+00:00\",\"author\":{\"@id\":\"https:\/\/www.rijeka.hr\/it\/#\/schema\/person\/048b064fa7891b19d16e03a382abb85e\"},\"breadcrumb\":{\"@id\":\"https:\/\/www.rijeka.hr\/it\/e-partito-il-trenino-di-babbo-natale\/#breadcrumb\"},\"inLanguage\":\"it-IT\",\"potentialAction\":[{\"@type\":\"ReadAction\",\"target\":[\"https:\/\/www.rijeka.hr\/it\/e-partito-il-trenino-di-babbo-natale\/\"]}]},{\"@type\":\"ImageObject\",\"inLanguage\":\"it-IT\",\"@id\":\"https:\/\/www.rijeka.hr\/it\/e-partito-il-trenino-di-babbo-natale\/#primaryimage\",\"url\":\"https:\/\/www.rijeka.hr\/it\/wp-content\/uploads\/sites\/3\/2021\/12\/babbo-Natale.jpg\",\"contentUrl\":\"https:\/\/www.rijeka.hr\/it\/wp-content\/uploads\/sites\/3\/2021\/12\/babbo-Natale.jpg\",\"width\":961,\"height\":600},{\"@type\":\"BreadcrumbList\",\"@id\":\"https:\/\/www.rijeka.hr\/it\/e-partito-il-trenino-di-babbo-natale\/#breadcrumb\",\"itemListElement\":[{\"@type\":\"ListItem\",\"position\":1,\"name\":\"Po\u010detna stranica\",\"item\":\"https:\/\/www.rijeka.hr\/it\/\"},{\"@type\":\"ListItem\",\"position\":2,\"name\":\"\u00c8 partito il trenino di Babbo Natale\"}]},{\"@type\":\"WebSite\",\"@id\":\"https:\/\/www.rijeka.hr\/it\/#website\",\"url\":\"https:\/\/www.rijeka.hr\/it\/\",\"name\":\"Citt\u00e0 di Fiume\",\"description\":\"Portale web della Citta&#039; di Fiume\",\"potentialAction\":[{\"@type\":\"SearchAction\",\"target\":{\"@type\":\"EntryPoint\",\"urlTemplate\":\"https:\/\/www.rijeka.hr\/it\/?s={search_term_string}\"},\"query-input\":{\"@type\":\"PropertyValueSpecification\",\"valueRequired\":true,\"valueName\":\"search_term_string\"}}],\"inLanguage\":\"it-IT\"},{\"@type\":\"Person\",\"@id\":\"https:\/\/www.rijeka.hr\/it\/#\/schema\/person\/048b064fa7891b19d16e03a382abb85e\",\"name\":\"Ivica Nikolac\",\"image\":{\"@type\":\"ImageObject\",\"inLanguage\":\"it-IT\",\"@id\":\"https:\/\/www.rijeka.hr\/it\/#\/schema\/person\/image\/\",\"url\":\"https:\/\/secure.gravatar.com\/avatar\/566d324e1656a1b494a0766b85643006?s=96&d=mm&r=g\",\"contentUrl\":\"https:\/\/secure.gravatar.com\/avatar\/566d324e1656a1b494a0766b85643006?s=96&d=mm&r=g\",\"caption\":\"Ivica Nikolac\"},\"url\":\"https:\/\/www.rijeka.hr\/it\/author\/inikolac\/\"}]}<\/script>\n<!-- \/ Yoast SEO plugin. -->","yoast_head_json":{"title":"\u00c8 partito il trenino di Babbo Natale - Citt\u00e0 di Fiume","robots":{"index":"index","follow":"follow","max-snippet":"max-snippet:-1","max-image-preview":"max-image-preview:large","max-video-preview":"max-video-preview:-1"},"canonical":"https:\/\/www.rijeka.hr\/it\/e-partito-il-trenino-di-babbo-natale\/","og_locale":"it_IT","og_type":"article","og_title":"\u00c8 partito il trenino di Babbo Natale - Citt\u00e0 di Fiume","og_description":"Il tradizionale trenino fiumano di Babbo Natale circoler\u00e0 nel periodo delle festivit\u00e0 natalizie e nella prima met\u00e0 di gennaio del prossimo anno da piazza Ban Josip Jela\u010di\u0107, lungo il Corso, fino a Piazza Adria e il ritorno.","og_url":"https:\/\/www.rijeka.hr\/it\/e-partito-il-trenino-di-babbo-natale\/","og_site_name":"Citt\u00e0 di Fiume","article_published_time":"2021-12-13T08:50:25+00:00","article_modified_time":"2021-12-14T09:59:58+00:00","og_image":[{"width":961,"height":600,"url":"https:\/\/www.rijeka.hr\/it\/wp-content\/uploads\/sites\/3\/2021\/12\/babbo-Natale.jpg","type":"image\/jpeg"}],"author":"Ivica Nikolac","twitter_card":"summary_large_image","twitter_misc":{"Written by":"Ivica Nikolac","Est. reading time":"1 minute"},"schema":{"@context":"https:\/\/schema.org","@graph":[{"@type":"WebPage","@id":"https:\/\/www.rijeka.hr\/it\/e-partito-il-trenino-di-babbo-natale\/","url":"https:\/\/www.rijeka.hr\/it\/e-partito-il-trenino-di-babbo-natale\/","name":"\u00c8 partito il trenino di Babbo Natale - Citt\u00e0 di Fiume","isPartOf":{"@id":"https:\/\/www.rijeka.hr\/it\/#website"},"primaryImageOfPage":{"@id":"https:\/\/www.rijeka.hr\/it\/e-partito-il-trenino-di-babbo-natale\/#primaryimage"},"image":{"@id":"https:\/\/www.rijeka.hr\/it\/e-partito-il-trenino-di-babbo-natale\/#primaryimage"},"thumbnailUrl":"https:\/\/www.rijeka.hr\/it\/wp-content\/uploads\/sites\/3\/2021\/12\/babbo-Natale.jpg","datePublished":"2021-12-13T08:50:25+00:00","dateModified":"2021-12-14T09:59:58+00:00","author":{"@id":"https:\/\/www.rijeka.hr\/it\/#\/schema\/person\/048b064fa7891b19d16e03a382abb85e"},"breadcrumb":{"@id":"https:\/\/www.rijeka.hr\/it\/e-partito-il-trenino-di-babbo-natale\/#breadcrumb"},"inLanguage":"it-IT","potentialAction":[{"@type":"ReadAction","target":["https:\/\/www.rijeka.hr\/it\/e-partito-il-trenino-di-babbo-natale\/"]}]},{"@type":"ImageObject","inLanguage":"it-IT","@id":"https:\/\/www.rijeka.hr\/it\/e-partito-il-trenino-di-babbo-natale\/#primaryimage","url":"https:\/\/www.rijeka.hr\/it\/wp-content\/uploads\/sites\/3\/2021\/12\/babbo-Natale.jpg","contentUrl":"https:\/\/www.rijeka.hr\/it\/wp-content\/uploads\/sites\/3\/2021\/12\/babbo-Natale.jpg","width":961,"height":600},{"@type":"BreadcrumbList","@id":"https:\/\/www.rijeka.hr\/it\/e-partito-il-trenino-di-babbo-natale\/#breadcrumb","itemListElement":[{"@type":"ListItem","position":1,"name":"Po\u010detna stranica","item":"https:\/\/www.rijeka.hr\/it\/"},{"@type":"ListItem","position":2,"name":"\u00c8 partito il trenino di Babbo Natale"}]},{"@type":"WebSite","@id":"https:\/\/www.rijeka.hr\/it\/#website","url":"https:\/\/www.rijeka.hr\/it\/","name":"Citt\u00e0 di Fiume","description":"Portale web della Citta&#039; di Fiume","potentialAction":[{"@type":"SearchAction","target":{"@type":"EntryPoint","urlTemplate":"https:\/\/www.rijeka.hr\/it\/?s={search_term_string}"},"query-input":{"@type":"PropertyValueSpecification","valueRequired":true,"valueName":"search_term_string"}}],"inLanguage":"it-IT"},{"@type":"Person","@id":"https:\/\/www.rijeka.hr\/it\/#\/schema\/person\/048b064fa7891b19d16e03a382abb85e","name":"Ivica Nikolac","image":{"@type":"ImageObject","inLanguage":"it-IT","@id":"https:\/\/www.rijeka.hr\/it\/#\/schema\/person\/image\/","url":"https:\/\/secure.gravatar.com\/avatar\/566d324e1656a1b494a0766b85643006?s=96&d=mm&r=g","contentUrl":"https:\/\/secure.gravatar.com\/avatar\/566d324e1656a1b494a0766b85643006?s=96&d=mm&r=g","caption":"Ivica Nikolac"},"url":"https:\/\/www.rijeka.hr\/it\/author\/inikolac\/"}]}},"_links":{"self":[{"href":"https:\/\/www.rijeka.hr\/it\/wp-json\/wp\/v2\/posts\/13931","targetHints":{"allow":["GET"]}}],"collection":[{"href":"https:\/\/www.rijeka.hr\/it\/wp-json\/wp\/v2\/posts"}],"about":[{"href":"https:\/\/www.rijeka.hr\/it\/wp-json\/wp\/v2\/types\/post"}],"author":[{"embeddable":true,"href":"https:\/\/www.rijeka.hr\/it\/wp-json\/wp\/v2\/users\/5"}],"replies":[{"embeddable":true,"href":"https:\/\/www.rijeka.hr\/it\/wp-json\/wp\/v2\/comments?post=13931"}],"version-history":[{"count":3,"href":"https:\/\/www.rijeka.hr\/it\/wp-json\/wp\/v2\/posts\/13931\/revisions"}],"predecessor-version":[{"id":13937,"href":"https:\/\/www.rijeka.hr\/it\/wp-json\/wp\/v2\/posts\/13931\/revisions\/13937"}],"wp:featuredmedia":[{"embeddable":true,"href":"https:\/\/www.rijeka.hr\/it\/wp-json\/wp\/v2\/media\/13935"}],"wp:attachment":[{"href":"https:\/\/www.rijeka.hr\/it\/wp-json\/wp\/v2\/media?parent=13931"}],"wp:term":[{"taxonomy":"category","embeddable":true,"href":"https:\/\/www.rijeka.hr\/it\/wp-json\/wp\/v2\/categories?post=13931"},{"taxonomy":"post_tag","embeddable":true,"href":"https:\/\/www.rijeka.hr\/it\/wp-json\/wp\/v2\/tags?post=13931"}],"curies":[{"name":"wp","href":"https:\/\/api.w.org\/{rel}","templated":true}]}}