{"id":14240,"date":"2022-02-07T11:23:33","date_gmt":"2022-02-07T10:23:33","guid":{"rendered":"https:\/\/www.rijeka.hr\/it\/?p=14240"},"modified":"2022-02-08T11:30:05","modified_gmt":"2022-02-08T10:30:05","slug":"firmato-laccordo-di-collaborazione-tra-membri-dellagglomerazione-urbana-di-fiume","status":"publish","type":"post","link":"https:\/\/www.rijeka.hr\/it\/firmato-laccordo-di-collaborazione-tra-membri-dellagglomerazione-urbana-di-fiume\/","title":{"rendered":"Firmato l&#8217;Accordo di collaborazione tra i membri dell\u2019Agglomerazione urbana di Fiume"},"content":{"rendered":"<p>L&#8217;obiettivo della stesura della Strategia \u00e8 quello di definire direzioni comuni di sviluppo, proporre direzioni comuni di azione e facilitare l&#8217;attuazione di progetti congiunti dell&#8217;Agglomerazione urbana di Fiume per il periodo finanziario 2021-2027.<\/p>\n<p>Ai partecipanti si \u00e8 rivolto il sindaco di Fiume Marko Filipovi\u0107, capo del Dipartimento per lo sviluppo, l&#8217;urbanistica, l&#8217;ecologia e la gestione del territorio della Citt\u00e0 di Fiume e capo dell&#8217;organo per l\u2019intermediazione per gli investimenti territoriali integrati della Citt\u00e0 di Fiume Sr\u0111an \u0160kunca, il sindaco di Castua Matej Mostarac e il sindaco del Comune di Jelenje Robert Mar\u010delja.<\/p>\n<p>Dando il benvenuto i firmatari dell&#8217;Accordo, in particolare i nuovi membri, Citt\u00e0 di Buccari e i Comuni di Jelenje, Mattuglie, Omi\u0161alj (Castelmuschio) il sindaco di Fiume Marko Filipovi\u0107 si \u00e8 detto contento perch\u00e9 hanno aderito all&#8217;Agglomerazione in quanto insieme saremo pi\u00f9 forti e con pi\u00f9 prospettive di successo, che soprattutto sar\u00e0 benefico per gli abitanti di questa territorio nel prossimo periodo.<\/p>\n<div id=\"attachment_14246\" class=\"wp-caption alignleft\"><img loading=\"lazy\" decoding=\"async\" width=\"600\" height=\"400\" class=\"wp-image-14246 size-medium\" src=\"https:\/\/www.rijeka.hr\/it\/wp-content\/uploads\/sites\/3\/2022\/02\/Potpis-Sporazuma-UAR-3-600x400-600x400.jpg\" alt=\"\" \/><p class=\"wp-caption-text\">FIRMATO L&#8217;ACCORDO &#8211; IL SINDACO MARKO FILIPOVI\u0106<\/p><\/div>\n<p>&#8220;Il successo della nostra Agglomerazione nell&#8217;ultimo periodo si qualifica in numeri: ben 12 progetti la cui attuazione \u00e8 in corso per complessivi 547 milioni di kune, di cui le approvate sovvenzioni a fondo perduto di oltre 327 milioni di kune! Oltre a questi 12 progetti ITI, \u00e8 certamente necessario rilevare altri 12 progetti accordati nell\u2019ambito del Programma operativo Risorse umane efficaci, per i quali sono stati approvati altri 23 milioni di kune in sovvenzioni a fondo perduto. Nel prossimo periodo, come sapete, ci attende tanto lavoro, a partire dalla stesura della Strategia, poi il monitoraggio della sua messa in atto, e la preparazione e l\u2019attuazione di progetti\u201d, ha affermato Filipovic.<\/p>\n<p>Sr\u0111an \u0160kunca, a capo degli Investimenti Territoriali Integrati, ha affermato che con questo allargamento l&#8217;agglomerazione urbana di Fiume ha ricevuto in un certo modo i confini pi\u00f9 naturali e ha aggiunto che molto \u00e8 stato fatto negli ultimi cinque anni: esperienza acquisita, risorse umane migliorate, candidature a bandi e progetti e raggiunta una buona efficienza che servir\u00e0 bene per il periodo a venire.<\/p>\n<p>A dare il benvenuto sono stati anche Matej Mostarac, sindaco di Castua, a nome dei vecchi membri e dal sindaco del Comune di Jelenje Robert Mar\u010delja, a nome dei nuovi arrivati.<\/p>\n<p>L&#8217;accordo \u00e8 stato firmato dai sindaci di Fiume, Castua, Kraljevica, Abbazia, Buccari, nonch\u00e9 dai sindaci dei Comuni di \u010cavle, Klana, Kostrena, Laurana, Draga di Moschiena, Vi\u0161kovo, Mattuglie, Jelenje e Omi\u0161alj (Castelmuschio).<\/p>\n<p>Ricordiamo.\u00a0<u><a href=\"https:\/\/www.rijeka.hr\/urbana-aglomeracija\/\">l\u2019Agglomerazione urbana di Fiume<\/a><\/u>\u00a0\u00e8 stata instaurata con la decisione presa dal Ministero dello sviluppo regionale e dei fondi dell\u2019UE il 21 settembre 2015 ed \u00e8 stata composta dalle 10 unit\u00e0 di autogoverno locale: Citt\u00e0 di Fiume, Castua, Kraljevica e Abbazia e i Comuni di \u010cavle, Klana, Kostrena, Laurana, Draga di Moschiena e Vi\u0161kovo. Con la decisione del Ministro dello sviluppo regionale e dei fondi dell&#8217;Unione europea del 17 dicembre 2021, la citt\u00e0 di Buccari e i comuni di Mattuglie, Jelenje e Castelmuschio hanno aderito all&#8217;Agglomerazione urbana.<\/p>\n<p>Vale a dire, secondo le nuove Linee guida del ministero competente per l&#8217;istituzione delle aree urbane e la stesura della strategia di sviluppo delle aree urbane per il periodo finanziario 2021-2027, le citt\u00e0 che hanno stabilito le loro aree urbane al momento della loro adozione hanno avuto l&#8217;opportunit\u00e0 di mantenere la copertura esistente o creare nuove aree urbane. Conformemente alle Linee guida, la Citt\u00e0 di Fiume ha proposto di modificare la copertura dell&#8217;Agglomerazione urbana di Fiume per il periodo finanziario 2021-2027 e ha presentato decisioni e opinioni positive dei consigli cittadini e comunali delle citt\u00e0 e dei comuni appena proposti per aderirvi.<\/p>\n<p>In questo modo, l&#8217;Agglomerazione urbana di Fiume \u00e8 stata ampliata all&#8217;area originariamente proposta quando \u00e8 stata istituita nel 2015. Tutti questi comuni e citt\u00e0 soddisfano il criterio di base per l&#8217;inclusione nell&#8217;area urbana, ovvero la continuit\u00e0 spaziale.<\/p>\n<p>L&#8217;obiettivo principale dell\u2019instaurazione dell&#8217;Agglomerazione urbana di Fiume era quello di utilizzare i fondi europei attraverso il Meccanismo di investimenti territoriali integrati (meccanismo ITI). L&#8217;Unione Europea ha introdotto il meccanismo ITi con l&#8217;obiettivo di rafforzare il ruolo delle citt\u00e0 come motori dello sviluppo economico. Il meccanismo serve per attuare le attivit\u00e0 di sviluppo urbano sostenibile che hanno una forte dimensione territoriale e consente di assicurare il sostegno finanziario per l&#8217;attuazione di attivit\u00e0 integrate.<\/p>\n<p>Nel periodo finanziario 2014-2020 attraverso questo meccanismo per 12 progetti nell&#8217;area dell&#8217;Agglomerazione urbana di Fiume \u00e8 stato assicurato l\u2019importo complessivo di 547 milioni di kune.<\/p>\n","protected":false},"excerpt":{"rendered":"<p>I sindaci dei 14 comuni e citt\u00e0 che costituiscono l&#8217;Agglomerazione urbana di Fiume hanno firmato nell\u2019Aula municipale della Citt\u00e0 di Fiume l\u2019Accordo di cooperazione durante la stesura e l&#8217;attuazione della strategia di sviluppo dell&#8217;Agglomerazione urbana di Fiume per il periodo finanziario 2021- 2027.<\/p>\n","protected":false},"author":5,"featured_media":14245,"comment_status":"open","ping_status":"open","sticky":false,"template":"","format":"standard","meta":{"_acf_changed":false,"_trash_the_other_posts":false,"footnotes":"","_links_to":"","_links_to_target":""},"categories":[976],"tags":[974,1118,1327],"class_list":["post-14240","post","type-post","status-publish","format-standard","has-post-thumbnail","hentry","category-articoli","tag-agglomerazione-urbana-di-fiume","tag-investimenti-territoriali-integrati-iti","tag-laccordo-di-collaborazione"],"acf":[],"yoast_head":"<!-- This site is optimized with the Yoast SEO plugin v24.4 - https:\/\/yoast.com\/wordpress\/plugins\/seo\/ -->\n<title>Firmato l&#039;Accordo di collaborazione tra i membri dell\u2019Agglomerazione urbana di Fiume - Citt\u00e0 di Fiume<\/title>\n<meta name=\"robots\" content=\"index, follow, max-snippet:-1, max-image-preview:large, max-video-preview:-1\" \/>\n<link rel=\"canonical\" href=\"https:\/\/www.rijeka.hr\/it\/firmato-laccordo-di-collaborazione-tra-membri-dellagglomerazione-urbana-di-fiume\/\" \/>\n<meta property=\"og:locale\" content=\"it_IT\" \/>\n<meta property=\"og:type\" content=\"article\" \/>\n<meta property=\"og:title\" content=\"Firmato l&#039;Accordo di collaborazione tra i membri dell\u2019Agglomerazione urbana di Fiume - Citt\u00e0 di Fiume\" \/>\n<meta property=\"og:description\" content=\"I sindaci dei 14 comuni e citt\u00e0 che costituiscono l&#039;Agglomerazione urbana di Fiume hanno firmato nell\u2019Aula municipale della Citt\u00e0 di Fiume l\u2019Accordo di cooperazione durante la stesura e l&#039;attuazione della strategia di sviluppo dell&#039;Agglomerazione urbana di Fiume per il periodo finanziario 2021- 2027.\" \/>\n<meta property=\"og:url\" content=\"https:\/\/www.rijeka.hr\/it\/firmato-laccordo-di-collaborazione-tra-membri-dellagglomerazione-urbana-di-fiume\/\" \/>\n<meta property=\"og:site_name\" content=\"Citt\u00e0 di Fiume\" \/>\n<meta property=\"article:published_time\" content=\"2022-02-07T10:23:33+00:00\" \/>\n<meta property=\"article:modified_time\" content=\"2022-02-08T10:30:05+00:00\" \/>\n<meta property=\"og:image\" content=\"https:\/\/www.rijeka.hr\/it\/wp-content\/uploads\/sites\/3\/2022\/02\/Koordinacijsko-vije\u0107e-Urbane-aglomeracije-Rijeka-2021.-2027.-godine-901x600.jpg\" \/>\n\t<meta property=\"og:image:width\" content=\"901\" \/>\n\t<meta property=\"og:image:height\" content=\"600\" \/>\n\t<meta property=\"og:image:type\" content=\"image\/jpeg\" \/>\n<meta name=\"author\" content=\"Ivica Nikolac\" \/>\n<meta name=\"twitter:card\" content=\"summary_large_image\" \/>\n<meta name=\"twitter:label1\" content=\"Written by\" \/>\n\t<meta name=\"twitter:data1\" content=\"Ivica Nikolac\" \/>\n\t<meta name=\"twitter:label2\" content=\"Est. reading time\" \/>\n\t<meta name=\"twitter:data2\" content=\"4 minutes\" \/>\n<script type=\"application\/ld+json\" class=\"yoast-schema-graph\">{\"@context\":\"https:\/\/schema.org\",\"@graph\":[{\"@type\":\"WebPage\",\"@id\":\"https:\/\/www.rijeka.hr\/it\/firmato-laccordo-di-collaborazione-tra-membri-dellagglomerazione-urbana-di-fiume\/\",\"url\":\"https:\/\/www.rijeka.hr\/it\/firmato-laccordo-di-collaborazione-tra-membri-dellagglomerazione-urbana-di-fiume\/\",\"name\":\"Firmato l'Accordo di collaborazione tra i membri dell\u2019Agglomerazione urbana di Fiume - Citt\u00e0 di Fiume\",\"isPartOf\":{\"@id\":\"https:\/\/www.rijeka.hr\/it\/#website\"},\"primaryImageOfPage\":{\"@id\":\"https:\/\/www.rijeka.hr\/it\/firmato-laccordo-di-collaborazione-tra-membri-dellagglomerazione-urbana-di-fiume\/#primaryimage\"},\"image\":{\"@id\":\"https:\/\/www.rijeka.hr\/it\/firmato-laccordo-di-collaborazione-tra-membri-dellagglomerazione-urbana-di-fiume\/#primaryimage\"},\"thumbnailUrl\":\"https:\/\/www.rijeka.hr\/it\/wp-content\/uploads\/sites\/3\/2022\/02\/Koordinacijsko-vije\u0107e-Urbane-aglomeracije-Rijeka-2021.-2027.-godine-901x600.jpg\",\"datePublished\":\"2022-02-07T10:23:33+00:00\",\"dateModified\":\"2022-02-08T10:30:05+00:00\",\"author\":{\"@id\":\"https:\/\/www.rijeka.hr\/it\/#\/schema\/person\/048b064fa7891b19d16e03a382abb85e\"},\"breadcrumb\":{\"@id\":\"https:\/\/www.rijeka.hr\/it\/firmato-laccordo-di-collaborazione-tra-membri-dellagglomerazione-urbana-di-fiume\/#breadcrumb\"},\"inLanguage\":\"it-IT\",\"potentialAction\":[{\"@type\":\"ReadAction\",\"target\":[\"https:\/\/www.rijeka.hr\/it\/firmato-laccordo-di-collaborazione-tra-membri-dellagglomerazione-urbana-di-fiume\/\"]}]},{\"@type\":\"ImageObject\",\"inLanguage\":\"it-IT\",\"@id\":\"https:\/\/www.rijeka.hr\/it\/firmato-laccordo-di-collaborazione-tra-membri-dellagglomerazione-urbana-di-fiume\/#primaryimage\",\"url\":\"https:\/\/www.rijeka.hr\/it\/wp-content\/uploads\/sites\/3\/2022\/02\/Koordinacijsko-vije\u0107e-Urbane-aglomeracije-Rijeka-2021.-2027.-godine-901x600.jpg\",\"contentUrl\":\"https:\/\/www.rijeka.hr\/it\/wp-content\/uploads\/sites\/3\/2022\/02\/Koordinacijsko-vije\u0107e-Urbane-aglomeracije-Rijeka-2021.-2027.-godine-901x600.jpg\",\"width\":901,\"height\":600},{\"@type\":\"BreadcrumbList\",\"@id\":\"https:\/\/www.rijeka.hr\/it\/firmato-laccordo-di-collaborazione-tra-membri-dellagglomerazione-urbana-di-fiume\/#breadcrumb\",\"itemListElement\":[{\"@type\":\"ListItem\",\"position\":1,\"name\":\"Po\u010detna stranica\",\"item\":\"https:\/\/www.rijeka.hr\/it\/\"},{\"@type\":\"ListItem\",\"position\":2,\"name\":\"Firmato l&#8217;Accordo di collaborazione tra i membri dell\u2019Agglomerazione urbana di Fiume\"}]},{\"@type\":\"WebSite\",\"@id\":\"https:\/\/www.rijeka.hr\/it\/#website\",\"url\":\"https:\/\/www.rijeka.hr\/it\/\",\"name\":\"Citt\u00e0 di Fiume\",\"description\":\"Portale web della Citta&#039; di Fiume\",\"potentialAction\":[{\"@type\":\"SearchAction\",\"target\":{\"@type\":\"EntryPoint\",\"urlTemplate\":\"https:\/\/www.rijeka.hr\/it\/?s={search_term_string}\"},\"query-input\":{\"@type\":\"PropertyValueSpecification\",\"valueRequired\":true,\"valueName\":\"search_term_string\"}}],\"inLanguage\":\"it-IT\"},{\"@type\":\"Person\",\"@id\":\"https:\/\/www.rijeka.hr\/it\/#\/schema\/person\/048b064fa7891b19d16e03a382abb85e\",\"name\":\"Ivica Nikolac\",\"image\":{\"@type\":\"ImageObject\",\"inLanguage\":\"it-IT\",\"@id\":\"https:\/\/www.rijeka.hr\/it\/#\/schema\/person\/image\/\",\"url\":\"https:\/\/secure.gravatar.com\/avatar\/566d324e1656a1b494a0766b85643006?s=96&d=mm&r=g\",\"contentUrl\":\"https:\/\/secure.gravatar.com\/avatar\/566d324e1656a1b494a0766b85643006?s=96&d=mm&r=g\",\"caption\":\"Ivica Nikolac\"},\"url\":\"https:\/\/www.rijeka.hr\/it\/author\/inikolac\/\"}]}<\/script>\n<!-- \/ Yoast SEO plugin. -->","yoast_head_json":{"title":"Firmato l'Accordo di collaborazione tra i membri dell\u2019Agglomerazione urbana di Fiume - Citt\u00e0 di Fiume","robots":{"index":"index","follow":"follow","max-snippet":"max-snippet:-1","max-image-preview":"max-image-preview:large","max-video-preview":"max-video-preview:-1"},"canonical":"https:\/\/www.rijeka.hr\/it\/firmato-laccordo-di-collaborazione-tra-membri-dellagglomerazione-urbana-di-fiume\/","og_locale":"it_IT","og_type":"article","og_title":"Firmato l'Accordo di collaborazione tra i membri dell\u2019Agglomerazione urbana di Fiume - Citt\u00e0 di Fiume","og_description":"I sindaci dei 14 comuni e citt\u00e0 che costituiscono l'Agglomerazione urbana di Fiume hanno firmato nell\u2019Aula municipale della Citt\u00e0 di Fiume l\u2019Accordo di cooperazione durante la stesura e l'attuazione della strategia di sviluppo dell'Agglomerazione urbana di Fiume per il periodo finanziario 2021- 2027.","og_url":"https:\/\/www.rijeka.hr\/it\/firmato-laccordo-di-collaborazione-tra-membri-dellagglomerazione-urbana-di-fiume\/","og_site_name":"Citt\u00e0 di Fiume","article_published_time":"2022-02-07T10:23:33+00:00","article_modified_time":"2022-02-08T10:30:05+00:00","og_image":[{"width":901,"height":600,"url":"https:\/\/www.rijeka.hr\/it\/wp-content\/uploads\/sites\/3\/2022\/02\/Koordinacijsko-vije\u0107e-Urbane-aglomeracije-Rijeka-2021.-2027.-godine-901x600.jpg","type":"image\/jpeg"}],"author":"Ivica Nikolac","twitter_card":"summary_large_image","twitter_misc":{"Written by":"Ivica Nikolac","Est. reading time":"4 minutes"},"schema":{"@context":"https:\/\/schema.org","@graph":[{"@type":"WebPage","@id":"https:\/\/www.rijeka.hr\/it\/firmato-laccordo-di-collaborazione-tra-membri-dellagglomerazione-urbana-di-fiume\/","url":"https:\/\/www.rijeka.hr\/it\/firmato-laccordo-di-collaborazione-tra-membri-dellagglomerazione-urbana-di-fiume\/","name":"Firmato l'Accordo di collaborazione tra i membri dell\u2019Agglomerazione urbana di Fiume - Citt\u00e0 di Fiume","isPartOf":{"@id":"https:\/\/www.rijeka.hr\/it\/#website"},"primaryImageOfPage":{"@id":"https:\/\/www.rijeka.hr\/it\/firmato-laccordo-di-collaborazione-tra-membri-dellagglomerazione-urbana-di-fiume\/#primaryimage"},"image":{"@id":"https:\/\/www.rijeka.hr\/it\/firmato-laccordo-di-collaborazione-tra-membri-dellagglomerazione-urbana-di-fiume\/#primaryimage"},"thumbnailUrl":"https:\/\/www.rijeka.hr\/it\/wp-content\/uploads\/sites\/3\/2022\/02\/Koordinacijsko-vije\u0107e-Urbane-aglomeracije-Rijeka-2021.-2027.-godine-901x600.jpg","datePublished":"2022-02-07T10:23:33+00:00","dateModified":"2022-02-08T10:30:05+00:00","author":{"@id":"https:\/\/www.rijeka.hr\/it\/#\/schema\/person\/048b064fa7891b19d16e03a382abb85e"},"breadcrumb":{"@id":"https:\/\/www.rijeka.hr\/it\/firmato-laccordo-di-collaborazione-tra-membri-dellagglomerazione-urbana-di-fiume\/#breadcrumb"},"inLanguage":"it-IT","potentialAction":[{"@type":"ReadAction","target":["https:\/\/www.rijeka.hr\/it\/firmato-laccordo-di-collaborazione-tra-membri-dellagglomerazione-urbana-di-fiume\/"]}]},{"@type":"ImageObject","inLanguage":"it-IT","@id":"https:\/\/www.rijeka.hr\/it\/firmato-laccordo-di-collaborazione-tra-membri-dellagglomerazione-urbana-di-fiume\/#primaryimage","url":"https:\/\/www.rijeka.hr\/it\/wp-content\/uploads\/sites\/3\/2022\/02\/Koordinacijsko-vije\u0107e-Urbane-aglomeracije-Rijeka-2021.-2027.-godine-901x600.jpg","contentUrl":"https:\/\/www.rijeka.hr\/it\/wp-content\/uploads\/sites\/3\/2022\/02\/Koordinacijsko-vije\u0107e-Urbane-aglomeracije-Rijeka-2021.-2027.-godine-901x600.jpg","width":901,"height":600},{"@type":"BreadcrumbList","@id":"https:\/\/www.rijeka.hr\/it\/firmato-laccordo-di-collaborazione-tra-membri-dellagglomerazione-urbana-di-fiume\/#breadcrumb","itemListElement":[{"@type":"ListItem","position":1,"name":"Po\u010detna stranica","item":"https:\/\/www.rijeka.hr\/it\/"},{"@type":"ListItem","position":2,"name":"Firmato l&#8217;Accordo di collaborazione tra i membri dell\u2019Agglomerazione urbana di Fiume"}]},{"@type":"WebSite","@id":"https:\/\/www.rijeka.hr\/it\/#website","url":"https:\/\/www.rijeka.hr\/it\/","name":"Citt\u00e0 di Fiume","description":"Portale web della Citta&#039; di Fiume","potentialAction":[{"@type":"SearchAction","target":{"@type":"EntryPoint","urlTemplate":"https:\/\/www.rijeka.hr\/it\/?s={search_term_string}"},"query-input":{"@type":"PropertyValueSpecification","valueRequired":true,"valueName":"search_term_string"}}],"inLanguage":"it-IT"},{"@type":"Person","@id":"https:\/\/www.rijeka.hr\/it\/#\/schema\/person\/048b064fa7891b19d16e03a382abb85e","name":"Ivica Nikolac","image":{"@type":"ImageObject","inLanguage":"it-IT","@id":"https:\/\/www.rijeka.hr\/it\/#\/schema\/person\/image\/","url":"https:\/\/secure.gravatar.com\/avatar\/566d324e1656a1b494a0766b85643006?s=96&d=mm&r=g","contentUrl":"https:\/\/secure.gravatar.com\/avatar\/566d324e1656a1b494a0766b85643006?s=96&d=mm&r=g","caption":"Ivica Nikolac"},"url":"https:\/\/www.rijeka.hr\/it\/author\/inikolac\/"}]}},"_links":{"self":[{"href":"https:\/\/www.rijeka.hr\/it\/wp-json\/wp\/v2\/posts\/14240","targetHints":{"allow":["GET"]}}],"collection":[{"href":"https:\/\/www.rijeka.hr\/it\/wp-json\/wp\/v2\/posts"}],"about":[{"href":"https:\/\/www.rijeka.hr\/it\/wp-json\/wp\/v2\/types\/post"}],"author":[{"embeddable":true,"href":"https:\/\/www.rijeka.hr\/it\/wp-json\/wp\/v2\/users\/5"}],"replies":[{"embeddable":true,"href":"https:\/\/www.rijeka.hr\/it\/wp-json\/wp\/v2\/comments?post=14240"}],"version-history":[{"count":3,"href":"https:\/\/www.rijeka.hr\/it\/wp-json\/wp\/v2\/posts\/14240\/revisions"}],"predecessor-version":[{"id":14247,"href":"https:\/\/www.rijeka.hr\/it\/wp-json\/wp\/v2\/posts\/14240\/revisions\/14247"}],"wp:featuredmedia":[{"embeddable":true,"href":"https:\/\/www.rijeka.hr\/it\/wp-json\/wp\/v2\/media\/14245"}],"wp:attachment":[{"href":"https:\/\/www.rijeka.hr\/it\/wp-json\/wp\/v2\/media?parent=14240"}],"wp:term":[{"taxonomy":"category","embeddable":true,"href":"https:\/\/www.rijeka.hr\/it\/wp-json\/wp\/v2\/categories?post=14240"},{"taxonomy":"post_tag","embeddable":true,"href":"https:\/\/www.rijeka.hr\/it\/wp-json\/wp\/v2\/tags?post=14240"}],"curies":[{"name":"wp","href":"https:\/\/api.w.org\/{rel}","templated":true}]}}