{"id":14267,"date":"2022-02-08T12:42:22","date_gmt":"2022-02-08T11:42:22","guid":{"rendered":"https:\/\/www.rijeka.hr\/it\/?p=14267"},"modified":"2022-02-09T12:50:57","modified_gmt":"2022-02-09T11:50:57","slug":"si-e-tenuta-la-commemorazione-per-il-generale-di-brigata-sergio-rabar","status":"publish","type":"post","link":"https:\/\/www.rijeka.hr\/it\/si-e-tenuta-la-commemorazione-per-il-generale-di-brigata-sergio-rabar\/","title":{"rendered":"Si \u00e8 tenuta la commemorazione per il generale di brigata Sergio Rabar"},"content":{"rendered":"<p>Il generale di brigata Rabar ha dato un contributo eccezionale alla difesa della Repubblica di Croazia e della citt\u00e0 di Fiume nella Guerra patriottica, con il coinvolgimento diretto nella Questura di Fiume nelle attivit\u00e0 di difesa, e poi organizzando e guidando la 111a brigata in difesa della patria sui campi di battaglia della Lika.<\/p>\n<p>La commemorazione \u00e8 stata organizzata dall&#8217;Associazione della 111a Brigata della Guardia Nazionale dell&#8217;Esercito croato e dalla Citt\u00e0 di Fiume.<\/p>\n<p>Alla presenza della famiglia di Sergio Rabar e dei suoi compagni d&#8217;armi, i discorsi commemorativi sono stati tenuti da Vlado Milkovi\u0107, a nome dell&#8217;Associazione della 111a Brigata di fanteria della Guardia nazionale dell&#8217;Esercito croato, e tutte le altre associazioni, dal presidente della Regione litoraneo \u2013 montana Zlatko Komadina, dal sindaco di Fiume Marko Filipovi\u0107 e dal consigliere del primo ministro croato Damir Krsti\u010devi\u0107.<\/p>\n<p>Il sindaco Filipovi\u0107 ha sottolineato che la vita e il lavoro del generale di brigata Sergio Rabar rimarranno per sempre iscritti nella storia di Fiume.<\/p>\n<div id=\"attachment_14273\" class=\"wp-caption alignleft\"><img loading=\"lazy\" decoding=\"async\" width=\"600\" height=\"400\" class=\"wp-image-14273 size-medium\" src=\"https:\/\/www.rijeka.hr\/it\/wp-content\/uploads\/sites\/3\/2022\/02\/Komemoracija-za-brigadnog-generala-Sergia-Rabara-11-600x400-600x400.jpg\" alt=\"\" \/><p class=\"wp-caption-text\">Il sindaco di Fiume Marko Filipovi\u0107 ha lasciato un messaggio di condoglianze<\/p><\/div>\n<p>&#8220;Lo ricorderemo come il primo generale della 111a Brigata dell&#8217;esercito croato, come uno dei creatori della nuova storia croata e dello stato indipendente della Repubblica di Croazia. Come grande amante della Patria e orgoglioso croato che ha svolto professionalmente tutti i compiti durante la guerra, cos\u00ec come tutti i membri della 111a Brigata dell\u2019Esercito croato, ma anche molte altre brigate del pi\u00f9 ampio territorio di Fiume e della regione. Questa \u00e8 stata la prima brigata organizzata che ha difeso risolutamente Fiume e i suoi dintorni, che l&#8217;anno scorso ha festeggiato il suo 30\u00b0 anniversario di attivit\u00e0. Sono lieto che con le sue attivit\u00e0 cerchi di preservare i ricordi degli anni della guerra, che possono svanire tra le nuove generazioni, ma non devono essere dimenticati. La lotta per una Fiume libera, una Croazia libera, \u00e8 stata ardua, lunga e difficile. Ecco perch\u00e9 quello che possiamo e dobbiamo fare \u00e8 preservare i ricordi, ma anche i valori di libert\u00e0, con immensa gratitudine a tutti i nostri difensori, in particolare a coloro che hanno dato la vita per difendere la Croazia. Sebbene non conoscessi personalmente il defunto generale, di lui posso solo parlare con orgoglio. Proprio all&#8217;inizio dell&#8217;aggressione contro la Repubblica di Croazia, ha risposto all&#8217;appello della Patria e ha messo a disposizione tutte le sue capacit\u00e0, conoscenze ed energie. L&#8217;amore per la propria terra, la determinazione, il coraggio erano pi\u00f9 forti degli aggressori in quei giorni. Sergio Rabar ognuno ricorder\u00e0 a modo suo. La sua famiglia, compagni, amici e concittadini. Ma in quel ricordo, saremo tutti legati da un senso di orgoglio e gratitudine all&#8217;uomo che ha combattuto per il Paese libero in cui viviamo oggi&#8221;, ha affermato Filipovi\u0107.<\/p>\n<p>Il funerale di Sergio Rabar si terr\u00e0 mercoled\u00ec 9 febbraio nel Cimitero di Rovigno, con inizio alle 15:00.<\/p>\n","protected":false},"excerpt":{"rendered":"<p>Nell\u2019Aula consiliare della Citt\u00e0 di Fiume si \u00e8 tenuta la commemorazione per il generale di brigata Sergio Rabar, il primo comandante della 111a brigata di fanteria della Guardia nazionale dell&#8217;Esercito croato.<\/p>\n","protected":false},"author":89,"featured_media":14272,"comment_status":"open","ping_status":"open","sticky":false,"template":"","format":"standard","meta":{"_acf_changed":false,"_trash_the_other_posts":false,"footnotes":"","_links_to":"","_links_to_target":""},"categories":[976],"tags":[1334,1296,172,1333],"class_list":["post-14267","post","type-post","status-publish","format-standard","has-post-thumbnail","hentry","category-articoli","tag-brigata-di-fanteria","tag-commemorazione","tag-funerale","tag-generale-di-brigata"],"acf":[],"yoast_head":"<!-- This site is optimized with the Yoast SEO plugin v24.4 - https:\/\/yoast.com\/wordpress\/plugins\/seo\/ -->\n<title>Si \u00e8 tenuta la commemorazione per il generale di brigata Sergio Rabar - Citt\u00e0 di Fiume<\/title>\n<meta name=\"robots\" content=\"index, follow, max-snippet:-1, max-image-preview:large, max-video-preview:-1\" \/>\n<link rel=\"canonical\" href=\"https:\/\/www.rijeka.hr\/it\/si-e-tenuta-la-commemorazione-per-il-generale-di-brigata-sergio-rabar\/\" \/>\n<meta property=\"og:locale\" content=\"it_IT\" \/>\n<meta property=\"og:type\" content=\"article\" \/>\n<meta property=\"og:title\" content=\"Si \u00e8 tenuta la commemorazione per il generale di brigata Sergio Rabar - Citt\u00e0 di Fiume\" \/>\n<meta property=\"og:description\" content=\"Nell\u2019Aula consiliare della Citt\u00e0 di Fiume si \u00e8 tenuta la commemorazione per il generale di brigata Sergio Rabar, il primo comandante della 111a brigata di fanteria della Guardia nazionale dell&#039;Esercito croato.\" \/>\n<meta property=\"og:url\" content=\"https:\/\/www.rijeka.hr\/it\/si-e-tenuta-la-commemorazione-per-il-generale-di-brigata-sergio-rabar\/\" \/>\n<meta property=\"og:site_name\" content=\"Citt\u00e0 di Fiume\" \/>\n<meta property=\"article:published_time\" content=\"2022-02-08T11:42:22+00:00\" \/>\n<meta property=\"article:modified_time\" content=\"2022-02-09T11:50:57+00:00\" \/>\n<meta property=\"og:image\" content=\"https:\/\/www.rijeka.hr\/it\/wp-content\/uploads\/sites\/3\/2022\/02\/Komemoracija-za-brigadnog-generala-Sergia-Rabara-5-901x600.jpg\" \/>\n\t<meta property=\"og:image:width\" content=\"901\" \/>\n\t<meta property=\"og:image:height\" content=\"600\" \/>\n\t<meta property=\"og:image:type\" content=\"image\/jpeg\" \/>\n<meta name=\"author\" content=\"mbembic\" \/>\n<meta name=\"twitter:card\" content=\"summary_large_image\" \/>\n<meta name=\"twitter:label1\" content=\"Written by\" \/>\n\t<meta name=\"twitter:data1\" content=\"mbembic\" \/>\n\t<meta name=\"twitter:label2\" content=\"Est. reading time\" \/>\n\t<meta name=\"twitter:data2\" content=\"2 minutes\" \/>\n<script type=\"application\/ld+json\" class=\"yoast-schema-graph\">{\"@context\":\"https:\/\/schema.org\",\"@graph\":[{\"@type\":\"WebPage\",\"@id\":\"https:\/\/www.rijeka.hr\/it\/si-e-tenuta-la-commemorazione-per-il-generale-di-brigata-sergio-rabar\/\",\"url\":\"https:\/\/www.rijeka.hr\/it\/si-e-tenuta-la-commemorazione-per-il-generale-di-brigata-sergio-rabar\/\",\"name\":\"Si \u00e8 tenuta la commemorazione per il generale di brigata Sergio Rabar - Citt\u00e0 di Fiume\",\"isPartOf\":{\"@id\":\"https:\/\/www.rijeka.hr\/it\/#website\"},\"primaryImageOfPage\":{\"@id\":\"https:\/\/www.rijeka.hr\/it\/si-e-tenuta-la-commemorazione-per-il-generale-di-brigata-sergio-rabar\/#primaryimage\"},\"image\":{\"@id\":\"https:\/\/www.rijeka.hr\/it\/si-e-tenuta-la-commemorazione-per-il-generale-di-brigata-sergio-rabar\/#primaryimage\"},\"thumbnailUrl\":\"https:\/\/www.rijeka.hr\/it\/wp-content\/uploads\/sites\/3\/2022\/02\/Komemoracija-za-brigadnog-generala-Sergia-Rabara-5-901x600.jpg\",\"datePublished\":\"2022-02-08T11:42:22+00:00\",\"dateModified\":\"2022-02-09T11:50:57+00:00\",\"author\":{\"@id\":\"https:\/\/www.rijeka.hr\/it\/#\/schema\/person\/c6f2fe4ba52af1df0e9a2b0a22d63cc0\"},\"breadcrumb\":{\"@id\":\"https:\/\/www.rijeka.hr\/it\/si-e-tenuta-la-commemorazione-per-il-generale-di-brigata-sergio-rabar\/#breadcrumb\"},\"inLanguage\":\"it-IT\",\"potentialAction\":[{\"@type\":\"ReadAction\",\"target\":[\"https:\/\/www.rijeka.hr\/it\/si-e-tenuta-la-commemorazione-per-il-generale-di-brigata-sergio-rabar\/\"]}]},{\"@type\":\"ImageObject\",\"inLanguage\":\"it-IT\",\"@id\":\"https:\/\/www.rijeka.hr\/it\/si-e-tenuta-la-commemorazione-per-il-generale-di-brigata-sergio-rabar\/#primaryimage\",\"url\":\"https:\/\/www.rijeka.hr\/it\/wp-content\/uploads\/sites\/3\/2022\/02\/Komemoracija-za-brigadnog-generala-Sergia-Rabara-5-901x600.jpg\",\"contentUrl\":\"https:\/\/www.rijeka.hr\/it\/wp-content\/uploads\/sites\/3\/2022\/02\/Komemoracija-za-brigadnog-generala-Sergia-Rabara-5-901x600.jpg\",\"width\":901,\"height\":600},{\"@type\":\"BreadcrumbList\",\"@id\":\"https:\/\/www.rijeka.hr\/it\/si-e-tenuta-la-commemorazione-per-il-generale-di-brigata-sergio-rabar\/#breadcrumb\",\"itemListElement\":[{\"@type\":\"ListItem\",\"position\":1,\"name\":\"Po\u010detna stranica\",\"item\":\"https:\/\/www.rijeka.hr\/it\/\"},{\"@type\":\"ListItem\",\"position\":2,\"name\":\"Si \u00e8 tenuta la commemorazione per il generale di brigata Sergio Rabar\"}]},{\"@type\":\"WebSite\",\"@id\":\"https:\/\/www.rijeka.hr\/it\/#website\",\"url\":\"https:\/\/www.rijeka.hr\/it\/\",\"name\":\"Citt\u00e0 di Fiume\",\"description\":\"Portale web della Citta&#039; di Fiume\",\"potentialAction\":[{\"@type\":\"SearchAction\",\"target\":{\"@type\":\"EntryPoint\",\"urlTemplate\":\"https:\/\/www.rijeka.hr\/it\/?s={search_term_string}\"},\"query-input\":{\"@type\":\"PropertyValueSpecification\",\"valueRequired\":true,\"valueName\":\"search_term_string\"}}],\"inLanguage\":\"it-IT\"},{\"@type\":\"Person\",\"@id\":\"https:\/\/www.rijeka.hr\/it\/#\/schema\/person\/c6f2fe4ba52af1df0e9a2b0a22d63cc0\",\"name\":\"mbembic\",\"image\":{\"@type\":\"ImageObject\",\"inLanguage\":\"it-IT\",\"@id\":\"https:\/\/www.rijeka.hr\/it\/#\/schema\/person\/image\/\",\"url\":\"https:\/\/secure.gravatar.com\/avatar\/3ce3ce6ed89053defb3e592d3a5f1f9f?s=96&d=mm&r=g\",\"contentUrl\":\"https:\/\/secure.gravatar.com\/avatar\/3ce3ce6ed89053defb3e592d3a5f1f9f?s=96&d=mm&r=g\",\"caption\":\"mbembic\"},\"sameAs\":[\"https:\/\/www.rijeka.hr\/\"],\"url\":\"https:\/\/www.rijeka.hr\/it\/author\/mbembic\/\"}]}<\/script>\n<!-- \/ Yoast SEO plugin. -->","yoast_head_json":{"title":"Si \u00e8 tenuta la commemorazione per il generale di brigata Sergio Rabar - Citt\u00e0 di Fiume","robots":{"index":"index","follow":"follow","max-snippet":"max-snippet:-1","max-image-preview":"max-image-preview:large","max-video-preview":"max-video-preview:-1"},"canonical":"https:\/\/www.rijeka.hr\/it\/si-e-tenuta-la-commemorazione-per-il-generale-di-brigata-sergio-rabar\/","og_locale":"it_IT","og_type":"article","og_title":"Si \u00e8 tenuta la commemorazione per il generale di brigata Sergio Rabar - Citt\u00e0 di Fiume","og_description":"Nell\u2019Aula consiliare della Citt\u00e0 di Fiume si \u00e8 tenuta la commemorazione per il generale di brigata Sergio Rabar, il primo comandante della 111a brigata di fanteria della Guardia nazionale dell'Esercito croato.","og_url":"https:\/\/www.rijeka.hr\/it\/si-e-tenuta-la-commemorazione-per-il-generale-di-brigata-sergio-rabar\/","og_site_name":"Citt\u00e0 di Fiume","article_published_time":"2022-02-08T11:42:22+00:00","article_modified_time":"2022-02-09T11:50:57+00:00","og_image":[{"width":901,"height":600,"url":"https:\/\/www.rijeka.hr\/it\/wp-content\/uploads\/sites\/3\/2022\/02\/Komemoracija-za-brigadnog-generala-Sergia-Rabara-5-901x600.jpg","type":"image\/jpeg"}],"author":"mbembic","twitter_card":"summary_large_image","twitter_misc":{"Written by":"mbembic","Est. reading time":"2 minutes"},"schema":{"@context":"https:\/\/schema.org","@graph":[{"@type":"WebPage","@id":"https:\/\/www.rijeka.hr\/it\/si-e-tenuta-la-commemorazione-per-il-generale-di-brigata-sergio-rabar\/","url":"https:\/\/www.rijeka.hr\/it\/si-e-tenuta-la-commemorazione-per-il-generale-di-brigata-sergio-rabar\/","name":"Si \u00e8 tenuta la commemorazione per il generale di brigata Sergio Rabar - Citt\u00e0 di Fiume","isPartOf":{"@id":"https:\/\/www.rijeka.hr\/it\/#website"},"primaryImageOfPage":{"@id":"https:\/\/www.rijeka.hr\/it\/si-e-tenuta-la-commemorazione-per-il-generale-di-brigata-sergio-rabar\/#primaryimage"},"image":{"@id":"https:\/\/www.rijeka.hr\/it\/si-e-tenuta-la-commemorazione-per-il-generale-di-brigata-sergio-rabar\/#primaryimage"},"thumbnailUrl":"https:\/\/www.rijeka.hr\/it\/wp-content\/uploads\/sites\/3\/2022\/02\/Komemoracija-za-brigadnog-generala-Sergia-Rabara-5-901x600.jpg","datePublished":"2022-02-08T11:42:22+00:00","dateModified":"2022-02-09T11:50:57+00:00","author":{"@id":"https:\/\/www.rijeka.hr\/it\/#\/schema\/person\/c6f2fe4ba52af1df0e9a2b0a22d63cc0"},"breadcrumb":{"@id":"https:\/\/www.rijeka.hr\/it\/si-e-tenuta-la-commemorazione-per-il-generale-di-brigata-sergio-rabar\/#breadcrumb"},"inLanguage":"it-IT","potentialAction":[{"@type":"ReadAction","target":["https:\/\/www.rijeka.hr\/it\/si-e-tenuta-la-commemorazione-per-il-generale-di-brigata-sergio-rabar\/"]}]},{"@type":"ImageObject","inLanguage":"it-IT","@id":"https:\/\/www.rijeka.hr\/it\/si-e-tenuta-la-commemorazione-per-il-generale-di-brigata-sergio-rabar\/#primaryimage","url":"https:\/\/www.rijeka.hr\/it\/wp-content\/uploads\/sites\/3\/2022\/02\/Komemoracija-za-brigadnog-generala-Sergia-Rabara-5-901x600.jpg","contentUrl":"https:\/\/www.rijeka.hr\/it\/wp-content\/uploads\/sites\/3\/2022\/02\/Komemoracija-za-brigadnog-generala-Sergia-Rabara-5-901x600.jpg","width":901,"height":600},{"@type":"BreadcrumbList","@id":"https:\/\/www.rijeka.hr\/it\/si-e-tenuta-la-commemorazione-per-il-generale-di-brigata-sergio-rabar\/#breadcrumb","itemListElement":[{"@type":"ListItem","position":1,"name":"Po\u010detna stranica","item":"https:\/\/www.rijeka.hr\/it\/"},{"@type":"ListItem","position":2,"name":"Si \u00e8 tenuta la commemorazione per il generale di brigata Sergio Rabar"}]},{"@type":"WebSite","@id":"https:\/\/www.rijeka.hr\/it\/#website","url":"https:\/\/www.rijeka.hr\/it\/","name":"Citt\u00e0 di Fiume","description":"Portale web della Citta&#039; di Fiume","potentialAction":[{"@type":"SearchAction","target":{"@type":"EntryPoint","urlTemplate":"https:\/\/www.rijeka.hr\/it\/?s={search_term_string}"},"query-input":{"@type":"PropertyValueSpecification","valueRequired":true,"valueName":"search_term_string"}}],"inLanguage":"it-IT"},{"@type":"Person","@id":"https:\/\/www.rijeka.hr\/it\/#\/schema\/person\/c6f2fe4ba52af1df0e9a2b0a22d63cc0","name":"mbembic","image":{"@type":"ImageObject","inLanguage":"it-IT","@id":"https:\/\/www.rijeka.hr\/it\/#\/schema\/person\/image\/","url":"https:\/\/secure.gravatar.com\/avatar\/3ce3ce6ed89053defb3e592d3a5f1f9f?s=96&d=mm&r=g","contentUrl":"https:\/\/secure.gravatar.com\/avatar\/3ce3ce6ed89053defb3e592d3a5f1f9f?s=96&d=mm&r=g","caption":"mbembic"},"sameAs":["https:\/\/www.rijeka.hr\/"],"url":"https:\/\/www.rijeka.hr\/it\/author\/mbembic\/"}]}},"_links":{"self":[{"href":"https:\/\/www.rijeka.hr\/it\/wp-json\/wp\/v2\/posts\/14267","targetHints":{"allow":["GET"]}}],"collection":[{"href":"https:\/\/www.rijeka.hr\/it\/wp-json\/wp\/v2\/posts"}],"about":[{"href":"https:\/\/www.rijeka.hr\/it\/wp-json\/wp\/v2\/types\/post"}],"author":[{"embeddable":true,"href":"https:\/\/www.rijeka.hr\/it\/wp-json\/wp\/v2\/users\/89"}],"replies":[{"embeddable":true,"href":"https:\/\/www.rijeka.hr\/it\/wp-json\/wp\/v2\/comments?post=14267"}],"version-history":[{"count":3,"href":"https:\/\/www.rijeka.hr\/it\/wp-json\/wp\/v2\/posts\/14267\/revisions"}],"predecessor-version":[{"id":14275,"href":"https:\/\/www.rijeka.hr\/it\/wp-json\/wp\/v2\/posts\/14267\/revisions\/14275"}],"wp:featuredmedia":[{"embeddable":true,"href":"https:\/\/www.rijeka.hr\/it\/wp-json\/wp\/v2\/media\/14272"}],"wp:attachment":[{"href":"https:\/\/www.rijeka.hr\/it\/wp-json\/wp\/v2\/media?parent=14267"}],"wp:term":[{"taxonomy":"category","embeddable":true,"href":"https:\/\/www.rijeka.hr\/it\/wp-json\/wp\/v2\/categories?post=14267"},{"taxonomy":"post_tag","embeddable":true,"href":"https:\/\/www.rijeka.hr\/it\/wp-json\/wp\/v2\/tags?post=14267"}],"curies":[{"name":"wp","href":"https:\/\/api.w.org\/{rel}","templated":true}]}}