{"id":14499,"date":"2022-03-09T11:23:01","date_gmt":"2022-03-09T10:23:01","guid":{"rendered":"https:\/\/www.rijeka.hr\/it\/?p=14499"},"modified":"2022-03-10T11:31:45","modified_gmt":"2022-03-10T10:31:45","slug":"e-stato-firmato-un-contratto-per-la-ricostruzione-e-la-riqualificazione-delledificio-energana-centrale-energetica-un-incubatore-per-le-tecnologie-creative-e-lindustria","status":"publish","type":"post","link":"https:\/\/www.rijeka.hr\/it\/e-stato-firmato-un-contratto-per-la-ricostruzione-e-la-riqualificazione-delledificio-energana-centrale-energetica-un-incubatore-per-le-tecnologie-creative-e-lindustria\/","title":{"rendered":"\u00c8 stato firmato un contratto per la ricostruzione e la riqualificazione dell&#8217;edificio Energana (centrale energetica) in un incubatore per le tecnologie creative e l&#8217;industria IT"},"content":{"rendered":"<p>Il contratto per l&#8217;esecuzione dei lavori di edilizia relativi alla ricostruzione e alla riqualificazione dell&#8217;edificio Energana \u00e8 stato firmato dal sindaco di Fiume Marko Filipovi\u0107 e da Stipe Guli\u0107, in rappresentanza dell&#8217;appaltatore &#8211; consorzio Lav\u010devi\u0107 e Lav\u010devi\u0107-in\u017eenjering.<\/p>\n<p>L&#8217;appaltatore dei lavori di costruzione del valore di 28.494.581,87 kune (IVA esclusa) \u00e8 il consorzio Lav\u010devi\u0107; Lav\u010devi\u0107 &#8211; in\u017eenjering di Spalato. La supervisione del progetto sar\u00e0 affidata a Prag di Fiume e la supervisione esperta di Karloline &#8211; Kling di Li\u010d. L&#8217;inizio dei lavori \u00e8 previsto verso la fine del mese di marzo 2022 e la scadenza per il completamento dei lavori \u00e8 giugno 2023.<\/p>\n<p>L&#8217;obiettivo principale del progetto UE <a href=\"https:\/\/www.rijeka.hr\/it\/amministrazione-cittadina\/progetti-dellue\/progetti-in-corso\/energana-centrale-energetica-incubatore-startup-per-le-tecnologie-creative-e-per-lindustria\/?noredirect=it_IT\">Energana &#8211; Incubatore per le tecnologie creative e l&#8217;industria IT<\/a> \u00e8 quello di rafforzare la competitivit\u00e0 e incoraggiare la crescita e lo sviluppo delle piccole e medie imprese neocostituite ed esistenti operanti nel settore IT e delle tecnologie creative nel territorio dell&#8217;Agglomerazione urbana di Fiume, attraverso un\u2019infrastruttura imprenditoriale moderna che comprende i programmi d\u2019incubazione e il collegamento in rete degli imprenditori nei settori target.<\/p>\n<p>L\u2019incubatore Energana \u00e8 principalmente dedicato agli imprenditori in fase di avviamento e in fase di crescita nei settori dell&#8217;informatica e della creativit\u00e0 e nei settori correlati, inoltre alle start-up create a seguito del Programma di incubatore di start-up, le attivit\u00e0 dell&#8217;incubatore sono rivolte anche agli studenti, agli alunni delle medie superiori, agli artisti, agli enti operanti nei settori dell\u2019istruzione e della cultura, nonch\u00e9 alle istituzioni scientifiche.<\/p>\n<p>Tramite le attivit\u00e0 integrate gli utenti verranno sostenuti nello sviluppo di prodotti e servizi nuovi, nel collegamento in rete, nell\u2019internazionalizzazione e nella ricerca delle risorse finanziarie.<\/p>\n<div id=\"attachment_14504\" class=\"wp-caption alignleft\"><img loading=\"lazy\" decoding=\"async\" width=\"600\" height=\"400\" class=\"wp-image-14504 size-medium\" src=\"https:\/\/www.rijeka.hr\/it\/wp-content\/uploads\/sites\/3\/2022\/03\/Po\u010detna-konferencija-projekta-i-potpisivanje-ugovora-o-izvo\u0111enju-gra\u0111evinskih-radova-na-r-5-600x400-600x400.jpg\" alt=\"\" \/><p class=\"wp-caption-text\">Il contratto \u00e8 stato firmato dal sindaco di Fiume Marko Filipovi\u0107 e da Stipe Guli\u0107, in rappresentanza dell&#8217;appaltatore<\/p><\/div>\n<p>\u201cQuesto progetto rappresenta un passo avanti di un ecosistema a sostegno dell\u2019imprenditoria e soprattutto nei settori IT e dell\u2019industria creativa e culturale. Mi fa molto piacere che l&#8217;Unione europea abbia riconosciuto la validit\u00e0 di questo progetto e si sia inclusa nel suo finanziamento. Uno dei ruoli della Citt\u00e0 di Fiume \u00e8 di creare le condizioni per lo sviluppo di questo genere d\u2019imprenditoria, quella che genera nuovi posti di lavoro e ottimi stipendi. Se i lavori si svolgeranno secondo il piano previsto, l\u2019edificio dovrebbe accogliere i primi utenti alla fine dell\u2019anno prossimo\u201d, ha detto il sindaco Marko Filipovi\u00e9, aggiungendo che l\u2019incubatore sar\u00e0 a disposizione anche a tutti coloro che desiderano venire a Fiume per sviluppare le nuove industrie.<\/p>\n<h3>Organizzazione di uno spazio funzionale per gli utenti<\/h3>\n<p>L&#8217;incubatore con oltre 2.700 mq. di un&#8217;area utilizzabile su tre piani fornir\u00e0 agli utenti servizi di incubazione: spazi e attrezzature di lavoro, infrastrutture di supporto, il tutoraggio, il collegamento in rete e la cooperazione internazionale; servizi educativi, l\u2019organizzazione di laboratori, seminari, corsi di formazione, conferenze, meetup e panel; il noleggio di spazi e attrezzature; servizi di consulenza sul mercato come piani aziendali, analisi, studi e il supporto nella richiesta di progetti dell&#8217;UE, servizi di supporto per l&#8217;internazionalizzazione, ovvero il programma di accelerazione, attivit\u00e0 promozionali, ricerche di mercato estero, l\u2019organizzazione di programmi e fiere B2B, nonch\u00e9 servizi legali.<\/p>\n<p>L&#8217;assistenza clienti sar\u00e0 fornita in tre aree tematiche principali: intelligenza artificiale (AI) e Internet of Things (IoT) lo sviluppo dei giochi per computer e la produzione fotografica e video.<\/p>\n<p>I locali dell\u2019Energana ospiteranno anche un Centro dati che offrir\u00e0 il servizio d\u2019archiviazione agli utenti e alle aziende interessate.<\/p>\n<p>Attraverso la costruzione dell&#8217;Incubatore Energana, Fiume ha deciso di investire nello sviluppo delle industrie IT e creative, che sono riconosciute come industrie del futuro, e i cui vantaggi sono visibili nel numero dei posti di lavoro che generano, salari sopra la media, un contributo positivo al prodotto interno lordo e un elevato livello di competenze tecnologiche e potenzialit\u00e0 di sviluppo e ricerca.<\/p>\n<p><img loading=\"lazy\" decoding=\"async\" class=\"aligncenter wp-image-12943 size-full\" src=\"https:\/\/www.rijeka.hr\/it\/wp-content\/uploads\/sites\/3\/2021\/04\/fond.jpg\" alt=\"\" width=\"628\" height=\"102\" srcset=\"https:\/\/www.rijeka.hr\/it\/wp-content\/uploads\/sites\/3\/2021\/04\/fond.jpg 628w, https:\/\/www.rijeka.hr\/it\/wp-content\/uploads\/sites\/3\/2021\/04\/fond-600x97.jpg 600w\" sizes=\"(max-width: 628px) 100vw, 628px\" \/><\/p>\n","protected":false},"excerpt":{"rendered":"<p>Nella sede del Rihub si \u00e8 tenuta una conferenza iniziale sul progetto ed \u00e8 stato firmato il contratto per l&#8217;esecuzione dei lavori di costruzione e riqualificazione dell&#8217;edificio Energana (centrale energetica) in un incubatore per le tecnologie creative e l&#8217;industria IT.<\/p>\n","protected":false},"author":89,"featured_media":14503,"comment_status":"open","ping_status":"open","sticky":false,"template":"","format":"standard","meta":{"_acf_changed":false,"_trash_the_other_posts":false,"footnotes":"","_links_to":"","_links_to_target":""},"categories":[976],"tags":[1395,1394,751,973,1393,743],"class_list":["post-14499","post","type-post","status-publish","format-standard","has-post-thumbnail","hentry","category-articoli","tag-centro-dati","tag-incubatore-start-up","tag-lincubatore-di-startup-energana","tag-lintelligenza-artificiale","tag-piccole-e-medie-imprese","tag-riqualificazione-del-porto-baross"],"acf":[],"yoast_head":"<!-- This site is optimized with the Yoast SEO plugin v24.4 - https:\/\/yoast.com\/wordpress\/plugins\/seo\/ -->\n<title>\u00c8 stato firmato un contratto per la ricostruzione e la riqualificazione dell&#039;edificio Energana (centrale energetica) in un incubatore per le tecnologie creative e l&#039;industria IT - Citt\u00e0 di Fiume<\/title>\n<meta name=\"robots\" content=\"index, follow, max-snippet:-1, max-image-preview:large, max-video-preview:-1\" \/>\n<link rel=\"canonical\" href=\"https:\/\/www.rijeka.hr\/it\/e-stato-firmato-un-contratto-per-la-ricostruzione-e-la-riqualificazione-delledificio-energana-centrale-energetica-un-incubatore-per-le-tecnologie-creative-e-lindustria\/\" \/>\n<meta property=\"og:locale\" content=\"it_IT\" \/>\n<meta property=\"og:type\" content=\"article\" \/>\n<meta property=\"og:title\" content=\"\u00c8 stato firmato un contratto per la ricostruzione e la riqualificazione dell&#039;edificio Energana (centrale energetica) in un incubatore per le tecnologie creative e l&#039;industria IT - Citt\u00e0 di Fiume\" \/>\n<meta property=\"og:description\" content=\"Nella sede del Rihub si \u00e8 tenuta una conferenza iniziale sul progetto ed \u00e8 stato firmato il contratto per l&#039;esecuzione dei lavori di costruzione e riqualificazione dell&#039;edificio Energana (centrale energetica) in un incubatore per le tecnologie creative e l&#039;industria IT.\" \/>\n<meta property=\"og:url\" content=\"https:\/\/www.rijeka.hr\/it\/e-stato-firmato-un-contratto-per-la-ricostruzione-e-la-riqualificazione-delledificio-energana-centrale-energetica-un-incubatore-per-le-tecnologie-creative-e-lindustria\/\" \/>\n<meta property=\"og:site_name\" content=\"Citt\u00e0 di Fiume\" \/>\n<meta property=\"article:published_time\" content=\"2022-03-09T10:23:01+00:00\" \/>\n<meta property=\"article:modified_time\" content=\"2022-03-10T10:31:45+00:00\" \/>\n<meta property=\"og:image\" content=\"https:\/\/www.rijeka.hr\/it\/wp-content\/uploads\/sites\/3\/2022\/03\/Po\u010detna-konferencija-projekta-i-potpisivanje-ugovora-o-izvo\u0111enju-gra\u0111evinskih-radova-na-r-3-901x600.jpg\" \/>\n\t<meta property=\"og:image:width\" content=\"901\" \/>\n\t<meta property=\"og:image:height\" content=\"600\" \/>\n\t<meta property=\"og:image:type\" content=\"image\/jpeg\" \/>\n<meta name=\"author\" content=\"mbembic\" \/>\n<meta name=\"twitter:card\" content=\"summary_large_image\" \/>\n<meta name=\"twitter:label1\" content=\"Written by\" \/>\n\t<meta name=\"twitter:data1\" content=\"mbembic\" \/>\n\t<meta name=\"twitter:label2\" content=\"Est. reading time\" \/>\n\t<meta name=\"twitter:data2\" content=\"3 minutes\" \/>\n<script type=\"application\/ld+json\" class=\"yoast-schema-graph\">{\"@context\":\"https:\/\/schema.org\",\"@graph\":[{\"@type\":\"WebPage\",\"@id\":\"https:\/\/www.rijeka.hr\/it\/e-stato-firmato-un-contratto-per-la-ricostruzione-e-la-riqualificazione-delledificio-energana-centrale-energetica-un-incubatore-per-le-tecnologie-creative-e-lindustria\/\",\"url\":\"https:\/\/www.rijeka.hr\/it\/e-stato-firmato-un-contratto-per-la-ricostruzione-e-la-riqualificazione-delledificio-energana-centrale-energetica-un-incubatore-per-le-tecnologie-creative-e-lindustria\/\",\"name\":\"\u00c8 stato firmato un contratto per la ricostruzione e la riqualificazione dell'edificio Energana (centrale energetica) in un incubatore per le tecnologie creative e l'industria IT - Citt\u00e0 di Fiume\",\"isPartOf\":{\"@id\":\"https:\/\/www.rijeka.hr\/it\/#website\"},\"primaryImageOfPage\":{\"@id\":\"https:\/\/www.rijeka.hr\/it\/e-stato-firmato-un-contratto-per-la-ricostruzione-e-la-riqualificazione-delledificio-energana-centrale-energetica-un-incubatore-per-le-tecnologie-creative-e-lindustria\/#primaryimage\"},\"image\":{\"@id\":\"https:\/\/www.rijeka.hr\/it\/e-stato-firmato-un-contratto-per-la-ricostruzione-e-la-riqualificazione-delledificio-energana-centrale-energetica-un-incubatore-per-le-tecnologie-creative-e-lindustria\/#primaryimage\"},\"thumbnailUrl\":\"https:\/\/www.rijeka.hr\/it\/wp-content\/uploads\/sites\/3\/2022\/03\/Po\u010detna-konferencija-projekta-i-potpisivanje-ugovora-o-izvo\u0111enju-gra\u0111evinskih-radova-na-r-3-901x600.jpg\",\"datePublished\":\"2022-03-09T10:23:01+00:00\",\"dateModified\":\"2022-03-10T10:31:45+00:00\",\"author\":{\"@id\":\"https:\/\/www.rijeka.hr\/it\/#\/schema\/person\/c6f2fe4ba52af1df0e9a2b0a22d63cc0\"},\"breadcrumb\":{\"@id\":\"https:\/\/www.rijeka.hr\/it\/e-stato-firmato-un-contratto-per-la-ricostruzione-e-la-riqualificazione-delledificio-energana-centrale-energetica-un-incubatore-per-le-tecnologie-creative-e-lindustria\/#breadcrumb\"},\"inLanguage\":\"it-IT\",\"potentialAction\":[{\"@type\":\"ReadAction\",\"target\":[\"https:\/\/www.rijeka.hr\/it\/e-stato-firmato-un-contratto-per-la-ricostruzione-e-la-riqualificazione-delledificio-energana-centrale-energetica-un-incubatore-per-le-tecnologie-creative-e-lindustria\/\"]}]},{\"@type\":\"ImageObject\",\"inLanguage\":\"it-IT\",\"@id\":\"https:\/\/www.rijeka.hr\/it\/e-stato-firmato-un-contratto-per-la-ricostruzione-e-la-riqualificazione-delledificio-energana-centrale-energetica-un-incubatore-per-le-tecnologie-creative-e-lindustria\/#primaryimage\",\"url\":\"https:\/\/www.rijeka.hr\/it\/wp-content\/uploads\/sites\/3\/2022\/03\/Po\u010detna-konferencija-projekta-i-potpisivanje-ugovora-o-izvo\u0111enju-gra\u0111evinskih-radova-na-r-3-901x600.jpg\",\"contentUrl\":\"https:\/\/www.rijeka.hr\/it\/wp-content\/uploads\/sites\/3\/2022\/03\/Po\u010detna-konferencija-projekta-i-potpisivanje-ugovora-o-izvo\u0111enju-gra\u0111evinskih-radova-na-r-3-901x600.jpg\",\"width\":901,\"height\":600},{\"@type\":\"BreadcrumbList\",\"@id\":\"https:\/\/www.rijeka.hr\/it\/e-stato-firmato-un-contratto-per-la-ricostruzione-e-la-riqualificazione-delledificio-energana-centrale-energetica-un-incubatore-per-le-tecnologie-creative-e-lindustria\/#breadcrumb\",\"itemListElement\":[{\"@type\":\"ListItem\",\"position\":1,\"name\":\"Po\u010detna stranica\",\"item\":\"https:\/\/www.rijeka.hr\/it\/\"},{\"@type\":\"ListItem\",\"position\":2,\"name\":\"\u00c8 stato firmato un contratto per la ricostruzione e la riqualificazione dell&#8217;edificio Energana (centrale energetica) in un incubatore per le tecnologie creative e l&#8217;industria IT\"}]},{\"@type\":\"WebSite\",\"@id\":\"https:\/\/www.rijeka.hr\/it\/#website\",\"url\":\"https:\/\/www.rijeka.hr\/it\/\",\"name\":\"Citt\u00e0 di Fiume\",\"description\":\"Portale web della Citta&#039; di Fiume\",\"potentialAction\":[{\"@type\":\"SearchAction\",\"target\":{\"@type\":\"EntryPoint\",\"urlTemplate\":\"https:\/\/www.rijeka.hr\/it\/?s={search_term_string}\"},\"query-input\":{\"@type\":\"PropertyValueSpecification\",\"valueRequired\":true,\"valueName\":\"search_term_string\"}}],\"inLanguage\":\"it-IT\"},{\"@type\":\"Person\",\"@id\":\"https:\/\/www.rijeka.hr\/it\/#\/schema\/person\/c6f2fe4ba52af1df0e9a2b0a22d63cc0\",\"name\":\"mbembic\",\"image\":{\"@type\":\"ImageObject\",\"inLanguage\":\"it-IT\",\"@id\":\"https:\/\/www.rijeka.hr\/it\/#\/schema\/person\/image\/\",\"url\":\"https:\/\/secure.gravatar.com\/avatar\/3ce3ce6ed89053defb3e592d3a5f1f9f?s=96&d=mm&r=g\",\"contentUrl\":\"https:\/\/secure.gravatar.com\/avatar\/3ce3ce6ed89053defb3e592d3a5f1f9f?s=96&d=mm&r=g\",\"caption\":\"mbembic\"},\"sameAs\":[\"https:\/\/www.rijeka.hr\/\"],\"url\":\"https:\/\/www.rijeka.hr\/it\/author\/mbembic\/\"}]}<\/script>\n<!-- \/ Yoast SEO plugin. -->","yoast_head_json":{"title":"\u00c8 stato firmato un contratto per la ricostruzione e la riqualificazione dell'edificio Energana (centrale energetica) in un incubatore per le tecnologie creative e l'industria IT - Citt\u00e0 di Fiume","robots":{"index":"index","follow":"follow","max-snippet":"max-snippet:-1","max-image-preview":"max-image-preview:large","max-video-preview":"max-video-preview:-1"},"canonical":"https:\/\/www.rijeka.hr\/it\/e-stato-firmato-un-contratto-per-la-ricostruzione-e-la-riqualificazione-delledificio-energana-centrale-energetica-un-incubatore-per-le-tecnologie-creative-e-lindustria\/","og_locale":"it_IT","og_type":"article","og_title":"\u00c8 stato firmato un contratto per la ricostruzione e la riqualificazione dell'edificio Energana (centrale energetica) in un incubatore per le tecnologie creative e l'industria IT - Citt\u00e0 di Fiume","og_description":"Nella sede del Rihub si \u00e8 tenuta una conferenza iniziale sul progetto ed \u00e8 stato firmato il contratto per l'esecuzione dei lavori di costruzione e riqualificazione dell'edificio Energana (centrale energetica) in un incubatore per le tecnologie creative e l'industria IT.","og_url":"https:\/\/www.rijeka.hr\/it\/e-stato-firmato-un-contratto-per-la-ricostruzione-e-la-riqualificazione-delledificio-energana-centrale-energetica-un-incubatore-per-le-tecnologie-creative-e-lindustria\/","og_site_name":"Citt\u00e0 di Fiume","article_published_time":"2022-03-09T10:23:01+00:00","article_modified_time":"2022-03-10T10:31:45+00:00","og_image":[{"width":901,"height":600,"url":"https:\/\/www.rijeka.hr\/it\/wp-content\/uploads\/sites\/3\/2022\/03\/Po\u010detna-konferencija-projekta-i-potpisivanje-ugovora-o-izvo\u0111enju-gra\u0111evinskih-radova-na-r-3-901x600.jpg","type":"image\/jpeg"}],"author":"mbembic","twitter_card":"summary_large_image","twitter_misc":{"Written by":"mbembic","Est. reading time":"3 minutes"},"schema":{"@context":"https:\/\/schema.org","@graph":[{"@type":"WebPage","@id":"https:\/\/www.rijeka.hr\/it\/e-stato-firmato-un-contratto-per-la-ricostruzione-e-la-riqualificazione-delledificio-energana-centrale-energetica-un-incubatore-per-le-tecnologie-creative-e-lindustria\/","url":"https:\/\/www.rijeka.hr\/it\/e-stato-firmato-un-contratto-per-la-ricostruzione-e-la-riqualificazione-delledificio-energana-centrale-energetica-un-incubatore-per-le-tecnologie-creative-e-lindustria\/","name":"\u00c8 stato firmato un contratto per la ricostruzione e la riqualificazione dell'edificio Energana (centrale energetica) in un incubatore per le tecnologie creative e l'industria IT - Citt\u00e0 di Fiume","isPartOf":{"@id":"https:\/\/www.rijeka.hr\/it\/#website"},"primaryImageOfPage":{"@id":"https:\/\/www.rijeka.hr\/it\/e-stato-firmato-un-contratto-per-la-ricostruzione-e-la-riqualificazione-delledificio-energana-centrale-energetica-un-incubatore-per-le-tecnologie-creative-e-lindustria\/#primaryimage"},"image":{"@id":"https:\/\/www.rijeka.hr\/it\/e-stato-firmato-un-contratto-per-la-ricostruzione-e-la-riqualificazione-delledificio-energana-centrale-energetica-un-incubatore-per-le-tecnologie-creative-e-lindustria\/#primaryimage"},"thumbnailUrl":"https:\/\/www.rijeka.hr\/it\/wp-content\/uploads\/sites\/3\/2022\/03\/Po\u010detna-konferencija-projekta-i-potpisivanje-ugovora-o-izvo\u0111enju-gra\u0111evinskih-radova-na-r-3-901x600.jpg","datePublished":"2022-03-09T10:23:01+00:00","dateModified":"2022-03-10T10:31:45+00:00","author":{"@id":"https:\/\/www.rijeka.hr\/it\/#\/schema\/person\/c6f2fe4ba52af1df0e9a2b0a22d63cc0"},"breadcrumb":{"@id":"https:\/\/www.rijeka.hr\/it\/e-stato-firmato-un-contratto-per-la-ricostruzione-e-la-riqualificazione-delledificio-energana-centrale-energetica-un-incubatore-per-le-tecnologie-creative-e-lindustria\/#breadcrumb"},"inLanguage":"it-IT","potentialAction":[{"@type":"ReadAction","target":["https:\/\/www.rijeka.hr\/it\/e-stato-firmato-un-contratto-per-la-ricostruzione-e-la-riqualificazione-delledificio-energana-centrale-energetica-un-incubatore-per-le-tecnologie-creative-e-lindustria\/"]}]},{"@type":"ImageObject","inLanguage":"it-IT","@id":"https:\/\/www.rijeka.hr\/it\/e-stato-firmato-un-contratto-per-la-ricostruzione-e-la-riqualificazione-delledificio-energana-centrale-energetica-un-incubatore-per-le-tecnologie-creative-e-lindustria\/#primaryimage","url":"https:\/\/www.rijeka.hr\/it\/wp-content\/uploads\/sites\/3\/2022\/03\/Po\u010detna-konferencija-projekta-i-potpisivanje-ugovora-o-izvo\u0111enju-gra\u0111evinskih-radova-na-r-3-901x600.jpg","contentUrl":"https:\/\/www.rijeka.hr\/it\/wp-content\/uploads\/sites\/3\/2022\/03\/Po\u010detna-konferencija-projekta-i-potpisivanje-ugovora-o-izvo\u0111enju-gra\u0111evinskih-radova-na-r-3-901x600.jpg","width":901,"height":600},{"@type":"BreadcrumbList","@id":"https:\/\/www.rijeka.hr\/it\/e-stato-firmato-un-contratto-per-la-ricostruzione-e-la-riqualificazione-delledificio-energana-centrale-energetica-un-incubatore-per-le-tecnologie-creative-e-lindustria\/#breadcrumb","itemListElement":[{"@type":"ListItem","position":1,"name":"Po\u010detna stranica","item":"https:\/\/www.rijeka.hr\/it\/"},{"@type":"ListItem","position":2,"name":"\u00c8 stato firmato un contratto per la ricostruzione e la riqualificazione dell&#8217;edificio Energana (centrale energetica) in un incubatore per le tecnologie creative e l&#8217;industria IT"}]},{"@type":"WebSite","@id":"https:\/\/www.rijeka.hr\/it\/#website","url":"https:\/\/www.rijeka.hr\/it\/","name":"Citt\u00e0 di Fiume","description":"Portale web della Citta&#039; di Fiume","potentialAction":[{"@type":"SearchAction","target":{"@type":"EntryPoint","urlTemplate":"https:\/\/www.rijeka.hr\/it\/?s={search_term_string}"},"query-input":{"@type":"PropertyValueSpecification","valueRequired":true,"valueName":"search_term_string"}}],"inLanguage":"it-IT"},{"@type":"Person","@id":"https:\/\/www.rijeka.hr\/it\/#\/schema\/person\/c6f2fe4ba52af1df0e9a2b0a22d63cc0","name":"mbembic","image":{"@type":"ImageObject","inLanguage":"it-IT","@id":"https:\/\/www.rijeka.hr\/it\/#\/schema\/person\/image\/","url":"https:\/\/secure.gravatar.com\/avatar\/3ce3ce6ed89053defb3e592d3a5f1f9f?s=96&d=mm&r=g","contentUrl":"https:\/\/secure.gravatar.com\/avatar\/3ce3ce6ed89053defb3e592d3a5f1f9f?s=96&d=mm&r=g","caption":"mbembic"},"sameAs":["https:\/\/www.rijeka.hr\/"],"url":"https:\/\/www.rijeka.hr\/it\/author\/mbembic\/"}]}},"_links":{"self":[{"href":"https:\/\/www.rijeka.hr\/it\/wp-json\/wp\/v2\/posts\/14499","targetHints":{"allow":["GET"]}}],"collection":[{"href":"https:\/\/www.rijeka.hr\/it\/wp-json\/wp\/v2\/posts"}],"about":[{"href":"https:\/\/www.rijeka.hr\/it\/wp-json\/wp\/v2\/types\/post"}],"author":[{"embeddable":true,"href":"https:\/\/www.rijeka.hr\/it\/wp-json\/wp\/v2\/users\/89"}],"replies":[{"embeddable":true,"href":"https:\/\/www.rijeka.hr\/it\/wp-json\/wp\/v2\/comments?post=14499"}],"version-history":[{"count":3,"href":"https:\/\/www.rijeka.hr\/it\/wp-json\/wp\/v2\/posts\/14499\/revisions"}],"predecessor-version":[{"id":14507,"href":"https:\/\/www.rijeka.hr\/it\/wp-json\/wp\/v2\/posts\/14499\/revisions\/14507"}],"wp:featuredmedia":[{"embeddable":true,"href":"https:\/\/www.rijeka.hr\/it\/wp-json\/wp\/v2\/media\/14503"}],"wp:attachment":[{"href":"https:\/\/www.rijeka.hr\/it\/wp-json\/wp\/v2\/media?parent=14499"}],"wp:term":[{"taxonomy":"category","embeddable":true,"href":"https:\/\/www.rijeka.hr\/it\/wp-json\/wp\/v2\/categories?post=14499"},{"taxonomy":"post_tag","embeddable":true,"href":"https:\/\/www.rijeka.hr\/it\/wp-json\/wp\/v2\/tags?post=14499"}],"curies":[{"name":"wp","href":"https:\/\/api.w.org\/{rel}","templated":true}]}}