{"id":14568,"date":"2022-03-16T10:51:44","date_gmt":"2022-03-16T09:51:44","guid":{"rendered":"https:\/\/www.rijeka.hr\/it\/?p=14568"},"modified":"2022-03-17T10:58:54","modified_gmt":"2022-03-17T09:58:54","slug":"incontro-di-lavoro-con-rappresentanti-dellarcidiocesi-di-fiume","status":"publish","type":"post","link":"https:\/\/www.rijeka.hr\/it\/incontro-di-lavoro-con-rappresentanti-dellarcidiocesi-di-fiume\/","title":{"rendered":"Incontro di lavoro con i rappresentanti dell&#8217;Arcidiocesi di Fiume"},"content":{"rendered":"<p>Oggi, nei locali dell&#8217;amministrazione cittadina, il sindaco di Fiume Marko Filipovi\u0107 ha avuto un incontro con mons. Mato Uzni\u0107, arcivescovo coadiutore dell&#8217;Arcidiocesi di Fiume. All&#8217;incontro hanno partecipato, oltre al sindaco e all&#8217;arcivescovo coadiutore, anche il rev. Mario Tomljanovi\u0107, vicario generale dell&#8217;arcidiocesi di Fiume, Karla Mu\u0161kovi\u0107, a capo del Dipartimento cittadino per la sanit\u00e0 e la previdenza sociale e Nives Torbarina, direttorice della municipalizzata \u201cKozala\u201d.<\/p>\n<div id=\"attachment_14574\" class=\"wp-caption alignleft\"><img loading=\"lazy\" decoding=\"async\" width=\"600\" height=\"400\" class=\"wp-image-14574 size-medium\" src=\"https:\/\/www.rijeka.hr\/it\/wp-content\/uploads\/sites\/3\/2022\/03\/Radni-sastanak-s-predstavnicima-Rije\u010dke-nadbiskupije-1-600x400-600x400.jpg\" alt=\"\" \/><p class=\"wp-caption-text\">Incontro di lavoro con i rappresentanti dell&#8217;Arcidiocesi di Fiume<\/p><\/div>\n<p>Durante l&#8217;incontro sono stati affrontati temi di interesse comune per la citt\u00e0 di Fiume e l&#8217;Arcidiocesi di Fiume. Uno dei temi era il possibile miglioramento della cooperazione relativa al lavoro del Centro per persone con demenza, in particolare il programma di assistenza diurna in quell&#8217;istituto, secondo i modelli di cooperazione con l&#8217;Ospizio Marija Krucifika Kozuli\u0107. Anche l&#8217;Arcidiocesi di Fiume \u00e8 interessata a partecipare ai progetti dell&#8217;Agglomerazione urbana di Fiume. Sono state inoltre aperte le trattative per trovare un nuovo spazio per il Rifugio per i senzatetto Le rose di San Francesco, le cui strutture esistenti sono inadeguate, nonch\u00e9 per altri progetti per la cura dei senzatetto e degli emarginati sociali.<\/p>\n<p>Sono state inoltre discusse le possibilit\u00e0 per la cura e l&#8217;assistenza ai rifugiati ucraini in conformit\u00e0 con il piano nazionale ed europeo di assistenza ai rifugiati e il coordinamento con il Governo e la Regione litoraneo montana.<\/p>\n<p>L&#8217;Arcidiocesi di Fiume e la Citt\u00e0 di Fiume hanno confermato il loro interesse per una cooperazione pi\u00f9 attiva nella protezione, restauro e promozione del patrimonio sacrale a Fiume, nonch\u00e9 la possibilit\u00e0 di progetti comuni dell&#8217;UE a tal fine.<\/p>\n","protected":false},"excerpt":{"rendered":"<p>Durante l&#8217;incontro sono stati affrontati temi di interesse comune per la citt\u00e0 di Fiume e l&#8217;arcidiocesi di Fiume.<\/p>\n","protected":false},"author":5,"featured_media":14573,"comment_status":"open","ping_status":"open","sticky":false,"template":"","format":"standard","meta":{"_acf_changed":false,"_trash_the_other_posts":false,"footnotes":"","_links_to":"","_links_to_target":""},"categories":[976],"tags":[1406,1405,1407,1408,106],"class_list":["post-14568","post","type-post","status-publish","format-standard","has-post-thumbnail","hentry","category-articoli","tag-arcidiocesi-di-fiume","tag-arcivescovo-coadiutore","tag-incontro-di-lavoro","tag-persone-con-demenza","tag-senzatetto"],"acf":[],"yoast_head":"<!-- This site is optimized with the Yoast SEO plugin v24.4 - https:\/\/yoast.com\/wordpress\/plugins\/seo\/ -->\n<title>Incontro di lavoro con i rappresentanti dell&#039;Arcidiocesi di Fiume - Citt\u00e0 di Fiume<\/title>\n<meta name=\"robots\" content=\"index, follow, max-snippet:-1, max-image-preview:large, max-video-preview:-1\" \/>\n<link rel=\"canonical\" href=\"https:\/\/www.rijeka.hr\/it\/incontro-di-lavoro-con-rappresentanti-dellarcidiocesi-di-fiume\/\" \/>\n<meta property=\"og:locale\" content=\"it_IT\" \/>\n<meta property=\"og:type\" content=\"article\" \/>\n<meta property=\"og:title\" content=\"Incontro di lavoro con i rappresentanti dell&#039;Arcidiocesi di Fiume - Citt\u00e0 di Fiume\" \/>\n<meta property=\"og:description\" content=\"Durante l&#039;incontro sono stati affrontati temi di interesse comune per la citt\u00e0 di Fiume e l&#039;arcidiocesi di Fiume.\" \/>\n<meta property=\"og:url\" content=\"https:\/\/www.rijeka.hr\/it\/incontro-di-lavoro-con-rappresentanti-dellarcidiocesi-di-fiume\/\" \/>\n<meta property=\"og:site_name\" content=\"Citt\u00e0 di Fiume\" \/>\n<meta property=\"article:published_time\" content=\"2022-03-16T09:51:44+00:00\" \/>\n<meta property=\"article:modified_time\" content=\"2022-03-17T09:58:54+00:00\" \/>\n<meta property=\"og:image\" content=\"https:\/\/www.rijeka.hr\/it\/wp-content\/uploads\/sites\/3\/2022\/03\/Radni-sastanak-s-predstavnicima-Rije\u010dke-nadbiskupije-2-900x600.jpg\" \/>\n\t<meta property=\"og:image:width\" content=\"900\" \/>\n\t<meta property=\"og:image:height\" content=\"600\" \/>\n\t<meta property=\"og:image:type\" content=\"image\/jpeg\" \/>\n<meta name=\"author\" content=\"Ivica Nikolac\" \/>\n<meta name=\"twitter:card\" content=\"summary_large_image\" \/>\n<meta name=\"twitter:label1\" content=\"Written by\" \/>\n\t<meta name=\"twitter:data1\" content=\"Ivica Nikolac\" \/>\n\t<meta name=\"twitter:label2\" content=\"Est. reading time\" \/>\n\t<meta name=\"twitter:data2\" content=\"1 minute\" \/>\n<script type=\"application\/ld+json\" class=\"yoast-schema-graph\">{\"@context\":\"https:\/\/schema.org\",\"@graph\":[{\"@type\":\"WebPage\",\"@id\":\"https:\/\/www.rijeka.hr\/it\/incontro-di-lavoro-con-rappresentanti-dellarcidiocesi-di-fiume\/\",\"url\":\"https:\/\/www.rijeka.hr\/it\/incontro-di-lavoro-con-rappresentanti-dellarcidiocesi-di-fiume\/\",\"name\":\"Incontro di lavoro con i rappresentanti dell'Arcidiocesi di Fiume - Citt\u00e0 di Fiume\",\"isPartOf\":{\"@id\":\"https:\/\/www.rijeka.hr\/it\/#website\"},\"primaryImageOfPage\":{\"@id\":\"https:\/\/www.rijeka.hr\/it\/incontro-di-lavoro-con-rappresentanti-dellarcidiocesi-di-fiume\/#primaryimage\"},\"image\":{\"@id\":\"https:\/\/www.rijeka.hr\/it\/incontro-di-lavoro-con-rappresentanti-dellarcidiocesi-di-fiume\/#primaryimage\"},\"thumbnailUrl\":\"https:\/\/www.rijeka.hr\/it\/wp-content\/uploads\/sites\/3\/2022\/03\/Radni-sastanak-s-predstavnicima-Rije\u010dke-nadbiskupije-2-900x600.jpg\",\"datePublished\":\"2022-03-16T09:51:44+00:00\",\"dateModified\":\"2022-03-17T09:58:54+00:00\",\"author\":{\"@id\":\"https:\/\/www.rijeka.hr\/it\/#\/schema\/person\/048b064fa7891b19d16e03a382abb85e\"},\"breadcrumb\":{\"@id\":\"https:\/\/www.rijeka.hr\/it\/incontro-di-lavoro-con-rappresentanti-dellarcidiocesi-di-fiume\/#breadcrumb\"},\"inLanguage\":\"it-IT\",\"potentialAction\":[{\"@type\":\"ReadAction\",\"target\":[\"https:\/\/www.rijeka.hr\/it\/incontro-di-lavoro-con-rappresentanti-dellarcidiocesi-di-fiume\/\"]}]},{\"@type\":\"ImageObject\",\"inLanguage\":\"it-IT\",\"@id\":\"https:\/\/www.rijeka.hr\/it\/incontro-di-lavoro-con-rappresentanti-dellarcidiocesi-di-fiume\/#primaryimage\",\"url\":\"https:\/\/www.rijeka.hr\/it\/wp-content\/uploads\/sites\/3\/2022\/03\/Radni-sastanak-s-predstavnicima-Rije\u010dke-nadbiskupije-2-900x600.jpg\",\"contentUrl\":\"https:\/\/www.rijeka.hr\/it\/wp-content\/uploads\/sites\/3\/2022\/03\/Radni-sastanak-s-predstavnicima-Rije\u010dke-nadbiskupije-2-900x600.jpg\",\"width\":900,\"height\":600},{\"@type\":\"BreadcrumbList\",\"@id\":\"https:\/\/www.rijeka.hr\/it\/incontro-di-lavoro-con-rappresentanti-dellarcidiocesi-di-fiume\/#breadcrumb\",\"itemListElement\":[{\"@type\":\"ListItem\",\"position\":1,\"name\":\"Po\u010detna stranica\",\"item\":\"https:\/\/www.rijeka.hr\/it\/\"},{\"@type\":\"ListItem\",\"position\":2,\"name\":\"Incontro di lavoro con i rappresentanti dell&#8217;Arcidiocesi di Fiume\"}]},{\"@type\":\"WebSite\",\"@id\":\"https:\/\/www.rijeka.hr\/it\/#website\",\"url\":\"https:\/\/www.rijeka.hr\/it\/\",\"name\":\"Citt\u00e0 di Fiume\",\"description\":\"Portale web della Citta&#039; di Fiume\",\"potentialAction\":[{\"@type\":\"SearchAction\",\"target\":{\"@type\":\"EntryPoint\",\"urlTemplate\":\"https:\/\/www.rijeka.hr\/it\/?s={search_term_string}\"},\"query-input\":{\"@type\":\"PropertyValueSpecification\",\"valueRequired\":true,\"valueName\":\"search_term_string\"}}],\"inLanguage\":\"it-IT\"},{\"@type\":\"Person\",\"@id\":\"https:\/\/www.rijeka.hr\/it\/#\/schema\/person\/048b064fa7891b19d16e03a382abb85e\",\"name\":\"Ivica Nikolac\",\"image\":{\"@type\":\"ImageObject\",\"inLanguage\":\"it-IT\",\"@id\":\"https:\/\/www.rijeka.hr\/it\/#\/schema\/person\/image\/\",\"url\":\"https:\/\/secure.gravatar.com\/avatar\/566d324e1656a1b494a0766b85643006?s=96&d=mm&r=g\",\"contentUrl\":\"https:\/\/secure.gravatar.com\/avatar\/566d324e1656a1b494a0766b85643006?s=96&d=mm&r=g\",\"caption\":\"Ivica Nikolac\"},\"url\":\"https:\/\/www.rijeka.hr\/it\/author\/inikolac\/\"}]}<\/script>\n<!-- \/ Yoast SEO plugin. -->","yoast_head_json":{"title":"Incontro di lavoro con i rappresentanti dell'Arcidiocesi di Fiume - Citt\u00e0 di Fiume","robots":{"index":"index","follow":"follow","max-snippet":"max-snippet:-1","max-image-preview":"max-image-preview:large","max-video-preview":"max-video-preview:-1"},"canonical":"https:\/\/www.rijeka.hr\/it\/incontro-di-lavoro-con-rappresentanti-dellarcidiocesi-di-fiume\/","og_locale":"it_IT","og_type":"article","og_title":"Incontro di lavoro con i rappresentanti dell'Arcidiocesi di Fiume - Citt\u00e0 di Fiume","og_description":"Durante l'incontro sono stati affrontati temi di interesse comune per la citt\u00e0 di Fiume e l'arcidiocesi di Fiume.","og_url":"https:\/\/www.rijeka.hr\/it\/incontro-di-lavoro-con-rappresentanti-dellarcidiocesi-di-fiume\/","og_site_name":"Citt\u00e0 di Fiume","article_published_time":"2022-03-16T09:51:44+00:00","article_modified_time":"2022-03-17T09:58:54+00:00","og_image":[{"width":900,"height":600,"url":"https:\/\/www.rijeka.hr\/it\/wp-content\/uploads\/sites\/3\/2022\/03\/Radni-sastanak-s-predstavnicima-Rije\u010dke-nadbiskupije-2-900x600.jpg","type":"image\/jpeg"}],"author":"Ivica Nikolac","twitter_card":"summary_large_image","twitter_misc":{"Written by":"Ivica Nikolac","Est. reading time":"1 minute"},"schema":{"@context":"https:\/\/schema.org","@graph":[{"@type":"WebPage","@id":"https:\/\/www.rijeka.hr\/it\/incontro-di-lavoro-con-rappresentanti-dellarcidiocesi-di-fiume\/","url":"https:\/\/www.rijeka.hr\/it\/incontro-di-lavoro-con-rappresentanti-dellarcidiocesi-di-fiume\/","name":"Incontro di lavoro con i rappresentanti dell'Arcidiocesi di Fiume - Citt\u00e0 di Fiume","isPartOf":{"@id":"https:\/\/www.rijeka.hr\/it\/#website"},"primaryImageOfPage":{"@id":"https:\/\/www.rijeka.hr\/it\/incontro-di-lavoro-con-rappresentanti-dellarcidiocesi-di-fiume\/#primaryimage"},"image":{"@id":"https:\/\/www.rijeka.hr\/it\/incontro-di-lavoro-con-rappresentanti-dellarcidiocesi-di-fiume\/#primaryimage"},"thumbnailUrl":"https:\/\/www.rijeka.hr\/it\/wp-content\/uploads\/sites\/3\/2022\/03\/Radni-sastanak-s-predstavnicima-Rije\u010dke-nadbiskupije-2-900x600.jpg","datePublished":"2022-03-16T09:51:44+00:00","dateModified":"2022-03-17T09:58:54+00:00","author":{"@id":"https:\/\/www.rijeka.hr\/it\/#\/schema\/person\/048b064fa7891b19d16e03a382abb85e"},"breadcrumb":{"@id":"https:\/\/www.rijeka.hr\/it\/incontro-di-lavoro-con-rappresentanti-dellarcidiocesi-di-fiume\/#breadcrumb"},"inLanguage":"it-IT","potentialAction":[{"@type":"ReadAction","target":["https:\/\/www.rijeka.hr\/it\/incontro-di-lavoro-con-rappresentanti-dellarcidiocesi-di-fiume\/"]}]},{"@type":"ImageObject","inLanguage":"it-IT","@id":"https:\/\/www.rijeka.hr\/it\/incontro-di-lavoro-con-rappresentanti-dellarcidiocesi-di-fiume\/#primaryimage","url":"https:\/\/www.rijeka.hr\/it\/wp-content\/uploads\/sites\/3\/2022\/03\/Radni-sastanak-s-predstavnicima-Rije\u010dke-nadbiskupije-2-900x600.jpg","contentUrl":"https:\/\/www.rijeka.hr\/it\/wp-content\/uploads\/sites\/3\/2022\/03\/Radni-sastanak-s-predstavnicima-Rije\u010dke-nadbiskupije-2-900x600.jpg","width":900,"height":600},{"@type":"BreadcrumbList","@id":"https:\/\/www.rijeka.hr\/it\/incontro-di-lavoro-con-rappresentanti-dellarcidiocesi-di-fiume\/#breadcrumb","itemListElement":[{"@type":"ListItem","position":1,"name":"Po\u010detna stranica","item":"https:\/\/www.rijeka.hr\/it\/"},{"@type":"ListItem","position":2,"name":"Incontro di lavoro con i rappresentanti dell&#8217;Arcidiocesi di Fiume"}]},{"@type":"WebSite","@id":"https:\/\/www.rijeka.hr\/it\/#website","url":"https:\/\/www.rijeka.hr\/it\/","name":"Citt\u00e0 di Fiume","description":"Portale web della Citta&#039; di Fiume","potentialAction":[{"@type":"SearchAction","target":{"@type":"EntryPoint","urlTemplate":"https:\/\/www.rijeka.hr\/it\/?s={search_term_string}"},"query-input":{"@type":"PropertyValueSpecification","valueRequired":true,"valueName":"search_term_string"}}],"inLanguage":"it-IT"},{"@type":"Person","@id":"https:\/\/www.rijeka.hr\/it\/#\/schema\/person\/048b064fa7891b19d16e03a382abb85e","name":"Ivica Nikolac","image":{"@type":"ImageObject","inLanguage":"it-IT","@id":"https:\/\/www.rijeka.hr\/it\/#\/schema\/person\/image\/","url":"https:\/\/secure.gravatar.com\/avatar\/566d324e1656a1b494a0766b85643006?s=96&d=mm&r=g","contentUrl":"https:\/\/secure.gravatar.com\/avatar\/566d324e1656a1b494a0766b85643006?s=96&d=mm&r=g","caption":"Ivica Nikolac"},"url":"https:\/\/www.rijeka.hr\/it\/author\/inikolac\/"}]}},"_links":{"self":[{"href":"https:\/\/www.rijeka.hr\/it\/wp-json\/wp\/v2\/posts\/14568","targetHints":{"allow":["GET"]}}],"collection":[{"href":"https:\/\/www.rijeka.hr\/it\/wp-json\/wp\/v2\/posts"}],"about":[{"href":"https:\/\/www.rijeka.hr\/it\/wp-json\/wp\/v2\/types\/post"}],"author":[{"embeddable":true,"href":"https:\/\/www.rijeka.hr\/it\/wp-json\/wp\/v2\/users\/5"}],"replies":[{"embeddable":true,"href":"https:\/\/www.rijeka.hr\/it\/wp-json\/wp\/v2\/comments?post=14568"}],"version-history":[{"count":3,"href":"https:\/\/www.rijeka.hr\/it\/wp-json\/wp\/v2\/posts\/14568\/revisions"}],"predecessor-version":[{"id":14576,"href":"https:\/\/www.rijeka.hr\/it\/wp-json\/wp\/v2\/posts\/14568\/revisions\/14576"}],"wp:featuredmedia":[{"embeddable":true,"href":"https:\/\/www.rijeka.hr\/it\/wp-json\/wp\/v2\/media\/14573"}],"wp:attachment":[{"href":"https:\/\/www.rijeka.hr\/it\/wp-json\/wp\/v2\/media?parent=14568"}],"wp:term":[{"taxonomy":"category","embeddable":true,"href":"https:\/\/www.rijeka.hr\/it\/wp-json\/wp\/v2\/categories?post=14568"},{"taxonomy":"post_tag","embeddable":true,"href":"https:\/\/www.rijeka.hr\/it\/wp-json\/wp\/v2\/tags?post=14568"}],"curies":[{"name":"wp","href":"https:\/\/api.w.org\/{rel}","templated":true}]}}