{"id":14646,"date":"2022-03-22T14:00:07","date_gmt":"2022-03-22T13:00:07","guid":{"rendered":"https:\/\/www.rijeka.hr\/it\/?p=14646"},"modified":"2022-03-23T14:22:27","modified_gmt":"2022-03-23T13:22:27","slug":"la-citta-di-fiume-aiuta-profughi-dallucraina-con-il-conferimento-dei-diritti-di-previdenza-sociale","status":"publish","type":"post","link":"https:\/\/www.rijeka.hr\/it\/la-citta-di-fiume-aiuta-profughi-dallucraina-con-il-conferimento-dei-diritti-di-previdenza-sociale\/","title":{"rendered":"La Citt\u00e0 di Fiume aiuta i profughi dall&#8217;Ucraina con il conferimento dei diritti di previdenza sociale"},"content":{"rendered":"<p>A causa dello stato di guerra in Ucraina, all&#8217;inizio di marzo il Governo della Repubblica di Croazia ha approvato la Decisione sull&#8217;introduzione della protezione temporanea nella Repubblica di Croazia per gli sfollati provenienti dall&#8217;Ucraina, la quale determina le categorie degli sfollati che hanno abbandonato l\u2019Ucraina a causa dello stato di guerra, a cui sar\u00e0 approvata la protezione temporanea e sar\u00e0 assicurato l\u2019accesso a tutti i diritti che derivano da questo status, come il diritto alla previdenza sociale, all\u2019assistenza medica, all\u2019istruzione e tanti altri diritti.<\/p>\n<div id=\"attachment_14651\" class=\"wp-caption alignleft\"><img loading=\"lazy\" decoding=\"async\" width=\"600\" height=\"400\" class=\"wp-image-14651 size-medium\" src=\"https:\/\/www.rijeka.hr\/it\/wp-content\/uploads\/sites\/3\/2022\/03\/14.-gradona\u010delnikov-kolegij-2-600x400-600x400.jpg\" alt=\"\" \/><p class=\"wp-caption-text\">La capodipartimento Karla Mu\u0161kovi\u0107, ha parlato dell\u2019assistenza ai profughi provenienti dall\u2019Ucraina<\/p><\/div>\n<p>A detta di Karla Mu\u0161kovi\u0107, a capo del Dipartimento per la sanit\u00e0 e la previdenza sociale, secondo i dati dell\u2019Associazione cittadina della Croce Rossa, nel nostro territorio, ci sono un\u2019ottantina di persone che vivono in alloggi privati, in gran parte donne e bambini, ma ci sono anche anziani e persone con disabilit\u00e0. Tuttavia, il loro numero \u00e8 sicuramente pi\u00f9 alto e il numero giusto \u00e8 disponibile alla Questura della Regione litoraneo \u2013 montana.<\/p>\n<p>&#8220;La guerra in Ucraina non accenna a placarsi. Stiamo cercando di consentire la migliore integrazione possibile, soprattutto nel sistema educativo, a tutti coloro che sono stati colpiti dalla guerra, &#8220;, ha detto il sindaco di Fiume Marko Filipovi\u0107.<\/p>\n<p>Per facilitare l&#8217;adattamento dei giovani ucraini, la Citt\u00e0 di Fiume assicurer\u00e0 l\u2019accesso gratuito all\u2019alimentazione adattata per i lattanti secondo le indicazioni mediche, la copertura delle rette negli asili e nidi d\u2019infanzia, la merenda, il pranzo, il soggiorno prolungato nelle scuole elementari e il materiale didattico, libri di testo, quaderni e tutto il resto. Questi diritti potranno essere esercitati dai rifugiati ucraini che soggiornano nel territorio della citt\u00e0 di Fiume e sono registrati presso la Questura litoraneo montana, e presentano la domanda alla Citt\u00e0 di Fiume e possiedono la tessera per persone straniere sotto protezione temporanea.<\/p>\n<p>Inoltre, agli sfollati sar\u00e0 reso possibile l\u2019uso gratuito dei mezzi pubblici nel territorio della citt\u00e0 di Fiume, che possiedono la tessera per persone straniere sotto protezione temporanea.<\/p>\n<p>&#8220;Purtroppo i ricordi degli sfollati e dei rifugiati in Croazia sono freschi, quindi siamo solidali con tutti coloro che si sono trovati in quella situazione. Faremo tutto il possibile nel venire incontro alle esigenze delle persone in situazioni di emergenza&#8221;, ha affermato il sindaco Filipovi\u0107.<\/p>\n<h2>Assegno in occasione della Pasqua ai pensionati pi\u00f9 svantaggiati e agli anziani senza reddito<\/h2>\n<p>Dopo che negli ultimi 16 anni, la Citt\u00e0 di Fiume ha assegnato l\u2019assegno natalizio, assegner\u00e0 per la prima volta l\u2019assegno per la Pasqua nell\u2019importo di 200 kune ai pensionati pi\u00f9 svantaggiati e agli anziani senza reddito, a tal scopo nel bilancio saranno stanziate complessivamente 100mila kune.<\/p>\n<p>Ci sono circa 420 pensionati che realizzeranno questo sussidio, che nel 2022 hanno diritto al sussidio per i pensionati della Citt\u00e0 di Fiume, e circa 80 persone di et\u00e0 superiore ai 65 anni che realizzano il diritto al sussidio destinato alle persone senza reddito. L\u2019assegno verr\u00e0 pagato sul conto corrente del beneficiario.<\/p>\n<h2>Proposta di Decisione sul conferimento del consenso all&#8217;indebitamento della municipalizzata Energo per il rinnovo del sistema di riscaldamento<\/h2>\n<p>La Proposta di decisione sul conferimento del consenso all&#8217;indebitamento e della garanzia per l&#8217;adempimento degli obblighi della municipalizzata Energo, ovvero per il finanziamento della propria componente nel progetto UE &#8220;Rinnovo del sistema di riscaldamento nella citt\u00e0 di Fiume&#8221; per il quale sono ricevuti fondi attraverso il Meccanismo di investimenti territoriali Integrati (meccanismo ITI) nell\u2019ambito della Agglomerazione urbana di Fiume.<\/p>\n<p>L\u2019obiettivo del progetto \u00e8 quello di aumentare l\u2019efficienza energetica del sistema di riscaldamento e l\u2019affidabilit\u00e0 dell\u2019approvvigionamento di energia termica nella citt\u00e0 di Fiume, investendo nell\u2019ammodernamento degli impianti di produzione (centrali termiche) e nella rete di distribuzione con un passaggio graduale al teleriscaldamento ad alta efficienza energetica. La prevista durata del progetto \u00e8 fino al 1\u00b0 settembre 2023.<\/p>\n<div id=\"attachment_14652\" class=\"wp-caption alignright\"><img loading=\"lazy\" decoding=\"async\" class=\"wp-image-14652 size-medium\" src=\"https:\/\/www.rijeka.hr\/it\/wp-content\/uploads\/sites\/3\/2022\/03\/14.-gradona\u010delnikov-kolegij-4-600x400-600x400.jpg\" alt=\"\" width=\"600\" height=\"400\" \/><p class=\"wp-caption-text\">proposte sono inviate al Consiglio cittadino per la discussione e l&#8217;adozione<\/p><\/div>\n<p>Il valore complessivo del progetto \u00e8 di 112,2 milioni di kune, di cui 83,8 milioni di kune in sovvenzioni a fondo perduto dai fondi dell&#8217;UE. Il Ministero dello sviluppo regionale e i fondi dell&#8217;UE cofinanzier\u00e0 l&#8217;attuazione del progetto dell\u2019UE fino a un massimo di 10 milioni di kune, mentre l&#8217;importo finale del cofinanziamento sar\u00e0 determinare solo in occasione della richiesta di pagamento finale.<\/p>\n<p>La municipalizzata Energo si \u00e8 rivolta a banche commerciali e di sviluppo per l\u2019offerta di mutui per i propri fondi nel progetto per un importo di 30 milioni di kune, di cui la Citt\u00e0 di Fiume garantirebbe 24 milioni di kune, pi\u00f9 interessi e altri costi.<\/p>\n<p>Il sindaco Filipovi\u0107 ha sottolineato che l\u2019assicurazione di una quantit\u00e0 sufficiente dei fondi propri attraverso un mutuo \u00e8 molto importante per poter portare a termine con successo il progetto.<\/p>\n<p>&#8220;Si tratta di un importo che supera i 7 e mezzo milioni di kune, che richiede la delibera del Consiglio cittadino. Alla Proposta di decisione sull&#8217;indebitamento tramite il mutuo presso la \u201cErste &amp; Steierm\u00e4rkische Bank\u201d, parere positivo \u00e8 stato espresso dal Dipartimento per gli affari comunali e il Dipartimento delle Finanze. Mi auguro che il Consiglio cittadino accetti questa decisione, perch\u00e9 se il progetto non sar\u00e0 realizzato, rivisto e valutato positivamente dall&#8217;Agenzia centrale per il finanziamento e i contratti, l\u2019azienda Energo sar\u00e0 costretta a restituire le sovvenzioni concesse, maggiorate delle sanzioni previste&#8221;, ha affermato il sindaco Filipovic.<\/p>\n<h2>Proposta per avviare la stesura di una nuova strategia dell&#8217;Agglomerazione urbana di Fiume<\/h2>\n<p>All\u2019ODG del Consiglio cittadino si troveranno proposte di decisioni relative all\u2019avvio della stesura della Strategia di sviluppo dell&#8217;Agglomerazione urbana di Fiume per il periodo finanziario 2021-2027 e documenti di accompagnamento.<\/p>\n<p>La stesura della Strategia \u00e8 necessaria a causa del recente aumento dell&#8217;agglomerazione urbana di Fiume ai nuovi membri, ai comuni di Mattuglie, Omi\u0161alj (Castelmuschio) e Jelenje e alla citt\u00e0 di Buccari, nonch\u00e9 al fatto che la Strategia \u00e8 la base per accedere ai fondi dell&#8217;UE attraverso il meccanismo ITI nel prossimo esercizio finanziario dell&#8217;UE.<\/p>\n<p>&#8220;Nel passato periodo finanziario, Fiume \u00e8 stata la citt\u00e0 di maggior successo nell\u2019utilizzo dei fondi dell&#8217;UE e la nostra agglomerazione urbana \u00e8 stata leader. I sindaci di 14 comuni e citt\u00e0 che formano l&#8217;agglomerazione urbana di Fiume hanno firmato l\u2019Accordo di cooperazione durante lo sviluppo e l&#8217;attuazione della strategia di sviluppo dell&#8217;agglomerazione urbana di Fiume per il periodo finanziario 2021-2027. Spero che il nostro Consiglio cittadino accetti questa conclusione e prenda la decisione necessaria&#8221;, ha detto il sindaco Filipovi\u0107.<\/p>\n<h2>Consultazione con il pubblico interessato sul Regolamento sull\u2019applicazione dei fondi raccolti a titolo della tassa sui monumenti storici per il rifacimento di facciate e tetti<\/h2>\n<div id=\"attachment_14653\" class=\"wp-caption alignleft\"><img loading=\"lazy\" decoding=\"async\" class=\"wp-image-14653 size-medium\" src=\"https:\/\/www.rijeka.hr\/it\/wp-content\/uploads\/sites\/3\/2022\/03\/14.-gradona\u010delnikov-kolegij-3-600x400-600x400.jpg\" alt=\"\" width=\"600\" height=\"400\" \/><p class=\"wp-caption-text\">IL CAPODIPARTIMENTO \u0160ARAR HA PARLATO DEL PROGRAMMA DI RIFACIMENTO DI FACCIATE E TETTI<\/p><\/div>\n<p>La proposta di Regolamento sulle modifiche al Regolamento sull\u2019applicazione dei fondi raccolti a titolo della tassa sui monumenti storici per l&#8217;attuazione del Programma per il rifacimento e il rinnovo di facciate e tetti di edifici sul territorio del complesso urbano protetto della citt\u00e0 di Fiume \u00e8 stato inviato alla procedura di consultazione con il pubblico interessato.<\/p>\n<p>Il Regolamento determina le condizioni e i criteri per il cofinanziamento del Programma per il rifacimento e il rinnovo di facciate e tetti di edifici sul territorio del complesso urbano protetto della citt\u00e0 di Fiume, la procedura e gli organi per l&#8217;adozione della Lista prioritaria e le modalit\u00e0 di monitoraggio dell&#8217;attuazione del Programma.<\/p>\n<p>Dal 2006, quando \u00e8 stato indetto il primo invito ai proprietari di edifici sul territorio del complesso urbano protetto di Fiume ed edifici registrati individualmente come beni culturali, sono state ristrutturate 59 facciate e tetti di edifici a Fiume, per un importo di 23,1 milioni di kune.<\/p>\n<p>&#8220;A causa della pandemia di coronavirus e delle misure per aiutare l&#8217;economia nel 2020, \u00e8 stata presa la decisione di sospendere il pagamento della tassa sui monumenti, che ha diminuito il budget di circa 4,5 milioni di kune. Per questo motivo, l&#8217;anno scorso non abbiamo indetto l\u2019invito pubblico per il cofinanziamento del rifacimento di facciate e tetti &#8220;, ha affermato il capo del Dipartimento per la cultura Ivan \u0160arar.<\/p>\n<p>Dopo la consultazione con il pubblico interessato, la Proposta di decisione sar\u00e0 inviata al Consiglio cittadino per la discussione e l&#8217;adozione. Se la decisione sar\u00e0 approvata durante la riunione del Consiglio cittadino, un nuovo invito pubblico potrebbe essere indetto a maggio o giugno.<\/p>\n<p>Il nuovo regolamento prevede che l\u2019invito pubblico verr\u00e0 indetto ogni tre anni, invece di ogni due anni, poich\u00e9 l&#8217;esperienza ha dimostrato che due anni non bastano per condurre la gara, completare la documentazione e per i cittadini di prendere un prestito, trovare un appaltatore e completare il rifacimento. Inoltre, viene proposto l&#8217;importo massimo del cofinanziamento da parte della Citt\u00e0 di Fiume nell&#8217;importo di 400 o 500 mila kune, che dipender\u00e0 dalla zona e dal grado di tutela di conservazione dell&#8217;edificio. Tale disposizione, che prevede l&#8217;importo massimo del cofinanziamento, \u00e8 introdotta per consentire al maggior numero possibile di utenti la distribuzione dei fondi di bilancio destinati a tale scopo.<\/p>\n<p>&#8220;Dato che nelle proiezioni di bilancio per il 2023 e il 2024 abbiamo 5,6 milioni di kune per questo progetto, possiamo aspettarci di rinnovare 11 o pi\u00f9 edifici nel prossimo ciclo&#8221;, ha affermato il capodipartimento \u0160arar.<\/p>\n<p>Il sindaco Filipovi\u0107 ha sottolineato che si tratta di un progetto visibile e per il quale l&#8217;interesse non diminuisce.<\/p>\n<p>&#8220;Ci auguriamo che questi cambiamenti incoraggino il maggior numero possibile di comproprietari di edifici a decidere di rinnovare le loro facciate&#8221;, ha detto il sindaco.<\/p>\n","protected":false},"excerpt":{"rendered":"<p>Nel corso del collegio del sindaco \u00e8 stato deciso che al fine di aiutare gli sfollati dall&#8217;Ucraina dilaniata dalla guerra che soggiornano nel territorio di Fiume, la Citt\u00e0 di Fiume conferir\u00e0 loro i diritti di previdenza sociale.<\/p>\n","protected":false},"author":8,"featured_media":14650,"comment_status":"open","ping_status":"open","sticky":false,"template":"","format":"standard","meta":{"_acf_changed":false,"_trash_the_other_posts":false,"footnotes":"","_links_to":"","_links_to_target":""},"categories":[976,416],"tags":[1420,1424,1418,1119,1421,1422,1417,1419,1423],"class_list":["post-14646","post","type-post","status-publish","format-standard","has-post-thumbnail","hentry","category-articoli","category-collegio-del-sindaco","tag-assegno-in-occasione-della-pasqua","tag-complesso-urbano-protetto-di-fiume","tag-diritti-di-previdenza-sociale","tag-il-rinnovo-del-sistema-di-riscaldamento","tag-indebitamento-della-municipalizzata-energo","tag-nuova-strategia-dellagglomerazione-urbana-di-fiume","tag-profughi-dallucraina","tag-protezione-temporanea","tag-tassa-sui-monumenti-storici"],"acf":[],"yoast_head":"<!-- This site is optimized with the Yoast SEO plugin v24.4 - https:\/\/yoast.com\/wordpress\/plugins\/seo\/ -->\n<title>La Citt\u00e0 di Fiume aiuta i profughi dall&#039;Ucraina con il conferimento dei diritti di previdenza sociale - Citt\u00e0 di Fiume<\/title>\n<meta name=\"robots\" content=\"index, follow, max-snippet:-1, max-image-preview:large, max-video-preview:-1\" \/>\n<link rel=\"canonical\" href=\"https:\/\/www.rijeka.hr\/it\/la-citta-di-fiume-aiuta-profughi-dallucraina-con-il-conferimento-dei-diritti-di-previdenza-sociale\/\" \/>\n<meta property=\"og:locale\" content=\"it_IT\" \/>\n<meta property=\"og:type\" content=\"article\" \/>\n<meta property=\"og:title\" content=\"La Citt\u00e0 di Fiume aiuta i profughi dall&#039;Ucraina con il conferimento dei diritti di previdenza sociale - Citt\u00e0 di Fiume\" \/>\n<meta property=\"og:description\" content=\"Nel corso del collegio del sindaco \u00e8 stato deciso che al fine di aiutare gli sfollati dall&#039;Ucraina dilaniata dalla guerra che soggiornano nel territorio di Fiume, la Citt\u00e0 di Fiume conferir\u00e0 loro i diritti di previdenza sociale.\" \/>\n<meta property=\"og:url\" content=\"https:\/\/www.rijeka.hr\/it\/la-citta-di-fiume-aiuta-profughi-dallucraina-con-il-conferimento-dei-diritti-di-previdenza-sociale\/\" \/>\n<meta property=\"og:site_name\" content=\"Citt\u00e0 di Fiume\" \/>\n<meta property=\"article:published_time\" content=\"2022-03-22T13:00:07+00:00\" \/>\n<meta property=\"article:modified_time\" content=\"2022-03-23T13:22:27+00:00\" \/>\n<meta property=\"og:image\" content=\"https:\/\/www.rijeka.hr\/it\/wp-content\/uploads\/sites\/3\/2022\/03\/14.-gradona\u010delnikov-kolegij-1-900x600.jpg\" \/>\n\t<meta property=\"og:image:width\" content=\"900\" \/>\n\t<meta property=\"og:image:height\" content=\"600\" \/>\n\t<meta property=\"og:image:type\" content=\"image\/jpeg\" \/>\n<meta name=\"author\" content=\"sradovic\" \/>\n<meta name=\"twitter:card\" content=\"summary_large_image\" \/>\n<meta name=\"twitter:label1\" content=\"Written by\" \/>\n\t<meta name=\"twitter:data1\" content=\"sradovic\" \/>\n\t<meta name=\"twitter:label2\" content=\"Est. reading time\" \/>\n\t<meta name=\"twitter:data2\" content=\"8 minutes\" \/>\n<script type=\"application\/ld+json\" class=\"yoast-schema-graph\">{\"@context\":\"https:\/\/schema.org\",\"@graph\":[{\"@type\":\"WebPage\",\"@id\":\"https:\/\/www.rijeka.hr\/it\/la-citta-di-fiume-aiuta-profughi-dallucraina-con-il-conferimento-dei-diritti-di-previdenza-sociale\/\",\"url\":\"https:\/\/www.rijeka.hr\/it\/la-citta-di-fiume-aiuta-profughi-dallucraina-con-il-conferimento-dei-diritti-di-previdenza-sociale\/\",\"name\":\"La Citt\u00e0 di Fiume aiuta i profughi dall'Ucraina con il conferimento dei diritti di previdenza sociale - Citt\u00e0 di Fiume\",\"isPartOf\":{\"@id\":\"https:\/\/www.rijeka.hr\/it\/#website\"},\"primaryImageOfPage\":{\"@id\":\"https:\/\/www.rijeka.hr\/it\/la-citta-di-fiume-aiuta-profughi-dallucraina-con-il-conferimento-dei-diritti-di-previdenza-sociale\/#primaryimage\"},\"image\":{\"@id\":\"https:\/\/www.rijeka.hr\/it\/la-citta-di-fiume-aiuta-profughi-dallucraina-con-il-conferimento-dei-diritti-di-previdenza-sociale\/#primaryimage\"},\"thumbnailUrl\":\"https:\/\/www.rijeka.hr\/it\/wp-content\/uploads\/sites\/3\/2022\/03\/14.-gradona\u010delnikov-kolegij-1-900x600.jpg\",\"datePublished\":\"2022-03-22T13:00:07+00:00\",\"dateModified\":\"2022-03-23T13:22:27+00:00\",\"author\":{\"@id\":\"https:\/\/www.rijeka.hr\/it\/#\/schema\/person\/f944eacc70b6a69bc142d9389862b37b\"},\"breadcrumb\":{\"@id\":\"https:\/\/www.rijeka.hr\/it\/la-citta-di-fiume-aiuta-profughi-dallucraina-con-il-conferimento-dei-diritti-di-previdenza-sociale\/#breadcrumb\"},\"inLanguage\":\"it-IT\",\"potentialAction\":[{\"@type\":\"ReadAction\",\"target\":[\"https:\/\/www.rijeka.hr\/it\/la-citta-di-fiume-aiuta-profughi-dallucraina-con-il-conferimento-dei-diritti-di-previdenza-sociale\/\"]}]},{\"@type\":\"ImageObject\",\"inLanguage\":\"it-IT\",\"@id\":\"https:\/\/www.rijeka.hr\/it\/la-citta-di-fiume-aiuta-profughi-dallucraina-con-il-conferimento-dei-diritti-di-previdenza-sociale\/#primaryimage\",\"url\":\"https:\/\/www.rijeka.hr\/it\/wp-content\/uploads\/sites\/3\/2022\/03\/14.-gradona\u010delnikov-kolegij-1-900x600.jpg\",\"contentUrl\":\"https:\/\/www.rijeka.hr\/it\/wp-content\/uploads\/sites\/3\/2022\/03\/14.-gradona\u010delnikov-kolegij-1-900x600.jpg\",\"width\":900,\"height\":600},{\"@type\":\"BreadcrumbList\",\"@id\":\"https:\/\/www.rijeka.hr\/it\/la-citta-di-fiume-aiuta-profughi-dallucraina-con-il-conferimento-dei-diritti-di-previdenza-sociale\/#breadcrumb\",\"itemListElement\":[{\"@type\":\"ListItem\",\"position\":1,\"name\":\"Po\u010detna stranica\",\"item\":\"https:\/\/www.rijeka.hr\/it\/\"},{\"@type\":\"ListItem\",\"position\":2,\"name\":\"La Citt\u00e0 di Fiume aiuta i profughi dall&#8217;Ucraina con il conferimento dei diritti di previdenza sociale\"}]},{\"@type\":\"WebSite\",\"@id\":\"https:\/\/www.rijeka.hr\/it\/#website\",\"url\":\"https:\/\/www.rijeka.hr\/it\/\",\"name\":\"Citt\u00e0 di Fiume\",\"description\":\"Portale web della Citta&#039; di Fiume\",\"potentialAction\":[{\"@type\":\"SearchAction\",\"target\":{\"@type\":\"EntryPoint\",\"urlTemplate\":\"https:\/\/www.rijeka.hr\/it\/?s={search_term_string}\"},\"query-input\":{\"@type\":\"PropertyValueSpecification\",\"valueRequired\":true,\"valueName\":\"search_term_string\"}}],\"inLanguage\":\"it-IT\"},{\"@type\":\"Person\",\"@id\":\"https:\/\/www.rijeka.hr\/it\/#\/schema\/person\/f944eacc70b6a69bc142d9389862b37b\",\"name\":\"sradovic\",\"image\":{\"@type\":\"ImageObject\",\"inLanguage\":\"it-IT\",\"@id\":\"https:\/\/www.rijeka.hr\/it\/#\/schema\/person\/image\/\",\"url\":\"https:\/\/secure.gravatar.com\/avatar\/d438b95983d528813c6fe2e5812a4188?s=96&d=mm&r=g\",\"contentUrl\":\"https:\/\/secure.gravatar.com\/avatar\/d438b95983d528813c6fe2e5812a4188?s=96&d=mm&r=g\",\"caption\":\"sradovic\"},\"url\":\"https:\/\/www.rijeka.hr\/it\/author\/sradovic\/\"}]}<\/script>\n<!-- \/ Yoast SEO plugin. -->","yoast_head_json":{"title":"La Citt\u00e0 di Fiume aiuta i profughi dall'Ucraina con il conferimento dei diritti di previdenza sociale - Citt\u00e0 di Fiume","robots":{"index":"index","follow":"follow","max-snippet":"max-snippet:-1","max-image-preview":"max-image-preview:large","max-video-preview":"max-video-preview:-1"},"canonical":"https:\/\/www.rijeka.hr\/it\/la-citta-di-fiume-aiuta-profughi-dallucraina-con-il-conferimento-dei-diritti-di-previdenza-sociale\/","og_locale":"it_IT","og_type":"article","og_title":"La Citt\u00e0 di Fiume aiuta i profughi dall'Ucraina con il conferimento dei diritti di previdenza sociale - Citt\u00e0 di Fiume","og_description":"Nel corso del collegio del sindaco \u00e8 stato deciso che al fine di aiutare gli sfollati dall'Ucraina dilaniata dalla guerra che soggiornano nel territorio di Fiume, la Citt\u00e0 di Fiume conferir\u00e0 loro i diritti di previdenza sociale.","og_url":"https:\/\/www.rijeka.hr\/it\/la-citta-di-fiume-aiuta-profughi-dallucraina-con-il-conferimento-dei-diritti-di-previdenza-sociale\/","og_site_name":"Citt\u00e0 di Fiume","article_published_time":"2022-03-22T13:00:07+00:00","article_modified_time":"2022-03-23T13:22:27+00:00","og_image":[{"width":900,"height":600,"url":"https:\/\/www.rijeka.hr\/it\/wp-content\/uploads\/sites\/3\/2022\/03\/14.-gradona\u010delnikov-kolegij-1-900x600.jpg","type":"image\/jpeg"}],"author":"sradovic","twitter_card":"summary_large_image","twitter_misc":{"Written by":"sradovic","Est. reading time":"8 minutes"},"schema":{"@context":"https:\/\/schema.org","@graph":[{"@type":"WebPage","@id":"https:\/\/www.rijeka.hr\/it\/la-citta-di-fiume-aiuta-profughi-dallucraina-con-il-conferimento-dei-diritti-di-previdenza-sociale\/","url":"https:\/\/www.rijeka.hr\/it\/la-citta-di-fiume-aiuta-profughi-dallucraina-con-il-conferimento-dei-diritti-di-previdenza-sociale\/","name":"La Citt\u00e0 di Fiume aiuta i profughi dall'Ucraina con il conferimento dei diritti di previdenza sociale - Citt\u00e0 di Fiume","isPartOf":{"@id":"https:\/\/www.rijeka.hr\/it\/#website"},"primaryImageOfPage":{"@id":"https:\/\/www.rijeka.hr\/it\/la-citta-di-fiume-aiuta-profughi-dallucraina-con-il-conferimento-dei-diritti-di-previdenza-sociale\/#primaryimage"},"image":{"@id":"https:\/\/www.rijeka.hr\/it\/la-citta-di-fiume-aiuta-profughi-dallucraina-con-il-conferimento-dei-diritti-di-previdenza-sociale\/#primaryimage"},"thumbnailUrl":"https:\/\/www.rijeka.hr\/it\/wp-content\/uploads\/sites\/3\/2022\/03\/14.-gradona\u010delnikov-kolegij-1-900x600.jpg","datePublished":"2022-03-22T13:00:07+00:00","dateModified":"2022-03-23T13:22:27+00:00","author":{"@id":"https:\/\/www.rijeka.hr\/it\/#\/schema\/person\/f944eacc70b6a69bc142d9389862b37b"},"breadcrumb":{"@id":"https:\/\/www.rijeka.hr\/it\/la-citta-di-fiume-aiuta-profughi-dallucraina-con-il-conferimento-dei-diritti-di-previdenza-sociale\/#breadcrumb"},"inLanguage":"it-IT","potentialAction":[{"@type":"ReadAction","target":["https:\/\/www.rijeka.hr\/it\/la-citta-di-fiume-aiuta-profughi-dallucraina-con-il-conferimento-dei-diritti-di-previdenza-sociale\/"]}]},{"@type":"ImageObject","inLanguage":"it-IT","@id":"https:\/\/www.rijeka.hr\/it\/la-citta-di-fiume-aiuta-profughi-dallucraina-con-il-conferimento-dei-diritti-di-previdenza-sociale\/#primaryimage","url":"https:\/\/www.rijeka.hr\/it\/wp-content\/uploads\/sites\/3\/2022\/03\/14.-gradona\u010delnikov-kolegij-1-900x600.jpg","contentUrl":"https:\/\/www.rijeka.hr\/it\/wp-content\/uploads\/sites\/3\/2022\/03\/14.-gradona\u010delnikov-kolegij-1-900x600.jpg","width":900,"height":600},{"@type":"BreadcrumbList","@id":"https:\/\/www.rijeka.hr\/it\/la-citta-di-fiume-aiuta-profughi-dallucraina-con-il-conferimento-dei-diritti-di-previdenza-sociale\/#breadcrumb","itemListElement":[{"@type":"ListItem","position":1,"name":"Po\u010detna stranica","item":"https:\/\/www.rijeka.hr\/it\/"},{"@type":"ListItem","position":2,"name":"La Citt\u00e0 di Fiume aiuta i profughi dall&#8217;Ucraina con il conferimento dei diritti di previdenza sociale"}]},{"@type":"WebSite","@id":"https:\/\/www.rijeka.hr\/it\/#website","url":"https:\/\/www.rijeka.hr\/it\/","name":"Citt\u00e0 di Fiume","description":"Portale web della Citta&#039; di Fiume","potentialAction":[{"@type":"SearchAction","target":{"@type":"EntryPoint","urlTemplate":"https:\/\/www.rijeka.hr\/it\/?s={search_term_string}"},"query-input":{"@type":"PropertyValueSpecification","valueRequired":true,"valueName":"search_term_string"}}],"inLanguage":"it-IT"},{"@type":"Person","@id":"https:\/\/www.rijeka.hr\/it\/#\/schema\/person\/f944eacc70b6a69bc142d9389862b37b","name":"sradovic","image":{"@type":"ImageObject","inLanguage":"it-IT","@id":"https:\/\/www.rijeka.hr\/it\/#\/schema\/person\/image\/","url":"https:\/\/secure.gravatar.com\/avatar\/d438b95983d528813c6fe2e5812a4188?s=96&d=mm&r=g","contentUrl":"https:\/\/secure.gravatar.com\/avatar\/d438b95983d528813c6fe2e5812a4188?s=96&d=mm&r=g","caption":"sradovic"},"url":"https:\/\/www.rijeka.hr\/it\/author\/sradovic\/"}]}},"_links":{"self":[{"href":"https:\/\/www.rijeka.hr\/it\/wp-json\/wp\/v2\/posts\/14646","targetHints":{"allow":["GET"]}}],"collection":[{"href":"https:\/\/www.rijeka.hr\/it\/wp-json\/wp\/v2\/posts"}],"about":[{"href":"https:\/\/www.rijeka.hr\/it\/wp-json\/wp\/v2\/types\/post"}],"author":[{"embeddable":true,"href":"https:\/\/www.rijeka.hr\/it\/wp-json\/wp\/v2\/users\/8"}],"replies":[{"embeddable":true,"href":"https:\/\/www.rijeka.hr\/it\/wp-json\/wp\/v2\/comments?post=14646"}],"version-history":[{"count":3,"href":"https:\/\/www.rijeka.hr\/it\/wp-json\/wp\/v2\/posts\/14646\/revisions"}],"predecessor-version":[{"id":14648,"href":"https:\/\/www.rijeka.hr\/it\/wp-json\/wp\/v2\/posts\/14646\/revisions\/14648"}],"wp:featuredmedia":[{"embeddable":true,"href":"https:\/\/www.rijeka.hr\/it\/wp-json\/wp\/v2\/media\/14650"}],"wp:attachment":[{"href":"https:\/\/www.rijeka.hr\/it\/wp-json\/wp\/v2\/media?parent=14646"}],"wp:term":[{"taxonomy":"category","embeddable":true,"href":"https:\/\/www.rijeka.hr\/it\/wp-json\/wp\/v2\/categories?post=14646"},{"taxonomy":"post_tag","embeddable":true,"href":"https:\/\/www.rijeka.hr\/it\/wp-json\/wp\/v2\/tags?post=14646"}],"curies":[{"name":"wp","href":"https:\/\/api.w.org\/{rel}","templated":true}]}}