{"id":15411,"date":"2022-05-31T12:49:51","date_gmt":"2022-05-31T10:49:51","guid":{"rendered":"https:\/\/www.rijeka.hr\/it\/?p=15411"},"modified":"2022-08-12T12:56:30","modified_gmt":"2022-08-12T10:56:30","slug":"spiagge-fiumane-pronte-per-la-stagione-balneare","status":"publish","type":"post","link":"https:\/\/www.rijeka.hr\/it\/spiagge-fiumane-pronte-per-la-stagione-balneare\/","title":{"rendered":"Spiagge fiumane pronte per la stagione balneare"},"content":{"rendered":"<p>Il prelievo dei campioni viene effettuato ogni anno da met\u00e0 maggio a settembre dall\u2019Istituto educativo per la sanit\u00e0 pubblica della Regione litoraneo montana. Il primo campionamento di quest&#8217;anno, effettuato in 17 spiagge fiumane, ha dimostrato nella maggior parte delle spiagge che la qualit\u00e0 del mare \u00e8 eccellente, in quattro punti la qualit\u00e0 del mare \u00e8 stata valutata come buona e in due come soddisfacente. Nel 2021, alla qualit\u00e0 del mare \u00e8 stata assegnato il voto individuale eccellente nella maggioranza delle spiagge cittadine, ovvero nei punti di prelievo.<\/p>\n<p>Il sindaco di Fiume, Marko Filipovi\u0107, ha espresso la sua soddisfazione per la qualit\u00e0 del mare per la balneazione nel 2021 e ha sottolineato che i dati dimostrano che il mare \u00e8 sicuro per la balneazione in tutte le spiagge di Fiume.<\/p>\n<div id=\"attachment_15416\" class=\"wp-caption alignleft\"><img loading=\"lazy\" decoding=\"async\" width=\"600\" height=\"400\" class=\"wp-image-15416 size-medium\" src=\"https:\/\/www.rijeka.hr\/it\/wp-content\/uploads\/sites\/3\/2022\/05\/20.-gradona\u010delnikov-kolegij-2-600x400-600x400.jpg\" alt=\"\" \/><p class=\"wp-caption-text\">La maggioranza delle spiagge fiumane ha un&#8217;eccellente qualit\u00e0 del mare<\/p><\/div>\n<p>La Citt\u00e0 di Fiume, attraverso la municipalizzata ViK, investe fondi significativi nel miglioramento delle infrastrutture idriche e comunali sul territorio dell&#8217;Agglomerazione urbana di Fiume, con l&#8217;obiettivo di aumentare il grado di protezione delle fonti di acqua potabile e ridurre l&#8217;inquinamento del mare.<\/p>\n<p>Parlando della manutenzione delle spiagge e delle attivit\u00e0 per garantire strutture sportivo-ricreative e di ristorazione nelle spiagge prima della stagione balneare, Maja Malnar, a capo dell&#8217;Dipartimento per gli affari comunali, ha sottolineato che la maggior parte delle attivit\u00e0 preparatorie previste sono state completate e ci sono pi\u00f9 contenuti nelle spiagge cittadine rispetto agli anni precedenti. Ad esempio, i lavori per l&#8217;adeguamento dell&#8217;altopiano occidentale della spiaggia Plo\u010de alle persone con disabilit\u00e0, per un valore di 457.000 kune, non sono stati avviati poich\u00e9 non sono pervenute offerte valide in risposta alle due gare pubbliche indette e si prevede che saranno effettuati dopo la stagione balneare.<\/p>\n<p>In conformit\u00e0 con il Piano per la gestione delle risorse marittime per l&#8217;anno 2022, sono state stanziate 860.000,00 kune e secondo il Programma per la manutenzione delle infrastrutture comunali (dai fondi dell\u2019indennizzo comunale) sono state stanziate 1.085.000,00 kune, ovvero complessivamente 1.945.000,00 kune per la manutenzione delle spiagge.<\/p>\n<p>I lavori comprendono, ad esempio, il ripascimento delle spiagge in ghiaia, la manutenzione di strutture e attrezzature come servizi igienici, docce, spogliatoi, attrezzature sportive o rampe per l&#8217;ingresso in mare di persone con disabilit\u00e0, lavori di costruzione e artigianato per l&#8217;uso sicuro delle spiagge e l\u2019accesso alle spiagge, ecc.<\/p>\n<div id=\"attachment_15417\" class=\"wp-caption alignright\"><img loading=\"lazy\" decoding=\"async\" class=\"wp-image-15417 size-medium\" src=\"https:\/\/www.rijeka.hr\/it\/wp-content\/uploads\/sites\/3\/2022\/05\/20.-gradona\u010delnikov-kolegij-4-600x400-600x400.jpg\" alt=\"\" width=\"600\" height=\"400\" \/><p class=\"wp-caption-text\">La capodipartimento Malnar presenta la preparazione delle spiagge fiumane per la stagione balneare<\/p><\/div>\n<p>La pulizia delle spiagge comporta la pulizia una volta delle spiagge prima della stagione dei rifiuti grandi e piccoli prima della stagione balneare, e durante la stagione balneare, la pulizia quotidiana delle spiagge, lo svuotamento dei cestini dei rifiuti, nonch\u00e9 il mantenimento della pulizia dei servizi igienici e degli spogliatoi.<\/p>\n<p>Per quanto riguarda l\u2019assicurazione dei contenuti sportivi e ricreativi e di ristorazione, sono state finora rilasciate 31 concessioni. C&#8217;\u00e8 la possibilit\u00e0 che l&#8217;offerta sia ancora pi\u00f9 ricca, in quanto il rilascio delle concessioni non \u00e8 limitato dal termine.<\/p>\n<p>Come negli anni precedenti, durante la stagione balneare sar\u00e0 organizzato il servizio di salvataggio nella spiaggia per persone con disabilit\u00e0 nella baia di &#8220;Kostanj&#8221;, e a tal scopo saranno stanziate 100.000 kune in bilancio, con ulteriori 10.000 kune per i materiali di consumo.<\/p>\n","protected":false},"excerpt":{"rendered":"<p>Le spiagge fiumane, dove sono stati effettuati i necessari lavori di preparazione e pulizia, nonch\u00e9 i primi campionamenti della qualit\u00e0 del mare sono pronte per la stagione balneare, che inizia il 1 giugno, \u00e8 stato detto nel corso del collegio del sindaco.<\/p>\n","protected":false},"author":8,"featured_media":15415,"comment_status":"open","ping_status":"open","sticky":false,"template":"","format":"standard","meta":{"_acf_changed":false,"_trash_the_other_posts":false,"footnotes":"","_links_to":"","_links_to_target":""},"categories":[976,416],"tags":[1646,522],"class_list":["post-15411","post","type-post","status-publish","format-standard","has-post-thumbnail","hentry","category-articoli","category-collegio-del-sindaco","tag-ripascimento-delle-spiagge-in-ghiaia","tag-stagione-balneare"],"acf":[],"yoast_head":"<!-- This site is optimized with the Yoast SEO plugin v24.4 - https:\/\/yoast.com\/wordpress\/plugins\/seo\/ -->\n<title>Spiagge fiumane pronte per la stagione balneare - Citt\u00e0 di Fiume<\/title>\n<meta name=\"robots\" content=\"index, follow, max-snippet:-1, max-image-preview:large, max-video-preview:-1\" \/>\n<link rel=\"canonical\" href=\"https:\/\/www.rijeka.hr\/it\/spiagge-fiumane-pronte-per-la-stagione-balneare\/\" \/>\n<meta property=\"og:locale\" content=\"it_IT\" \/>\n<meta property=\"og:type\" content=\"article\" \/>\n<meta property=\"og:title\" content=\"Spiagge fiumane pronte per la stagione balneare - Citt\u00e0 di Fiume\" \/>\n<meta property=\"og:description\" content=\"Le spiagge fiumane, dove sono stati effettuati i necessari lavori di preparazione e pulizia, nonch\u00e9 i primi campionamenti della qualit\u00e0 del mare sono pronte per la stagione balneare, che inizia il 1 giugno, \u00e8 stato detto nel corso del collegio del sindaco.\" \/>\n<meta property=\"og:url\" content=\"https:\/\/www.rijeka.hr\/it\/spiagge-fiumane-pronte-per-la-stagione-balneare\/\" \/>\n<meta property=\"og:site_name\" content=\"Citt\u00e0 di Fiume\" \/>\n<meta property=\"article:published_time\" content=\"2022-05-31T10:49:51+00:00\" \/>\n<meta property=\"article:modified_time\" content=\"2022-08-12T10:56:30+00:00\" \/>\n<meta property=\"og:image\" content=\"https:\/\/www.rijeka.hr\/it\/wp-content\/uploads\/sites\/3\/2022\/05\/20.-gradona\u010delnikov-kolegij-1-900x600.jpg\" \/>\n\t<meta property=\"og:image:width\" content=\"900\" \/>\n\t<meta property=\"og:image:height\" content=\"600\" \/>\n\t<meta property=\"og:image:type\" content=\"image\/jpeg\" \/>\n<meta name=\"author\" content=\"sradovic\" \/>\n<meta name=\"twitter:card\" content=\"summary_large_image\" \/>\n<meta name=\"twitter:label1\" content=\"Written by\" \/>\n\t<meta name=\"twitter:data1\" content=\"sradovic\" \/>\n\t<meta name=\"twitter:label2\" content=\"Est. reading time\" \/>\n\t<meta name=\"twitter:data2\" content=\"3 minutes\" \/>\n<script type=\"application\/ld+json\" class=\"yoast-schema-graph\">{\"@context\":\"https:\/\/schema.org\",\"@graph\":[{\"@type\":\"WebPage\",\"@id\":\"https:\/\/www.rijeka.hr\/it\/spiagge-fiumane-pronte-per-la-stagione-balneare\/\",\"url\":\"https:\/\/www.rijeka.hr\/it\/spiagge-fiumane-pronte-per-la-stagione-balneare\/\",\"name\":\"Spiagge fiumane pronte per la stagione balneare - Citt\u00e0 di Fiume\",\"isPartOf\":{\"@id\":\"https:\/\/www.rijeka.hr\/it\/#website\"},\"primaryImageOfPage\":{\"@id\":\"https:\/\/www.rijeka.hr\/it\/spiagge-fiumane-pronte-per-la-stagione-balneare\/#primaryimage\"},\"image\":{\"@id\":\"https:\/\/www.rijeka.hr\/it\/spiagge-fiumane-pronte-per-la-stagione-balneare\/#primaryimage\"},\"thumbnailUrl\":\"https:\/\/www.rijeka.hr\/it\/wp-content\/uploads\/sites\/3\/2022\/05\/20.-gradona\u010delnikov-kolegij-1-900x600.jpg\",\"datePublished\":\"2022-05-31T10:49:51+00:00\",\"dateModified\":\"2022-08-12T10:56:30+00:00\",\"author\":{\"@id\":\"https:\/\/www.rijeka.hr\/it\/#\/schema\/person\/f944eacc70b6a69bc142d9389862b37b\"},\"breadcrumb\":{\"@id\":\"https:\/\/www.rijeka.hr\/it\/spiagge-fiumane-pronte-per-la-stagione-balneare\/#breadcrumb\"},\"inLanguage\":\"it-IT\",\"potentialAction\":[{\"@type\":\"ReadAction\",\"target\":[\"https:\/\/www.rijeka.hr\/it\/spiagge-fiumane-pronte-per-la-stagione-balneare\/\"]}]},{\"@type\":\"ImageObject\",\"inLanguage\":\"it-IT\",\"@id\":\"https:\/\/www.rijeka.hr\/it\/spiagge-fiumane-pronte-per-la-stagione-balneare\/#primaryimage\",\"url\":\"https:\/\/www.rijeka.hr\/it\/wp-content\/uploads\/sites\/3\/2022\/05\/20.-gradona\u010delnikov-kolegij-1-900x600.jpg\",\"contentUrl\":\"https:\/\/www.rijeka.hr\/it\/wp-content\/uploads\/sites\/3\/2022\/05\/20.-gradona\u010delnikov-kolegij-1-900x600.jpg\",\"width\":900,\"height\":600},{\"@type\":\"BreadcrumbList\",\"@id\":\"https:\/\/www.rijeka.hr\/it\/spiagge-fiumane-pronte-per-la-stagione-balneare\/#breadcrumb\",\"itemListElement\":[{\"@type\":\"ListItem\",\"position\":1,\"name\":\"Po\u010detna stranica\",\"item\":\"https:\/\/www.rijeka.hr\/it\/\"},{\"@type\":\"ListItem\",\"position\":2,\"name\":\"Spiagge fiumane pronte per la stagione balneare\"}]},{\"@type\":\"WebSite\",\"@id\":\"https:\/\/www.rijeka.hr\/it\/#website\",\"url\":\"https:\/\/www.rijeka.hr\/it\/\",\"name\":\"Citt\u00e0 di Fiume\",\"description\":\"Portale web della Citta&#039; di Fiume\",\"potentialAction\":[{\"@type\":\"SearchAction\",\"target\":{\"@type\":\"EntryPoint\",\"urlTemplate\":\"https:\/\/www.rijeka.hr\/it\/?s={search_term_string}\"},\"query-input\":{\"@type\":\"PropertyValueSpecification\",\"valueRequired\":true,\"valueName\":\"search_term_string\"}}],\"inLanguage\":\"it-IT\"},{\"@type\":\"Person\",\"@id\":\"https:\/\/www.rijeka.hr\/it\/#\/schema\/person\/f944eacc70b6a69bc142d9389862b37b\",\"name\":\"sradovic\",\"image\":{\"@type\":\"ImageObject\",\"inLanguage\":\"it-IT\",\"@id\":\"https:\/\/www.rijeka.hr\/it\/#\/schema\/person\/image\/\",\"url\":\"https:\/\/secure.gravatar.com\/avatar\/d438b95983d528813c6fe2e5812a4188?s=96&d=mm&r=g\",\"contentUrl\":\"https:\/\/secure.gravatar.com\/avatar\/d438b95983d528813c6fe2e5812a4188?s=96&d=mm&r=g\",\"caption\":\"sradovic\"},\"url\":\"https:\/\/www.rijeka.hr\/it\/author\/sradovic\/\"}]}<\/script>\n<!-- \/ Yoast SEO plugin. -->","yoast_head_json":{"title":"Spiagge fiumane pronte per la stagione balneare - Citt\u00e0 di Fiume","robots":{"index":"index","follow":"follow","max-snippet":"max-snippet:-1","max-image-preview":"max-image-preview:large","max-video-preview":"max-video-preview:-1"},"canonical":"https:\/\/www.rijeka.hr\/it\/spiagge-fiumane-pronte-per-la-stagione-balneare\/","og_locale":"it_IT","og_type":"article","og_title":"Spiagge fiumane pronte per la stagione balneare - Citt\u00e0 di Fiume","og_description":"Le spiagge fiumane, dove sono stati effettuati i necessari lavori di preparazione e pulizia, nonch\u00e9 i primi campionamenti della qualit\u00e0 del mare sono pronte per la stagione balneare, che inizia il 1 giugno, \u00e8 stato detto nel corso del collegio del sindaco.","og_url":"https:\/\/www.rijeka.hr\/it\/spiagge-fiumane-pronte-per-la-stagione-balneare\/","og_site_name":"Citt\u00e0 di Fiume","article_published_time":"2022-05-31T10:49:51+00:00","article_modified_time":"2022-08-12T10:56:30+00:00","og_image":[{"width":900,"height":600,"url":"https:\/\/www.rijeka.hr\/it\/wp-content\/uploads\/sites\/3\/2022\/05\/20.-gradona\u010delnikov-kolegij-1-900x600.jpg","type":"image\/jpeg"}],"author":"sradovic","twitter_card":"summary_large_image","twitter_misc":{"Written by":"sradovic","Est. reading time":"3 minutes"},"schema":{"@context":"https:\/\/schema.org","@graph":[{"@type":"WebPage","@id":"https:\/\/www.rijeka.hr\/it\/spiagge-fiumane-pronte-per-la-stagione-balneare\/","url":"https:\/\/www.rijeka.hr\/it\/spiagge-fiumane-pronte-per-la-stagione-balneare\/","name":"Spiagge fiumane pronte per la stagione balneare - Citt\u00e0 di Fiume","isPartOf":{"@id":"https:\/\/www.rijeka.hr\/it\/#website"},"primaryImageOfPage":{"@id":"https:\/\/www.rijeka.hr\/it\/spiagge-fiumane-pronte-per-la-stagione-balneare\/#primaryimage"},"image":{"@id":"https:\/\/www.rijeka.hr\/it\/spiagge-fiumane-pronte-per-la-stagione-balneare\/#primaryimage"},"thumbnailUrl":"https:\/\/www.rijeka.hr\/it\/wp-content\/uploads\/sites\/3\/2022\/05\/20.-gradona\u010delnikov-kolegij-1-900x600.jpg","datePublished":"2022-05-31T10:49:51+00:00","dateModified":"2022-08-12T10:56:30+00:00","author":{"@id":"https:\/\/www.rijeka.hr\/it\/#\/schema\/person\/f944eacc70b6a69bc142d9389862b37b"},"breadcrumb":{"@id":"https:\/\/www.rijeka.hr\/it\/spiagge-fiumane-pronte-per-la-stagione-balneare\/#breadcrumb"},"inLanguage":"it-IT","potentialAction":[{"@type":"ReadAction","target":["https:\/\/www.rijeka.hr\/it\/spiagge-fiumane-pronte-per-la-stagione-balneare\/"]}]},{"@type":"ImageObject","inLanguage":"it-IT","@id":"https:\/\/www.rijeka.hr\/it\/spiagge-fiumane-pronte-per-la-stagione-balneare\/#primaryimage","url":"https:\/\/www.rijeka.hr\/it\/wp-content\/uploads\/sites\/3\/2022\/05\/20.-gradona\u010delnikov-kolegij-1-900x600.jpg","contentUrl":"https:\/\/www.rijeka.hr\/it\/wp-content\/uploads\/sites\/3\/2022\/05\/20.-gradona\u010delnikov-kolegij-1-900x600.jpg","width":900,"height":600},{"@type":"BreadcrumbList","@id":"https:\/\/www.rijeka.hr\/it\/spiagge-fiumane-pronte-per-la-stagione-balneare\/#breadcrumb","itemListElement":[{"@type":"ListItem","position":1,"name":"Po\u010detna stranica","item":"https:\/\/www.rijeka.hr\/it\/"},{"@type":"ListItem","position":2,"name":"Spiagge fiumane pronte per la stagione balneare"}]},{"@type":"WebSite","@id":"https:\/\/www.rijeka.hr\/it\/#website","url":"https:\/\/www.rijeka.hr\/it\/","name":"Citt\u00e0 di Fiume","description":"Portale web della Citta&#039; di Fiume","potentialAction":[{"@type":"SearchAction","target":{"@type":"EntryPoint","urlTemplate":"https:\/\/www.rijeka.hr\/it\/?s={search_term_string}"},"query-input":{"@type":"PropertyValueSpecification","valueRequired":true,"valueName":"search_term_string"}}],"inLanguage":"it-IT"},{"@type":"Person","@id":"https:\/\/www.rijeka.hr\/it\/#\/schema\/person\/f944eacc70b6a69bc142d9389862b37b","name":"sradovic","image":{"@type":"ImageObject","inLanguage":"it-IT","@id":"https:\/\/www.rijeka.hr\/it\/#\/schema\/person\/image\/","url":"https:\/\/secure.gravatar.com\/avatar\/d438b95983d528813c6fe2e5812a4188?s=96&d=mm&r=g","contentUrl":"https:\/\/secure.gravatar.com\/avatar\/d438b95983d528813c6fe2e5812a4188?s=96&d=mm&r=g","caption":"sradovic"},"url":"https:\/\/www.rijeka.hr\/it\/author\/sradovic\/"}]}},"_links":{"self":[{"href":"https:\/\/www.rijeka.hr\/it\/wp-json\/wp\/v2\/posts\/15411","targetHints":{"allow":["GET"]}}],"collection":[{"href":"https:\/\/www.rijeka.hr\/it\/wp-json\/wp\/v2\/posts"}],"about":[{"href":"https:\/\/www.rijeka.hr\/it\/wp-json\/wp\/v2\/types\/post"}],"author":[{"embeddable":true,"href":"https:\/\/www.rijeka.hr\/it\/wp-json\/wp\/v2\/users\/8"}],"replies":[{"embeddable":true,"href":"https:\/\/www.rijeka.hr\/it\/wp-json\/wp\/v2\/comments?post=15411"}],"version-history":[{"count":3,"href":"https:\/\/www.rijeka.hr\/it\/wp-json\/wp\/v2\/posts\/15411\/revisions"}],"predecessor-version":[{"id":15419,"href":"https:\/\/www.rijeka.hr\/it\/wp-json\/wp\/v2\/posts\/15411\/revisions\/15419"}],"wp:featuredmedia":[{"embeddable":true,"href":"https:\/\/www.rijeka.hr\/it\/wp-json\/wp\/v2\/media\/15415"}],"wp:attachment":[{"href":"https:\/\/www.rijeka.hr\/it\/wp-json\/wp\/v2\/media?parent=15411"}],"wp:term":[{"taxonomy":"category","embeddable":true,"href":"https:\/\/www.rijeka.hr\/it\/wp-json\/wp\/v2\/categories?post=15411"},{"taxonomy":"post_tag","embeddable":true,"href":"https:\/\/www.rijeka.hr\/it\/wp-json\/wp\/v2\/tags?post=15411"}],"curies":[{"name":"wp","href":"https:\/\/api.w.org\/{rel}","templated":true}]}}