{"id":15514,"date":"2022-08-23T12:38:23","date_gmt":"2022-08-23T10:38:23","guid":{"rendered":"https:\/\/www.rijeka.hr\/it\/?p=15514"},"modified":"2022-08-29T07:45:54","modified_gmt":"2022-08-29T05:45:54","slug":"venerdi-e-sabato-corso-la-manifestazione-100-dallo-zagorje","status":"publish","type":"post","link":"https:\/\/www.rijeka.hr\/it\/venerdi-e-sabato-corso-la-manifestazione-100-dallo-zagorje\/","title":{"rendered":"Venerd\u00ec e sabato in Corso, la manifestazione \u201c100% dallo Zagorje\u201d"},"content":{"rendered":"<p>La manifestazione &#8220;100% dallo Zagorje&#8221; che viene organizzata a Fiume dalla Regione di Krapina e dello Zagorje per l&#8217;ottava volta consecutiva, \u00e8 stata presentata dal sindaco di Fiume Marko Filipovi\u0107, dal presidente della Regione di Krapina e dello Zagorje \u017deljko Kolar, dal vicepresidente della Regione litoraneo-montana Petar Mamula , dalla capodipartimento per l&#8217;economia, l&#8217;agricoltura, il traffico e le infrastrutture comunali della Regione di Krapina e dello Zagorje Sanja Mihovili\u0107 e dalla direttrice dell&#8217;Ente turistico regionale, Sanja \u0160krinjar.<\/p>\n<p>Durante la manifestazione espositiva e di vendita articolata in due giorni, saranno esposti prodotti agricoli coltivati in modo tradizionale, convenzionale, integrato ed ecologico, nonch\u00e9 prodotti dell&#8217;artigianato tradizionale della Regione di Krapina e dello Zagorje. Cos\u00ec, non mancheranno l\u2019olio di semi di zucca, il miele, il pan di zenzero, gli immancabili &#8220;mlinci&#8221;, prodotti ortofrutticoli, le grappe, i liquori, i formaggi, gli sciroppi, i succhi e i vini fruttati, gli insaccati, nonch\u00e9 i classici biscotti e souvenir allo zenzero e miele e i giocattoli di legno tradizionali, tutti sotto la tutela dell&#8217;UNESCO.<\/p>\n<p>&#8220;Chi arriva dallo Zagorje a Fiume si sente a casa&#8221;, ha affermato Kolar, ringraziando la Citt\u00e0 di Fiume e la Regione per la loro disponibilit\u00e0 e l&#8217;aiuto nell&#8217;organizzazione della manifestazione.<\/p>\n<div id=\"attachment_15518\" class=\"wp-caption alignleft\"><img loading=\"lazy\" decoding=\"async\" width=\"600\" height=\"400\" class=\"wp-image-15518 size-medium\" src=\"https:\/\/www.rijeka.hr\/it\/wp-content\/uploads\/sites\/3\/2022\/08\/Najava-manifestacije-100-Zagorsko-1-600x400-600x400.jpg\" alt=\"\" \/><p class=\"wp-caption-text\">PETAR MAMULA, SANJA \u0160KRINJAR, SANJA MIHOVILI\u0106, MARKO FILIPOVI\u0106 E \u017dELJKO KOLAR<\/p><\/div>\n<p>Il sindaco Marko Filipovi\u0107 ha affermato che i fiumani amano questo evento e sono felici di visitare gli stand dove possono degustare e acquistare le prelibatezze dello Zagorje. &#8220;Fiume e lo Zagorje si amano. Lo dimostra la lunga e ottima collaborazione relativa a numerosi progetti realizzati nel campo della cultura, dell&#8217;istruzione e dell&#8217;economia. La Regione di Krapina e dello Zagorje ci ha presentato un&#8217;installazione sonora che si trova accanto al monumento sul ponte in Delta e hanno anche preso il nostro modello di Educazione Civica. D&#8217;altra parte, molti produttori hanno aperto i loro negozi a Fiume, perch\u00e9 hanno prodotti di qualit\u00e0. Spero che il prossimo, il decimo anno giubilare, saremo in grado di ampliare il numero dei partecipanti in Corso nell\u2019ambito di questa manifestazione&#8221;, ha affermato il sindaco e ha invitato tutti i concittadini e i loro ospiti a gustare i prodotti originali dello Zagorje i prossimi venerd\u00ec e sabato.<\/p>\n<p>Sanja \u0160krinjar, direttrice dell&#8217;Ente turistico della Regione di Krapina e dello Zagorje, ha affermato che nell&#8217;ambito dell&#8217;evento saranno organizzate animazioni per i visitatori per tutto il giorno, come la presentazione della vita dei Neanderthal di Krapina (foto, animazione di bambini e adulti) e un programma musicale (\u010crleni lajbeki e Hands&amp;Voice).<\/p>\n<p>Sanja Mihovili\u0107, capodipartimento per l&#8217;economia, l&#8217;agricoltura, il traffico e le infrastrutture comunali della Regione di Krapina e dello Zagorje, ha affermato che l&#8217;interesse degli espositori \u00e8 stato estremamente alto. I loro prodotti originali quest\u2019anno saranno presentati da 48 produttori agricoli, artigiani e rappresentanti di varie aziende, terme, agriturismi e alberghi Tra i prodotti ci sono gli immancabili &#8220;mlinci&#8221; e &#8220;\u0161trukli\u201d dello Zagorje e il miele di acacia dello Zagorje, che hanno recentemente ricevuto il certificato europeo di origine protetta, insieme ai gi\u00e0 noti \u201cmlinci\u201d e tacchini. Gli \u201c\u0161trukli\u201d saranno preparati in Corso e i visitatori potranno gustarli freschi e caldi.<\/p>\n","protected":false},"excerpt":{"rendered":"<p>La manifestazione &#8220;100% dallo Zagorje&#8221; si terr\u00e0 in Corso, venerd\u00ec 26 agosto, dalle 8:00 alle 22:00 e sabato 27 agosto, dalle 8:00 alle 15:00. I prodotti originali dello Zagorje saranno presentati da 48 produttori agricoli, artigiani e rappresentanti di varie aziende, terme, agriturismi e alberghi.<\/p>\n","protected":false},"author":5,"featured_media":15519,"comment_status":"open","ping_status":"open","sticky":false,"template":"","format":"standard","meta":{"_acf_changed":false,"_trash_the_other_posts":false,"footnotes":"","_links_to":"","_links_to_target":""},"categories":[976],"tags":[1671,267,1672],"class_list":["post-15514","post","type-post","status-publish","format-standard","has-post-thumbnail","hentry","category-articoli","tag-100-dallo-zagorje","tag-manifestazione","tag-produttori-agricoli"],"acf":[],"yoast_head":"<!-- This site is optimized with the Yoast SEO plugin v24.4 - https:\/\/yoast.com\/wordpress\/plugins\/seo\/ -->\n<title>Venerd\u00ec e sabato in Corso, la manifestazione \u201c100% dallo Zagorje\u201d - Citt\u00e0 di Fiume<\/title>\n<meta name=\"robots\" content=\"index, follow, max-snippet:-1, max-image-preview:large, max-video-preview:-1\" \/>\n<link rel=\"canonical\" href=\"https:\/\/www.rijeka.hr\/it\/venerdi-e-sabato-corso-la-manifestazione-100-dallo-zagorje\/\" \/>\n<meta property=\"og:locale\" content=\"it_IT\" \/>\n<meta property=\"og:type\" content=\"article\" \/>\n<meta property=\"og:title\" content=\"Venerd\u00ec e sabato in Corso, la manifestazione \u201c100% dallo Zagorje\u201d - Citt\u00e0 di Fiume\" \/>\n<meta property=\"og:description\" content=\"La manifestazione &quot;100% dallo Zagorje&quot; si terr\u00e0 in Corso, venerd\u00ec 26 agosto, dalle 8:00 alle 22:00 e sabato 27 agosto, dalle 8:00 alle 15:00. I prodotti originali dello Zagorje saranno presentati da 48 produttori agricoli, artigiani e rappresentanti di varie aziende, terme, agriturismi e alberghi.\" \/>\n<meta property=\"og:url\" content=\"https:\/\/www.rijeka.hr\/it\/venerdi-e-sabato-corso-la-manifestazione-100-dallo-zagorje\/\" \/>\n<meta property=\"og:site_name\" content=\"Citt\u00e0 di Fiume\" \/>\n<meta property=\"article:published_time\" content=\"2022-08-23T10:38:23+00:00\" \/>\n<meta property=\"article:modified_time\" content=\"2022-08-29T05:45:54+00:00\" \/>\n<meta property=\"og:image\" content=\"https:\/\/www.rijeka.hr\/it\/wp-content\/uploads\/sites\/3\/2022\/08\/Najava-manifestacije-100-Zagorsko-2-1000x461.jpg\" \/>\n\t<meta property=\"og:image:width\" content=\"1000\" \/>\n\t<meta property=\"og:image:height\" content=\"461\" \/>\n\t<meta property=\"og:image:type\" content=\"image\/jpeg\" \/>\n<meta name=\"author\" content=\"Ivica Nikolac\" \/>\n<meta name=\"twitter:card\" content=\"summary_large_image\" \/>\n<meta name=\"twitter:label1\" content=\"Written by\" \/>\n\t<meta name=\"twitter:data1\" content=\"Ivica Nikolac\" \/>\n\t<meta name=\"twitter:label2\" content=\"Est. reading time\" \/>\n\t<meta name=\"twitter:data2\" content=\"3 minutes\" \/>\n<script type=\"application\/ld+json\" class=\"yoast-schema-graph\">{\"@context\":\"https:\/\/schema.org\",\"@graph\":[{\"@type\":\"WebPage\",\"@id\":\"https:\/\/www.rijeka.hr\/it\/venerdi-e-sabato-corso-la-manifestazione-100-dallo-zagorje\/\",\"url\":\"https:\/\/www.rijeka.hr\/it\/venerdi-e-sabato-corso-la-manifestazione-100-dallo-zagorje\/\",\"name\":\"Venerd\u00ec e sabato in Corso, la manifestazione \u201c100% dallo Zagorje\u201d - Citt\u00e0 di Fiume\",\"isPartOf\":{\"@id\":\"https:\/\/www.rijeka.hr\/it\/#website\"},\"primaryImageOfPage\":{\"@id\":\"https:\/\/www.rijeka.hr\/it\/venerdi-e-sabato-corso-la-manifestazione-100-dallo-zagorje\/#primaryimage\"},\"image\":{\"@id\":\"https:\/\/www.rijeka.hr\/it\/venerdi-e-sabato-corso-la-manifestazione-100-dallo-zagorje\/#primaryimage\"},\"thumbnailUrl\":\"https:\/\/www.rijeka.hr\/it\/wp-content\/uploads\/sites\/3\/2022\/08\/Najava-manifestacije-100-Zagorsko-2-1000x461.jpg\",\"datePublished\":\"2022-08-23T10:38:23+00:00\",\"dateModified\":\"2022-08-29T05:45:54+00:00\",\"author\":{\"@id\":\"https:\/\/www.rijeka.hr\/it\/#\/schema\/person\/048b064fa7891b19d16e03a382abb85e\"},\"breadcrumb\":{\"@id\":\"https:\/\/www.rijeka.hr\/it\/venerdi-e-sabato-corso-la-manifestazione-100-dallo-zagorje\/#breadcrumb\"},\"inLanguage\":\"it-IT\",\"potentialAction\":[{\"@type\":\"ReadAction\",\"target\":[\"https:\/\/www.rijeka.hr\/it\/venerdi-e-sabato-corso-la-manifestazione-100-dallo-zagorje\/\"]}]},{\"@type\":\"ImageObject\",\"inLanguage\":\"it-IT\",\"@id\":\"https:\/\/www.rijeka.hr\/it\/venerdi-e-sabato-corso-la-manifestazione-100-dallo-zagorje\/#primaryimage\",\"url\":\"https:\/\/www.rijeka.hr\/it\/wp-content\/uploads\/sites\/3\/2022\/08\/Najava-manifestacije-100-Zagorsko-2-1000x461.jpg\",\"contentUrl\":\"https:\/\/www.rijeka.hr\/it\/wp-content\/uploads\/sites\/3\/2022\/08\/Najava-manifestacije-100-Zagorsko-2-1000x461.jpg\",\"width\":1000,\"height\":461},{\"@type\":\"BreadcrumbList\",\"@id\":\"https:\/\/www.rijeka.hr\/it\/venerdi-e-sabato-corso-la-manifestazione-100-dallo-zagorje\/#breadcrumb\",\"itemListElement\":[{\"@type\":\"ListItem\",\"position\":1,\"name\":\"Po\u010detna stranica\",\"item\":\"https:\/\/www.rijeka.hr\/it\/\"},{\"@type\":\"ListItem\",\"position\":2,\"name\":\"Venerd\u00ec e sabato in Corso, la manifestazione \u201c100% dallo Zagorje\u201d\"}]},{\"@type\":\"WebSite\",\"@id\":\"https:\/\/www.rijeka.hr\/it\/#website\",\"url\":\"https:\/\/www.rijeka.hr\/it\/\",\"name\":\"Citt\u00e0 di Fiume\",\"description\":\"Portale web della Citta&#039; di Fiume\",\"potentialAction\":[{\"@type\":\"SearchAction\",\"target\":{\"@type\":\"EntryPoint\",\"urlTemplate\":\"https:\/\/www.rijeka.hr\/it\/?s={search_term_string}\"},\"query-input\":{\"@type\":\"PropertyValueSpecification\",\"valueRequired\":true,\"valueName\":\"search_term_string\"}}],\"inLanguage\":\"it-IT\"},{\"@type\":\"Person\",\"@id\":\"https:\/\/www.rijeka.hr\/it\/#\/schema\/person\/048b064fa7891b19d16e03a382abb85e\",\"name\":\"Ivica Nikolac\",\"image\":{\"@type\":\"ImageObject\",\"inLanguage\":\"it-IT\",\"@id\":\"https:\/\/www.rijeka.hr\/it\/#\/schema\/person\/image\/\",\"url\":\"https:\/\/secure.gravatar.com\/avatar\/566d324e1656a1b494a0766b85643006?s=96&d=mm&r=g\",\"contentUrl\":\"https:\/\/secure.gravatar.com\/avatar\/566d324e1656a1b494a0766b85643006?s=96&d=mm&r=g\",\"caption\":\"Ivica Nikolac\"},\"url\":\"https:\/\/www.rijeka.hr\/it\/author\/inikolac\/\"}]}<\/script>\n<!-- \/ Yoast SEO plugin. -->","yoast_head_json":{"title":"Venerd\u00ec e sabato in Corso, la manifestazione \u201c100% dallo Zagorje\u201d - Citt\u00e0 di Fiume","robots":{"index":"index","follow":"follow","max-snippet":"max-snippet:-1","max-image-preview":"max-image-preview:large","max-video-preview":"max-video-preview:-1"},"canonical":"https:\/\/www.rijeka.hr\/it\/venerdi-e-sabato-corso-la-manifestazione-100-dallo-zagorje\/","og_locale":"it_IT","og_type":"article","og_title":"Venerd\u00ec e sabato in Corso, la manifestazione \u201c100% dallo Zagorje\u201d - Citt\u00e0 di Fiume","og_description":"La manifestazione \"100% dallo Zagorje\" si terr\u00e0 in Corso, venerd\u00ec 26 agosto, dalle 8:00 alle 22:00 e sabato 27 agosto, dalle 8:00 alle 15:00. I prodotti originali dello Zagorje saranno presentati da 48 produttori agricoli, artigiani e rappresentanti di varie aziende, terme, agriturismi e alberghi.","og_url":"https:\/\/www.rijeka.hr\/it\/venerdi-e-sabato-corso-la-manifestazione-100-dallo-zagorje\/","og_site_name":"Citt\u00e0 di Fiume","article_published_time":"2022-08-23T10:38:23+00:00","article_modified_time":"2022-08-29T05:45:54+00:00","og_image":[{"width":1000,"height":461,"url":"https:\/\/www.rijeka.hr\/it\/wp-content\/uploads\/sites\/3\/2022\/08\/Najava-manifestacije-100-Zagorsko-2-1000x461.jpg","type":"image\/jpeg"}],"author":"Ivica Nikolac","twitter_card":"summary_large_image","twitter_misc":{"Written by":"Ivica Nikolac","Est. reading time":"3 minutes"},"schema":{"@context":"https:\/\/schema.org","@graph":[{"@type":"WebPage","@id":"https:\/\/www.rijeka.hr\/it\/venerdi-e-sabato-corso-la-manifestazione-100-dallo-zagorje\/","url":"https:\/\/www.rijeka.hr\/it\/venerdi-e-sabato-corso-la-manifestazione-100-dallo-zagorje\/","name":"Venerd\u00ec e sabato in Corso, la manifestazione \u201c100% dallo Zagorje\u201d - Citt\u00e0 di Fiume","isPartOf":{"@id":"https:\/\/www.rijeka.hr\/it\/#website"},"primaryImageOfPage":{"@id":"https:\/\/www.rijeka.hr\/it\/venerdi-e-sabato-corso-la-manifestazione-100-dallo-zagorje\/#primaryimage"},"image":{"@id":"https:\/\/www.rijeka.hr\/it\/venerdi-e-sabato-corso-la-manifestazione-100-dallo-zagorje\/#primaryimage"},"thumbnailUrl":"https:\/\/www.rijeka.hr\/it\/wp-content\/uploads\/sites\/3\/2022\/08\/Najava-manifestacije-100-Zagorsko-2-1000x461.jpg","datePublished":"2022-08-23T10:38:23+00:00","dateModified":"2022-08-29T05:45:54+00:00","author":{"@id":"https:\/\/www.rijeka.hr\/it\/#\/schema\/person\/048b064fa7891b19d16e03a382abb85e"},"breadcrumb":{"@id":"https:\/\/www.rijeka.hr\/it\/venerdi-e-sabato-corso-la-manifestazione-100-dallo-zagorje\/#breadcrumb"},"inLanguage":"it-IT","potentialAction":[{"@type":"ReadAction","target":["https:\/\/www.rijeka.hr\/it\/venerdi-e-sabato-corso-la-manifestazione-100-dallo-zagorje\/"]}]},{"@type":"ImageObject","inLanguage":"it-IT","@id":"https:\/\/www.rijeka.hr\/it\/venerdi-e-sabato-corso-la-manifestazione-100-dallo-zagorje\/#primaryimage","url":"https:\/\/www.rijeka.hr\/it\/wp-content\/uploads\/sites\/3\/2022\/08\/Najava-manifestacije-100-Zagorsko-2-1000x461.jpg","contentUrl":"https:\/\/www.rijeka.hr\/it\/wp-content\/uploads\/sites\/3\/2022\/08\/Najava-manifestacije-100-Zagorsko-2-1000x461.jpg","width":1000,"height":461},{"@type":"BreadcrumbList","@id":"https:\/\/www.rijeka.hr\/it\/venerdi-e-sabato-corso-la-manifestazione-100-dallo-zagorje\/#breadcrumb","itemListElement":[{"@type":"ListItem","position":1,"name":"Po\u010detna stranica","item":"https:\/\/www.rijeka.hr\/it\/"},{"@type":"ListItem","position":2,"name":"Venerd\u00ec e sabato in Corso, la manifestazione \u201c100% dallo Zagorje\u201d"}]},{"@type":"WebSite","@id":"https:\/\/www.rijeka.hr\/it\/#website","url":"https:\/\/www.rijeka.hr\/it\/","name":"Citt\u00e0 di Fiume","description":"Portale web della Citta&#039; di Fiume","potentialAction":[{"@type":"SearchAction","target":{"@type":"EntryPoint","urlTemplate":"https:\/\/www.rijeka.hr\/it\/?s={search_term_string}"},"query-input":{"@type":"PropertyValueSpecification","valueRequired":true,"valueName":"search_term_string"}}],"inLanguage":"it-IT"},{"@type":"Person","@id":"https:\/\/www.rijeka.hr\/it\/#\/schema\/person\/048b064fa7891b19d16e03a382abb85e","name":"Ivica Nikolac","image":{"@type":"ImageObject","inLanguage":"it-IT","@id":"https:\/\/www.rijeka.hr\/it\/#\/schema\/person\/image\/","url":"https:\/\/secure.gravatar.com\/avatar\/566d324e1656a1b494a0766b85643006?s=96&d=mm&r=g","contentUrl":"https:\/\/secure.gravatar.com\/avatar\/566d324e1656a1b494a0766b85643006?s=96&d=mm&r=g","caption":"Ivica Nikolac"},"url":"https:\/\/www.rijeka.hr\/it\/author\/inikolac\/"}]}},"_links":{"self":[{"href":"https:\/\/www.rijeka.hr\/it\/wp-json\/wp\/v2\/posts\/15514","targetHints":{"allow":["GET"]}}],"collection":[{"href":"https:\/\/www.rijeka.hr\/it\/wp-json\/wp\/v2\/posts"}],"about":[{"href":"https:\/\/www.rijeka.hr\/it\/wp-json\/wp\/v2\/types\/post"}],"author":[{"embeddable":true,"href":"https:\/\/www.rijeka.hr\/it\/wp-json\/wp\/v2\/users\/5"}],"replies":[{"embeddable":true,"href":"https:\/\/www.rijeka.hr\/it\/wp-json\/wp\/v2\/comments?post=15514"}],"version-history":[{"count":3,"href":"https:\/\/www.rijeka.hr\/it\/wp-json\/wp\/v2\/posts\/15514\/revisions"}],"predecessor-version":[{"id":15520,"href":"https:\/\/www.rijeka.hr\/it\/wp-json\/wp\/v2\/posts\/15514\/revisions\/15520"}],"wp:featuredmedia":[{"embeddable":true,"href":"https:\/\/www.rijeka.hr\/it\/wp-json\/wp\/v2\/media\/15519"}],"wp:attachment":[{"href":"https:\/\/www.rijeka.hr\/it\/wp-json\/wp\/v2\/media?parent=15514"}],"wp:term":[{"taxonomy":"category","embeddable":true,"href":"https:\/\/www.rijeka.hr\/it\/wp-json\/wp\/v2\/categories?post=15514"},{"taxonomy":"post_tag","embeddable":true,"href":"https:\/\/www.rijeka.hr\/it\/wp-json\/wp\/v2\/tags?post=15514"}],"curies":[{"name":"wp","href":"https:\/\/api.w.org\/{rel}","templated":true}]}}