{"id":15586,"date":"2022-08-27T12:29:05","date_gmt":"2022-08-27T10:29:05","guid":{"rendered":"https:\/\/www.rijeka.hr\/it\/?p=15586"},"modified":"2022-08-30T12:35:38","modified_gmt":"2022-08-30T10:35:38","slug":"firmato-il-contratto-per-la-realizzazione-dei-calchi-delle-sculture-di-augustincic-che-verranno-allestiti-bordo-della-nave-galeb","status":"publish","type":"post","link":"https:\/\/www.rijeka.hr\/it\/firmato-il-contratto-per-la-realizzazione-dei-calchi-delle-sculture-di-augustincic-che-verranno-allestiti-bordo-della-nave-galeb\/","title":{"rendered":"Firmato il contratto per la realizzazione dei calchi delle sculture di Augustin\u010di\u0107 che verranno allestiti a bordo della nave Galeb"},"content":{"rendered":"<p>I calchi saranno allestiti a bordo della restaurata nave Galeb come allestimento permanente del futuro museo sulla nave Galeb.<\/p>\n<p>A tal fine, e in base al contratto firmato, la Regione di Krapina e dello Zagorje stanzier\u00e0 62.625,00 kune per coprire i costi di realizzazione dei calchi delle suddette sculture.<\/p>\n<blockquote><p>La firma di questo contratto \u00e8 un altro indicatore dell&#8217;eccellente cooperazione di lunga data tra Fiume e la Regione di Krapina e dello Zagorje, e sono lieto che la Regione di Krapina e dello Zagorje abbia deciso di sostenere la trasformazione della nave Galeb in museo in questo modo &#8211; ha detto il sindaco di Fiume, Marko Filipovi\u0107, in occasione della firma del contratto.<\/p><\/blockquote>\n<p>La nave Galeb \u00e8 attualmente in fase di ristrutturazione presso il cantiere navale di Kraljevica, dove verr\u00e0 trasformata in una nave museo che sar\u00e0 ormeggiata permanentemente nel porto di Fiume come la prima nave &#8211; museo croata.<\/p>\n<div id=\"attachment_15592\" class=\"wp-caption alignleft\"><img loading=\"lazy\" decoding=\"async\" width=\"600\" height=\"400\" class=\"wp-image-15592 size-medium\" src=\"https:\/\/www.rijeka.hr\/it\/wp-content\/uploads\/sites\/3\/2022\/08\/Potpis-ugovora-za-odljeve-skulptura-2-600x400-600x400.jpg\" alt=\"\" \/><p class=\"wp-caption-text\">Firma del contratto<\/p><\/div>\n<p>La nave Galeb \u00e8 meglio conosciuta dal grande pubblico come la Nave della pace e la residenza galleggiante di Josip Broz Tito, che la utilizz\u00f2 per viaggiare nei paesi membri del Movimento dei Paesi Non Allineati. Fu costruita in Italia come nave da trasporto, poi divenne nave da guerra e posamine. Fu danneggiata durante la guerra e poi affondata. Dopo la seconda guerra mondiale fu recuperata dal fondo marino e serv\u00ec come nave scuola della Marina jugoslava e come nave di Tito. Dopo la dissoluzione della Jugoslavia, fu venduta a un armatore greco che successivamente \u00e8 andato in fallimento. La nave era ormeggiata a Fiume e il Ministero della Cultura ha dichiarato la nave \u201cGaleb\u201d patrimonio culturale. Poi la Citt\u00e0 di Fiume l&#8217;ha acquistata con l&#8217;intenzione di trasformarla nella prima nave-museo croata, che racconter\u00e0 ai visitatori la sua storia.<\/p>\n","protected":false},"excerpt":{"rendered":"<p>Il sindaco di Fiume, Marko Filipovi\u0107, e il presidente della Regione di Krapina e dello Zagorje, \u017deljko Kolar, hanno firmato il contratto in base al quale saranno realizzati i calchi in bronzo delle sculture Partigiano etiope, Jovanka, Haile Selassie e Tito dallo scultore accademico Antun Augustin\u010di\u0107.<\/p>\n","protected":false},"author":5,"featured_media":15591,"comment_status":"open","ping_status":"open","sticky":false,"template":"","format":"standard","meta":{"_acf_changed":false,"_trash_the_other_posts":false,"footnotes":"","_links_to":"","_links_to_target":""},"categories":[976],"tags":[1694,1692,1693],"class_list":["post-15586","post","type-post","status-publish","format-standard","has-post-thumbnail","hentry","category-articoli","tag-calchi-delle-sculture-di-augustincic","tag-nave-galeb","tag-presidente-della-regione-di-krapina-e-dello-zagorje"],"acf":[],"yoast_head":"<!-- This site is optimized with the Yoast SEO plugin v24.4 - https:\/\/yoast.com\/wordpress\/plugins\/seo\/ -->\n<title>Firmato il contratto per la realizzazione dei calchi delle sculture di Augustin\u010di\u0107 che verranno allestiti a bordo della nave Galeb - Citt\u00e0 di Fiume<\/title>\n<meta name=\"robots\" content=\"index, follow, max-snippet:-1, max-image-preview:large, max-video-preview:-1\" \/>\n<link rel=\"canonical\" href=\"https:\/\/www.rijeka.hr\/it\/firmato-il-contratto-per-la-realizzazione-dei-calchi-delle-sculture-di-augustincic-che-verranno-allestiti-bordo-della-nave-galeb\/\" \/>\n<meta property=\"og:locale\" content=\"it_IT\" \/>\n<meta property=\"og:type\" content=\"article\" \/>\n<meta property=\"og:title\" content=\"Firmato il contratto per la realizzazione dei calchi delle sculture di Augustin\u010di\u0107 che verranno allestiti a bordo della nave Galeb - Citt\u00e0 di Fiume\" \/>\n<meta property=\"og:description\" content=\"Il sindaco di Fiume, Marko Filipovi\u0107, e il presidente della Regione di Krapina e dello Zagorje, \u017deljko Kolar, hanno firmato il contratto in base al quale saranno realizzati i calchi in bronzo delle sculture Partigiano etiope, Jovanka, Haile Selassie e Tito dallo scultore accademico Antun Augustin\u010di\u0107.\" \/>\n<meta property=\"og:url\" content=\"https:\/\/www.rijeka.hr\/it\/firmato-il-contratto-per-la-realizzazione-dei-calchi-delle-sculture-di-augustincic-che-verranno-allestiti-bordo-della-nave-galeb\/\" \/>\n<meta property=\"og:site_name\" content=\"Citt\u00e0 di Fiume\" \/>\n<meta property=\"article:published_time\" content=\"2022-08-27T10:29:05+00:00\" \/>\n<meta property=\"article:modified_time\" content=\"2022-08-30T10:35:38+00:00\" \/>\n<meta property=\"og:image\" content=\"https:\/\/www.rijeka.hr\/it\/wp-content\/uploads\/sites\/3\/2022\/08\/Potpis-ugovora-za-odljeve-skulptura-1-901x600.jpg\" \/>\n\t<meta property=\"og:image:width\" content=\"901\" \/>\n\t<meta property=\"og:image:height\" content=\"600\" \/>\n\t<meta property=\"og:image:type\" content=\"image\/jpeg\" \/>\n<meta name=\"author\" content=\"Ivica Nikolac\" \/>\n<meta name=\"twitter:card\" content=\"summary_large_image\" \/>\n<meta name=\"twitter:label1\" content=\"Written by\" \/>\n\t<meta name=\"twitter:data1\" content=\"Ivica Nikolac\" \/>\n\t<meta name=\"twitter:label2\" content=\"Est. reading time\" \/>\n\t<meta name=\"twitter:data2\" content=\"1 minute\" \/>\n<script type=\"application\/ld+json\" class=\"yoast-schema-graph\">{\"@context\":\"https:\/\/schema.org\",\"@graph\":[{\"@type\":\"WebPage\",\"@id\":\"https:\/\/www.rijeka.hr\/it\/firmato-il-contratto-per-la-realizzazione-dei-calchi-delle-sculture-di-augustincic-che-verranno-allestiti-bordo-della-nave-galeb\/\",\"url\":\"https:\/\/www.rijeka.hr\/it\/firmato-il-contratto-per-la-realizzazione-dei-calchi-delle-sculture-di-augustincic-che-verranno-allestiti-bordo-della-nave-galeb\/\",\"name\":\"Firmato il contratto per la realizzazione dei calchi delle sculture di Augustin\u010di\u0107 che verranno allestiti a bordo della nave Galeb - Citt\u00e0 di Fiume\",\"isPartOf\":{\"@id\":\"https:\/\/www.rijeka.hr\/it\/#website\"},\"primaryImageOfPage\":{\"@id\":\"https:\/\/www.rijeka.hr\/it\/firmato-il-contratto-per-la-realizzazione-dei-calchi-delle-sculture-di-augustincic-che-verranno-allestiti-bordo-della-nave-galeb\/#primaryimage\"},\"image\":{\"@id\":\"https:\/\/www.rijeka.hr\/it\/firmato-il-contratto-per-la-realizzazione-dei-calchi-delle-sculture-di-augustincic-che-verranno-allestiti-bordo-della-nave-galeb\/#primaryimage\"},\"thumbnailUrl\":\"https:\/\/www.rijeka.hr\/it\/wp-content\/uploads\/sites\/3\/2022\/08\/Potpis-ugovora-za-odljeve-skulptura-1-901x600.jpg\",\"datePublished\":\"2022-08-27T10:29:05+00:00\",\"dateModified\":\"2022-08-30T10:35:38+00:00\",\"author\":{\"@id\":\"https:\/\/www.rijeka.hr\/it\/#\/schema\/person\/048b064fa7891b19d16e03a382abb85e\"},\"breadcrumb\":{\"@id\":\"https:\/\/www.rijeka.hr\/it\/firmato-il-contratto-per-la-realizzazione-dei-calchi-delle-sculture-di-augustincic-che-verranno-allestiti-bordo-della-nave-galeb\/#breadcrumb\"},\"inLanguage\":\"it-IT\",\"potentialAction\":[{\"@type\":\"ReadAction\",\"target\":[\"https:\/\/www.rijeka.hr\/it\/firmato-il-contratto-per-la-realizzazione-dei-calchi-delle-sculture-di-augustincic-che-verranno-allestiti-bordo-della-nave-galeb\/\"]}]},{\"@type\":\"ImageObject\",\"inLanguage\":\"it-IT\",\"@id\":\"https:\/\/www.rijeka.hr\/it\/firmato-il-contratto-per-la-realizzazione-dei-calchi-delle-sculture-di-augustincic-che-verranno-allestiti-bordo-della-nave-galeb\/#primaryimage\",\"url\":\"https:\/\/www.rijeka.hr\/it\/wp-content\/uploads\/sites\/3\/2022\/08\/Potpis-ugovora-za-odljeve-skulptura-1-901x600.jpg\",\"contentUrl\":\"https:\/\/www.rijeka.hr\/it\/wp-content\/uploads\/sites\/3\/2022\/08\/Potpis-ugovora-za-odljeve-skulptura-1-901x600.jpg\",\"width\":901,\"height\":600},{\"@type\":\"BreadcrumbList\",\"@id\":\"https:\/\/www.rijeka.hr\/it\/firmato-il-contratto-per-la-realizzazione-dei-calchi-delle-sculture-di-augustincic-che-verranno-allestiti-bordo-della-nave-galeb\/#breadcrumb\",\"itemListElement\":[{\"@type\":\"ListItem\",\"position\":1,\"name\":\"Po\u010detna stranica\",\"item\":\"https:\/\/www.rijeka.hr\/it\/\"},{\"@type\":\"ListItem\",\"position\":2,\"name\":\"Firmato il contratto per la realizzazione dei calchi delle sculture di Augustin\u010di\u0107 che verranno allestiti a bordo della nave Galeb\"}]},{\"@type\":\"WebSite\",\"@id\":\"https:\/\/www.rijeka.hr\/it\/#website\",\"url\":\"https:\/\/www.rijeka.hr\/it\/\",\"name\":\"Citt\u00e0 di Fiume\",\"description\":\"Portale web della Citta&#039; di Fiume\",\"potentialAction\":[{\"@type\":\"SearchAction\",\"target\":{\"@type\":\"EntryPoint\",\"urlTemplate\":\"https:\/\/www.rijeka.hr\/it\/?s={search_term_string}\"},\"query-input\":{\"@type\":\"PropertyValueSpecification\",\"valueRequired\":true,\"valueName\":\"search_term_string\"}}],\"inLanguage\":\"it-IT\"},{\"@type\":\"Person\",\"@id\":\"https:\/\/www.rijeka.hr\/it\/#\/schema\/person\/048b064fa7891b19d16e03a382abb85e\",\"name\":\"Ivica Nikolac\",\"image\":{\"@type\":\"ImageObject\",\"inLanguage\":\"it-IT\",\"@id\":\"https:\/\/www.rijeka.hr\/it\/#\/schema\/person\/image\/\",\"url\":\"https:\/\/secure.gravatar.com\/avatar\/566d324e1656a1b494a0766b85643006?s=96&d=mm&r=g\",\"contentUrl\":\"https:\/\/secure.gravatar.com\/avatar\/566d324e1656a1b494a0766b85643006?s=96&d=mm&r=g\",\"caption\":\"Ivica Nikolac\"},\"url\":\"https:\/\/www.rijeka.hr\/it\/author\/inikolac\/\"}]}<\/script>\n<!-- \/ Yoast SEO plugin. -->","yoast_head_json":{"title":"Firmato il contratto per la realizzazione dei calchi delle sculture di Augustin\u010di\u0107 che verranno allestiti a bordo della nave Galeb - Citt\u00e0 di Fiume","robots":{"index":"index","follow":"follow","max-snippet":"max-snippet:-1","max-image-preview":"max-image-preview:large","max-video-preview":"max-video-preview:-1"},"canonical":"https:\/\/www.rijeka.hr\/it\/firmato-il-contratto-per-la-realizzazione-dei-calchi-delle-sculture-di-augustincic-che-verranno-allestiti-bordo-della-nave-galeb\/","og_locale":"it_IT","og_type":"article","og_title":"Firmato il contratto per la realizzazione dei calchi delle sculture di Augustin\u010di\u0107 che verranno allestiti a bordo della nave Galeb - Citt\u00e0 di Fiume","og_description":"Il sindaco di Fiume, Marko Filipovi\u0107, e il presidente della Regione di Krapina e dello Zagorje, \u017deljko Kolar, hanno firmato il contratto in base al quale saranno realizzati i calchi in bronzo delle sculture Partigiano etiope, Jovanka, Haile Selassie e Tito dallo scultore accademico Antun Augustin\u010di\u0107.","og_url":"https:\/\/www.rijeka.hr\/it\/firmato-il-contratto-per-la-realizzazione-dei-calchi-delle-sculture-di-augustincic-che-verranno-allestiti-bordo-della-nave-galeb\/","og_site_name":"Citt\u00e0 di Fiume","article_published_time":"2022-08-27T10:29:05+00:00","article_modified_time":"2022-08-30T10:35:38+00:00","og_image":[{"width":901,"height":600,"url":"https:\/\/www.rijeka.hr\/it\/wp-content\/uploads\/sites\/3\/2022\/08\/Potpis-ugovora-za-odljeve-skulptura-1-901x600.jpg","type":"image\/jpeg"}],"author":"Ivica Nikolac","twitter_card":"summary_large_image","twitter_misc":{"Written by":"Ivica Nikolac","Est. reading time":"1 minute"},"schema":{"@context":"https:\/\/schema.org","@graph":[{"@type":"WebPage","@id":"https:\/\/www.rijeka.hr\/it\/firmato-il-contratto-per-la-realizzazione-dei-calchi-delle-sculture-di-augustincic-che-verranno-allestiti-bordo-della-nave-galeb\/","url":"https:\/\/www.rijeka.hr\/it\/firmato-il-contratto-per-la-realizzazione-dei-calchi-delle-sculture-di-augustincic-che-verranno-allestiti-bordo-della-nave-galeb\/","name":"Firmato il contratto per la realizzazione dei calchi delle sculture di Augustin\u010di\u0107 che verranno allestiti a bordo della nave Galeb - Citt\u00e0 di Fiume","isPartOf":{"@id":"https:\/\/www.rijeka.hr\/it\/#website"},"primaryImageOfPage":{"@id":"https:\/\/www.rijeka.hr\/it\/firmato-il-contratto-per-la-realizzazione-dei-calchi-delle-sculture-di-augustincic-che-verranno-allestiti-bordo-della-nave-galeb\/#primaryimage"},"image":{"@id":"https:\/\/www.rijeka.hr\/it\/firmato-il-contratto-per-la-realizzazione-dei-calchi-delle-sculture-di-augustincic-che-verranno-allestiti-bordo-della-nave-galeb\/#primaryimage"},"thumbnailUrl":"https:\/\/www.rijeka.hr\/it\/wp-content\/uploads\/sites\/3\/2022\/08\/Potpis-ugovora-za-odljeve-skulptura-1-901x600.jpg","datePublished":"2022-08-27T10:29:05+00:00","dateModified":"2022-08-30T10:35:38+00:00","author":{"@id":"https:\/\/www.rijeka.hr\/it\/#\/schema\/person\/048b064fa7891b19d16e03a382abb85e"},"breadcrumb":{"@id":"https:\/\/www.rijeka.hr\/it\/firmato-il-contratto-per-la-realizzazione-dei-calchi-delle-sculture-di-augustincic-che-verranno-allestiti-bordo-della-nave-galeb\/#breadcrumb"},"inLanguage":"it-IT","potentialAction":[{"@type":"ReadAction","target":["https:\/\/www.rijeka.hr\/it\/firmato-il-contratto-per-la-realizzazione-dei-calchi-delle-sculture-di-augustincic-che-verranno-allestiti-bordo-della-nave-galeb\/"]}]},{"@type":"ImageObject","inLanguage":"it-IT","@id":"https:\/\/www.rijeka.hr\/it\/firmato-il-contratto-per-la-realizzazione-dei-calchi-delle-sculture-di-augustincic-che-verranno-allestiti-bordo-della-nave-galeb\/#primaryimage","url":"https:\/\/www.rijeka.hr\/it\/wp-content\/uploads\/sites\/3\/2022\/08\/Potpis-ugovora-za-odljeve-skulptura-1-901x600.jpg","contentUrl":"https:\/\/www.rijeka.hr\/it\/wp-content\/uploads\/sites\/3\/2022\/08\/Potpis-ugovora-za-odljeve-skulptura-1-901x600.jpg","width":901,"height":600},{"@type":"BreadcrumbList","@id":"https:\/\/www.rijeka.hr\/it\/firmato-il-contratto-per-la-realizzazione-dei-calchi-delle-sculture-di-augustincic-che-verranno-allestiti-bordo-della-nave-galeb\/#breadcrumb","itemListElement":[{"@type":"ListItem","position":1,"name":"Po\u010detna stranica","item":"https:\/\/www.rijeka.hr\/it\/"},{"@type":"ListItem","position":2,"name":"Firmato il contratto per la realizzazione dei calchi delle sculture di Augustin\u010di\u0107 che verranno allestiti a bordo della nave Galeb"}]},{"@type":"WebSite","@id":"https:\/\/www.rijeka.hr\/it\/#website","url":"https:\/\/www.rijeka.hr\/it\/","name":"Citt\u00e0 di Fiume","description":"Portale web della Citta&#039; di Fiume","potentialAction":[{"@type":"SearchAction","target":{"@type":"EntryPoint","urlTemplate":"https:\/\/www.rijeka.hr\/it\/?s={search_term_string}"},"query-input":{"@type":"PropertyValueSpecification","valueRequired":true,"valueName":"search_term_string"}}],"inLanguage":"it-IT"},{"@type":"Person","@id":"https:\/\/www.rijeka.hr\/it\/#\/schema\/person\/048b064fa7891b19d16e03a382abb85e","name":"Ivica Nikolac","image":{"@type":"ImageObject","inLanguage":"it-IT","@id":"https:\/\/www.rijeka.hr\/it\/#\/schema\/person\/image\/","url":"https:\/\/secure.gravatar.com\/avatar\/566d324e1656a1b494a0766b85643006?s=96&d=mm&r=g","contentUrl":"https:\/\/secure.gravatar.com\/avatar\/566d324e1656a1b494a0766b85643006?s=96&d=mm&r=g","caption":"Ivica Nikolac"},"url":"https:\/\/www.rijeka.hr\/it\/author\/inikolac\/"}]}},"_links":{"self":[{"href":"https:\/\/www.rijeka.hr\/it\/wp-json\/wp\/v2\/posts\/15586","targetHints":{"allow":["GET"]}}],"collection":[{"href":"https:\/\/www.rijeka.hr\/it\/wp-json\/wp\/v2\/posts"}],"about":[{"href":"https:\/\/www.rijeka.hr\/it\/wp-json\/wp\/v2\/types\/post"}],"author":[{"embeddable":true,"href":"https:\/\/www.rijeka.hr\/it\/wp-json\/wp\/v2\/users\/5"}],"replies":[{"embeddable":true,"href":"https:\/\/www.rijeka.hr\/it\/wp-json\/wp\/v2\/comments?post=15586"}],"version-history":[{"count":4,"href":"https:\/\/www.rijeka.hr\/it\/wp-json\/wp\/v2\/posts\/15586\/revisions"}],"predecessor-version":[{"id":15595,"href":"https:\/\/www.rijeka.hr\/it\/wp-json\/wp\/v2\/posts\/15586\/revisions\/15595"}],"wp:featuredmedia":[{"embeddable":true,"href":"https:\/\/www.rijeka.hr\/it\/wp-json\/wp\/v2\/media\/15591"}],"wp:attachment":[{"href":"https:\/\/www.rijeka.hr\/it\/wp-json\/wp\/v2\/media?parent=15586"}],"wp:term":[{"taxonomy":"category","embeddable":true,"href":"https:\/\/www.rijeka.hr\/it\/wp-json\/wp\/v2\/categories?post=15586"},{"taxonomy":"post_tag","embeddable":true,"href":"https:\/\/www.rijeka.hr\/it\/wp-json\/wp\/v2\/tags?post=15586"}],"curies":[{"name":"wp","href":"https:\/\/api.w.org\/{rel}","templated":true}]}}