{"id":15646,"date":"2022-09-01T14:08:25","date_gmt":"2022-09-01T12:08:25","guid":{"rendered":"https:\/\/www.rijeka.hr\/it\/?p=15646"},"modified":"2022-09-02T14:11:29","modified_gmt":"2022-09-02T12:11:29","slug":"il-programma-di-soggiorno-prolungato-e-tempo-pieno-82-gruppi-nelle-scuole-elementari-di-fiume","status":"publish","type":"post","link":"https:\/\/www.rijeka.hr\/it\/il-programma-di-soggiorno-prolungato-e-tempo-pieno-82-gruppi-nelle-scuole-elementari-di-fiume\/","title":{"rendered":"Il programma di soggiorno prolungato e a tempo pieno in 82 gruppi nelle scuole elementari di Fiume"},"content":{"rendered":"<p>Dopo un&#8217;analisi delle richieste di ogni singola scuola elementare, la Citt\u00e0 di Fiume, in base ai fondi previsti in bilancio, nel nuovo anno scolastico organizzer\u00e0 82 gruppi di soggiorno prolungato, ovvero classi a tempo pieno. Il numero dei gruppi e classi a tempo pieno \u00e8 rimasto invariato dall&#8217;anno precedente.<\/p>\n<p>In 21 scuole saranno organizzati i gruppi del doposcuola, in tre il processo didattico a tempo pieno e in una un gruppo misto, come i gruppi di soggiorno prolungato e classi a tempo pieno. Saranno inoltre formati 62 gruppi di soggiorno prolungato e 20 classi a tempo pieno.<\/p>\n<p>Il programma sar\u00e0 organizzato nella SE Belveder (2 gruppi), SE Brajda (3 gruppi), SE Centar (1 GRUPPO), SE Dolac (5 gruppi), SE Eugen Kumi\u010di\u0107 (3 gruppi), SE Fran Frankovi\u0107 (4 gruppi), SE Gelsi (6 gruppi), SE Gornja Ve\u017eica (3 gruppi), SE Ivana Zajca (3 gruppi), SE Kantrida (4 gruppi), SE Kozala (4 gruppi), SE Nikola Tesla (8 gruppi), SE Pe\u0107ine (2 gruppi), SE Pehlin (3 gruppi), SE Podmurvice (3 gruppi), SE San Nicolo (3 gruppi), SE Srdo\u010di (5 gruppi), SE \u0160kurinje (2 gruppi), SE Trsat (2 gruppi), SE Turni\u0107 (3 gruppi), SE Ve\u017eica (3 gruppi), SE Vladimir Gortan (3 gruppi), SE Zamet (5 gruppi) e nelle due scuole fondate da altri fondatori: Scuola elementare Waldorf (1 gruppo) e Scuola elementare cattolica Josip Pavli\u0161i\u0107(1 gruppo).<\/p>\n<p>In base all&#8217;indagine sull&#8217;interesse dei genitori per l&#8217;anno scolastico successivo, 2091 alunni hanno manifestato il proprio interesse per questi programmi, di cui 1889 alunni o il 90% risiedono nell&#8217;area della citt\u00e0 di Fiume e 202 studenti o il 10% provengono da altre unit\u00e0 di autogoverno locale. Pertanto, questi programmi potrebbero coprire circa il 56% degli alunni in classe, che \u00e8 una percentuale di copertura simile a quella degli anni scolastici precedenti. Il successo del programma pu\u00f2 essere visto in relazione alla copertura del gruppo target, quindi considerando che da diversi anni nella citt\u00e0 di Fiume un&#8217;alta percentuale di alunni \u00e8 inclusa in questi programmi, il Dipartimento per l\u2019educazione e l\u2019istruzione ritiene che in tal modo sarebbe possibile garantire un sistema educativo di qualit\u00e0 nel lavoro con i bambini pi\u00f9 giovani in et\u00e0 scolare mentre i loro genitori lavorano.<\/p>\n<p>Il numero esatto degli alunni inclusi in questi programmi sar\u00e0 noto dopo il completamento delle iscrizioni effettuate dalle scuole elementari, attualmente in corso. Conformemente alla Decisione sull&#8217;attuazione del soggiorno prolungato e il processo didattico a tempo pieno nelle scuole elementari della Citt\u00e0 di Fiume (&#8220;Gazzetta ufficiale della Regione litoraneo \u2013 montana&#8221; n. 26\/08, 40\/09 e 29\/10), viene data priorit\u00e0 agli alunni dell&#8217;area di iscrizione della scuola, secondo il seguente ordine di priorit\u00e0: alunni i cui genitori sono entrambi occupati, alunni di un solo genitore che lavora, alunni di genitori vittime e invalidi della Guerra patriottica, alunni che vivono nella famiglia con tre o pi\u00f9 figli in et\u00e0 scolare, alunni con disabilit\u00e0 dello sviluppo, alunni a carico dei genitori, alunni i cui genitori percepiscono l&#8217;assegno per figli a carico.<\/p>\n<p>Il programma sar\u00e0 attuato da un totale di 82 insegnanti, per i quali la Citt\u00e0 di Fiume assicurer\u00e0 una parte dei fondi per le spese dei dipendenti (stipendio, compenso per il trasporto, bonus giubileo, bonus natalizio, indennit\u00e0 per ferie, regalo per bambini fino a 15 anni di et\u00e0, ecc.) nel programma di soggiorno prolungato e a tempo pieno, per un insegnante di classe per gruppo di alunni.<\/p>\n<p>Il prezzo per il genitore-fruitore di tale servizio, ai sensi della Decisione, comprende le spese per le attivit\u00e0 all\u2019area aperta (il cui prezzo viene fissato dal consiglio scolastico di ogni scuola) e parte dei costi per il lavoro degli insegnanti che svolgono il programma di soggiorno prolungato e il processo didattico a tempo pieno (il cui prezzo viene determinato dal sindaco).<\/p>\n<p>Il prezzo che pagano i genitori degli alunni che vivono nell&#8217;area di Fiume per il lavoro degli insegnanti durante i dieci mesi dell&#8217;anno scolastico dipende dal reddito per membro del nucleo familiare, da 100 kune a 320 kune al mese. Per il secondo figlio il prezzo \u00e8 ridotto del 30%, per il terzo figlio del 60% e per il quarto figlio e ogni successivo i genitori non pagano le spese di manodopera dell&#8217;insegnante.<\/p>\n<p>Per gli alunni che non risiedono nell\u2019area della citt\u00e0 di Fiume, l&#8217;importo del cofinanziamento del lavoro dell&#8217;insegnante ammonta a 450 kune al mese.<\/p>\n<p>Il Dipartimento cittadino per la sanit\u00e0 e la previdenza sociale approva pranzi e merende gratuiti per gli alunni meno abbienti nel programma di soggiorno prolungato o a tempo pieno e paga parte del lavoro degli insegnanti.<\/p>\n<p>Il soggiorno prolungato consente agli alunni di rimanere a scuola prima e dopo le lezioni regolari, con pasti organizzati e attivit\u00e0 curriculari ed extracurriculari. L&#8217;insegnamento a tempo pieno \u00e8 una forma specifica di questo programma, concepito come una combinazione di insegnamento in classe e tempo libero organizzato per almeno otto ore al giorno.<\/p>\n<p>Il soggiorno prolungato e il processo didattico a pieno tempo sono diventati un segno di riconoscimento della Citt\u00e0 di Fiume, avviati con il loro cofinanziamento dall&#8217;anno scolastico 1996\/97. nel momento in cui il Ministero competente ha cessato di cofinanziarli. Pertanto, la Citt\u00e0 assicura le condizioni per l&#8217;attuazione di questi programmi da 26 anni. Negli ultimi anni, a livello annuale, stanzia circa 8 milioni di kune per cofinanziare gli stipendi degli insegnanti che attuano questi programmi.<\/p>\n<p>Nel bilancio della Citt\u00e0 di Fiume sono stati stanziati 1,9 milioni di kune per l&#8217;attuazione del programma di soggiorno prolungato e classi a tempo pieno da settembre a novembre, mentre i fondi per l&#8217;attuazione del programma da dicembre di quest&#8217;anno a giugno del prossimo anno saranno stanziati nel bilancio 2023.<\/p>\n","protected":false},"excerpt":{"rendered":"<p>Nelle scuole elementari di Fiume nel anno scolastico 2022\/2023 il programma di soggiorno prolungato e il processo didattico a tempo pieno saranno organizzati in 82 gruppi dalle prime alle quarte classi.<\/p>\n","protected":false},"author":8,"featured_media":15650,"comment_status":"open","ping_status":"open","sticky":false,"template":"","format":"standard","meta":{"_acf_changed":false,"_trash_the_other_posts":false,"footnotes":"","_links_to":"","_links_to_target":""},"categories":[976],"tags":[1709,664,3],"class_list":["post-15646","post","type-post","status-publish","format-standard","has-post-thumbnail","hentry","category-articoli","tag-classi-a-tempo-pieno","tag-programma-di-soggiorno-prolungato","tag-scuole-elementari"],"acf":[],"yoast_head":"<!-- This site is optimized with the Yoast SEO plugin v24.4 - https:\/\/yoast.com\/wordpress\/plugins\/seo\/ -->\n<title>Il programma di soggiorno prolungato e a tempo pieno in 82 gruppi nelle scuole elementari di Fiume - Citt\u00e0 di Fiume<\/title>\n<meta name=\"robots\" content=\"index, follow, max-snippet:-1, max-image-preview:large, max-video-preview:-1\" \/>\n<link rel=\"canonical\" href=\"https:\/\/www.rijeka.hr\/it\/il-programma-di-soggiorno-prolungato-e-tempo-pieno-82-gruppi-nelle-scuole-elementari-di-fiume\/\" \/>\n<meta property=\"og:locale\" content=\"it_IT\" \/>\n<meta property=\"og:type\" content=\"article\" \/>\n<meta property=\"og:title\" content=\"Il programma di soggiorno prolungato e a tempo pieno in 82 gruppi nelle scuole elementari di Fiume - Citt\u00e0 di Fiume\" \/>\n<meta property=\"og:description\" content=\"Nelle scuole elementari di Fiume nel anno scolastico 2022\/2023 il programma di soggiorno prolungato e il processo didattico a tempo pieno saranno organizzati in 82 gruppi dalle prime alle quarte classi.\" \/>\n<meta property=\"og:url\" content=\"https:\/\/www.rijeka.hr\/it\/il-programma-di-soggiorno-prolungato-e-tempo-pieno-82-gruppi-nelle-scuole-elementari-di-fiume\/\" \/>\n<meta property=\"og:site_name\" content=\"Citt\u00e0 di Fiume\" \/>\n<meta property=\"article:published_time\" content=\"2022-09-01T12:08:25+00:00\" \/>\n<meta property=\"article:modified_time\" content=\"2022-09-02T12:11:29+00:00\" \/>\n<meta property=\"og:image\" content=\"https:\/\/www.rijeka.hr\/it\/wp-content\/uploads\/sites\/3\/2022\/09\/Zavr\u0161eni-radovi-na-energetskoj-obnovi-O\u0160-SE-Belvedere-qpr-900x600.jpg\" \/>\n\t<meta property=\"og:image:width\" content=\"900\" \/>\n\t<meta property=\"og:image:height\" content=\"600\" \/>\n\t<meta property=\"og:image:type\" content=\"image\/jpeg\" \/>\n<meta name=\"author\" content=\"sradovic\" \/>\n<meta name=\"twitter:card\" content=\"summary_large_image\" \/>\n<meta name=\"twitter:label1\" content=\"Written by\" \/>\n\t<meta name=\"twitter:data1\" content=\"sradovic\" \/>\n\t<meta name=\"twitter:label2\" content=\"Est. reading time\" \/>\n\t<meta name=\"twitter:data2\" content=\"4 minutes\" \/>\n<script type=\"application\/ld+json\" class=\"yoast-schema-graph\">{\"@context\":\"https:\/\/schema.org\",\"@graph\":[{\"@type\":\"WebPage\",\"@id\":\"https:\/\/www.rijeka.hr\/it\/il-programma-di-soggiorno-prolungato-e-tempo-pieno-82-gruppi-nelle-scuole-elementari-di-fiume\/\",\"url\":\"https:\/\/www.rijeka.hr\/it\/il-programma-di-soggiorno-prolungato-e-tempo-pieno-82-gruppi-nelle-scuole-elementari-di-fiume\/\",\"name\":\"Il programma di soggiorno prolungato e a tempo pieno in 82 gruppi nelle scuole elementari di Fiume - Citt\u00e0 di Fiume\",\"isPartOf\":{\"@id\":\"https:\/\/www.rijeka.hr\/it\/#website\"},\"primaryImageOfPage\":{\"@id\":\"https:\/\/www.rijeka.hr\/it\/il-programma-di-soggiorno-prolungato-e-tempo-pieno-82-gruppi-nelle-scuole-elementari-di-fiume\/#primaryimage\"},\"image\":{\"@id\":\"https:\/\/www.rijeka.hr\/it\/il-programma-di-soggiorno-prolungato-e-tempo-pieno-82-gruppi-nelle-scuole-elementari-di-fiume\/#primaryimage\"},\"thumbnailUrl\":\"https:\/\/www.rijeka.hr\/it\/wp-content\/uploads\/sites\/3\/2022\/09\/Zavr\u0161eni-radovi-na-energetskoj-obnovi-O\u0160-SE-Belvedere-qpr-900x600.jpg\",\"datePublished\":\"2022-09-01T12:08:25+00:00\",\"dateModified\":\"2022-09-02T12:11:29+00:00\",\"author\":{\"@id\":\"https:\/\/www.rijeka.hr\/it\/#\/schema\/person\/f944eacc70b6a69bc142d9389862b37b\"},\"breadcrumb\":{\"@id\":\"https:\/\/www.rijeka.hr\/it\/il-programma-di-soggiorno-prolungato-e-tempo-pieno-82-gruppi-nelle-scuole-elementari-di-fiume\/#breadcrumb\"},\"inLanguage\":\"it-IT\",\"potentialAction\":[{\"@type\":\"ReadAction\",\"target\":[\"https:\/\/www.rijeka.hr\/it\/il-programma-di-soggiorno-prolungato-e-tempo-pieno-82-gruppi-nelle-scuole-elementari-di-fiume\/\"]}]},{\"@type\":\"ImageObject\",\"inLanguage\":\"it-IT\",\"@id\":\"https:\/\/www.rijeka.hr\/it\/il-programma-di-soggiorno-prolungato-e-tempo-pieno-82-gruppi-nelle-scuole-elementari-di-fiume\/#primaryimage\",\"url\":\"https:\/\/www.rijeka.hr\/it\/wp-content\/uploads\/sites\/3\/2022\/09\/Zavr\u0161eni-radovi-na-energetskoj-obnovi-O\u0160-SE-Belvedere-qpr-900x600.jpg\",\"contentUrl\":\"https:\/\/www.rijeka.hr\/it\/wp-content\/uploads\/sites\/3\/2022\/09\/Zavr\u0161eni-radovi-na-energetskoj-obnovi-O\u0160-SE-Belvedere-qpr-900x600.jpg\",\"width\":900,\"height\":600},{\"@type\":\"BreadcrumbList\",\"@id\":\"https:\/\/www.rijeka.hr\/it\/il-programma-di-soggiorno-prolungato-e-tempo-pieno-82-gruppi-nelle-scuole-elementari-di-fiume\/#breadcrumb\",\"itemListElement\":[{\"@type\":\"ListItem\",\"position\":1,\"name\":\"Po\u010detna stranica\",\"item\":\"https:\/\/www.rijeka.hr\/it\/\"},{\"@type\":\"ListItem\",\"position\":2,\"name\":\"Il programma di soggiorno prolungato e a tempo pieno in 82 gruppi nelle scuole elementari di Fiume\"}]},{\"@type\":\"WebSite\",\"@id\":\"https:\/\/www.rijeka.hr\/it\/#website\",\"url\":\"https:\/\/www.rijeka.hr\/it\/\",\"name\":\"Citt\u00e0 di Fiume\",\"description\":\"Portale web della Citta&#039; di Fiume\",\"potentialAction\":[{\"@type\":\"SearchAction\",\"target\":{\"@type\":\"EntryPoint\",\"urlTemplate\":\"https:\/\/www.rijeka.hr\/it\/?s={search_term_string}\"},\"query-input\":{\"@type\":\"PropertyValueSpecification\",\"valueRequired\":true,\"valueName\":\"search_term_string\"}}],\"inLanguage\":\"it-IT\"},{\"@type\":\"Person\",\"@id\":\"https:\/\/www.rijeka.hr\/it\/#\/schema\/person\/f944eacc70b6a69bc142d9389862b37b\",\"name\":\"sradovic\",\"image\":{\"@type\":\"ImageObject\",\"inLanguage\":\"it-IT\",\"@id\":\"https:\/\/www.rijeka.hr\/it\/#\/schema\/person\/image\/\",\"url\":\"https:\/\/secure.gravatar.com\/avatar\/d438b95983d528813c6fe2e5812a4188?s=96&d=mm&r=g\",\"contentUrl\":\"https:\/\/secure.gravatar.com\/avatar\/d438b95983d528813c6fe2e5812a4188?s=96&d=mm&r=g\",\"caption\":\"sradovic\"},\"url\":\"https:\/\/www.rijeka.hr\/it\/author\/sradovic\/\"}]}<\/script>\n<!-- \/ Yoast SEO plugin. -->","yoast_head_json":{"title":"Il programma di soggiorno prolungato e a tempo pieno in 82 gruppi nelle scuole elementari di Fiume - Citt\u00e0 di Fiume","robots":{"index":"index","follow":"follow","max-snippet":"max-snippet:-1","max-image-preview":"max-image-preview:large","max-video-preview":"max-video-preview:-1"},"canonical":"https:\/\/www.rijeka.hr\/it\/il-programma-di-soggiorno-prolungato-e-tempo-pieno-82-gruppi-nelle-scuole-elementari-di-fiume\/","og_locale":"it_IT","og_type":"article","og_title":"Il programma di soggiorno prolungato e a tempo pieno in 82 gruppi nelle scuole elementari di Fiume - Citt\u00e0 di Fiume","og_description":"Nelle scuole elementari di Fiume nel anno scolastico 2022\/2023 il programma di soggiorno prolungato e il processo didattico a tempo pieno saranno organizzati in 82 gruppi dalle prime alle quarte classi.","og_url":"https:\/\/www.rijeka.hr\/it\/il-programma-di-soggiorno-prolungato-e-tempo-pieno-82-gruppi-nelle-scuole-elementari-di-fiume\/","og_site_name":"Citt\u00e0 di Fiume","article_published_time":"2022-09-01T12:08:25+00:00","article_modified_time":"2022-09-02T12:11:29+00:00","og_image":[{"width":900,"height":600,"url":"https:\/\/www.rijeka.hr\/it\/wp-content\/uploads\/sites\/3\/2022\/09\/Zavr\u0161eni-radovi-na-energetskoj-obnovi-O\u0160-SE-Belvedere-qpr-900x600.jpg","type":"image\/jpeg"}],"author":"sradovic","twitter_card":"summary_large_image","twitter_misc":{"Written by":"sradovic","Est. reading time":"4 minutes"},"schema":{"@context":"https:\/\/schema.org","@graph":[{"@type":"WebPage","@id":"https:\/\/www.rijeka.hr\/it\/il-programma-di-soggiorno-prolungato-e-tempo-pieno-82-gruppi-nelle-scuole-elementari-di-fiume\/","url":"https:\/\/www.rijeka.hr\/it\/il-programma-di-soggiorno-prolungato-e-tempo-pieno-82-gruppi-nelle-scuole-elementari-di-fiume\/","name":"Il programma di soggiorno prolungato e a tempo pieno in 82 gruppi nelle scuole elementari di Fiume - Citt\u00e0 di Fiume","isPartOf":{"@id":"https:\/\/www.rijeka.hr\/it\/#website"},"primaryImageOfPage":{"@id":"https:\/\/www.rijeka.hr\/it\/il-programma-di-soggiorno-prolungato-e-tempo-pieno-82-gruppi-nelle-scuole-elementari-di-fiume\/#primaryimage"},"image":{"@id":"https:\/\/www.rijeka.hr\/it\/il-programma-di-soggiorno-prolungato-e-tempo-pieno-82-gruppi-nelle-scuole-elementari-di-fiume\/#primaryimage"},"thumbnailUrl":"https:\/\/www.rijeka.hr\/it\/wp-content\/uploads\/sites\/3\/2022\/09\/Zavr\u0161eni-radovi-na-energetskoj-obnovi-O\u0160-SE-Belvedere-qpr-900x600.jpg","datePublished":"2022-09-01T12:08:25+00:00","dateModified":"2022-09-02T12:11:29+00:00","author":{"@id":"https:\/\/www.rijeka.hr\/it\/#\/schema\/person\/f944eacc70b6a69bc142d9389862b37b"},"breadcrumb":{"@id":"https:\/\/www.rijeka.hr\/it\/il-programma-di-soggiorno-prolungato-e-tempo-pieno-82-gruppi-nelle-scuole-elementari-di-fiume\/#breadcrumb"},"inLanguage":"it-IT","potentialAction":[{"@type":"ReadAction","target":["https:\/\/www.rijeka.hr\/it\/il-programma-di-soggiorno-prolungato-e-tempo-pieno-82-gruppi-nelle-scuole-elementari-di-fiume\/"]}]},{"@type":"ImageObject","inLanguage":"it-IT","@id":"https:\/\/www.rijeka.hr\/it\/il-programma-di-soggiorno-prolungato-e-tempo-pieno-82-gruppi-nelle-scuole-elementari-di-fiume\/#primaryimage","url":"https:\/\/www.rijeka.hr\/it\/wp-content\/uploads\/sites\/3\/2022\/09\/Zavr\u0161eni-radovi-na-energetskoj-obnovi-O\u0160-SE-Belvedere-qpr-900x600.jpg","contentUrl":"https:\/\/www.rijeka.hr\/it\/wp-content\/uploads\/sites\/3\/2022\/09\/Zavr\u0161eni-radovi-na-energetskoj-obnovi-O\u0160-SE-Belvedere-qpr-900x600.jpg","width":900,"height":600},{"@type":"BreadcrumbList","@id":"https:\/\/www.rijeka.hr\/it\/il-programma-di-soggiorno-prolungato-e-tempo-pieno-82-gruppi-nelle-scuole-elementari-di-fiume\/#breadcrumb","itemListElement":[{"@type":"ListItem","position":1,"name":"Po\u010detna stranica","item":"https:\/\/www.rijeka.hr\/it\/"},{"@type":"ListItem","position":2,"name":"Il programma di soggiorno prolungato e a tempo pieno in 82 gruppi nelle scuole elementari di Fiume"}]},{"@type":"WebSite","@id":"https:\/\/www.rijeka.hr\/it\/#website","url":"https:\/\/www.rijeka.hr\/it\/","name":"Citt\u00e0 di Fiume","description":"Portale web della Citta&#039; di Fiume","potentialAction":[{"@type":"SearchAction","target":{"@type":"EntryPoint","urlTemplate":"https:\/\/www.rijeka.hr\/it\/?s={search_term_string}"},"query-input":{"@type":"PropertyValueSpecification","valueRequired":true,"valueName":"search_term_string"}}],"inLanguage":"it-IT"},{"@type":"Person","@id":"https:\/\/www.rijeka.hr\/it\/#\/schema\/person\/f944eacc70b6a69bc142d9389862b37b","name":"sradovic","image":{"@type":"ImageObject","inLanguage":"it-IT","@id":"https:\/\/www.rijeka.hr\/it\/#\/schema\/person\/image\/","url":"https:\/\/secure.gravatar.com\/avatar\/d438b95983d528813c6fe2e5812a4188?s=96&d=mm&r=g","contentUrl":"https:\/\/secure.gravatar.com\/avatar\/d438b95983d528813c6fe2e5812a4188?s=96&d=mm&r=g","caption":"sradovic"},"url":"https:\/\/www.rijeka.hr\/it\/author\/sradovic\/"}]}},"_links":{"self":[{"href":"https:\/\/www.rijeka.hr\/it\/wp-json\/wp\/v2\/posts\/15646","targetHints":{"allow":["GET"]}}],"collection":[{"href":"https:\/\/www.rijeka.hr\/it\/wp-json\/wp\/v2\/posts"}],"about":[{"href":"https:\/\/www.rijeka.hr\/it\/wp-json\/wp\/v2\/types\/post"}],"author":[{"embeddable":true,"href":"https:\/\/www.rijeka.hr\/it\/wp-json\/wp\/v2\/users\/8"}],"replies":[{"embeddable":true,"href":"https:\/\/www.rijeka.hr\/it\/wp-json\/wp\/v2\/comments?post=15646"}],"version-history":[{"count":3,"href":"https:\/\/www.rijeka.hr\/it\/wp-json\/wp\/v2\/posts\/15646\/revisions"}],"predecessor-version":[{"id":15651,"href":"https:\/\/www.rijeka.hr\/it\/wp-json\/wp\/v2\/posts\/15646\/revisions\/15651"}],"wp:featuredmedia":[{"embeddable":true,"href":"https:\/\/www.rijeka.hr\/it\/wp-json\/wp\/v2\/media\/15650"}],"wp:attachment":[{"href":"https:\/\/www.rijeka.hr\/it\/wp-json\/wp\/v2\/media?parent=15646"}],"wp:term":[{"taxonomy":"category","embeddable":true,"href":"https:\/\/www.rijeka.hr\/it\/wp-json\/wp\/v2\/categories?post=15646"},{"taxonomy":"post_tag","embeddable":true,"href":"https:\/\/www.rijeka.hr\/it\/wp-json\/wp\/v2\/tags?post=15646"}],"curies":[{"name":"wp","href":"https:\/\/api.w.org\/{rel}","templated":true}]}}