{"id":15789,"date":"2022-09-22T11:10:41","date_gmt":"2022-09-22T09:10:41","guid":{"rendered":"https:\/\/www.rijeka.hr\/it\/?p=15789"},"modified":"2022-09-23T23:52:03","modified_gmt":"2022-09-23T21:52:03","slug":"il-consiglio-cittadino-ha-approvato-la-decisione-sul-licenziamento-di-marin-blazevic-dalla-carica-di-intendente-del-tnc-ivan-de-zajc","status":"publish","type":"post","link":"https:\/\/www.rijeka.hr\/it\/il-consiglio-cittadino-ha-approvato-la-decisione-sul-licenziamento-di-marin-blazevic-dalla-carica-di-intendente-del-tnc-ivan-de-zajc\/","title":{"rendered":"Il consiglio cittadino ha approvato la decisione sul licenziamento di Marin Bla\u017eevi\u0107 dalla carica di sovrintendente del TNC Ivan de Zajc"},"content":{"rendered":"<p>\u00c8 stata approvata la decisione di nominare Bojan \u0160ober alla carica di sovrintendente pro-tempore, hanno votato a favore della decisione 16 consiglieri (HDZ, Most, PGS, Lista indipendente di Davor \u0160timac e Unione del Quarnero), mentre i consiglieri dei partiti SDP, HSU e IDS, Mo\u017eemo! e Azione dei giovani hanno votato contro.<\/p>\n<p>Secondo le decisioni approvate dal Consiglio cittadino, il sovrintendente viene destituito il 31 ottobre 2022 e il mandato di Bojan \u0160ober comincer\u00e0 il giorno successivo. Come ha spiegato Dra\u017een Mikuli\u0107, membro del Consiglio teatrale, \u0160ober \u00e8 stato proposto come il miglior candidato perch\u00e9 conosce molto bene la situazione nel teatro in cui lavora da alcuni decenni.<\/p>\n<div id=\"attachment_15794\" class=\"wp-caption alignleft\"><img loading=\"lazy\" decoding=\"async\" width=\"600\" height=\"400\" class=\"wp-image-15794 size-medium\" src=\"https:\/\/www.rijeka.hr\/it\/wp-content\/uploads\/sites\/3\/2022\/09\/12.-sjednica-Gradskog-vije\u0107a-Grada-Rijeke-4-600x400-600x400.jpg\" alt=\"\" \/><p class=\"wp-caption-text\">sovrintendente del TNC Ivan de Zajc Marin Bla\u017eevi\u0107<\/p><\/div>\n<p>Il sindaco di Fiume, Marko Filipovi\u0107, ha avvertito che le decisioni del Consiglio cittadino non portano direttamente al licenziamento del sovrintendente, poich\u00e9 secondo la Legge sui teatri, la decisione del Consiglio cittadino deve essere confermata dal Ministro della cultura e dei media.<\/p>\n<p>Prima della decisione sul licenziamento, i consiglieri hanno votato contro il licenziamento del sovrintendente su richiesta personale dove si propone di licenziare il sovrintendente un anno prima della fine del mandato, ovvero il 31 dicembre 2023. Nella spiegazione delle ragioni perch\u00e9 ha chiesto di essere licenziato un anno prima della fine del suo mandato, Bla\u017eevi\u0107 sottolinea che sarebbe irresponsabile partire all&#8217;inizio della nuova stagione e del nuovo ciclo di candidature ai bandi di gara per il finanziamento del programma nel 2023.<\/p>\n<p>&#8220;La destituzione come ho richiesto (dal 31 dicembre 2023) consente una transizione pacifica, evitando sconvolgimenti programmatici, di personale e finanziari, che ritengo esistenziali nelle circostanze dell&#8217;inflazione, in particolare dell&#8217;aumento estremo dei prezzi dell&#8217;energia, e della ripresa del pubblico dal trauma da pandemia, che ha una grande portata esistenziale per sistemi di produzione complessi come i teatri nazionali&#8221;, si sottolinea nella spiegazione del sovrintendente inviata al Consiglio cittadino.<\/p>\n<p>Mentre Du\u0161ko Milovanovi\u0107, a nome del Club dei Consiglieri SDP, ha sottolineato che la proposta di licenziare un anno prima della fine del mandato \u00e8 intelligente, saggia e giustificata dal punto di vista del mantenimento della stabilit\u00e0 del lavoro teatrale, la consigliera Tea Mi\u010di\u0107 Badurina, a nome del Club dei Consiglieri PGS, ha sottolineato che la decisione di votare sul licenziamento che entra in vigore 15 mesi dopo la decisione \u00e8 senza precedenti.<\/p>\n<h2>Il Consiglio cittadino ha destituito il sovrintendente su proposta del Consiglio teatrale<\/h2>\n<div id=\"attachment_15796\" class=\"wp-caption alignright\"><img loading=\"lazy\" decoding=\"async\" class=\"wp-image-15796 size-medium\" src=\"https:\/\/www.rijeka.hr\/it\/wp-content\/uploads\/sites\/3\/2022\/09\/12.-sjednica-Gradskog-vije\u0107a-Grada-Rijeke-5-600x400-600x400.jpg\" alt=\"\" width=\"600\" height=\"400\" \/><p class=\"wp-caption-text\">MEMBRI DEL CONSIGLIO TEATRALE DRA\u017dEN MIKULI\u0106 E BOJAN \u0160OBER<\/p><\/div>\n<p>Le proposte per la destituzione del sovrintendente e la nomina di un sovrintendente pro-tempore sono state inviate al Consiglio cittadino dal Consiglio teatrale, e sono state spiegate ai membri del Consiglio cittadino da Bojan \u0160ober, membro del Consiglio teatrale, dove svolge le mansioni di rappresentante della Citt\u00e0 di Fiume, come fondatore del teatro.<\/p>\n<p>Come affermato nella spiegazione del Consiglio teatrale, \u00e8 stata proposta la destituzione del sovrintendente a causa della relazione non adottata sull&#8217;operato del Teatro Nazionale Croato Ivan de Zajc per il 2021 da parte del Consiglio cittadino; per una visione approfondita dei contratti di gestione e delle successive decisioni e allegati che favoriscono individui privilegiati; a causa della costante mancanza di dire la verit\u00e0 alle richieste dirette dei membri del Consiglio teatrale in merito a contratti e pagamenti durante la partecipazione al progetto CEC; per il lavoro fuori dal Teatro senza chiedere l&#8217;approvazione del Consiglio teatrale &#8211; sia il sovrintendente che i membri del Consiglio; a causa degli affari accumulati che ha sponsorizzato, partecipato o prodotto; a causa dell\u2019incrinata fiducia tra i dipendenti e la direzione del TNC lvan de Zajc, che mette in discussione la prosecuzione dell&#8217;attivit\u00e0 e a causa della reputazione crollata e del danno incalcolabile arrecato al Teatro Nazionale Croato Ivan de Zajc.<\/p>\n<p>&#8220;Se il consiglio cittadino accetta solo uno di questi punti come corretto, non c&#8217;\u00e8 dubbio che dovrebbe essere destituito dalle sue funzioni&#8221;, ha detto \u0160ober.<\/p>\n<h2>Bla\u017eevi\u0107: Il Consiglio teatrale non ha presentato alcuna prova convincente che sussistano le condizioni per il mio licenziamento<\/h2>\n<p>In risposta alle proposte di decisione del Consiglio teatrale, il sovrintendente Bla\u017eevi\u0107 ha presentato una spiegazione scritta dettagliata, che \u00e8 parte integrante del materiale per la seduta del Consiglio cittadino, sottolineando che il Consiglio teatrale non ha presentato alcuna prova convincente che sussistano le condizioni per il suo licenziamento.<\/p>\n<div id=\"attachment_15797\" class=\"wp-caption alignleft\"><img loading=\"lazy\" decoding=\"async\" class=\"wp-image-15797 size-medium\" src=\"https:\/\/www.rijeka.hr\/it\/wp-content\/uploads\/sites\/3\/2022\/09\/12.-sjednica-Gradskog-vije\u0107a-Grada-Rijeke-2-600x400-600x400.jpg\" alt=\"\" width=\"600\" height=\"400\" \/><p class=\"wp-caption-text\">UN LUNGO dibattito sulla destituzione del sovrintendente e sull&#8217;emergenza energetica<\/p><\/div>\n<p>&#8220;Ho presentato una dettagliata dichiarazione e contestazione alla proposta del Consiglio teatrale, forse troppo lunga, ma la campagna che i media, parte della politica e il Consiglio teatrale stanno conducendo contro di me va avanti da quasi cinque mesi&#8221;, ha detto il sovrintendente Bla\u017eevi\u0107, sottolineando di non aver avuto la possibilit\u00e0 di presentare la sua difesa alla seduta del Consiglio teatrale, n\u00e9 alla seduta del Comitato per la cultura del Consiglio cittadino.<\/p>\n<p>Il sindaco Filipovi\u0107 ha sottolineato che il lavoro di tutti pu\u00f2 essere discusso, soprattutto per il fatto che il sovrintendente \u00e8 stato nominato dal Consiglio cittadino, ma ritiene che questo modo di sostituire il sovrintendente non sia buono.<\/p>\n<p>\u201cMi sembra che abbiamo un teatro nel teatro, di cui un po&#8217; tutti sono responsabili, e forse pi\u00f9 di tutti coloro che gestiscono il teatro per nostro conto, intendo per conto del Consiglio cittadino e di me come sindaco, perch\u00e9 in fin dei conti sono io il responsabile dell&#8217;esecuzione del bilancio che approva questo Consiglio cittadino e in questo contesto tutti noi abbiamo parte della responsabilit\u00e0. Come sindaco, ho cercato di essere un mediatore in questa situazione che sta accadendo in teatro, parlando con gli ex e gli attuali membri del Consiglio teatrale eletto dal Consiglio cittadino. Purtroppo non sono riuscito a farlo, e il risultato di questo \u00e8 il dibattito odierno, in cui alcuni saggiamente tacciono. Fare da sovrintendente non \u00e8 un lavoro facile, poich\u00e9 ha grandi implicazioni per i rapporti di lavoro. In qualit\u00e0 di sindaco, ho intervistato i dipendenti che hanno espresso la loro insoddisfazione per il lavoro di Marin Bla\u017eevi\u0107, cos\u00ec come quelli che sono soddisfatti. Se io mi intromettessi nelle relazioni all&#8217;interno di alcune istituzioni culturali, questo risulterebbe in nulla di buono. Credo inoltre che questa discussione e decisione sul licenziamento del sovrintendente non contribuir\u00e0 al miglior lavoro del teatro&#8221;, ha affermato il sindaco Filipovi\u0107.<\/p>\n<h2>Approvata la relazione semestrale sull&#8217;esecuzione del bilancio della Citt\u00e0 di Fiume per il 2022<\/h2>\n<p>Il consiglio cittadino ha approvato la relazione semestrale sull&#8217;esecuzione del bilancio della Citt\u00e0 di Fiume per il 2022, dalla quale risulta che sono state realizzate le entrate nell\u2019importo di 542,4 milioni di kune e le spese nell\u2019importo di 488,6 milioni di kune, il che significa che \u00e8 stato realizzato un avanzo delle entrate di 53,8 milioni di kune. La Citt\u00e0 di Fiume ha realizzato l\u2019avanzo delle entrate nell\u2019importo di 61,1 milioni di kune, mentre i fruitori del bilancio un disavanzo delle entrate nell\u2019importo di 7,2 milioni di kune.<\/p>\n<p>Il sindaco Filipovi\u0107 ha sottolineato che, nonostante l\u2019avanzo realizzato, il bilancio cittadino nei primi sei mesi \u00e8 stato caratterizzato da una crescente inflazione. Nonostante tutti i rischi per il bilancio, gli investimenti di capitale dovrebbero continuare, in particolare quelli cofinanziati dai fondi dell&#8217;UE, e il mantenimento degli standard raggiunti, in particolare il programma sociale.<\/p>\n<p>La relazione semestrale sull&#8217;operato del sindaco per il periodo gennaio-giugno di quest&#8217;anno non \u00e8 stata approvata.<\/p>\n<h2>I consiglieri cittadino hanno discusso a lungo sul prezzo del gas<\/h2>\n<p>Su proposta del Club dei consiglieri Mo\u017eemo, l\u2019Azione dei giovani e l&#8217;Unione del Quarnero, il Consiglio cittadino ha discusso il modo in cui l\u2019Energo pu\u00f2 influenzare i prezzi del gas pi\u00f9 accettabili nell&#8217;attuale situazione di aumento dei prezzi di tutti i prodotti energetici.<\/p>\n<p>Il Consiglio cittadino ha approvato all&#8217;unanimit\u00e0 la conclusione che ordina al sindaco di, in qualit\u00e0 di rappresentante del proprietario di maggioranza, Citt\u00e0 di Fiume, nell\u2019Energo e quindi il Presidente dell&#8217;Assemblea dell\u2019azienda, convoca urgentemente una sessione dell&#8217;assemblea dell\u2019azienda al fine di considerare tutte le possibilit\u00e0 per garantire il prezzo pi\u00f9 accettabile per gli utenti del servizio di distribuzione del gas ed esaminare la possibilit\u00e0 di subentrare al pubblico servizio di distribuzione del gas senza compromettere il futuro funzionamento dell\u2019Energo. Il sindaco informer\u00e0 il pubblico sulla realizzazione di questa conclusione.<\/p>\n<p>Lo stesso gruppo dei consiglieri ha proposto di approvare la conclusione relativa al ricupero e al ripristino del muro cittadino al suo posto in piazza Klobu\u010dari\u0107, che \u00e8 stata approvata all&#8217;unanimit\u00e0. In conclusione, si propone al sindaco, al Dipartimento per la cultura e al Dipartimento dello Sviluppo, dell\u2019Urbanistica, dell\u2019Ecologia e della Gestione del Territorio che entro la fine del 2023 intraprendano tutte le azioni necessarie per realizzare uno studio di conservazione e di indire un bando di gara architettonico al fine di ottenere una soluzione adeguata per la sistemazione di piazza Ivan Klobu\u010dari\u0107, che deve essere conforme al progetto architettonico-urbanistico gi\u00e0 esistente di piazza Pul Vele crikve. Si suggerisce al sindaco che l&#8217;attuazione del progetto sia realizzata per fasi e che il finanziamento sia pianificato principalmente attraverso i mezzi disponibili dai fondi dell&#8217;UE.<\/p>\n<p>Al termine della seduta, la presidente del Consiglio cittadino ha ringraziato la segretaria del Consiglio cittadino Mirna Vodineli\u0107-Pavlovi\u0107 per il suo lavoro nel Consiglio cittadino a proprio nome e a nome di tutti i consiglieri di questo mandato e di tutti i precedenti e le ha augurato buona fortuna nel suo lavoro futuro.<\/p>\n","protected":false},"excerpt":{"rendered":"<p>19 consiglieri hanno votato a favore della decisione sul licenziamento (HDZ, Most, PGS, Mozemo!, Lista indipendente di Davor \u0160timac, Azione dei giovani e Unione del Quarnero), mentre i consiglieri dei partiti SDP, HSU e IDS hanno votato contro la decisione.<\/p>\n","protected":false},"author":8,"featured_media":15793,"comment_status":"open","ping_status":"open","sticky":false,"template":"","format":"standard","meta":{"_acf_changed":false,"_trash_the_other_posts":false,"footnotes":"","_links_to":"","_links_to_target":""},"categories":[976,400,721],"tags":[748,1746,1743,1745,1744],"class_list":["post-15789","post","type-post","status-publish","format-standard","has-post-thumbnail","hentry","category-articoli","category-consiglio-cittadino","category-sedute","tag-consiglio-teatrale","tag-energo","tag-licenziamento-di-marin-blazevic","tag-prezzo-del-gas","tag-sovrintendente-del-tnc-ivan-de-zajc"],"acf":[],"yoast_head":"<!-- This site is optimized with the Yoast SEO plugin v24.4 - https:\/\/yoast.com\/wordpress\/plugins\/seo\/ -->\n<title>Il consiglio cittadino ha approvato la decisione sul licenziamento di Marin Bla\u017eevi\u0107 dalla carica di sovrintendente del TNC Ivan de Zajc - Citt\u00e0 di Fiume<\/title>\n<meta name=\"robots\" content=\"index, follow, max-snippet:-1, max-image-preview:large, max-video-preview:-1\" \/>\n<link rel=\"canonical\" href=\"https:\/\/www.rijeka.hr\/it\/il-consiglio-cittadino-ha-approvato-la-decisione-sul-licenziamento-di-marin-blazevic-dalla-carica-di-intendente-del-tnc-ivan-de-zajc\/\" \/>\n<meta property=\"og:locale\" content=\"it_IT\" \/>\n<meta property=\"og:type\" content=\"article\" \/>\n<meta property=\"og:title\" content=\"Il consiglio cittadino ha approvato la decisione sul licenziamento di Marin Bla\u017eevi\u0107 dalla carica di sovrintendente del TNC Ivan de Zajc - Citt\u00e0 di Fiume\" \/>\n<meta property=\"og:description\" content=\"19 consiglieri hanno votato a favore della decisione sul licenziamento (HDZ, Most, PGS, Mozemo!, Lista indipendente di Davor \u0160timac, Azione dei giovani e Unione del Quarnero), mentre i consiglieri dei partiti SDP, HSU e IDS hanno votato contro la decisione.\" \/>\n<meta property=\"og:url\" content=\"https:\/\/www.rijeka.hr\/it\/il-consiglio-cittadino-ha-approvato-la-decisione-sul-licenziamento-di-marin-blazevic-dalla-carica-di-intendente-del-tnc-ivan-de-zajc\/\" \/>\n<meta property=\"og:site_name\" content=\"Citt\u00e0 di Fiume\" \/>\n<meta property=\"article:published_time\" content=\"2022-09-22T09:10:41+00:00\" \/>\n<meta property=\"article:modified_time\" content=\"2022-09-23T21:52:03+00:00\" \/>\n<meta property=\"og:image\" content=\"https:\/\/www.rijeka.hr\/it\/wp-content\/uploads\/sites\/3\/2022\/09\/12.-sjednica-Gradskog-vije\u0107a-Grada-Rijeke-1-900x600.jpg\" \/>\n\t<meta property=\"og:image:width\" content=\"900\" \/>\n\t<meta property=\"og:image:height\" content=\"600\" \/>\n\t<meta property=\"og:image:type\" content=\"image\/jpeg\" \/>\n<meta name=\"author\" content=\"sradovic\" \/>\n<meta name=\"twitter:card\" content=\"summary_large_image\" \/>\n<meta name=\"twitter:label1\" content=\"Written by\" \/>\n\t<meta name=\"twitter:data1\" content=\"sradovic\" \/>\n\t<meta name=\"twitter:label2\" content=\"Est. reading time\" \/>\n\t<meta name=\"twitter:data2\" content=\"8 minutes\" \/>\n<script type=\"application\/ld+json\" class=\"yoast-schema-graph\">{\"@context\":\"https:\/\/schema.org\",\"@graph\":[{\"@type\":\"WebPage\",\"@id\":\"https:\/\/www.rijeka.hr\/it\/il-consiglio-cittadino-ha-approvato-la-decisione-sul-licenziamento-di-marin-blazevic-dalla-carica-di-intendente-del-tnc-ivan-de-zajc\/\",\"url\":\"https:\/\/www.rijeka.hr\/it\/il-consiglio-cittadino-ha-approvato-la-decisione-sul-licenziamento-di-marin-blazevic-dalla-carica-di-intendente-del-tnc-ivan-de-zajc\/\",\"name\":\"Il consiglio cittadino ha approvato la decisione sul licenziamento di Marin Bla\u017eevi\u0107 dalla carica di sovrintendente del TNC Ivan de Zajc - Citt\u00e0 di Fiume\",\"isPartOf\":{\"@id\":\"https:\/\/www.rijeka.hr\/it\/#website\"},\"primaryImageOfPage\":{\"@id\":\"https:\/\/www.rijeka.hr\/it\/il-consiglio-cittadino-ha-approvato-la-decisione-sul-licenziamento-di-marin-blazevic-dalla-carica-di-intendente-del-tnc-ivan-de-zajc\/#primaryimage\"},\"image\":{\"@id\":\"https:\/\/www.rijeka.hr\/it\/il-consiglio-cittadino-ha-approvato-la-decisione-sul-licenziamento-di-marin-blazevic-dalla-carica-di-intendente-del-tnc-ivan-de-zajc\/#primaryimage\"},\"thumbnailUrl\":\"https:\/\/www.rijeka.hr\/it\/wp-content\/uploads\/sites\/3\/2022\/09\/12.-sjednica-Gradskog-vije\u0107a-Grada-Rijeke-1-900x600.jpg\",\"datePublished\":\"2022-09-22T09:10:41+00:00\",\"dateModified\":\"2022-09-23T21:52:03+00:00\",\"author\":{\"@id\":\"https:\/\/www.rijeka.hr\/it\/#\/schema\/person\/f944eacc70b6a69bc142d9389862b37b\"},\"breadcrumb\":{\"@id\":\"https:\/\/www.rijeka.hr\/it\/il-consiglio-cittadino-ha-approvato-la-decisione-sul-licenziamento-di-marin-blazevic-dalla-carica-di-intendente-del-tnc-ivan-de-zajc\/#breadcrumb\"},\"inLanguage\":\"it-IT\",\"potentialAction\":[{\"@type\":\"ReadAction\",\"target\":[\"https:\/\/www.rijeka.hr\/it\/il-consiglio-cittadino-ha-approvato-la-decisione-sul-licenziamento-di-marin-blazevic-dalla-carica-di-intendente-del-tnc-ivan-de-zajc\/\"]}]},{\"@type\":\"ImageObject\",\"inLanguage\":\"it-IT\",\"@id\":\"https:\/\/www.rijeka.hr\/it\/il-consiglio-cittadino-ha-approvato-la-decisione-sul-licenziamento-di-marin-blazevic-dalla-carica-di-intendente-del-tnc-ivan-de-zajc\/#primaryimage\",\"url\":\"https:\/\/www.rijeka.hr\/it\/wp-content\/uploads\/sites\/3\/2022\/09\/12.-sjednica-Gradskog-vije\u0107a-Grada-Rijeke-1-900x600.jpg\",\"contentUrl\":\"https:\/\/www.rijeka.hr\/it\/wp-content\/uploads\/sites\/3\/2022\/09\/12.-sjednica-Gradskog-vije\u0107a-Grada-Rijeke-1-900x600.jpg\",\"width\":900,\"height\":600},{\"@type\":\"BreadcrumbList\",\"@id\":\"https:\/\/www.rijeka.hr\/it\/il-consiglio-cittadino-ha-approvato-la-decisione-sul-licenziamento-di-marin-blazevic-dalla-carica-di-intendente-del-tnc-ivan-de-zajc\/#breadcrumb\",\"itemListElement\":[{\"@type\":\"ListItem\",\"position\":1,\"name\":\"Po\u010detna stranica\",\"item\":\"https:\/\/www.rijeka.hr\/it\/\"},{\"@type\":\"ListItem\",\"position\":2,\"name\":\"Il consiglio cittadino ha approvato la decisione sul licenziamento di Marin Bla\u017eevi\u0107 dalla carica di sovrintendente del TNC Ivan de Zajc\"}]},{\"@type\":\"WebSite\",\"@id\":\"https:\/\/www.rijeka.hr\/it\/#website\",\"url\":\"https:\/\/www.rijeka.hr\/it\/\",\"name\":\"Citt\u00e0 di Fiume\",\"description\":\"Portale web della Citta&#039; di Fiume\",\"potentialAction\":[{\"@type\":\"SearchAction\",\"target\":{\"@type\":\"EntryPoint\",\"urlTemplate\":\"https:\/\/www.rijeka.hr\/it\/?s={search_term_string}\"},\"query-input\":{\"@type\":\"PropertyValueSpecification\",\"valueRequired\":true,\"valueName\":\"search_term_string\"}}],\"inLanguage\":\"it-IT\"},{\"@type\":\"Person\",\"@id\":\"https:\/\/www.rijeka.hr\/it\/#\/schema\/person\/f944eacc70b6a69bc142d9389862b37b\",\"name\":\"sradovic\",\"image\":{\"@type\":\"ImageObject\",\"inLanguage\":\"it-IT\",\"@id\":\"https:\/\/www.rijeka.hr\/it\/#\/schema\/person\/image\/\",\"url\":\"https:\/\/secure.gravatar.com\/avatar\/d438b95983d528813c6fe2e5812a4188?s=96&d=mm&r=g\",\"contentUrl\":\"https:\/\/secure.gravatar.com\/avatar\/d438b95983d528813c6fe2e5812a4188?s=96&d=mm&r=g\",\"caption\":\"sradovic\"},\"url\":\"https:\/\/www.rijeka.hr\/it\/author\/sradovic\/\"}]}<\/script>\n<!-- \/ Yoast SEO plugin. -->","yoast_head_json":{"title":"Il consiglio cittadino ha approvato la decisione sul licenziamento di Marin Bla\u017eevi\u0107 dalla carica di sovrintendente del TNC Ivan de Zajc - Citt\u00e0 di Fiume","robots":{"index":"index","follow":"follow","max-snippet":"max-snippet:-1","max-image-preview":"max-image-preview:large","max-video-preview":"max-video-preview:-1"},"canonical":"https:\/\/www.rijeka.hr\/it\/il-consiglio-cittadino-ha-approvato-la-decisione-sul-licenziamento-di-marin-blazevic-dalla-carica-di-intendente-del-tnc-ivan-de-zajc\/","og_locale":"it_IT","og_type":"article","og_title":"Il consiglio cittadino ha approvato la decisione sul licenziamento di Marin Bla\u017eevi\u0107 dalla carica di sovrintendente del TNC Ivan de Zajc - Citt\u00e0 di Fiume","og_description":"19 consiglieri hanno votato a favore della decisione sul licenziamento (HDZ, Most, PGS, Mozemo!, Lista indipendente di Davor \u0160timac, Azione dei giovani e Unione del Quarnero), mentre i consiglieri dei partiti SDP, HSU e IDS hanno votato contro la decisione.","og_url":"https:\/\/www.rijeka.hr\/it\/il-consiglio-cittadino-ha-approvato-la-decisione-sul-licenziamento-di-marin-blazevic-dalla-carica-di-intendente-del-tnc-ivan-de-zajc\/","og_site_name":"Citt\u00e0 di Fiume","article_published_time":"2022-09-22T09:10:41+00:00","article_modified_time":"2022-09-23T21:52:03+00:00","og_image":[{"width":900,"height":600,"url":"https:\/\/www.rijeka.hr\/it\/wp-content\/uploads\/sites\/3\/2022\/09\/12.-sjednica-Gradskog-vije\u0107a-Grada-Rijeke-1-900x600.jpg","type":"image\/jpeg"}],"author":"sradovic","twitter_card":"summary_large_image","twitter_misc":{"Written by":"sradovic","Est. reading time":"8 minutes"},"schema":{"@context":"https:\/\/schema.org","@graph":[{"@type":"WebPage","@id":"https:\/\/www.rijeka.hr\/it\/il-consiglio-cittadino-ha-approvato-la-decisione-sul-licenziamento-di-marin-blazevic-dalla-carica-di-intendente-del-tnc-ivan-de-zajc\/","url":"https:\/\/www.rijeka.hr\/it\/il-consiglio-cittadino-ha-approvato-la-decisione-sul-licenziamento-di-marin-blazevic-dalla-carica-di-intendente-del-tnc-ivan-de-zajc\/","name":"Il consiglio cittadino ha approvato la decisione sul licenziamento di Marin Bla\u017eevi\u0107 dalla carica di sovrintendente del TNC Ivan de Zajc - Citt\u00e0 di Fiume","isPartOf":{"@id":"https:\/\/www.rijeka.hr\/it\/#website"},"primaryImageOfPage":{"@id":"https:\/\/www.rijeka.hr\/it\/il-consiglio-cittadino-ha-approvato-la-decisione-sul-licenziamento-di-marin-blazevic-dalla-carica-di-intendente-del-tnc-ivan-de-zajc\/#primaryimage"},"image":{"@id":"https:\/\/www.rijeka.hr\/it\/il-consiglio-cittadino-ha-approvato-la-decisione-sul-licenziamento-di-marin-blazevic-dalla-carica-di-intendente-del-tnc-ivan-de-zajc\/#primaryimage"},"thumbnailUrl":"https:\/\/www.rijeka.hr\/it\/wp-content\/uploads\/sites\/3\/2022\/09\/12.-sjednica-Gradskog-vije\u0107a-Grada-Rijeke-1-900x600.jpg","datePublished":"2022-09-22T09:10:41+00:00","dateModified":"2022-09-23T21:52:03+00:00","author":{"@id":"https:\/\/www.rijeka.hr\/it\/#\/schema\/person\/f944eacc70b6a69bc142d9389862b37b"},"breadcrumb":{"@id":"https:\/\/www.rijeka.hr\/it\/il-consiglio-cittadino-ha-approvato-la-decisione-sul-licenziamento-di-marin-blazevic-dalla-carica-di-intendente-del-tnc-ivan-de-zajc\/#breadcrumb"},"inLanguage":"it-IT","potentialAction":[{"@type":"ReadAction","target":["https:\/\/www.rijeka.hr\/it\/il-consiglio-cittadino-ha-approvato-la-decisione-sul-licenziamento-di-marin-blazevic-dalla-carica-di-intendente-del-tnc-ivan-de-zajc\/"]}]},{"@type":"ImageObject","inLanguage":"it-IT","@id":"https:\/\/www.rijeka.hr\/it\/il-consiglio-cittadino-ha-approvato-la-decisione-sul-licenziamento-di-marin-blazevic-dalla-carica-di-intendente-del-tnc-ivan-de-zajc\/#primaryimage","url":"https:\/\/www.rijeka.hr\/it\/wp-content\/uploads\/sites\/3\/2022\/09\/12.-sjednica-Gradskog-vije\u0107a-Grada-Rijeke-1-900x600.jpg","contentUrl":"https:\/\/www.rijeka.hr\/it\/wp-content\/uploads\/sites\/3\/2022\/09\/12.-sjednica-Gradskog-vije\u0107a-Grada-Rijeke-1-900x600.jpg","width":900,"height":600},{"@type":"BreadcrumbList","@id":"https:\/\/www.rijeka.hr\/it\/il-consiglio-cittadino-ha-approvato-la-decisione-sul-licenziamento-di-marin-blazevic-dalla-carica-di-intendente-del-tnc-ivan-de-zajc\/#breadcrumb","itemListElement":[{"@type":"ListItem","position":1,"name":"Po\u010detna stranica","item":"https:\/\/www.rijeka.hr\/it\/"},{"@type":"ListItem","position":2,"name":"Il consiglio cittadino ha approvato la decisione sul licenziamento di Marin Bla\u017eevi\u0107 dalla carica di sovrintendente del TNC Ivan de Zajc"}]},{"@type":"WebSite","@id":"https:\/\/www.rijeka.hr\/it\/#website","url":"https:\/\/www.rijeka.hr\/it\/","name":"Citt\u00e0 di Fiume","description":"Portale web della Citta&#039; di Fiume","potentialAction":[{"@type":"SearchAction","target":{"@type":"EntryPoint","urlTemplate":"https:\/\/www.rijeka.hr\/it\/?s={search_term_string}"},"query-input":{"@type":"PropertyValueSpecification","valueRequired":true,"valueName":"search_term_string"}}],"inLanguage":"it-IT"},{"@type":"Person","@id":"https:\/\/www.rijeka.hr\/it\/#\/schema\/person\/f944eacc70b6a69bc142d9389862b37b","name":"sradovic","image":{"@type":"ImageObject","inLanguage":"it-IT","@id":"https:\/\/www.rijeka.hr\/it\/#\/schema\/person\/image\/","url":"https:\/\/secure.gravatar.com\/avatar\/d438b95983d528813c6fe2e5812a4188?s=96&d=mm&r=g","contentUrl":"https:\/\/secure.gravatar.com\/avatar\/d438b95983d528813c6fe2e5812a4188?s=96&d=mm&r=g","caption":"sradovic"},"url":"https:\/\/www.rijeka.hr\/it\/author\/sradovic\/"}]}},"_links":{"self":[{"href":"https:\/\/www.rijeka.hr\/it\/wp-json\/wp\/v2\/posts\/15789","targetHints":{"allow":["GET"]}}],"collection":[{"href":"https:\/\/www.rijeka.hr\/it\/wp-json\/wp\/v2\/posts"}],"about":[{"href":"https:\/\/www.rijeka.hr\/it\/wp-json\/wp\/v2\/types\/post"}],"author":[{"embeddable":true,"href":"https:\/\/www.rijeka.hr\/it\/wp-json\/wp\/v2\/users\/8"}],"replies":[{"embeddable":true,"href":"https:\/\/www.rijeka.hr\/it\/wp-json\/wp\/v2\/comments?post=15789"}],"version-history":[{"count":3,"href":"https:\/\/www.rijeka.hr\/it\/wp-json\/wp\/v2\/posts\/15789\/revisions"}],"predecessor-version":[{"id":15803,"href":"https:\/\/www.rijeka.hr\/it\/wp-json\/wp\/v2\/posts\/15789\/revisions\/15803"}],"wp:featuredmedia":[{"embeddable":true,"href":"https:\/\/www.rijeka.hr\/it\/wp-json\/wp\/v2\/media\/15793"}],"wp:attachment":[{"href":"https:\/\/www.rijeka.hr\/it\/wp-json\/wp\/v2\/media?parent=15789"}],"wp:term":[{"taxonomy":"category","embeddable":true,"href":"https:\/\/www.rijeka.hr\/it\/wp-json\/wp\/v2\/categories?post=15789"},{"taxonomy":"post_tag","embeddable":true,"href":"https:\/\/www.rijeka.hr\/it\/wp-json\/wp\/v2\/tags?post=15789"}],"curies":[{"name":"wp","href":"https:\/\/api.w.org\/{rel}","templated":true}]}}