{"id":15887,"date":"2022-10-03T09:59:02","date_gmt":"2022-10-03T07:59:02","guid":{"rendered":"https:\/\/www.rijeka.hr\/it\/?p=15887"},"modified":"2022-10-04T10:12:51","modified_gmt":"2022-10-04T08:12:51","slug":"via-del-corso-inaugurata-la-mostra-figure-per-gianni-rodari-eccellenze-italiane","status":"publish","type":"post","link":"https:\/\/www.rijeka.hr\/it\/via-del-corso-inaugurata-la-mostra-figure-per-gianni-rodari-eccellenze-italiane\/","title":{"rendered":"In Corso inaugurata la mostra \u201cFigure per Gianni Rodari &#8211; Eccellenze italiane\u201d"},"content":{"rendered":"<p>La mostra organizzata dal Consolato Generale d&#8217;Italia a Fiume, in collaborazione con l&#8217;Istituto Italiano di Cultura di Zagabria e la Citt\u00e0 di Fiume, fa parte del programma della 11ma edizione della manifestazione Giornate della cultura italiana, promossa dal Consolato Generale d&#8217;Italia a Fiume.<\/p>\n<p>All&#8217;inaugurazione della mostra sono intervenuti il Console Generale d&#8217;Italia a Fiume, Davide Bradanini, e il sindaco di Fiume, Marko Filipovi\u0107.<\/p>\n<div id=\"attachment_15893\" class=\"wp-caption alignleft\"><img loading=\"lazy\" decoding=\"async\" width=\"600\" height=\"400\" class=\"wp-image-15893 size-medium\" src=\"https:\/\/www.rijeka.hr\/it\/wp-content\/uploads\/sites\/3\/2022\/10\/Izlo\u017eba-Slike-za-Giannija-Rodarija-\u2013-talijanska-izvrsnost-na-Korzu-1-600x400-600x400.jpg\" alt=\"\" \/><p class=\"wp-caption-text\">mostra \u201cFigure per Gianni Rodari &#8211; Eccellenze italiane\u201d<\/p><\/div>\n<p>La mostra \u00e8 stata ideata nel 2020 in occasione del centenario della nascita di Gianni Rodari. Uno scrittore, pedagogo, giornalista e poeta, Rodari \u00e8 stato uno dei fenomeni pi\u00f9 innovativi della scena letteraria italiana del secolo scorso. Gianni Rodari, uno degli autori pi\u00f9 amati e influenti per l&#8217;infanzia, \u00e8 anche il primo scrittore italiano ad essere insignito del prestigioso Premio Hans Christian Andersen, considerato il Premio Nobel per la letteratura per l&#8217;infanzia.<\/p>\n<p>Innovative, universali e sempre attuali, le opere di Rodari sono state tradotte e stampate in tutto il mondo e rappresentano una fonte inesauribile di ispirazione per numerosi artisti che hanno tradotto le sue parole in immagini. Le illustrazioni presentate in questa mostra sono firmate da ventuno eccellenti illustratori italiani, che hanno dato vita ai testi di Rodari negli ultimi cinquant&#8217;anni, a partire da famosi maestri del design e dell&#8217;illustrazione come Luzzati e Munari, fino a designer contemporanei rinomati a livello mondiale.<\/p>\n<div id=\"attachment_15894\" class=\"wp-caption alignright\"><img loading=\"lazy\" decoding=\"async\" class=\"wp-image-15894 size-medium\" src=\"https:\/\/www.rijeka.hr\/it\/wp-content\/uploads\/sites\/3\/2022\/10\/Izlo\u017eba-Slike-za-Giannija-Rodarija-\u2013-talijanska-izvrsnost-na-Korzu-2-600x400-600x400.jpg\" alt=\"\" width=\"600\" height=\"400\" \/><p class=\"wp-caption-text\">MARKO FILIPOVI\u0106 E DAVIDE BRADANINI<\/p><\/div>\n<p>&#8220;Ci sono libri che, oltre al loro contenuto, ricordiamo anche per le loro illustrazioni, e il fatto \u00e8 che dietro ogni illustrazione ci sono individui creativi, fantasiosi e dotati che possono introdurci in nuovi mondi. Sono contento che Fiume sia entrata nella mappa del mondo insieme a molte altre citt\u00e0 dove \u00e8 stata allestita questa mostra&#8221;, ha detto il sindaco Filipovi\u0107, invitando i piccoli e i grandi fiumani a visitare la mostra in Corso.<\/p>\n<p>Con le Giornate della cultura italiana, in seno all&#8217;iniziativa &#8220;XXII Settimana della lingua italiana nel mondo&#8221;, promossa dal Ministero degli Affari Esteri e della Cooperazione Internazionale della Repubblica Italiana, il Consolato Generale d&#8217;Italia a Fiume vuole avvicinare anche quest&#8217;anno l&#8217;arte e la cultura italiana al pubblico fiumano.<\/p>\n<p>&#8220;Quest&#8217;anno la Settimana della lingua italiana nel mondo \u00e8 dedicata alla lingua italiana e ai giovani. La Citt\u00e0 di Fiume dedica un impegno particolare alla letteratura per l&#8217;infanzia e ai diritti e all&#8217;educazione dei bambini, e quindi penso che Fiume sia il posto migliore per allestire questa mostra&#8221;, ha affermato il Console Bradanini, ringraziando la Citt\u00e0 di Fiume per l&#8217;aiuto durante l&#8217;allestimento di questa mostra.<\/p>\n<p>Finora la mostra \u00e8 stata allestita in numerose citt\u00e0 del mondo: Atene, Auckland, Bratislava, Chicago, Ginevra, Londra, Madrid, Tampa, Miami, Atlanta, Pilsen, San Paolo, Taipei e Zagabria.<\/p>\n<p>La mostra rimarr\u00e0 in visione fino al prossimo 17 ottobre.<\/p>\n<div id='gallery-1' class='gallery galleryid-15887 gallery-columns-3 gallery-size-thumbnail'><dl class='gallery-item'>\n            <dt class='gallery-icon landscape'>\n                <a href='https:\/\/www.rijeka.hr\/it\/wp-content\/uploads\/sites\/3\/2022\/10\/Izlo\u017eba-Slike-za-Giannija-Rodarija-\u2013-talijanska-izvrsnost-na-Korzu-4-250x250.jpg' title=\"\" data-rl_title=\"\" class=\"rl-gallery-link\" data-rl_caption=\"\" data-rel=\"lightbox-gallery-1\"><img loading=\"lazy\" decoding=\"async\" width=\"250\" height=\"250\" src=\"https:\/\/www.rijeka.hr\/it\/wp-content\/uploads\/sites\/3\/2022\/10\/Izlo\u017eba-Slike-za-Giannija-Rodarija-\u2013-talijanska-izvrsnost-na-Korzu-4-250x250.jpg\" class=\"attachment-thumbnail size-thumbnail\" alt=\"\" srcset=\"https:\/\/www.rijeka.hr\/it\/wp-content\/uploads\/sites\/3\/2022\/10\/Izlo\u017eba-Slike-za-Giannija-Rodarija-\u2013-talijanska-izvrsnost-na-Korzu-4-250x250.jpg 250w, https:\/\/www.rijeka.hr\/it\/wp-content\/uploads\/sites\/3\/2022\/10\/Izlo\u017eba-Slike-za-Giannija-Rodarija-\u2013-talijanska-izvrsnost-na-Korzu-4-250x250-200x200.jpg 200w\" sizes=\"(max-width: 250px) 100vw, 250px\" \/><\/a>\n            <\/dt><\/dl><dl class='gallery-item'>\n            <dt class='gallery-icon landscape'>\n                <a href='https:\/\/www.rijeka.hr\/it\/wp-content\/uploads\/sites\/3\/2022\/10\/Izlo\u017eba-Slike-za-Giannija-Rodarija-\u2013-talijanska-izvrsnost-na-Korzu-5-250x250.jpg' title=\"\" data-rl_title=\"\" class=\"rl-gallery-link\" data-rl_caption=\"\" data-rel=\"lightbox-gallery-1\"><img loading=\"lazy\" decoding=\"async\" width=\"250\" height=\"250\" src=\"https:\/\/www.rijeka.hr\/it\/wp-content\/uploads\/sites\/3\/2022\/10\/Izlo\u017eba-Slike-za-Giannija-Rodarija-\u2013-talijanska-izvrsnost-na-Korzu-5-250x250.jpg\" class=\"attachment-thumbnail size-thumbnail\" alt=\"\" srcset=\"https:\/\/www.rijeka.hr\/it\/wp-content\/uploads\/sites\/3\/2022\/10\/Izlo\u017eba-Slike-za-Giannija-Rodarija-\u2013-talijanska-izvrsnost-na-Korzu-5-250x250.jpg 250w, https:\/\/www.rijeka.hr\/it\/wp-content\/uploads\/sites\/3\/2022\/10\/Izlo\u017eba-Slike-za-Giannija-Rodarija-\u2013-talijanska-izvrsnost-na-Korzu-5-250x250-200x200.jpg 200w\" sizes=\"(max-width: 250px) 100vw, 250px\" \/><\/a>\n            <\/dt><\/dl><dl class='gallery-item'>\n            <dt class='gallery-icon landscape'>\n                <a href='https:\/\/www.rijeka.hr\/it\/wp-content\/uploads\/sites\/3\/2022\/10\/Izlo\u017eba-Slike-za-Giannija-Rodarija-\u2013-talijanska-izvrsnost-na-Korzu-6-250x250.jpg' title=\"\" data-rl_title=\"\" class=\"rl-gallery-link\" data-rl_caption=\"\" data-rel=\"lightbox-gallery-1\"><img loading=\"lazy\" decoding=\"async\" width=\"250\" height=\"250\" src=\"https:\/\/www.rijeka.hr\/it\/wp-content\/uploads\/sites\/3\/2022\/10\/Izlo\u017eba-Slike-za-Giannija-Rodarija-\u2013-talijanska-izvrsnost-na-Korzu-6-250x250.jpg\" class=\"attachment-thumbnail size-thumbnail\" alt=\"\" srcset=\"https:\/\/www.rijeka.hr\/it\/wp-content\/uploads\/sites\/3\/2022\/10\/Izlo\u017eba-Slike-za-Giannija-Rodarija-\u2013-talijanska-izvrsnost-na-Korzu-6-250x250.jpg 250w, https:\/\/www.rijeka.hr\/it\/wp-content\/uploads\/sites\/3\/2022\/10\/Izlo\u017eba-Slike-za-Giannija-Rodarija-\u2013-talijanska-izvrsnost-na-Korzu-6-250x250-200x200.jpg 200w\" sizes=\"(max-width: 250px) 100vw, 250px\" \/><\/a>\n            <\/dt><\/dl><br style=\"clear: both\" \/>\n        <\/div>\n\n","protected":false},"excerpt":{"rendered":"<p>Sui pannelli espositivi in Corso \u00e8 stata allestita la mostra \u201cFigure per Gianni Rodari \u2013 Eccellenze italiane\u201c, che presenta le opere degli illustratori che hanno interpretato le opere di questo famoso scrittore italiano per l\u2019infanzia.<\/p>\n","protected":false},"author":8,"featured_media":15892,"comment_status":"open","ping_status":"open","sticky":false,"template":"","format":"standard","meta":{"_acf_changed":false,"_trash_the_other_posts":false,"footnotes":"","_links_to":"","_links_to_target":""},"categories":[976],"tags":[1772,1771,1773,1774,857],"class_list":["post-15887","post","type-post","status-publish","format-standard","has-post-thumbnail","hentry","category-articoli","tag-consolato-generale-ditalia-a-fiume","tag-figure-per-gianni-rodari-eccellenze-italiane","tag-giornate-della-cultura-italiana","tag-listituto-italiano-di-cultura-di-zagabria","tag-mostra"],"acf":[],"yoast_head":"<!-- This site is optimized with the Yoast SEO plugin v24.4 - https:\/\/yoast.com\/wordpress\/plugins\/seo\/ -->\n<title>In Corso inaugurata la mostra \u201cFigure per Gianni Rodari - Eccellenze italiane\u201d - Citt\u00e0 di Fiume<\/title>\n<meta name=\"robots\" content=\"index, follow, max-snippet:-1, max-image-preview:large, max-video-preview:-1\" \/>\n<link rel=\"canonical\" href=\"https:\/\/www.rijeka.hr\/it\/via-del-corso-inaugurata-la-mostra-figure-per-gianni-rodari-eccellenze-italiane\/\" \/>\n<meta property=\"og:locale\" content=\"it_IT\" \/>\n<meta property=\"og:type\" content=\"article\" \/>\n<meta property=\"og:title\" content=\"In Corso inaugurata la mostra \u201cFigure per Gianni Rodari - Eccellenze italiane\u201d - Citt\u00e0 di Fiume\" \/>\n<meta property=\"og:description\" content=\"Sui pannelli espositivi in Corso \u00e8 stata allestita la mostra \u201cFigure per Gianni Rodari \u2013 Eccellenze italiane\u201c, che presenta le opere degli illustratori che hanno interpretato le opere di questo famoso scrittore italiano per l\u2019infanzia.\" \/>\n<meta property=\"og:url\" content=\"https:\/\/www.rijeka.hr\/it\/via-del-corso-inaugurata-la-mostra-figure-per-gianni-rodari-eccellenze-italiane\/\" \/>\n<meta property=\"og:site_name\" content=\"Citt\u00e0 di Fiume\" \/>\n<meta property=\"article:published_time\" content=\"2022-10-03T07:59:02+00:00\" \/>\n<meta property=\"article:modified_time\" content=\"2022-10-04T08:12:51+00:00\" \/>\n<meta property=\"og:image\" content=\"https:\/\/www.rijeka.hr\/it\/wp-content\/uploads\/sites\/3\/2022\/10\/Izlo\u017eba-Slike-za-Giannija-Rodarija-\u2013-talijanska-izvrsnost-na-Korzu-3-900x600.jpg\" \/>\n\t<meta property=\"og:image:width\" content=\"900\" \/>\n\t<meta property=\"og:image:height\" content=\"600\" \/>\n\t<meta property=\"og:image:type\" content=\"image\/jpeg\" \/>\n<meta name=\"author\" content=\"sradovic\" \/>\n<meta name=\"twitter:card\" content=\"summary_large_image\" \/>\n<meta name=\"twitter:label1\" content=\"Written by\" \/>\n\t<meta name=\"twitter:data1\" content=\"sradovic\" \/>\n\t<meta name=\"twitter:label2\" content=\"Est. reading time\" \/>\n\t<meta name=\"twitter:data2\" content=\"2 minutes\" \/>\n<script type=\"application\/ld+json\" class=\"yoast-schema-graph\">{\"@context\":\"https:\/\/schema.org\",\"@graph\":[{\"@type\":\"WebPage\",\"@id\":\"https:\/\/www.rijeka.hr\/it\/via-del-corso-inaugurata-la-mostra-figure-per-gianni-rodari-eccellenze-italiane\/\",\"url\":\"https:\/\/www.rijeka.hr\/it\/via-del-corso-inaugurata-la-mostra-figure-per-gianni-rodari-eccellenze-italiane\/\",\"name\":\"In Corso inaugurata la mostra \u201cFigure per Gianni Rodari - Eccellenze italiane\u201d - Citt\u00e0 di Fiume\",\"isPartOf\":{\"@id\":\"https:\/\/www.rijeka.hr\/it\/#website\"},\"primaryImageOfPage\":{\"@id\":\"https:\/\/www.rijeka.hr\/it\/via-del-corso-inaugurata-la-mostra-figure-per-gianni-rodari-eccellenze-italiane\/#primaryimage\"},\"image\":{\"@id\":\"https:\/\/www.rijeka.hr\/it\/via-del-corso-inaugurata-la-mostra-figure-per-gianni-rodari-eccellenze-italiane\/#primaryimage\"},\"thumbnailUrl\":\"https:\/\/www.rijeka.hr\/it\/wp-content\/uploads\/sites\/3\/2022\/10\/Izlo\u017eba-Slike-za-Giannija-Rodarija-\u2013-talijanska-izvrsnost-na-Korzu-3-900x600.jpg\",\"datePublished\":\"2022-10-03T07:59:02+00:00\",\"dateModified\":\"2022-10-04T08:12:51+00:00\",\"author\":{\"@id\":\"https:\/\/www.rijeka.hr\/it\/#\/schema\/person\/f944eacc70b6a69bc142d9389862b37b\"},\"breadcrumb\":{\"@id\":\"https:\/\/www.rijeka.hr\/it\/via-del-corso-inaugurata-la-mostra-figure-per-gianni-rodari-eccellenze-italiane\/#breadcrumb\"},\"inLanguage\":\"it-IT\",\"potentialAction\":[{\"@type\":\"ReadAction\",\"target\":[\"https:\/\/www.rijeka.hr\/it\/via-del-corso-inaugurata-la-mostra-figure-per-gianni-rodari-eccellenze-italiane\/\"]}]},{\"@type\":\"ImageObject\",\"inLanguage\":\"it-IT\",\"@id\":\"https:\/\/www.rijeka.hr\/it\/via-del-corso-inaugurata-la-mostra-figure-per-gianni-rodari-eccellenze-italiane\/#primaryimage\",\"url\":\"https:\/\/www.rijeka.hr\/it\/wp-content\/uploads\/sites\/3\/2022\/10\/Izlo\u017eba-Slike-za-Giannija-Rodarija-\u2013-talijanska-izvrsnost-na-Korzu-3-900x600.jpg\",\"contentUrl\":\"https:\/\/www.rijeka.hr\/it\/wp-content\/uploads\/sites\/3\/2022\/10\/Izlo\u017eba-Slike-za-Giannija-Rodarija-\u2013-talijanska-izvrsnost-na-Korzu-3-900x600.jpg\",\"width\":900,\"height\":600},{\"@type\":\"BreadcrumbList\",\"@id\":\"https:\/\/www.rijeka.hr\/it\/via-del-corso-inaugurata-la-mostra-figure-per-gianni-rodari-eccellenze-italiane\/#breadcrumb\",\"itemListElement\":[{\"@type\":\"ListItem\",\"position\":1,\"name\":\"Po\u010detna stranica\",\"item\":\"https:\/\/www.rijeka.hr\/it\/\"},{\"@type\":\"ListItem\",\"position\":2,\"name\":\"In Corso inaugurata la mostra \u201cFigure per Gianni Rodari &#8211; Eccellenze italiane\u201d\"}]},{\"@type\":\"WebSite\",\"@id\":\"https:\/\/www.rijeka.hr\/it\/#website\",\"url\":\"https:\/\/www.rijeka.hr\/it\/\",\"name\":\"Citt\u00e0 di Fiume\",\"description\":\"Portale web della Citta&#039; di Fiume\",\"potentialAction\":[{\"@type\":\"SearchAction\",\"target\":{\"@type\":\"EntryPoint\",\"urlTemplate\":\"https:\/\/www.rijeka.hr\/it\/?s={search_term_string}\"},\"query-input\":{\"@type\":\"PropertyValueSpecification\",\"valueRequired\":true,\"valueName\":\"search_term_string\"}}],\"inLanguage\":\"it-IT\"},{\"@type\":\"Person\",\"@id\":\"https:\/\/www.rijeka.hr\/it\/#\/schema\/person\/f944eacc70b6a69bc142d9389862b37b\",\"name\":\"sradovic\",\"image\":{\"@type\":\"ImageObject\",\"inLanguage\":\"it-IT\",\"@id\":\"https:\/\/www.rijeka.hr\/it\/#\/schema\/person\/image\/\",\"url\":\"https:\/\/secure.gravatar.com\/avatar\/d438b95983d528813c6fe2e5812a4188?s=96&d=mm&r=g\",\"contentUrl\":\"https:\/\/secure.gravatar.com\/avatar\/d438b95983d528813c6fe2e5812a4188?s=96&d=mm&r=g\",\"caption\":\"sradovic\"},\"url\":\"https:\/\/www.rijeka.hr\/it\/author\/sradovic\/\"}]}<\/script>\n<!-- \/ Yoast SEO plugin. -->","yoast_head_json":{"title":"In Corso inaugurata la mostra \u201cFigure per Gianni Rodari - Eccellenze italiane\u201d - Citt\u00e0 di Fiume","robots":{"index":"index","follow":"follow","max-snippet":"max-snippet:-1","max-image-preview":"max-image-preview:large","max-video-preview":"max-video-preview:-1"},"canonical":"https:\/\/www.rijeka.hr\/it\/via-del-corso-inaugurata-la-mostra-figure-per-gianni-rodari-eccellenze-italiane\/","og_locale":"it_IT","og_type":"article","og_title":"In Corso inaugurata la mostra \u201cFigure per Gianni Rodari - Eccellenze italiane\u201d - Citt\u00e0 di Fiume","og_description":"Sui pannelli espositivi in Corso \u00e8 stata allestita la mostra \u201cFigure per Gianni Rodari \u2013 Eccellenze italiane\u201c, che presenta le opere degli illustratori che hanno interpretato le opere di questo famoso scrittore italiano per l\u2019infanzia.","og_url":"https:\/\/www.rijeka.hr\/it\/via-del-corso-inaugurata-la-mostra-figure-per-gianni-rodari-eccellenze-italiane\/","og_site_name":"Citt\u00e0 di Fiume","article_published_time":"2022-10-03T07:59:02+00:00","article_modified_time":"2022-10-04T08:12:51+00:00","og_image":[{"width":900,"height":600,"url":"https:\/\/www.rijeka.hr\/it\/wp-content\/uploads\/sites\/3\/2022\/10\/Izlo\u017eba-Slike-za-Giannija-Rodarija-\u2013-talijanska-izvrsnost-na-Korzu-3-900x600.jpg","type":"image\/jpeg"}],"author":"sradovic","twitter_card":"summary_large_image","twitter_misc":{"Written by":"sradovic","Est. reading time":"2 minutes"},"schema":{"@context":"https:\/\/schema.org","@graph":[{"@type":"WebPage","@id":"https:\/\/www.rijeka.hr\/it\/via-del-corso-inaugurata-la-mostra-figure-per-gianni-rodari-eccellenze-italiane\/","url":"https:\/\/www.rijeka.hr\/it\/via-del-corso-inaugurata-la-mostra-figure-per-gianni-rodari-eccellenze-italiane\/","name":"In Corso inaugurata la mostra \u201cFigure per Gianni Rodari - Eccellenze italiane\u201d - Citt\u00e0 di Fiume","isPartOf":{"@id":"https:\/\/www.rijeka.hr\/it\/#website"},"primaryImageOfPage":{"@id":"https:\/\/www.rijeka.hr\/it\/via-del-corso-inaugurata-la-mostra-figure-per-gianni-rodari-eccellenze-italiane\/#primaryimage"},"image":{"@id":"https:\/\/www.rijeka.hr\/it\/via-del-corso-inaugurata-la-mostra-figure-per-gianni-rodari-eccellenze-italiane\/#primaryimage"},"thumbnailUrl":"https:\/\/www.rijeka.hr\/it\/wp-content\/uploads\/sites\/3\/2022\/10\/Izlo\u017eba-Slike-za-Giannija-Rodarija-\u2013-talijanska-izvrsnost-na-Korzu-3-900x600.jpg","datePublished":"2022-10-03T07:59:02+00:00","dateModified":"2022-10-04T08:12:51+00:00","author":{"@id":"https:\/\/www.rijeka.hr\/it\/#\/schema\/person\/f944eacc70b6a69bc142d9389862b37b"},"breadcrumb":{"@id":"https:\/\/www.rijeka.hr\/it\/via-del-corso-inaugurata-la-mostra-figure-per-gianni-rodari-eccellenze-italiane\/#breadcrumb"},"inLanguage":"it-IT","potentialAction":[{"@type":"ReadAction","target":["https:\/\/www.rijeka.hr\/it\/via-del-corso-inaugurata-la-mostra-figure-per-gianni-rodari-eccellenze-italiane\/"]}]},{"@type":"ImageObject","inLanguage":"it-IT","@id":"https:\/\/www.rijeka.hr\/it\/via-del-corso-inaugurata-la-mostra-figure-per-gianni-rodari-eccellenze-italiane\/#primaryimage","url":"https:\/\/www.rijeka.hr\/it\/wp-content\/uploads\/sites\/3\/2022\/10\/Izlo\u017eba-Slike-za-Giannija-Rodarija-\u2013-talijanska-izvrsnost-na-Korzu-3-900x600.jpg","contentUrl":"https:\/\/www.rijeka.hr\/it\/wp-content\/uploads\/sites\/3\/2022\/10\/Izlo\u017eba-Slike-za-Giannija-Rodarija-\u2013-talijanska-izvrsnost-na-Korzu-3-900x600.jpg","width":900,"height":600},{"@type":"BreadcrumbList","@id":"https:\/\/www.rijeka.hr\/it\/via-del-corso-inaugurata-la-mostra-figure-per-gianni-rodari-eccellenze-italiane\/#breadcrumb","itemListElement":[{"@type":"ListItem","position":1,"name":"Po\u010detna stranica","item":"https:\/\/www.rijeka.hr\/it\/"},{"@type":"ListItem","position":2,"name":"In Corso inaugurata la mostra \u201cFigure per Gianni Rodari &#8211; Eccellenze italiane\u201d"}]},{"@type":"WebSite","@id":"https:\/\/www.rijeka.hr\/it\/#website","url":"https:\/\/www.rijeka.hr\/it\/","name":"Citt\u00e0 di Fiume","description":"Portale web della Citta&#039; di Fiume","potentialAction":[{"@type":"SearchAction","target":{"@type":"EntryPoint","urlTemplate":"https:\/\/www.rijeka.hr\/it\/?s={search_term_string}"},"query-input":{"@type":"PropertyValueSpecification","valueRequired":true,"valueName":"search_term_string"}}],"inLanguage":"it-IT"},{"@type":"Person","@id":"https:\/\/www.rijeka.hr\/it\/#\/schema\/person\/f944eacc70b6a69bc142d9389862b37b","name":"sradovic","image":{"@type":"ImageObject","inLanguage":"it-IT","@id":"https:\/\/www.rijeka.hr\/it\/#\/schema\/person\/image\/","url":"https:\/\/secure.gravatar.com\/avatar\/d438b95983d528813c6fe2e5812a4188?s=96&d=mm&r=g","contentUrl":"https:\/\/secure.gravatar.com\/avatar\/d438b95983d528813c6fe2e5812a4188?s=96&d=mm&r=g","caption":"sradovic"},"url":"https:\/\/www.rijeka.hr\/it\/author\/sradovic\/"}]}},"_links":{"self":[{"href":"https:\/\/www.rijeka.hr\/it\/wp-json\/wp\/v2\/posts\/15887","targetHints":{"allow":["GET"]}}],"collection":[{"href":"https:\/\/www.rijeka.hr\/it\/wp-json\/wp\/v2\/posts"}],"about":[{"href":"https:\/\/www.rijeka.hr\/it\/wp-json\/wp\/v2\/types\/post"}],"author":[{"embeddable":true,"href":"https:\/\/www.rijeka.hr\/it\/wp-json\/wp\/v2\/users\/8"}],"replies":[{"embeddable":true,"href":"https:\/\/www.rijeka.hr\/it\/wp-json\/wp\/v2\/comments?post=15887"}],"version-history":[{"count":4,"href":"https:\/\/www.rijeka.hr\/it\/wp-json\/wp\/v2\/posts\/15887\/revisions"}],"predecessor-version":[{"id":15900,"href":"https:\/\/www.rijeka.hr\/it\/wp-json\/wp\/v2\/posts\/15887\/revisions\/15900"}],"wp:featuredmedia":[{"embeddable":true,"href":"https:\/\/www.rijeka.hr\/it\/wp-json\/wp\/v2\/media\/15892"}],"wp:attachment":[{"href":"https:\/\/www.rijeka.hr\/it\/wp-json\/wp\/v2\/media?parent=15887"}],"wp:term":[{"taxonomy":"category","embeddable":true,"href":"https:\/\/www.rijeka.hr\/it\/wp-json\/wp\/v2\/categories?post=15887"},{"taxonomy":"post_tag","embeddable":true,"href":"https:\/\/www.rijeka.hr\/it\/wp-json\/wp\/v2\/tags?post=15887"}],"curies":[{"name":"wp","href":"https:\/\/api.w.org\/{rel}","templated":true}]}}