{"id":15972,"date":"2022-10-07T09:59:38","date_gmt":"2022-10-07T07:59:38","guid":{"rendered":"https:\/\/www.rijeka.hr\/it\/?p=15972"},"modified":"2022-10-10T10:06:50","modified_gmt":"2022-10-10T08:06:50","slug":"incontro-di-lavoro-con-lambasciatore-croato-austria-daniel-gluncic","status":"publish","type":"post","link":"https:\/\/www.rijeka.hr\/it\/incontro-di-lavoro-con-lambasciatore-croato-austria-daniel-gluncic\/","title":{"rendered":"Incontro di lavoro con l&#8217;ambasciatore croato in Austria, Daniel Glun\u010di\u0107"},"content":{"rendered":"<p>.<\/p>\n<p>Nel corso dell&#8217;incontro di lavoro si \u00e8 discusso del miglioramento della cooperazione e dello scambio di esperienze nel campo dell&#8217;economia, dell&#8217;energia e delle attivit\u00e0 comunali, della cooperazione a livello universitario, nonch\u00e9 delle possibilit\u00e0 di una pi\u00f9 forte cooperazione con la citt\u00e0 di Linz.<\/p>\n<div id=\"attachment_15976\" class=\"wp-caption alignleft\"><img loading=\"lazy\" decoding=\"async\" width=\"600\" height=\"400\" class=\"wp-image-15976 size-medium\" src=\"https:\/\/www.rijeka.hr\/it\/wp-content\/uploads\/sites\/3\/2022\/10\/Radni-sastanak-s-veleposlanikom-RH-u-Austriji-1-600x400-600x400.jpg\" alt=\"\" \/><p class=\"wp-caption-text\">Incontro di lavoro con l&#8217;ambasciatore croato in Austria<\/p><\/div>\n<p>Dando il benvenuto all&#8217;ambasciatore Glun\u010di\u0107 a Fiume, il vicesindaco Krpan ha sottolineato che a Fiume \u00e8 in corso un grande ciclo di investimenti, con numerosi investimenti pubblici e privati, principalmente in infrastrutture portuali e di trasporto, che cambieranno il volto della citt\u00e0.<\/p>\n<p>Il vicesindaco Pal\u010devski ha sottolineato che la Citt\u00e0 di Fiume \u00e8 interessata allo scambio di esperienze, in particolare nel campo della pianificazione strategica della citt\u00e0, dell&#8217;energia e delle attivit\u00e0 comunali, dal traffico e parcheggi al mantenimento della pulizia della citt\u00e0 e la gestione dei rifiuti.<\/p>\n<div id=\"attachment_15977\" class=\"wp-caption alignright\"><img loading=\"lazy\" decoding=\"async\" class=\"wp-image-15977 size-medium\" src=\"https:\/\/www.rijeka.hr\/it\/wp-content\/uploads\/sites\/3\/2022\/10\/Radni-sastanak-s-veleposlanikom-RH-u-Austriji-2-600x400-600x400.jpg\" alt=\"\" width=\"600\" height=\"400\" \/><p class=\"wp-caption-text\">S.E. DANIEL GLUN\u010cI\u0106 E I VICESONDACIDI FIUME SANDRA KRPAN E GORAN PAL\u010cEVSKI<\/p><\/div>\n<p>La Citt\u00e0 di Fiume intrattiene una cooperazione amichevole e professionale con diverse citt\u00e0 austriache, come Vienna e Graz. Il tema centrale dell&#8217;incontro \u00e8 stata la concretizzazione della cooperazione con la citt\u00e0 di Linz, citt\u00e0 di circa 200mila abitanti, porto fluviale con un&#8217;industria sviluppata. Mentre diversi decenni fa Fiume e Linz erano collegate principalmente dalla produzione di acciaio a Linz e dalla costruzione navale a Fiume, oggi esiste la possibilit\u00e0 di ampliare la cooperazione anche in altri settori.<\/p>\n<p>All&#8217;incontro hanno presenziato, oltre al vicesindaco, il consigliere del sindaco per lo sviluppo e l&#8217;economia Nata\u0161a Zrili\u0107 e il consigliere del sindaco per l&#8217;energia Tajana Juki\u0107 Neznanovi\u0107, che hanno presentato opportunit\u00e0 di investimento nell&#8217;area di Fiume e progetti energetici in corso realizzati o pianificati a Fiume, come il rinnovamento del sistema di riscaldamento e l&#8217;installazione di pannelli solari su edifici pubblici.<\/p>\n","protected":false},"excerpt":{"rendered":"<p>I vicesindaci di Fiume Sandra Krpan e Goran Pal\u010devski hanno tenuto un incontro di lavoro con l&#8217;ambasciatore della Repubblica di Croazia in Austria S.E. Daniel Glun\u010di\u0107.<\/p>\n","protected":false},"author":8,"featured_media":15975,"comment_status":"open","ping_status":"open","sticky":false,"template":"","format":"standard","meta":{"_acf_changed":false,"_trash_the_other_posts":false,"footnotes":"","_links_to":"","_links_to_target":""},"categories":[976],"tags":[1799,1800,1407],"class_list":["post-15972","post","type-post","status-publish","format-standard","has-post-thumbnail","hentry","category-articoli","tag-ambasciatore-croato-in-austria","tag-citta-di-linz","tag-incontro-di-lavoro"],"acf":[],"yoast_head":"<!-- This site is optimized with the Yoast SEO plugin v24.4 - https:\/\/yoast.com\/wordpress\/plugins\/seo\/ -->\n<title>Incontro di lavoro con l&#039;ambasciatore croato in Austria, Daniel Glun\u010di\u0107 - Citt\u00e0 di Fiume<\/title>\n<meta name=\"robots\" content=\"index, follow, max-snippet:-1, max-image-preview:large, max-video-preview:-1\" \/>\n<link rel=\"canonical\" href=\"https:\/\/www.rijeka.hr\/it\/incontro-di-lavoro-con-lambasciatore-croato-austria-daniel-gluncic\/\" \/>\n<meta property=\"og:locale\" content=\"it_IT\" \/>\n<meta property=\"og:type\" content=\"article\" \/>\n<meta property=\"og:title\" content=\"Incontro di lavoro con l&#039;ambasciatore croato in Austria, Daniel Glun\u010di\u0107 - Citt\u00e0 di Fiume\" \/>\n<meta property=\"og:description\" content=\"I vicesindaci di Fiume Sandra Krpan e Goran Pal\u010devski hanno tenuto un incontro di lavoro con l&#039;ambasciatore della Repubblica di Croazia in Austria S.E. Daniel Glun\u010di\u0107.\" \/>\n<meta property=\"og:url\" content=\"https:\/\/www.rijeka.hr\/it\/incontro-di-lavoro-con-lambasciatore-croato-austria-daniel-gluncic\/\" \/>\n<meta property=\"og:site_name\" content=\"Citt\u00e0 di Fiume\" \/>\n<meta property=\"article:published_time\" content=\"2022-10-07T07:59:38+00:00\" \/>\n<meta property=\"article:modified_time\" content=\"2022-10-10T08:06:50+00:00\" \/>\n<meta property=\"og:image\" content=\"https:\/\/www.rijeka.hr\/it\/wp-content\/uploads\/sites\/3\/2022\/10\/Radni-sastanak-s-veleposlanikom-RH-u-Austriji-3-900x600.jpg\" \/>\n\t<meta property=\"og:image:width\" content=\"900\" \/>\n\t<meta property=\"og:image:height\" content=\"600\" \/>\n\t<meta property=\"og:image:type\" content=\"image\/jpeg\" \/>\n<meta name=\"author\" content=\"sradovic\" \/>\n<meta name=\"twitter:card\" content=\"summary_large_image\" \/>\n<meta name=\"twitter:label1\" content=\"Written by\" \/>\n\t<meta name=\"twitter:data1\" content=\"sradovic\" \/>\n\t<meta name=\"twitter:label2\" content=\"Est. reading time\" \/>\n\t<meta name=\"twitter:data2\" content=\"2 minutes\" \/>\n<script type=\"application\/ld+json\" class=\"yoast-schema-graph\">{\"@context\":\"https:\/\/schema.org\",\"@graph\":[{\"@type\":\"WebPage\",\"@id\":\"https:\/\/www.rijeka.hr\/it\/incontro-di-lavoro-con-lambasciatore-croato-austria-daniel-gluncic\/\",\"url\":\"https:\/\/www.rijeka.hr\/it\/incontro-di-lavoro-con-lambasciatore-croato-austria-daniel-gluncic\/\",\"name\":\"Incontro di lavoro con l'ambasciatore croato in Austria, Daniel Glun\u010di\u0107 - Citt\u00e0 di Fiume\",\"isPartOf\":{\"@id\":\"https:\/\/www.rijeka.hr\/it\/#website\"},\"primaryImageOfPage\":{\"@id\":\"https:\/\/www.rijeka.hr\/it\/incontro-di-lavoro-con-lambasciatore-croato-austria-daniel-gluncic\/#primaryimage\"},\"image\":{\"@id\":\"https:\/\/www.rijeka.hr\/it\/incontro-di-lavoro-con-lambasciatore-croato-austria-daniel-gluncic\/#primaryimage\"},\"thumbnailUrl\":\"https:\/\/www.rijeka.hr\/it\/wp-content\/uploads\/sites\/3\/2022\/10\/Radni-sastanak-s-veleposlanikom-RH-u-Austriji-3-900x600.jpg\",\"datePublished\":\"2022-10-07T07:59:38+00:00\",\"dateModified\":\"2022-10-10T08:06:50+00:00\",\"author\":{\"@id\":\"https:\/\/www.rijeka.hr\/it\/#\/schema\/person\/f944eacc70b6a69bc142d9389862b37b\"},\"breadcrumb\":{\"@id\":\"https:\/\/www.rijeka.hr\/it\/incontro-di-lavoro-con-lambasciatore-croato-austria-daniel-gluncic\/#breadcrumb\"},\"inLanguage\":\"it-IT\",\"potentialAction\":[{\"@type\":\"ReadAction\",\"target\":[\"https:\/\/www.rijeka.hr\/it\/incontro-di-lavoro-con-lambasciatore-croato-austria-daniel-gluncic\/\"]}]},{\"@type\":\"ImageObject\",\"inLanguage\":\"it-IT\",\"@id\":\"https:\/\/www.rijeka.hr\/it\/incontro-di-lavoro-con-lambasciatore-croato-austria-daniel-gluncic\/#primaryimage\",\"url\":\"https:\/\/www.rijeka.hr\/it\/wp-content\/uploads\/sites\/3\/2022\/10\/Radni-sastanak-s-veleposlanikom-RH-u-Austriji-3-900x600.jpg\",\"contentUrl\":\"https:\/\/www.rijeka.hr\/it\/wp-content\/uploads\/sites\/3\/2022\/10\/Radni-sastanak-s-veleposlanikom-RH-u-Austriji-3-900x600.jpg\",\"width\":900,\"height\":600},{\"@type\":\"BreadcrumbList\",\"@id\":\"https:\/\/www.rijeka.hr\/it\/incontro-di-lavoro-con-lambasciatore-croato-austria-daniel-gluncic\/#breadcrumb\",\"itemListElement\":[{\"@type\":\"ListItem\",\"position\":1,\"name\":\"Po\u010detna stranica\",\"item\":\"https:\/\/www.rijeka.hr\/it\/\"},{\"@type\":\"ListItem\",\"position\":2,\"name\":\"Incontro di lavoro con l&#8217;ambasciatore croato in Austria, Daniel Glun\u010di\u0107\"}]},{\"@type\":\"WebSite\",\"@id\":\"https:\/\/www.rijeka.hr\/it\/#website\",\"url\":\"https:\/\/www.rijeka.hr\/it\/\",\"name\":\"Citt\u00e0 di Fiume\",\"description\":\"Portale web della Citta&#039; di Fiume\",\"potentialAction\":[{\"@type\":\"SearchAction\",\"target\":{\"@type\":\"EntryPoint\",\"urlTemplate\":\"https:\/\/www.rijeka.hr\/it\/?s={search_term_string}\"},\"query-input\":{\"@type\":\"PropertyValueSpecification\",\"valueRequired\":true,\"valueName\":\"search_term_string\"}}],\"inLanguage\":\"it-IT\"},{\"@type\":\"Person\",\"@id\":\"https:\/\/www.rijeka.hr\/it\/#\/schema\/person\/f944eacc70b6a69bc142d9389862b37b\",\"name\":\"sradovic\",\"image\":{\"@type\":\"ImageObject\",\"inLanguage\":\"it-IT\",\"@id\":\"https:\/\/www.rijeka.hr\/it\/#\/schema\/person\/image\/\",\"url\":\"https:\/\/secure.gravatar.com\/avatar\/d438b95983d528813c6fe2e5812a4188?s=96&d=mm&r=g\",\"contentUrl\":\"https:\/\/secure.gravatar.com\/avatar\/d438b95983d528813c6fe2e5812a4188?s=96&d=mm&r=g\",\"caption\":\"sradovic\"},\"url\":\"https:\/\/www.rijeka.hr\/it\/author\/sradovic\/\"}]}<\/script>\n<!-- \/ Yoast SEO plugin. -->","yoast_head_json":{"title":"Incontro di lavoro con l'ambasciatore croato in Austria, Daniel Glun\u010di\u0107 - Citt\u00e0 di Fiume","robots":{"index":"index","follow":"follow","max-snippet":"max-snippet:-1","max-image-preview":"max-image-preview:large","max-video-preview":"max-video-preview:-1"},"canonical":"https:\/\/www.rijeka.hr\/it\/incontro-di-lavoro-con-lambasciatore-croato-austria-daniel-gluncic\/","og_locale":"it_IT","og_type":"article","og_title":"Incontro di lavoro con l'ambasciatore croato in Austria, Daniel Glun\u010di\u0107 - Citt\u00e0 di Fiume","og_description":"I vicesindaci di Fiume Sandra Krpan e Goran Pal\u010devski hanno tenuto un incontro di lavoro con l'ambasciatore della Repubblica di Croazia in Austria S.E. Daniel Glun\u010di\u0107.","og_url":"https:\/\/www.rijeka.hr\/it\/incontro-di-lavoro-con-lambasciatore-croato-austria-daniel-gluncic\/","og_site_name":"Citt\u00e0 di Fiume","article_published_time":"2022-10-07T07:59:38+00:00","article_modified_time":"2022-10-10T08:06:50+00:00","og_image":[{"width":900,"height":600,"url":"https:\/\/www.rijeka.hr\/it\/wp-content\/uploads\/sites\/3\/2022\/10\/Radni-sastanak-s-veleposlanikom-RH-u-Austriji-3-900x600.jpg","type":"image\/jpeg"}],"author":"sradovic","twitter_card":"summary_large_image","twitter_misc":{"Written by":"sradovic","Est. reading time":"2 minutes"},"schema":{"@context":"https:\/\/schema.org","@graph":[{"@type":"WebPage","@id":"https:\/\/www.rijeka.hr\/it\/incontro-di-lavoro-con-lambasciatore-croato-austria-daniel-gluncic\/","url":"https:\/\/www.rijeka.hr\/it\/incontro-di-lavoro-con-lambasciatore-croato-austria-daniel-gluncic\/","name":"Incontro di lavoro con l'ambasciatore croato in Austria, Daniel Glun\u010di\u0107 - Citt\u00e0 di Fiume","isPartOf":{"@id":"https:\/\/www.rijeka.hr\/it\/#website"},"primaryImageOfPage":{"@id":"https:\/\/www.rijeka.hr\/it\/incontro-di-lavoro-con-lambasciatore-croato-austria-daniel-gluncic\/#primaryimage"},"image":{"@id":"https:\/\/www.rijeka.hr\/it\/incontro-di-lavoro-con-lambasciatore-croato-austria-daniel-gluncic\/#primaryimage"},"thumbnailUrl":"https:\/\/www.rijeka.hr\/it\/wp-content\/uploads\/sites\/3\/2022\/10\/Radni-sastanak-s-veleposlanikom-RH-u-Austriji-3-900x600.jpg","datePublished":"2022-10-07T07:59:38+00:00","dateModified":"2022-10-10T08:06:50+00:00","author":{"@id":"https:\/\/www.rijeka.hr\/it\/#\/schema\/person\/f944eacc70b6a69bc142d9389862b37b"},"breadcrumb":{"@id":"https:\/\/www.rijeka.hr\/it\/incontro-di-lavoro-con-lambasciatore-croato-austria-daniel-gluncic\/#breadcrumb"},"inLanguage":"it-IT","potentialAction":[{"@type":"ReadAction","target":["https:\/\/www.rijeka.hr\/it\/incontro-di-lavoro-con-lambasciatore-croato-austria-daniel-gluncic\/"]}]},{"@type":"ImageObject","inLanguage":"it-IT","@id":"https:\/\/www.rijeka.hr\/it\/incontro-di-lavoro-con-lambasciatore-croato-austria-daniel-gluncic\/#primaryimage","url":"https:\/\/www.rijeka.hr\/it\/wp-content\/uploads\/sites\/3\/2022\/10\/Radni-sastanak-s-veleposlanikom-RH-u-Austriji-3-900x600.jpg","contentUrl":"https:\/\/www.rijeka.hr\/it\/wp-content\/uploads\/sites\/3\/2022\/10\/Radni-sastanak-s-veleposlanikom-RH-u-Austriji-3-900x600.jpg","width":900,"height":600},{"@type":"BreadcrumbList","@id":"https:\/\/www.rijeka.hr\/it\/incontro-di-lavoro-con-lambasciatore-croato-austria-daniel-gluncic\/#breadcrumb","itemListElement":[{"@type":"ListItem","position":1,"name":"Po\u010detna stranica","item":"https:\/\/www.rijeka.hr\/it\/"},{"@type":"ListItem","position":2,"name":"Incontro di lavoro con l&#8217;ambasciatore croato in Austria, Daniel Glun\u010di\u0107"}]},{"@type":"WebSite","@id":"https:\/\/www.rijeka.hr\/it\/#website","url":"https:\/\/www.rijeka.hr\/it\/","name":"Citt\u00e0 di Fiume","description":"Portale web della Citta&#039; di Fiume","potentialAction":[{"@type":"SearchAction","target":{"@type":"EntryPoint","urlTemplate":"https:\/\/www.rijeka.hr\/it\/?s={search_term_string}"},"query-input":{"@type":"PropertyValueSpecification","valueRequired":true,"valueName":"search_term_string"}}],"inLanguage":"it-IT"},{"@type":"Person","@id":"https:\/\/www.rijeka.hr\/it\/#\/schema\/person\/f944eacc70b6a69bc142d9389862b37b","name":"sradovic","image":{"@type":"ImageObject","inLanguage":"it-IT","@id":"https:\/\/www.rijeka.hr\/it\/#\/schema\/person\/image\/","url":"https:\/\/secure.gravatar.com\/avatar\/d438b95983d528813c6fe2e5812a4188?s=96&d=mm&r=g","contentUrl":"https:\/\/secure.gravatar.com\/avatar\/d438b95983d528813c6fe2e5812a4188?s=96&d=mm&r=g","caption":"sradovic"},"url":"https:\/\/www.rijeka.hr\/it\/author\/sradovic\/"}]}},"_links":{"self":[{"href":"https:\/\/www.rijeka.hr\/it\/wp-json\/wp\/v2\/posts\/15972","targetHints":{"allow":["GET"]}}],"collection":[{"href":"https:\/\/www.rijeka.hr\/it\/wp-json\/wp\/v2\/posts"}],"about":[{"href":"https:\/\/www.rijeka.hr\/it\/wp-json\/wp\/v2\/types\/post"}],"author":[{"embeddable":true,"href":"https:\/\/www.rijeka.hr\/it\/wp-json\/wp\/v2\/users\/8"}],"replies":[{"embeddable":true,"href":"https:\/\/www.rijeka.hr\/it\/wp-json\/wp\/v2\/comments?post=15972"}],"version-history":[{"count":3,"href":"https:\/\/www.rijeka.hr\/it\/wp-json\/wp\/v2\/posts\/15972\/revisions"}],"predecessor-version":[{"id":15979,"href":"https:\/\/www.rijeka.hr\/it\/wp-json\/wp\/v2\/posts\/15972\/revisions\/15979"}],"wp:featuredmedia":[{"embeddable":true,"href":"https:\/\/www.rijeka.hr\/it\/wp-json\/wp\/v2\/media\/15975"}],"wp:attachment":[{"href":"https:\/\/www.rijeka.hr\/it\/wp-json\/wp\/v2\/media?parent=15972"}],"wp:term":[{"taxonomy":"category","embeddable":true,"href":"https:\/\/www.rijeka.hr\/it\/wp-json\/wp\/v2\/categories?post=15972"},{"taxonomy":"post_tag","embeddable":true,"href":"https:\/\/www.rijeka.hr\/it\/wp-json\/wp\/v2\/tags?post=15972"}],"curies":[{"name":"wp","href":"https:\/\/api.w.org\/{rel}","templated":true}]}}