{"id":16101,"date":"2022-10-20T10:43:47","date_gmt":"2022-10-20T08:43:47","guid":{"rendered":"https:\/\/www.rijeka.hr\/it\/?p=16101"},"modified":"2022-10-21T10:57:19","modified_gmt":"2022-10-21T08:57:19","slug":"annunciato-un-nuovo-aumento-dei-diritti-materiali-dei-dipendenti-nelle-scuole-dellinfanzia-della-citta-di-fiume","status":"publish","type":"post","link":"https:\/\/www.rijeka.hr\/it\/annunciato-un-nuovo-aumento-dei-diritti-materiali-dei-dipendenti-nelle-scuole-dellinfanzia-della-citta-di-fiume\/","title":{"rendered":"Annunciato un nuovo aumento dei diritti materiali dei dipendenti delle scuole dell\u2019infanzia della Citt\u00e0 di Fiume"},"content":{"rendered":"<p>Il sindaco di Fiume, Marko Filipovi\u0107, e Sanda Su\u0161anj, a capo del Dipartimento per l&#8217;educazione e l\u2019istruzione, hanno parlato dell&#8217;aumento dei diritti materiali, nonch\u00e9 della costruzione di una nuova scuola dell\u2019infanzia o dell&#8217;ampliamento di una scuola dell\u2019infanzia esistente.<\/p>\n<p>&#8220;Durante lo scorso anno pedagogico 2021\/2022, la Citt\u00e0 di Fiume ha pi\u00f9 volte aumentato i diritti materiali di tutti i dipendenti impiegati nelle scuole dell\u2019infanzia della Citt\u00e0 di Fiume, stanziando un importo di circa 5.700.000,00 kune in pi\u00f9 rispetto all&#8217;anno precedente. Inoltre, va notato che presto inizier\u00e0 la contrattazione collettiva per la conclusione di un nuovo contratto collettivo, che si adoperer\u00e0 ulteriormente per migliorare i diritti materiali di tutti i dipendenti delle scuole dell\u2019infanzia della Citt\u00e0 di Fiume per elevare la valorizzazione del lavoro di questi dipendenti, che sono molto importanti per la nostra citt\u00e0 e la societ\u00e0 nel complesso. Secondo il piano attuale, nel 2023, rispetto al 2022, le scuole dell\u2019infanzia della Citt\u00e0 di Fiume hanno pianificato le spese per gli stipendi per il lavoro regolare e i contributi per l&#8217;assicurazione sanitaria obbligatoria con un aumento di 6.468.263,00 kune. Nel 2024, rispetto al 2022, il piano per queste spese \u00e8 stato aumentato di 7.402.714,00 kune e nel 2025, rispetto al 2022, di 8.045.105,00 kune. Nel calcolo \u00e8 stata presa in considerazione la base per il calcolo dei salari nelle scuole elementari pari a 6.286,29 kune, in vista dell&#8217;obbligo legale di perequazione della base delle scuole dell\u2019infanzia e quelle elementari, la contrattazione collettiva per la conclusione di un nuovo contratto collettivo andr\u00e0 in questa direzione,\u201d ha detto il sindaco Filipovi\u0107.<\/p>\n<p>In tre istituzioni d\u2019asilo, l&#8217;ente Asilo di Fiume, l&#8217;Asilo &#8220;More&#8221; e l&#8217;Asilo &#8220;Su\u0161ak&#8221; sono impiegati 648 dipendenti.<\/p>\n<p>Come sottolineato dal sindaco, negli ultimi due anni pedagogici sono stati fatti grandi sforzi per garantire nuovi posti nelle scuole dell\u2019infanzia fiumane, in particolare nei gruppi di asilo nido.<\/p>\n<p>Nell&#8217;anno pedagogico 2021\/2022 sono stati aperti 2 nuovi gruppi educativi. L\u2019importo complessivo di 536.000,00 kune \u00e8 stato speso per attrezzare gli spazi per nuovi gruppi. Nell&#8217;anno pedagogico 2022\/2023 sono stati aperti 6 nuovi gruppi educativi. A seguito dell&#8217;apertura dei nuovi gruppi educativi, sono stati assunti 9 nuovi dipendenti, di cui 2 riabilitatori-educatori, 5 educatori, 1 assistente di cura e accompagnamento e 1 aiuto cuoco.<\/p>\n<p>Per attrezzare gli spazio dei nuovi gruppi sono state spese complessivamente 350.000 kune.<\/p>\n<p>Nell&#8217;anno pedagogico 2022\/2023, in tutti e tre gli enti asilo cittadini sono iscritti 3.021 bambini, di cui 751 bambini in et\u00e0 di asilo nido e 2.270 bambini in et\u00e0 di asilo.<\/p>\n<p>Come ha sottolineato la capodipartimento Su\u0161anj, durante i due anni pedagogici le liste di attesa sono notevolmente diminuite, di circa 200 posti. Sono state predisposte due nuove strutture per i gruppi di asilo nido, uno spazio all&#8217;interno della Scuola elementare \u201cKozala\u201d e lo spazio a Baredice, mentre gli altri gruppi recentemente aperti sono sistemati nelle strutture esistenti.<\/p>\n<p>Il sindaco ha inoltre comunicato l\u2019informazione sull&#8217;adozione di entrambe le candidature per sovvenzioni a fondo perduto dedicate alla costruzione di un nuovo asilo nido a Krnjevo in collaborazione con l&#8217;Unione Italiana, nonch\u00e9 per l&#8217;ampliamento della succursale Galeb, per cui la Citt\u00e0 di Fiume ha partecipato all\u2019invito pubblico sulla base del Piano nazionale di ripresa e resilienza.<\/p>\n<p>Sulla base dell\u2019invito pubblico per l\u2019assegnazione di sovvenzioni a fondo perduto per la costruzione, l&#8217;ampliamento, la ricostruzione e l&#8217;attrezzamento delle istituzioni prescolastiche indetto dal Ministero della Scienza e dell&#8217;Istruzione, e in conformit\u00e0 al Piano nazionale di ripresa e resilienza, nel mese di giugno 2022, con l&#8217;obiettivo di aumentare la capacit\u00e0, la Citt\u00e0 di Fiume ha presentato le domande per questi due edifici prescolastici.<\/p>\n<p>&#8220;Per la costruzione e l&#8217;attrezzamento della scuola dell\u2019infanzia \u201cKrnjevo\u201d, in cui verranno aperti 5 nuovi gruppi, ovvero 2 gruppi di asilo nido e 3 gruppi di asilo che ospiter\u00e0 84 bambini, abbiamo ricevuto una sovvenzione a fondo perduto nell&#8217;importo di 6.840.000,00 kune. Per quanto riguarda l\u2019ampliamento dell&#8217;asilo Galeb, \u00e8 stata assegnata una sovvenzione nell\u2019 importo di 2.448.000,00 kune. Dopo l\u2019ampliamento dell&#8217;edificio saranno formati due gruppi di asilo nido per 24 bambini&#8221;, ha affermato Filipovi\u0107 e ha aggiunto che il Piano nazionale di ripresa e resilienza prevede che entrambe le strutture saranno ultimate entro il 30 giugno 2026, ma ritiene che i lavori possano essere completati anche prima del termine.<\/p>\n<p>La capodipartimento Sanda Su\u0161anj ha sottolineato che \u00e8 consapevole della mancanza di personale professionale nel campo dell&#8217;istruzione prescolare. &#8220;Si tratta di una professione che \u00e8 ogni anno inclusa nell&#8217;elenco delle borse di studio della Citt\u00e0 di Fiume, che vengono assegnate secondo il criterio della professione deficitaria. Questo concorso \u00e8 attualmente in corso e del numero totale di posti vacanti, 7 borse di studio saranno assegnate a studenti del corso di istruzione prescolare&#8221;, ha sottolineato Su\u0161anj.<\/p>\n","protected":false},"excerpt":{"rendered":"<p>Dopo l\u2019aumento della base salariale in diverse occasioni nel corso del 2022, dal 1 gennaio 2023 i diritti materiali dei dipendenti delle scuole dell\u2019infanzia cittadine aumenteranno di nuovo.<\/p>\n","protected":false},"author":89,"featured_media":16106,"comment_status":"open","ping_status":"open","sticky":false,"template":"","format":"standard","meta":{"_acf_changed":false,"_trash_the_other_posts":false,"footnotes":"","_links_to":"","_links_to_target":""},"categories":[976],"tags":[1829,1830,1831,1004],"class_list":["post-16101","post","type-post","status-publish","format-standard","has-post-thumbnail","hentry","category-articoli","tag-aumento-dei-diritti-materiali","tag-educatori","tag-piano-nazionale-di-ripresa-e-resilienza","tag-scuole-dellinfanzia"],"acf":[],"yoast_head":"<!-- This site is optimized with the Yoast SEO plugin v24.4 - https:\/\/yoast.com\/wordpress\/plugins\/seo\/ -->\n<title>Annunciato un nuovo aumento dei diritti materiali dei dipendenti delle scuole dell\u2019infanzia della Citt\u00e0 di Fiume - Citt\u00e0 di Fiume<\/title>\n<meta name=\"robots\" content=\"index, follow, max-snippet:-1, max-image-preview:large, max-video-preview:-1\" \/>\n<link rel=\"canonical\" href=\"https:\/\/www.rijeka.hr\/it\/annunciato-un-nuovo-aumento-dei-diritti-materiali-dei-dipendenti-nelle-scuole-dellinfanzia-della-citta-di-fiume\/\" \/>\n<meta property=\"og:locale\" content=\"it_IT\" \/>\n<meta property=\"og:type\" content=\"article\" \/>\n<meta property=\"og:title\" content=\"Annunciato un nuovo aumento dei diritti materiali dei dipendenti delle scuole dell\u2019infanzia della Citt\u00e0 di Fiume - Citt\u00e0 di Fiume\" \/>\n<meta property=\"og:description\" content=\"Dopo l\u2019aumento della base salariale in diverse occasioni nel corso del 2022, dal 1 gennaio 2023 i diritti materiali dei dipendenti delle scuole dell\u2019infanzia cittadine aumenteranno di nuovo.\" \/>\n<meta property=\"og:url\" content=\"https:\/\/www.rijeka.hr\/it\/annunciato-un-nuovo-aumento-dei-diritti-materiali-dei-dipendenti-nelle-scuole-dellinfanzia-della-citta-di-fiume\/\" \/>\n<meta property=\"og:site_name\" content=\"Citt\u00e0 di Fiume\" \/>\n<meta property=\"article:published_time\" content=\"2022-10-20T08:43:47+00:00\" \/>\n<meta property=\"article:modified_time\" content=\"2022-10-21T08:57:19+00:00\" \/>\n<meta property=\"og:image\" content=\"https:\/\/www.rijeka.hr\/it\/wp-content\/uploads\/sites\/3\/2022\/10\/Najava-novog-pove\u0107anja-materijalnih-prava-zaposlenih-u-gradskim-vrti\u0107ima_press-901x600.jpg\" \/>\n\t<meta property=\"og:image:width\" content=\"901\" \/>\n\t<meta property=\"og:image:height\" content=\"600\" \/>\n\t<meta property=\"og:image:type\" content=\"image\/jpeg\" \/>\n<meta name=\"author\" content=\"mbembic\" \/>\n<meta name=\"twitter:card\" content=\"summary_large_image\" \/>\n<meta name=\"twitter:label1\" content=\"Written by\" \/>\n\t<meta name=\"twitter:data1\" content=\"mbembic\" \/>\n\t<meta name=\"twitter:label2\" content=\"Est. reading time\" \/>\n\t<meta name=\"twitter:data2\" content=\"4 minutes\" \/>\n<script type=\"application\/ld+json\" class=\"yoast-schema-graph\">{\"@context\":\"https:\/\/schema.org\",\"@graph\":[{\"@type\":\"WebPage\",\"@id\":\"https:\/\/www.rijeka.hr\/it\/annunciato-un-nuovo-aumento-dei-diritti-materiali-dei-dipendenti-nelle-scuole-dellinfanzia-della-citta-di-fiume\/\",\"url\":\"https:\/\/www.rijeka.hr\/it\/annunciato-un-nuovo-aumento-dei-diritti-materiali-dei-dipendenti-nelle-scuole-dellinfanzia-della-citta-di-fiume\/\",\"name\":\"Annunciato un nuovo aumento dei diritti materiali dei dipendenti delle scuole dell\u2019infanzia della Citt\u00e0 di Fiume - Citt\u00e0 di Fiume\",\"isPartOf\":{\"@id\":\"https:\/\/www.rijeka.hr\/it\/#website\"},\"primaryImageOfPage\":{\"@id\":\"https:\/\/www.rijeka.hr\/it\/annunciato-un-nuovo-aumento-dei-diritti-materiali-dei-dipendenti-nelle-scuole-dellinfanzia-della-citta-di-fiume\/#primaryimage\"},\"image\":{\"@id\":\"https:\/\/www.rijeka.hr\/it\/annunciato-un-nuovo-aumento-dei-diritti-materiali-dei-dipendenti-nelle-scuole-dellinfanzia-della-citta-di-fiume\/#primaryimage\"},\"thumbnailUrl\":\"https:\/\/www.rijeka.hr\/it\/wp-content\/uploads\/sites\/3\/2022\/10\/Najava-novog-pove\u0107anja-materijalnih-prava-zaposlenih-u-gradskim-vrti\u0107ima_press-901x600.jpg\",\"datePublished\":\"2022-10-20T08:43:47+00:00\",\"dateModified\":\"2022-10-21T08:57:19+00:00\",\"author\":{\"@id\":\"https:\/\/www.rijeka.hr\/it\/#\/schema\/person\/c6f2fe4ba52af1df0e9a2b0a22d63cc0\"},\"breadcrumb\":{\"@id\":\"https:\/\/www.rijeka.hr\/it\/annunciato-un-nuovo-aumento-dei-diritti-materiali-dei-dipendenti-nelle-scuole-dellinfanzia-della-citta-di-fiume\/#breadcrumb\"},\"inLanguage\":\"it-IT\",\"potentialAction\":[{\"@type\":\"ReadAction\",\"target\":[\"https:\/\/www.rijeka.hr\/it\/annunciato-un-nuovo-aumento-dei-diritti-materiali-dei-dipendenti-nelle-scuole-dellinfanzia-della-citta-di-fiume\/\"]}]},{\"@type\":\"ImageObject\",\"inLanguage\":\"it-IT\",\"@id\":\"https:\/\/www.rijeka.hr\/it\/annunciato-un-nuovo-aumento-dei-diritti-materiali-dei-dipendenti-nelle-scuole-dellinfanzia-della-citta-di-fiume\/#primaryimage\",\"url\":\"https:\/\/www.rijeka.hr\/it\/wp-content\/uploads\/sites\/3\/2022\/10\/Najava-novog-pove\u0107anja-materijalnih-prava-zaposlenih-u-gradskim-vrti\u0107ima_press-901x600.jpg\",\"contentUrl\":\"https:\/\/www.rijeka.hr\/it\/wp-content\/uploads\/sites\/3\/2022\/10\/Najava-novog-pove\u0107anja-materijalnih-prava-zaposlenih-u-gradskim-vrti\u0107ima_press-901x600.jpg\",\"width\":901,\"height\":600},{\"@type\":\"BreadcrumbList\",\"@id\":\"https:\/\/www.rijeka.hr\/it\/annunciato-un-nuovo-aumento-dei-diritti-materiali-dei-dipendenti-nelle-scuole-dellinfanzia-della-citta-di-fiume\/#breadcrumb\",\"itemListElement\":[{\"@type\":\"ListItem\",\"position\":1,\"name\":\"Po\u010detna stranica\",\"item\":\"https:\/\/www.rijeka.hr\/it\/\"},{\"@type\":\"ListItem\",\"position\":2,\"name\":\"Annunciato un nuovo aumento dei diritti materiali dei dipendenti delle scuole dell\u2019infanzia della Citt\u00e0 di Fiume\"}]},{\"@type\":\"WebSite\",\"@id\":\"https:\/\/www.rijeka.hr\/it\/#website\",\"url\":\"https:\/\/www.rijeka.hr\/it\/\",\"name\":\"Citt\u00e0 di Fiume\",\"description\":\"Portale web della Citta&#039; di Fiume\",\"potentialAction\":[{\"@type\":\"SearchAction\",\"target\":{\"@type\":\"EntryPoint\",\"urlTemplate\":\"https:\/\/www.rijeka.hr\/it\/?s={search_term_string}\"},\"query-input\":{\"@type\":\"PropertyValueSpecification\",\"valueRequired\":true,\"valueName\":\"search_term_string\"}}],\"inLanguage\":\"it-IT\"},{\"@type\":\"Person\",\"@id\":\"https:\/\/www.rijeka.hr\/it\/#\/schema\/person\/c6f2fe4ba52af1df0e9a2b0a22d63cc0\",\"name\":\"mbembic\",\"image\":{\"@type\":\"ImageObject\",\"inLanguage\":\"it-IT\",\"@id\":\"https:\/\/www.rijeka.hr\/it\/#\/schema\/person\/image\/\",\"url\":\"https:\/\/secure.gravatar.com\/avatar\/3ce3ce6ed89053defb3e592d3a5f1f9f?s=96&d=mm&r=g\",\"contentUrl\":\"https:\/\/secure.gravatar.com\/avatar\/3ce3ce6ed89053defb3e592d3a5f1f9f?s=96&d=mm&r=g\",\"caption\":\"mbembic\"},\"sameAs\":[\"https:\/\/www.rijeka.hr\/\"],\"url\":\"https:\/\/www.rijeka.hr\/it\/author\/mbembic\/\"}]}<\/script>\n<!-- \/ Yoast SEO plugin. -->","yoast_head_json":{"title":"Annunciato un nuovo aumento dei diritti materiali dei dipendenti delle scuole dell\u2019infanzia della Citt\u00e0 di Fiume - Citt\u00e0 di Fiume","robots":{"index":"index","follow":"follow","max-snippet":"max-snippet:-1","max-image-preview":"max-image-preview:large","max-video-preview":"max-video-preview:-1"},"canonical":"https:\/\/www.rijeka.hr\/it\/annunciato-un-nuovo-aumento-dei-diritti-materiali-dei-dipendenti-nelle-scuole-dellinfanzia-della-citta-di-fiume\/","og_locale":"it_IT","og_type":"article","og_title":"Annunciato un nuovo aumento dei diritti materiali dei dipendenti delle scuole dell\u2019infanzia della Citt\u00e0 di Fiume - Citt\u00e0 di Fiume","og_description":"Dopo l\u2019aumento della base salariale in diverse occasioni nel corso del 2022, dal 1 gennaio 2023 i diritti materiali dei dipendenti delle scuole dell\u2019infanzia cittadine aumenteranno di nuovo.","og_url":"https:\/\/www.rijeka.hr\/it\/annunciato-un-nuovo-aumento-dei-diritti-materiali-dei-dipendenti-nelle-scuole-dellinfanzia-della-citta-di-fiume\/","og_site_name":"Citt\u00e0 di Fiume","article_published_time":"2022-10-20T08:43:47+00:00","article_modified_time":"2022-10-21T08:57:19+00:00","og_image":[{"width":901,"height":600,"url":"https:\/\/www.rijeka.hr\/it\/wp-content\/uploads\/sites\/3\/2022\/10\/Najava-novog-pove\u0107anja-materijalnih-prava-zaposlenih-u-gradskim-vrti\u0107ima_press-901x600.jpg","type":"image\/jpeg"}],"author":"mbembic","twitter_card":"summary_large_image","twitter_misc":{"Written by":"mbembic","Est. reading time":"4 minutes"},"schema":{"@context":"https:\/\/schema.org","@graph":[{"@type":"WebPage","@id":"https:\/\/www.rijeka.hr\/it\/annunciato-un-nuovo-aumento-dei-diritti-materiali-dei-dipendenti-nelle-scuole-dellinfanzia-della-citta-di-fiume\/","url":"https:\/\/www.rijeka.hr\/it\/annunciato-un-nuovo-aumento-dei-diritti-materiali-dei-dipendenti-nelle-scuole-dellinfanzia-della-citta-di-fiume\/","name":"Annunciato un nuovo aumento dei diritti materiali dei dipendenti delle scuole dell\u2019infanzia della Citt\u00e0 di Fiume - Citt\u00e0 di Fiume","isPartOf":{"@id":"https:\/\/www.rijeka.hr\/it\/#website"},"primaryImageOfPage":{"@id":"https:\/\/www.rijeka.hr\/it\/annunciato-un-nuovo-aumento-dei-diritti-materiali-dei-dipendenti-nelle-scuole-dellinfanzia-della-citta-di-fiume\/#primaryimage"},"image":{"@id":"https:\/\/www.rijeka.hr\/it\/annunciato-un-nuovo-aumento-dei-diritti-materiali-dei-dipendenti-nelle-scuole-dellinfanzia-della-citta-di-fiume\/#primaryimage"},"thumbnailUrl":"https:\/\/www.rijeka.hr\/it\/wp-content\/uploads\/sites\/3\/2022\/10\/Najava-novog-pove\u0107anja-materijalnih-prava-zaposlenih-u-gradskim-vrti\u0107ima_press-901x600.jpg","datePublished":"2022-10-20T08:43:47+00:00","dateModified":"2022-10-21T08:57:19+00:00","author":{"@id":"https:\/\/www.rijeka.hr\/it\/#\/schema\/person\/c6f2fe4ba52af1df0e9a2b0a22d63cc0"},"breadcrumb":{"@id":"https:\/\/www.rijeka.hr\/it\/annunciato-un-nuovo-aumento-dei-diritti-materiali-dei-dipendenti-nelle-scuole-dellinfanzia-della-citta-di-fiume\/#breadcrumb"},"inLanguage":"it-IT","potentialAction":[{"@type":"ReadAction","target":["https:\/\/www.rijeka.hr\/it\/annunciato-un-nuovo-aumento-dei-diritti-materiali-dei-dipendenti-nelle-scuole-dellinfanzia-della-citta-di-fiume\/"]}]},{"@type":"ImageObject","inLanguage":"it-IT","@id":"https:\/\/www.rijeka.hr\/it\/annunciato-un-nuovo-aumento-dei-diritti-materiali-dei-dipendenti-nelle-scuole-dellinfanzia-della-citta-di-fiume\/#primaryimage","url":"https:\/\/www.rijeka.hr\/it\/wp-content\/uploads\/sites\/3\/2022\/10\/Najava-novog-pove\u0107anja-materijalnih-prava-zaposlenih-u-gradskim-vrti\u0107ima_press-901x600.jpg","contentUrl":"https:\/\/www.rijeka.hr\/it\/wp-content\/uploads\/sites\/3\/2022\/10\/Najava-novog-pove\u0107anja-materijalnih-prava-zaposlenih-u-gradskim-vrti\u0107ima_press-901x600.jpg","width":901,"height":600},{"@type":"BreadcrumbList","@id":"https:\/\/www.rijeka.hr\/it\/annunciato-un-nuovo-aumento-dei-diritti-materiali-dei-dipendenti-nelle-scuole-dellinfanzia-della-citta-di-fiume\/#breadcrumb","itemListElement":[{"@type":"ListItem","position":1,"name":"Po\u010detna stranica","item":"https:\/\/www.rijeka.hr\/it\/"},{"@type":"ListItem","position":2,"name":"Annunciato un nuovo aumento dei diritti materiali dei dipendenti delle scuole dell\u2019infanzia della Citt\u00e0 di Fiume"}]},{"@type":"WebSite","@id":"https:\/\/www.rijeka.hr\/it\/#website","url":"https:\/\/www.rijeka.hr\/it\/","name":"Citt\u00e0 di Fiume","description":"Portale web della Citta&#039; di Fiume","potentialAction":[{"@type":"SearchAction","target":{"@type":"EntryPoint","urlTemplate":"https:\/\/www.rijeka.hr\/it\/?s={search_term_string}"},"query-input":{"@type":"PropertyValueSpecification","valueRequired":true,"valueName":"search_term_string"}}],"inLanguage":"it-IT"},{"@type":"Person","@id":"https:\/\/www.rijeka.hr\/it\/#\/schema\/person\/c6f2fe4ba52af1df0e9a2b0a22d63cc0","name":"mbembic","image":{"@type":"ImageObject","inLanguage":"it-IT","@id":"https:\/\/www.rijeka.hr\/it\/#\/schema\/person\/image\/","url":"https:\/\/secure.gravatar.com\/avatar\/3ce3ce6ed89053defb3e592d3a5f1f9f?s=96&d=mm&r=g","contentUrl":"https:\/\/secure.gravatar.com\/avatar\/3ce3ce6ed89053defb3e592d3a5f1f9f?s=96&d=mm&r=g","caption":"mbembic"},"sameAs":["https:\/\/www.rijeka.hr\/"],"url":"https:\/\/www.rijeka.hr\/it\/author\/mbembic\/"}]}},"_links":{"self":[{"href":"https:\/\/www.rijeka.hr\/it\/wp-json\/wp\/v2\/posts\/16101","targetHints":{"allow":["GET"]}}],"collection":[{"href":"https:\/\/www.rijeka.hr\/it\/wp-json\/wp\/v2\/posts"}],"about":[{"href":"https:\/\/www.rijeka.hr\/it\/wp-json\/wp\/v2\/types\/post"}],"author":[{"embeddable":true,"href":"https:\/\/www.rijeka.hr\/it\/wp-json\/wp\/v2\/users\/89"}],"replies":[{"embeddable":true,"href":"https:\/\/www.rijeka.hr\/it\/wp-json\/wp\/v2\/comments?post=16101"}],"version-history":[{"count":4,"href":"https:\/\/www.rijeka.hr\/it\/wp-json\/wp\/v2\/posts\/16101\/revisions"}],"predecessor-version":[{"id":16109,"href":"https:\/\/www.rijeka.hr\/it\/wp-json\/wp\/v2\/posts\/16101\/revisions\/16109"}],"wp:featuredmedia":[{"embeddable":true,"href":"https:\/\/www.rijeka.hr\/it\/wp-json\/wp\/v2\/media\/16106"}],"wp:attachment":[{"href":"https:\/\/www.rijeka.hr\/it\/wp-json\/wp\/v2\/media?parent=16101"}],"wp:term":[{"taxonomy":"category","embeddable":true,"href":"https:\/\/www.rijeka.hr\/it\/wp-json\/wp\/v2\/categories?post=16101"},{"taxonomy":"post_tag","embeddable":true,"href":"https:\/\/www.rijeka.hr\/it\/wp-json\/wp\/v2\/tags?post=16101"}],"curies":[{"name":"wp","href":"https:\/\/api.w.org\/{rel}","templated":true}]}}