{"id":16120,"date":"2022-10-22T10:57:28","date_gmt":"2022-10-22T08:57:28","guid":{"rendered":"https:\/\/www.rijeka.hr\/it\/?p=16120"},"modified":"2022-10-24T11:03:38","modified_gmt":"2022-10-24T09:03:38","slug":"incontro-di-lavoro-dei-sindaci-di-fiume-e-zagabria-marko-filipovic-e-tomislav-tomasevic","status":"publish","type":"post","link":"https:\/\/www.rijeka.hr\/it\/incontro-di-lavoro-dei-sindaci-di-fiume-e-zagabria-marko-filipovic-e-tomislav-tomasevic\/","title":{"rendered":"Incontro di lavoro dei sindaci di Fiume e Zagabria, Marko Filipovi\u0107 e Tomislav Toma\u0161evi\u0107"},"content":{"rendered":"<p>I rappresentanti della Citt\u00e0 di Zagabria a Fiume partecipano alla conferenza annuale dell&#8217;Accademia per lo sviluppo politico e, come parte del loro soggiorno, si \u00e8 tenuto l\u2019incontro di lavoro con i rappresentanti della Citt\u00e0 di Fiume. Durante l\u2019incontro si \u00e8 discusso, tra l&#8217;altro, dell\u2019edilizia abitativa a prezzi abbordabili, della crisi energetica e del suo impatto sui bilanci delle unit\u00e0 di autogoverno locale, dello smaltimento dei rifiuti, dei grandi progetti infrastrutturali, dei programmi di educazione prescolare e dei programmi di educazione civica, nonch\u00e9 dell&#8217;attuale crisi migratoria. Durante l&#8217;incontro di lavoro \u00e8 stata concordata anche una serie di incontri operativi, al fine di concordare un&#8217;ulteriore cooperazione e una comparizione congiunta davanti alle autorit\u00e0 statali competenti sui problemi comuni che affrontano Fiume e Zagabria.<\/p>\n<p>Il sindaco di Fiume, Filipovi\u0107, ha espresso la sua soddisfazione per il fatto che il sindaco di Zagabria ha fatto visita all&#8217;amministrazione cittadina di Fiume.<\/p>\n<div id=\"attachment_16125\" class=\"wp-caption alignleft\"><img loading=\"lazy\" decoding=\"async\" width=\"600\" height=\"400\" class=\"wp-image-16125 size-medium\" src=\"https:\/\/www.rijeka.hr\/it\/wp-content\/uploads\/sites\/3\/2022\/10\/Radni-sastanak-gradona\u010delnika-Rijeke-i-Zagreba-1-600x400-600x400.jpg\" alt=\"\" \/><p class=\"wp-caption-text\">Incontro di lavoro dei sindaci di Fiume e Zagabria, Marko Filipovi\u0107 e Tomislav Toma\u0161evi\u0107<\/p><\/div>\n<p>&#8220;Abbiamo toccato molti argomenti che infastidiscono i nostri concittadini, in primis i prezzi dell&#8217;energia e l\u2019edilizia abitativa a prezzi abbordabili. Verso la met\u00e0 dell\u2019anno a Fiume si \u00e8 tenuta una grande conferenza, nel corso della quale abbiamo definito la direzione che vogliamo seguire, ovvero che vogliamo trovare un modo con partner privati per consentire alle giovani famiglie di affittare appartamenti. Riconoscendo gli sforzi investiti nel programma di edilizia abitativa sovvenzionata, pensiamo che questo programma non sia sufficiente per risolvere il problema abitativo dei giovani, che si perpetua in modo tale che le giovani famiglie non possono n\u00e9 acquistare n\u00e9 affittare un appartamento a prezzi accessibili. Questo \u00e8 un aspetto di cui ci occuperemo in futuro, e da qui parte l&#8217;iniziativa congiunta verso i ministeri competenti e gli organi statali competenti di trovare un linguaggio comune, preferibilmente seguendo il modello austriaco, dove l&#8217;edilizia abitativa a prezzi abbordabili sia risolta in modo soddisfacente\u201d, ha affermato il sindaco Filipovi\u0107.<\/p>\n<p>Il sindaco ha sottolineato che durante l&#8217;incontro si sono discusse le sfida che entrambe le citt\u00e0 affrontano, vale a dire garantire capacit\u00e0 sufficienti negli asili nido e nelle scuole dell\u2019infanzia. Inoltre, durante l&#8217;incontro sono stati confrontati i modelli di educazione civica attuati a Fiume e a Zagabria. Esprimendo la sua soddisfazione per il fatto che da Fiume si sta diffondendo il programma di educazione civica in tutta la Croazia, il sindaco Filipovi\u0107 ha sottolineato che la soluzione pi\u00f9 ottimale sarebbe introdurre l&#8217;educazione civica come materia obbligatoria nelle scuole a livello nazionale.<\/p>\n<p>&#8220;Sono lieto che oggi da Fiume inviamo un messaggio di cooperazione tra la nostra capitale e Fiume, la terza citt\u00e0 pi\u00f9 grande e il pi\u00f9 grande porto croato. C&#8217;\u00e8 molto che ci unisce e spero che continueremo a lavorare su questo in futuro.<\/p>\n<div id=\"attachment_16126\" class=\"wp-caption alignright\"><img loading=\"lazy\" decoding=\"async\" class=\"wp-image-16126 size-medium\" src=\"https:\/\/www.rijeka.hr\/it\/wp-content\/uploads\/sites\/3\/2022\/10\/Radni-sastanak-gradona\u010delnika-Rijeke-i-Zagreba-3-900x600-1-600x400.jpg\" alt=\"\" width=\"600\" height=\"400\" srcset=\"https:\/\/www.rijeka.hr\/it\/wp-content\/uploads\/sites\/3\/2022\/10\/Radni-sastanak-gradona\u010delnika-Rijeke-i-Zagreba-3-900x600-1-600x400.jpg 600w, https:\/\/www.rijeka.hr\/it\/wp-content\/uploads\/sites\/3\/2022\/10\/Radni-sastanak-gradona\u010delnika-Rijeke-i-Zagreba-3-900x600-1-768x512.jpg 768w, https:\/\/www.rijeka.hr\/it\/wp-content\/uploads\/sites\/3\/2022\/10\/Radni-sastanak-gradona\u010delnika-Rijeke-i-Zagreba-3-900x600-1.jpg 900w\" sizes=\"(max-width: 600px) 100vw, 600px\" \/><p class=\"wp-caption-text\">DANIJELA DOLENEC, MARKO FILIPOVI\u0106, TOMISLAV TOMA\u0160EVI\u0106 E GORAN PAL\u010cEVSKI<\/p><\/div>\n<p>Il sindaco di Zagabria Toma\u0161evi\u0107 ha ringraziato per l&#8217;opportunit\u00e0 di discutere molti argomenti importanti per il funzionamento di queste due grandi citt\u00e0 durante l\u2019incontro di lavoro.<\/p>\n<p>&#8220;Volevamo sfruttare il nostro soggiorno a Fiume per un accordo di lavoro, soprattutto tenendo presente che Fiume e Zagabria hanno governi progressisti e che alcune idee e iniziative progressiste provengono da queste citt\u00e0&#8221;, ha detto il sindaco Toma\u0161evi\u0107, aggiungendo che \u00e8 molto importante che Zagabria e Fiume hanno una buona cooperazione e coordinamento.<\/p>\n<p>Parlando dell\u2019edilizia abitativa a prezzi abbordabili, il sindaco Toma\u0161evi\u0107 ha sottolineato che la Citt\u00e0 di Zagabria sta esaminando diversi modelli per assicurare appartamenti che sarebbero dati in affitto.<\/p>\n<p>&#8220;Vogliamo aprire questo argomento molto pi\u00f9 ampiamente nel pubblico croato e nel dialogo con le istituzioni statali, con l&#8217;obiettivo di ottenere finalmente una politica abitativa adeguata per il 21\u00b0 secolo, perch\u00e9 non sar\u00e0 possibile continuare cos\u00ec&#8221;. Sempre pi\u00f9 giovani famiglie non possono permettersi di acquistare un appartamento e sono condannate all&#8217;affitto, che \u00e8 sregolato e non sicuro. Questo sta diventando uno dei maggiori problemi della Croazia e uno dei maggiori problemi della politica democratica, perch\u00e9 se non siamo in grado di assicurare appartamenti a prezzi abbordabili alle giovani famiglie, non li avremo nemmeno&#8221;, ha affermato il sindaco Toma\u0161evi\u0107.<\/p>\n<p>Il sindaco Toma\u0161evi\u0107 ha sottolineato che, seguendo l&#8217;esempio di Fiume, nelle scuole elementari e secondarie di Zagabria \u00e8 in corso il programma di educazione civica, anche se secondo un modello diverso.<\/p>\n<p>All&#8217;incontro hanno partecipato anche il vicesindaco di Fiume Goran Pal\u010devski, la vicesindaca di Zagabria Danijela Dolenec, la responsabile del Dipartimento cittadino per gli affari comunali Maja Malnar, il capo del Dipartimento cittadino per l&#8217;istruzione, lo sport e i giovani di la Citt\u00e0 di Zagabria Luka Juro\u0161 e il consigliere del sindaco della Citt\u00e0 di Fiume per lo sviluppo e l&#8217;economia Nata\u0161a Zrili\u0107.<\/p>\n<p>La vicesindaca di Zagabria ha sottolineato che uno dei problemi attuali a Zagabria \u00e8 la capacit\u00e0 delle istituzioni prescolari, che cercano di risolvere con una pi\u00f9 veloce costruzione di nuove scuole dell\u2019infanzia.<\/p>\n<div id=\"attachment_16128\" class=\"wp-caption alignleft\"><img loading=\"lazy\" decoding=\"async\" class=\"wp-image-16128 size-medium\" src=\"https:\/\/www.rijeka.hr\/it\/wp-content\/uploads\/sites\/3\/2022\/10\/Radni-sastanak-gradona\u010delnika-Rijeke-i-Zagreba-2-600x400-600x400.jpg\" alt=\"\" width=\"600\" height=\"400\" \/><p class=\"wp-caption-text\">DANIJELA DOLENEC, TOMISLAV TOMA\u0160EVI\u0106 e LUKA JURO\u0160<\/p><\/div>\n<p>&#8220;La Citt\u00e0 di Zagabria \u00e8 sotto una grande pressione in termini di costruire rapidamente le capacit\u00e0 di asili e di rispondere in concomitanza alla sfida del fatto che gli educatori sono una delle professioni carenti in tutta la Croazia, specialmente nelle grandi citt\u00e0&#8221;, ha affermato Dolenec.<\/p>\n<p>Rispondendo alla domanda posta da un giornalista sulla protesta odierna a Zagabria, dove gli educatori, tra le altre cose, avvertono del sovraccarico, della mancanza di educatori e della disparit\u00e0 di stipendi, il sindaco Filipovi\u0107 ha risposto:<\/p>\n<p>&#8220;Cerchiamo certamente di trovare possibilit\u00e0 nei bilanci locali, ovviamente in accordo con le possibilit\u00e0 di bilancio, per rispondere alle richieste degli educatori. Sono consapevole del fatto che molte persone si dibattono sotto i colpi dell\u2019inflazione. Nel bilancio per il prossimo anno abbiamo assicurato 6,5 milioni di kune in pi\u00f9 rispetto a quest\u2019anno per i diritti materiali dei dipendenti negli Enti asili cittadini Fiume, More e Su\u0161ak, il che significa che 648 dipendenti possono sperare in maggiori diritti materiali. Naturalmente il processo di contrattazione collettiva \u00e8 in corso e vedremo cosa produrr\u00e0. Dal nostro punto di vista penso che abbiamo fatto un grande passo avanti, ma penso anche che sia anche una questione di disponibilit\u00e0, di programma sociale, e che ogni bambino in Croazia, indipendentemente dalla citt\u00e0 in cui vive, dovrebbe avere accesso all&#8217;istruzione prescolare, e quindi che gli educatori a livello di tutta la Croazia dovrebbero avere diritti materiali uniformi&#8221;, ha detto Filipovi\u0107.<\/p>\n<p>Il vicesindaco Pal\u010devski ha sottolineato che durante l&#8217;incontro si \u00e8 discusso inoltre dell&#8217;attuale crisi migratoria, che Fiume cerca di risolvere con la cooperazione di tutte le parti interessate.<\/p>\n<p>&#8220;Nell&#8217;ultimo mese e mezzo abbiamo testimonianza che si intensifica l&#8217;arrivo di migranti a Fiume, che arrivano in treno da Zagabria e soggiornano nella zona della stazione ferroviaria di Fiume. Siamo consapevoli che il problema non pu\u00f2 essere nascosto e che deve essere affrontato. Ieri si \u00e8 tenuto un incontro, convocato dai dirigenti delle Ferrovie Croate di Fiume, che ha riunito tutti coloro che dovrebbero essere coinvolti nel processo: le Ferrovie Croate, la Citt\u00e0 di Fiume, la Croce Rossa, l\u2019Arcidiocesi di Fiume e la Caritas, e la Questura della Regione litoraneo montana. Si \u00e8 giunti quasi all&#8217;unanimit\u00e0 alla conclusione che si dovrebbe prestare maggiore attenzione a questo problema e ieri abbiamo iniziato a concordare azioni specifiche&#8221;, ha affermato il vicesindaco Pal\u010devki.<\/p>\n<p>Si \u00e8 convenuto che a met\u00e0 della prossima settimana, in una determinata zona della stazione ferroviaria, che sar\u00e0 fisicamente separata dalla banchina ferroviaria, per evitare potenziali vittime tra migranti, saranno installati due contenitori igienici, tre unit\u00e0 sanitarie mobili, sar\u00e0 installata una cucina pubblica, acqua potabile e manutenzione igienico-sanitaria, e ulteriori contenitori per rifiuti nell&#8217;area intorno all&#8217;ex Graziani.<\/p>\n<p>Prima che tutto quanto sopra sia installato, i volontari ripuliranno i rifiuti da luned\u00ec, dopodich\u00e9 verranno implementate misure di disinsettizzazione, disinfezione e derattizzazione.<\/p>\n","protected":false},"excerpt":{"rendered":"<p>Il sindaco di Fiume Marko Filipovi\u0107 e il sindaco di Zagabria Tomislav Toma\u0161evi\u0107 hanno tenuto un incontro di lavoro a Fiume.<\/p>\n","protected":false},"author":8,"featured_media":16124,"comment_status":"open","ping_status":"open","sticky":false,"template":"","format":"standard","meta":{"_acf_changed":false,"_trash_the_other_posts":false,"footnotes":"","_links_to":"","_links_to_target":""},"categories":[976],"tags":[1839,1838,496,1407,1837],"class_list":["post-16120","post","type-post","status-publish","format-standard","has-post-thumbnail","hentry","category-articoli","tag-crisi-migratoria","tag-edilizia-abitativa-a-prezzi-abbordabili","tag-educazione-civica","tag-incontro-di-lavoro","tag-sindaco-di-zagabria-tomislav-tomasevic"],"acf":[],"yoast_head":"<!-- This site is optimized with the Yoast SEO plugin v24.4 - https:\/\/yoast.com\/wordpress\/plugins\/seo\/ -->\n<title>Incontro di lavoro dei sindaci di Fiume e Zagabria, Marko Filipovi\u0107 e Tomislav Toma\u0161evi\u0107 - Citt\u00e0 di Fiume<\/title>\n<meta name=\"robots\" content=\"index, follow, max-snippet:-1, max-image-preview:large, max-video-preview:-1\" \/>\n<link rel=\"canonical\" href=\"https:\/\/www.rijeka.hr\/it\/incontro-di-lavoro-dei-sindaci-di-fiume-e-zagabria-marko-filipovic-e-tomislav-tomasevic\/\" \/>\n<meta property=\"og:locale\" content=\"it_IT\" \/>\n<meta property=\"og:type\" content=\"article\" \/>\n<meta property=\"og:title\" content=\"Incontro di lavoro dei sindaci di Fiume e Zagabria, Marko Filipovi\u0107 e Tomislav Toma\u0161evi\u0107 - Citt\u00e0 di Fiume\" \/>\n<meta property=\"og:description\" content=\"Il sindaco di Fiume Marko Filipovi\u0107 e il sindaco di Zagabria Tomislav Toma\u0161evi\u0107 hanno tenuto un incontro di lavoro a Fiume.\" \/>\n<meta property=\"og:url\" content=\"https:\/\/www.rijeka.hr\/it\/incontro-di-lavoro-dei-sindaci-di-fiume-e-zagabria-marko-filipovic-e-tomislav-tomasevic\/\" \/>\n<meta property=\"og:site_name\" content=\"Citt\u00e0 di Fiume\" \/>\n<meta property=\"article:published_time\" content=\"2022-10-22T08:57:28+00:00\" \/>\n<meta property=\"article:modified_time\" content=\"2022-10-24T09:03:38+00:00\" \/>\n<meta property=\"og:image\" content=\"https:\/\/www.rijeka.hr\/it\/wp-content\/uploads\/sites\/3\/2022\/10\/Radni-sastanak-gradona\u010delnika-Rijeke-i-Zagreba-3-900x600.jpg\" \/>\n\t<meta property=\"og:image:width\" content=\"900\" \/>\n\t<meta property=\"og:image:height\" content=\"600\" \/>\n\t<meta property=\"og:image:type\" content=\"image\/jpeg\" \/>\n<meta name=\"author\" content=\"sradovic\" \/>\n<meta name=\"twitter:card\" content=\"summary_large_image\" \/>\n<meta name=\"twitter:label1\" content=\"Written by\" \/>\n\t<meta name=\"twitter:data1\" content=\"sradovic\" \/>\n\t<meta name=\"twitter:label2\" content=\"Est. reading time\" \/>\n\t<meta name=\"twitter:data2\" content=\"6 minutes\" \/>\n<script type=\"application\/ld+json\" class=\"yoast-schema-graph\">{\"@context\":\"https:\/\/schema.org\",\"@graph\":[{\"@type\":\"WebPage\",\"@id\":\"https:\/\/www.rijeka.hr\/it\/incontro-di-lavoro-dei-sindaci-di-fiume-e-zagabria-marko-filipovic-e-tomislav-tomasevic\/\",\"url\":\"https:\/\/www.rijeka.hr\/it\/incontro-di-lavoro-dei-sindaci-di-fiume-e-zagabria-marko-filipovic-e-tomislav-tomasevic\/\",\"name\":\"Incontro di lavoro dei sindaci di Fiume e Zagabria, Marko Filipovi\u0107 e Tomislav Toma\u0161evi\u0107 - Citt\u00e0 di Fiume\",\"isPartOf\":{\"@id\":\"https:\/\/www.rijeka.hr\/it\/#website\"},\"primaryImageOfPage\":{\"@id\":\"https:\/\/www.rijeka.hr\/it\/incontro-di-lavoro-dei-sindaci-di-fiume-e-zagabria-marko-filipovic-e-tomislav-tomasevic\/#primaryimage\"},\"image\":{\"@id\":\"https:\/\/www.rijeka.hr\/it\/incontro-di-lavoro-dei-sindaci-di-fiume-e-zagabria-marko-filipovic-e-tomislav-tomasevic\/#primaryimage\"},\"thumbnailUrl\":\"https:\/\/www.rijeka.hr\/it\/wp-content\/uploads\/sites\/3\/2022\/10\/Radni-sastanak-gradona\u010delnika-Rijeke-i-Zagreba-3-900x600.jpg\",\"datePublished\":\"2022-10-22T08:57:28+00:00\",\"dateModified\":\"2022-10-24T09:03:38+00:00\",\"author\":{\"@id\":\"https:\/\/www.rijeka.hr\/it\/#\/schema\/person\/f944eacc70b6a69bc142d9389862b37b\"},\"breadcrumb\":{\"@id\":\"https:\/\/www.rijeka.hr\/it\/incontro-di-lavoro-dei-sindaci-di-fiume-e-zagabria-marko-filipovic-e-tomislav-tomasevic\/#breadcrumb\"},\"inLanguage\":\"it-IT\",\"potentialAction\":[{\"@type\":\"ReadAction\",\"target\":[\"https:\/\/www.rijeka.hr\/it\/incontro-di-lavoro-dei-sindaci-di-fiume-e-zagabria-marko-filipovic-e-tomislav-tomasevic\/\"]}]},{\"@type\":\"ImageObject\",\"inLanguage\":\"it-IT\",\"@id\":\"https:\/\/www.rijeka.hr\/it\/incontro-di-lavoro-dei-sindaci-di-fiume-e-zagabria-marko-filipovic-e-tomislav-tomasevic\/#primaryimage\",\"url\":\"https:\/\/www.rijeka.hr\/it\/wp-content\/uploads\/sites\/3\/2022\/10\/Radni-sastanak-gradona\u010delnika-Rijeke-i-Zagreba-3-900x600.jpg\",\"contentUrl\":\"https:\/\/www.rijeka.hr\/it\/wp-content\/uploads\/sites\/3\/2022\/10\/Radni-sastanak-gradona\u010delnika-Rijeke-i-Zagreba-3-900x600.jpg\",\"width\":900,\"height\":600},{\"@type\":\"BreadcrumbList\",\"@id\":\"https:\/\/www.rijeka.hr\/it\/incontro-di-lavoro-dei-sindaci-di-fiume-e-zagabria-marko-filipovic-e-tomislav-tomasevic\/#breadcrumb\",\"itemListElement\":[{\"@type\":\"ListItem\",\"position\":1,\"name\":\"Po\u010detna stranica\",\"item\":\"https:\/\/www.rijeka.hr\/it\/\"},{\"@type\":\"ListItem\",\"position\":2,\"name\":\"Incontro di lavoro dei sindaci di Fiume e Zagabria, Marko Filipovi\u0107 e Tomislav Toma\u0161evi\u0107\"}]},{\"@type\":\"WebSite\",\"@id\":\"https:\/\/www.rijeka.hr\/it\/#website\",\"url\":\"https:\/\/www.rijeka.hr\/it\/\",\"name\":\"Citt\u00e0 di Fiume\",\"description\":\"Portale web della Citta&#039; di Fiume\",\"potentialAction\":[{\"@type\":\"SearchAction\",\"target\":{\"@type\":\"EntryPoint\",\"urlTemplate\":\"https:\/\/www.rijeka.hr\/it\/?s={search_term_string}\"},\"query-input\":{\"@type\":\"PropertyValueSpecification\",\"valueRequired\":true,\"valueName\":\"search_term_string\"}}],\"inLanguage\":\"it-IT\"},{\"@type\":\"Person\",\"@id\":\"https:\/\/www.rijeka.hr\/it\/#\/schema\/person\/f944eacc70b6a69bc142d9389862b37b\",\"name\":\"sradovic\",\"image\":{\"@type\":\"ImageObject\",\"inLanguage\":\"it-IT\",\"@id\":\"https:\/\/www.rijeka.hr\/it\/#\/schema\/person\/image\/\",\"url\":\"https:\/\/secure.gravatar.com\/avatar\/d438b95983d528813c6fe2e5812a4188?s=96&d=mm&r=g\",\"contentUrl\":\"https:\/\/secure.gravatar.com\/avatar\/d438b95983d528813c6fe2e5812a4188?s=96&d=mm&r=g\",\"caption\":\"sradovic\"},\"url\":\"https:\/\/www.rijeka.hr\/it\/author\/sradovic\/\"}]}<\/script>\n<!-- \/ Yoast SEO plugin. -->","yoast_head_json":{"title":"Incontro di lavoro dei sindaci di Fiume e Zagabria, Marko Filipovi\u0107 e Tomislav Toma\u0161evi\u0107 - Citt\u00e0 di Fiume","robots":{"index":"index","follow":"follow","max-snippet":"max-snippet:-1","max-image-preview":"max-image-preview:large","max-video-preview":"max-video-preview:-1"},"canonical":"https:\/\/www.rijeka.hr\/it\/incontro-di-lavoro-dei-sindaci-di-fiume-e-zagabria-marko-filipovic-e-tomislav-tomasevic\/","og_locale":"it_IT","og_type":"article","og_title":"Incontro di lavoro dei sindaci di Fiume e Zagabria, Marko Filipovi\u0107 e Tomislav Toma\u0161evi\u0107 - Citt\u00e0 di Fiume","og_description":"Il sindaco di Fiume Marko Filipovi\u0107 e il sindaco di Zagabria Tomislav Toma\u0161evi\u0107 hanno tenuto un incontro di lavoro a Fiume.","og_url":"https:\/\/www.rijeka.hr\/it\/incontro-di-lavoro-dei-sindaci-di-fiume-e-zagabria-marko-filipovic-e-tomislav-tomasevic\/","og_site_name":"Citt\u00e0 di Fiume","article_published_time":"2022-10-22T08:57:28+00:00","article_modified_time":"2022-10-24T09:03:38+00:00","og_image":[{"width":900,"height":600,"url":"https:\/\/www.rijeka.hr\/it\/wp-content\/uploads\/sites\/3\/2022\/10\/Radni-sastanak-gradona\u010delnika-Rijeke-i-Zagreba-3-900x600.jpg","type":"image\/jpeg"}],"author":"sradovic","twitter_card":"summary_large_image","twitter_misc":{"Written by":"sradovic","Est. reading time":"6 minutes"},"schema":{"@context":"https:\/\/schema.org","@graph":[{"@type":"WebPage","@id":"https:\/\/www.rijeka.hr\/it\/incontro-di-lavoro-dei-sindaci-di-fiume-e-zagabria-marko-filipovic-e-tomislav-tomasevic\/","url":"https:\/\/www.rijeka.hr\/it\/incontro-di-lavoro-dei-sindaci-di-fiume-e-zagabria-marko-filipovic-e-tomislav-tomasevic\/","name":"Incontro di lavoro dei sindaci di Fiume e Zagabria, Marko Filipovi\u0107 e Tomislav Toma\u0161evi\u0107 - Citt\u00e0 di Fiume","isPartOf":{"@id":"https:\/\/www.rijeka.hr\/it\/#website"},"primaryImageOfPage":{"@id":"https:\/\/www.rijeka.hr\/it\/incontro-di-lavoro-dei-sindaci-di-fiume-e-zagabria-marko-filipovic-e-tomislav-tomasevic\/#primaryimage"},"image":{"@id":"https:\/\/www.rijeka.hr\/it\/incontro-di-lavoro-dei-sindaci-di-fiume-e-zagabria-marko-filipovic-e-tomislav-tomasevic\/#primaryimage"},"thumbnailUrl":"https:\/\/www.rijeka.hr\/it\/wp-content\/uploads\/sites\/3\/2022\/10\/Radni-sastanak-gradona\u010delnika-Rijeke-i-Zagreba-3-900x600.jpg","datePublished":"2022-10-22T08:57:28+00:00","dateModified":"2022-10-24T09:03:38+00:00","author":{"@id":"https:\/\/www.rijeka.hr\/it\/#\/schema\/person\/f944eacc70b6a69bc142d9389862b37b"},"breadcrumb":{"@id":"https:\/\/www.rijeka.hr\/it\/incontro-di-lavoro-dei-sindaci-di-fiume-e-zagabria-marko-filipovic-e-tomislav-tomasevic\/#breadcrumb"},"inLanguage":"it-IT","potentialAction":[{"@type":"ReadAction","target":["https:\/\/www.rijeka.hr\/it\/incontro-di-lavoro-dei-sindaci-di-fiume-e-zagabria-marko-filipovic-e-tomislav-tomasevic\/"]}]},{"@type":"ImageObject","inLanguage":"it-IT","@id":"https:\/\/www.rijeka.hr\/it\/incontro-di-lavoro-dei-sindaci-di-fiume-e-zagabria-marko-filipovic-e-tomislav-tomasevic\/#primaryimage","url":"https:\/\/www.rijeka.hr\/it\/wp-content\/uploads\/sites\/3\/2022\/10\/Radni-sastanak-gradona\u010delnika-Rijeke-i-Zagreba-3-900x600.jpg","contentUrl":"https:\/\/www.rijeka.hr\/it\/wp-content\/uploads\/sites\/3\/2022\/10\/Radni-sastanak-gradona\u010delnika-Rijeke-i-Zagreba-3-900x600.jpg","width":900,"height":600},{"@type":"BreadcrumbList","@id":"https:\/\/www.rijeka.hr\/it\/incontro-di-lavoro-dei-sindaci-di-fiume-e-zagabria-marko-filipovic-e-tomislav-tomasevic\/#breadcrumb","itemListElement":[{"@type":"ListItem","position":1,"name":"Po\u010detna stranica","item":"https:\/\/www.rijeka.hr\/it\/"},{"@type":"ListItem","position":2,"name":"Incontro di lavoro dei sindaci di Fiume e Zagabria, Marko Filipovi\u0107 e Tomislav Toma\u0161evi\u0107"}]},{"@type":"WebSite","@id":"https:\/\/www.rijeka.hr\/it\/#website","url":"https:\/\/www.rijeka.hr\/it\/","name":"Citt\u00e0 di Fiume","description":"Portale web della Citta&#039; di Fiume","potentialAction":[{"@type":"SearchAction","target":{"@type":"EntryPoint","urlTemplate":"https:\/\/www.rijeka.hr\/it\/?s={search_term_string}"},"query-input":{"@type":"PropertyValueSpecification","valueRequired":true,"valueName":"search_term_string"}}],"inLanguage":"it-IT"},{"@type":"Person","@id":"https:\/\/www.rijeka.hr\/it\/#\/schema\/person\/f944eacc70b6a69bc142d9389862b37b","name":"sradovic","image":{"@type":"ImageObject","inLanguage":"it-IT","@id":"https:\/\/www.rijeka.hr\/it\/#\/schema\/person\/image\/","url":"https:\/\/secure.gravatar.com\/avatar\/d438b95983d528813c6fe2e5812a4188?s=96&d=mm&r=g","contentUrl":"https:\/\/secure.gravatar.com\/avatar\/d438b95983d528813c6fe2e5812a4188?s=96&d=mm&r=g","caption":"sradovic"},"url":"https:\/\/www.rijeka.hr\/it\/author\/sradovic\/"}]}},"_links":{"self":[{"href":"https:\/\/www.rijeka.hr\/it\/wp-json\/wp\/v2\/posts\/16120","targetHints":{"allow":["GET"]}}],"collection":[{"href":"https:\/\/www.rijeka.hr\/it\/wp-json\/wp\/v2\/posts"}],"about":[{"href":"https:\/\/www.rijeka.hr\/it\/wp-json\/wp\/v2\/types\/post"}],"author":[{"embeddable":true,"href":"https:\/\/www.rijeka.hr\/it\/wp-json\/wp\/v2\/users\/8"}],"replies":[{"embeddable":true,"href":"https:\/\/www.rijeka.hr\/it\/wp-json\/wp\/v2\/comments?post=16120"}],"version-history":[{"count":3,"href":"https:\/\/www.rijeka.hr\/it\/wp-json\/wp\/v2\/posts\/16120\/revisions"}],"predecessor-version":[{"id":16130,"href":"https:\/\/www.rijeka.hr\/it\/wp-json\/wp\/v2\/posts\/16120\/revisions\/16130"}],"wp:featuredmedia":[{"embeddable":true,"href":"https:\/\/www.rijeka.hr\/it\/wp-json\/wp\/v2\/media\/16124"}],"wp:attachment":[{"href":"https:\/\/www.rijeka.hr\/it\/wp-json\/wp\/v2\/media?parent=16120"}],"wp:term":[{"taxonomy":"category","embeddable":true,"href":"https:\/\/www.rijeka.hr\/it\/wp-json\/wp\/v2\/categories?post=16120"},{"taxonomy":"post_tag","embeddable":true,"href":"https:\/\/www.rijeka.hr\/it\/wp-json\/wp\/v2\/tags?post=16120"}],"curies":[{"name":"wp","href":"https:\/\/api.w.org\/{rel}","templated":true}]}}