{"id":16131,"date":"2022-10-21T11:29:16","date_gmt":"2022-10-21T09:29:16","guid":{"rendered":"https:\/\/www.rijeka.hr\/it\/?p=16131"},"modified":"2022-10-25T15:28:59","modified_gmt":"2022-10-25T13:28:59","slug":"mostra-dei-progetti-che-concorrevano-per-il-centro-secondario-cittadino-rujevica-e-una-tavola-rotonda","status":"publish","type":"post","link":"https:\/\/www.rijeka.hr\/it\/mostra-dei-progetti-che-concorrevano-per-il-centro-secondario-cittadino-rujevica-e-una-tavola-rotonda\/","title":{"rendered":"Mostra dei progetti che concorrevano per il Centro secondario cittadino a Rujevica e una tavola rotonda"},"content":{"rendered":"<p>Si tratta della mostra di tutte e dieci le opere pervenute al concorso per la stesura di una soluzione urbanistico-architettonica per il Centro secondario cittadino a Rujevica.<\/p>\n<p>All&#8217;inaugurazione della mostra e alla tavola rotonda parteciperanno il sindaco di Fiume, Marko Filipovi\u0107, il presidente di Giuria giudicatrice del concorso, Tihomir Juki\u0107, i membri della Giuria giudicatrice e gli autori e i collaboratori nella realizzazione di questi 10 progetti.<\/p>\n<p>Nel mese di ottobre 2021, la Citt\u00e0 di Fiume ha indetto il concorso per la stesura della soluzione urbanistico-architettonica per il Centro secondario cittadino a Rujevica, ed \u00e8 stato condotto dall&#8217;Associazione degli architetti di Fiume (DAR).<\/p>\n<p>Le proposte pervenute sono state valutate dalla Giuria giudicatrice composta dagli esperti: Tihomir Juki\u0107, Sr\u0111an \u0160kunca, Igor Ro\u017ei\u0107, Damir Pavli\u0107, e Tatjana Rakovac.<\/p>\n<p>I risultati del concorso sono stati pubblicati nel mese di febbraio 2022, sono stati assegnati cinque premi e il primo premio \u00e8 andato all&#8217;opera dell&#8217;architetto Karlo Ugarkovi\u0107.<\/p>\n<p>Il Centro secondario cittadino a Rujevica \u00e8 pianificato attraverso il Piano Urbanistico Generale della Citt\u00e0 di Fiume. Si estende su 40 ettari del terreno cittadino situato tra il centro commerciale Interspar a est e il Centro islamico a ovest.<\/p>\n","protected":false},"excerpt":{"rendered":"<p>Luned\u00ec 24 ottobre 2022, alle 18:00, nei locali della Societ\u00e0 degli architetti di Fiume, all\u2019indirizzo Ivan De\u017eman 2a, sar\u00e0 inaugurata una mostra dei progetti per la soluzione urbanistico-architettonica del Centro secondario cittadino a Rujevica, e si terr\u00e0 una tavola rotonda sul tema delle opere esposte.<\/p>\n","protected":false},"author":5,"featured_media":16136,"comment_status":"open","ping_status":"open","sticky":false,"template":"","format":"standard","meta":{"_acf_changed":false,"_trash_the_other_posts":false,"footnotes":"","_links_to":"","_links_to_target":""},"categories":[976],"tags":[1840,1842,857,129,1841],"class_list":["post-16131","post","type-post","status-publish","format-standard","has-post-thumbnail","hentry","category-articoli","tag-centro-secondario-cittadino-a-rujevica","tag-giuria-giudicatrice","tag-mostra","tag-progetti","tag-societa-degli-architetti-di-fiume"],"acf":[],"yoast_head":"<!-- This site is optimized with the Yoast SEO plugin v24.4 - https:\/\/yoast.com\/wordpress\/plugins\/seo\/ -->\n<title>Mostra dei progetti che concorrevano per il Centro secondario cittadino a Rujevica e una tavola rotonda - Citt\u00e0 di Fiume<\/title>\n<meta name=\"robots\" content=\"index, follow, max-snippet:-1, max-image-preview:large, max-video-preview:-1\" \/>\n<link rel=\"canonical\" href=\"https:\/\/www.rijeka.hr\/it\/mostra-dei-progetti-che-concorrevano-per-il-centro-secondario-cittadino-rujevica-e-una-tavola-rotonda\/\" \/>\n<meta property=\"og:locale\" content=\"it_IT\" \/>\n<meta property=\"og:type\" content=\"article\" \/>\n<meta property=\"og:title\" content=\"Mostra dei progetti che concorrevano per il Centro secondario cittadino a Rujevica e una tavola rotonda - Citt\u00e0 di Fiume\" \/>\n<meta property=\"og:description\" content=\"Luned\u00ec 24 ottobre 2022, alle 18:00, nei locali della Societ\u00e0 degli architetti di Fiume, all\u2019indirizzo Ivan De\u017eman 2a, sar\u00e0 inaugurata una mostra dei progetti per la soluzione urbanistico-architettonica del Centro secondario cittadino a Rujevica, e si terr\u00e0 una tavola rotonda sul tema delle opere esposte.\" \/>\n<meta property=\"og:url\" content=\"https:\/\/www.rijeka.hr\/it\/mostra-dei-progetti-che-concorrevano-per-il-centro-secondario-cittadino-rujevica-e-una-tavola-rotonda\/\" \/>\n<meta property=\"og:site_name\" content=\"Citt\u00e0 di Fiume\" \/>\n<meta property=\"article:published_time\" content=\"2022-10-21T09:29:16+00:00\" \/>\n<meta property=\"article:modified_time\" content=\"2022-10-25T13:28:59+00:00\" \/>\n<meta property=\"og:image\" content=\"https:\/\/www.rijeka.hr\/it\/wp-content\/uploads\/sites\/3\/2022\/10\/Izlo\u017eba-natje\u010dajnih-radova-za-Sekundarno-gradsko-sredi\u0161te-Rujevica-1000x544.jpg\" \/>\n\t<meta property=\"og:image:width\" content=\"1000\" \/>\n\t<meta property=\"og:image:height\" content=\"544\" \/>\n\t<meta property=\"og:image:type\" content=\"image\/jpeg\" \/>\n<meta name=\"author\" content=\"Ivica Nikolac\" \/>\n<meta name=\"twitter:card\" content=\"summary_large_image\" \/>\n<meta name=\"twitter:label1\" content=\"Written by\" \/>\n\t<meta name=\"twitter:data1\" content=\"Ivica Nikolac\" \/>\n\t<meta name=\"twitter:label2\" content=\"Est. reading time\" \/>\n\t<meta name=\"twitter:data2\" content=\"1 minute\" \/>\n<script type=\"application\/ld+json\" class=\"yoast-schema-graph\">{\"@context\":\"https:\/\/schema.org\",\"@graph\":[{\"@type\":\"WebPage\",\"@id\":\"https:\/\/www.rijeka.hr\/it\/mostra-dei-progetti-che-concorrevano-per-il-centro-secondario-cittadino-rujevica-e-una-tavola-rotonda\/\",\"url\":\"https:\/\/www.rijeka.hr\/it\/mostra-dei-progetti-che-concorrevano-per-il-centro-secondario-cittadino-rujevica-e-una-tavola-rotonda\/\",\"name\":\"Mostra dei progetti che concorrevano per il Centro secondario cittadino a Rujevica e una tavola rotonda - Citt\u00e0 di Fiume\",\"isPartOf\":{\"@id\":\"https:\/\/www.rijeka.hr\/it\/#website\"},\"primaryImageOfPage\":{\"@id\":\"https:\/\/www.rijeka.hr\/it\/mostra-dei-progetti-che-concorrevano-per-il-centro-secondario-cittadino-rujevica-e-una-tavola-rotonda\/#primaryimage\"},\"image\":{\"@id\":\"https:\/\/www.rijeka.hr\/it\/mostra-dei-progetti-che-concorrevano-per-il-centro-secondario-cittadino-rujevica-e-una-tavola-rotonda\/#primaryimage\"},\"thumbnailUrl\":\"https:\/\/www.rijeka.hr\/it\/wp-content\/uploads\/sites\/3\/2022\/10\/Izlo\u017eba-natje\u010dajnih-radova-za-Sekundarno-gradsko-sredi\u0161te-Rujevica-1000x544.jpg\",\"datePublished\":\"2022-10-21T09:29:16+00:00\",\"dateModified\":\"2022-10-25T13:28:59+00:00\",\"author\":{\"@id\":\"https:\/\/www.rijeka.hr\/it\/#\/schema\/person\/048b064fa7891b19d16e03a382abb85e\"},\"breadcrumb\":{\"@id\":\"https:\/\/www.rijeka.hr\/it\/mostra-dei-progetti-che-concorrevano-per-il-centro-secondario-cittadino-rujevica-e-una-tavola-rotonda\/#breadcrumb\"},\"inLanguage\":\"it-IT\",\"potentialAction\":[{\"@type\":\"ReadAction\",\"target\":[\"https:\/\/www.rijeka.hr\/it\/mostra-dei-progetti-che-concorrevano-per-il-centro-secondario-cittadino-rujevica-e-una-tavola-rotonda\/\"]}]},{\"@type\":\"ImageObject\",\"inLanguage\":\"it-IT\",\"@id\":\"https:\/\/www.rijeka.hr\/it\/mostra-dei-progetti-che-concorrevano-per-il-centro-secondario-cittadino-rujevica-e-una-tavola-rotonda\/#primaryimage\",\"url\":\"https:\/\/www.rijeka.hr\/it\/wp-content\/uploads\/sites\/3\/2022\/10\/Izlo\u017eba-natje\u010dajnih-radova-za-Sekundarno-gradsko-sredi\u0161te-Rujevica-1000x544.jpg\",\"contentUrl\":\"https:\/\/www.rijeka.hr\/it\/wp-content\/uploads\/sites\/3\/2022\/10\/Izlo\u017eba-natje\u010dajnih-radova-za-Sekundarno-gradsko-sredi\u0161te-Rujevica-1000x544.jpg\",\"width\":1000,\"height\":544},{\"@type\":\"BreadcrumbList\",\"@id\":\"https:\/\/www.rijeka.hr\/it\/mostra-dei-progetti-che-concorrevano-per-il-centro-secondario-cittadino-rujevica-e-una-tavola-rotonda\/#breadcrumb\",\"itemListElement\":[{\"@type\":\"ListItem\",\"position\":1,\"name\":\"Po\u010detna stranica\",\"item\":\"https:\/\/www.rijeka.hr\/it\/\"},{\"@type\":\"ListItem\",\"position\":2,\"name\":\"Mostra dei progetti che concorrevano per il Centro secondario cittadino a Rujevica e una tavola rotonda\"}]},{\"@type\":\"WebSite\",\"@id\":\"https:\/\/www.rijeka.hr\/it\/#website\",\"url\":\"https:\/\/www.rijeka.hr\/it\/\",\"name\":\"Citt\u00e0 di Fiume\",\"description\":\"Portale web della Citta&#039; di Fiume\",\"potentialAction\":[{\"@type\":\"SearchAction\",\"target\":{\"@type\":\"EntryPoint\",\"urlTemplate\":\"https:\/\/www.rijeka.hr\/it\/?s={search_term_string}\"},\"query-input\":{\"@type\":\"PropertyValueSpecification\",\"valueRequired\":true,\"valueName\":\"search_term_string\"}}],\"inLanguage\":\"it-IT\"},{\"@type\":\"Person\",\"@id\":\"https:\/\/www.rijeka.hr\/it\/#\/schema\/person\/048b064fa7891b19d16e03a382abb85e\",\"name\":\"Ivica Nikolac\",\"image\":{\"@type\":\"ImageObject\",\"inLanguage\":\"it-IT\",\"@id\":\"https:\/\/www.rijeka.hr\/it\/#\/schema\/person\/image\/\",\"url\":\"https:\/\/secure.gravatar.com\/avatar\/566d324e1656a1b494a0766b85643006?s=96&d=mm&r=g\",\"contentUrl\":\"https:\/\/secure.gravatar.com\/avatar\/566d324e1656a1b494a0766b85643006?s=96&d=mm&r=g\",\"caption\":\"Ivica Nikolac\"},\"url\":\"https:\/\/www.rijeka.hr\/it\/author\/inikolac\/\"}]}<\/script>\n<!-- \/ Yoast SEO plugin. -->","yoast_head_json":{"title":"Mostra dei progetti che concorrevano per il Centro secondario cittadino a Rujevica e una tavola rotonda - Citt\u00e0 di Fiume","robots":{"index":"index","follow":"follow","max-snippet":"max-snippet:-1","max-image-preview":"max-image-preview:large","max-video-preview":"max-video-preview:-1"},"canonical":"https:\/\/www.rijeka.hr\/it\/mostra-dei-progetti-che-concorrevano-per-il-centro-secondario-cittadino-rujevica-e-una-tavola-rotonda\/","og_locale":"it_IT","og_type":"article","og_title":"Mostra dei progetti che concorrevano per il Centro secondario cittadino a Rujevica e una tavola rotonda - Citt\u00e0 di Fiume","og_description":"Luned\u00ec 24 ottobre 2022, alle 18:00, nei locali della Societ\u00e0 degli architetti di Fiume, all\u2019indirizzo Ivan De\u017eman 2a, sar\u00e0 inaugurata una mostra dei progetti per la soluzione urbanistico-architettonica del Centro secondario cittadino a Rujevica, e si terr\u00e0 una tavola rotonda sul tema delle opere esposte.","og_url":"https:\/\/www.rijeka.hr\/it\/mostra-dei-progetti-che-concorrevano-per-il-centro-secondario-cittadino-rujevica-e-una-tavola-rotonda\/","og_site_name":"Citt\u00e0 di Fiume","article_published_time":"2022-10-21T09:29:16+00:00","article_modified_time":"2022-10-25T13:28:59+00:00","og_image":[{"width":1000,"height":544,"url":"https:\/\/www.rijeka.hr\/it\/wp-content\/uploads\/sites\/3\/2022\/10\/Izlo\u017eba-natje\u010dajnih-radova-za-Sekundarno-gradsko-sredi\u0161te-Rujevica-1000x544.jpg","type":"image\/jpeg"}],"author":"Ivica Nikolac","twitter_card":"summary_large_image","twitter_misc":{"Written by":"Ivica Nikolac","Est. reading time":"1 minute"},"schema":{"@context":"https:\/\/schema.org","@graph":[{"@type":"WebPage","@id":"https:\/\/www.rijeka.hr\/it\/mostra-dei-progetti-che-concorrevano-per-il-centro-secondario-cittadino-rujevica-e-una-tavola-rotonda\/","url":"https:\/\/www.rijeka.hr\/it\/mostra-dei-progetti-che-concorrevano-per-il-centro-secondario-cittadino-rujevica-e-una-tavola-rotonda\/","name":"Mostra dei progetti che concorrevano per il Centro secondario cittadino a Rujevica e una tavola rotonda - Citt\u00e0 di Fiume","isPartOf":{"@id":"https:\/\/www.rijeka.hr\/it\/#website"},"primaryImageOfPage":{"@id":"https:\/\/www.rijeka.hr\/it\/mostra-dei-progetti-che-concorrevano-per-il-centro-secondario-cittadino-rujevica-e-una-tavola-rotonda\/#primaryimage"},"image":{"@id":"https:\/\/www.rijeka.hr\/it\/mostra-dei-progetti-che-concorrevano-per-il-centro-secondario-cittadino-rujevica-e-una-tavola-rotonda\/#primaryimage"},"thumbnailUrl":"https:\/\/www.rijeka.hr\/it\/wp-content\/uploads\/sites\/3\/2022\/10\/Izlo\u017eba-natje\u010dajnih-radova-za-Sekundarno-gradsko-sredi\u0161te-Rujevica-1000x544.jpg","datePublished":"2022-10-21T09:29:16+00:00","dateModified":"2022-10-25T13:28:59+00:00","author":{"@id":"https:\/\/www.rijeka.hr\/it\/#\/schema\/person\/048b064fa7891b19d16e03a382abb85e"},"breadcrumb":{"@id":"https:\/\/www.rijeka.hr\/it\/mostra-dei-progetti-che-concorrevano-per-il-centro-secondario-cittadino-rujevica-e-una-tavola-rotonda\/#breadcrumb"},"inLanguage":"it-IT","potentialAction":[{"@type":"ReadAction","target":["https:\/\/www.rijeka.hr\/it\/mostra-dei-progetti-che-concorrevano-per-il-centro-secondario-cittadino-rujevica-e-una-tavola-rotonda\/"]}]},{"@type":"ImageObject","inLanguage":"it-IT","@id":"https:\/\/www.rijeka.hr\/it\/mostra-dei-progetti-che-concorrevano-per-il-centro-secondario-cittadino-rujevica-e-una-tavola-rotonda\/#primaryimage","url":"https:\/\/www.rijeka.hr\/it\/wp-content\/uploads\/sites\/3\/2022\/10\/Izlo\u017eba-natje\u010dajnih-radova-za-Sekundarno-gradsko-sredi\u0161te-Rujevica-1000x544.jpg","contentUrl":"https:\/\/www.rijeka.hr\/it\/wp-content\/uploads\/sites\/3\/2022\/10\/Izlo\u017eba-natje\u010dajnih-radova-za-Sekundarno-gradsko-sredi\u0161te-Rujevica-1000x544.jpg","width":1000,"height":544},{"@type":"BreadcrumbList","@id":"https:\/\/www.rijeka.hr\/it\/mostra-dei-progetti-che-concorrevano-per-il-centro-secondario-cittadino-rujevica-e-una-tavola-rotonda\/#breadcrumb","itemListElement":[{"@type":"ListItem","position":1,"name":"Po\u010detna stranica","item":"https:\/\/www.rijeka.hr\/it\/"},{"@type":"ListItem","position":2,"name":"Mostra dei progetti che concorrevano per il Centro secondario cittadino a Rujevica e una tavola rotonda"}]},{"@type":"WebSite","@id":"https:\/\/www.rijeka.hr\/it\/#website","url":"https:\/\/www.rijeka.hr\/it\/","name":"Citt\u00e0 di Fiume","description":"Portale web della Citta&#039; di Fiume","potentialAction":[{"@type":"SearchAction","target":{"@type":"EntryPoint","urlTemplate":"https:\/\/www.rijeka.hr\/it\/?s={search_term_string}"},"query-input":{"@type":"PropertyValueSpecification","valueRequired":true,"valueName":"search_term_string"}}],"inLanguage":"it-IT"},{"@type":"Person","@id":"https:\/\/www.rijeka.hr\/it\/#\/schema\/person\/048b064fa7891b19d16e03a382abb85e","name":"Ivica Nikolac","image":{"@type":"ImageObject","inLanguage":"it-IT","@id":"https:\/\/www.rijeka.hr\/it\/#\/schema\/person\/image\/","url":"https:\/\/secure.gravatar.com\/avatar\/566d324e1656a1b494a0766b85643006?s=96&d=mm&r=g","contentUrl":"https:\/\/secure.gravatar.com\/avatar\/566d324e1656a1b494a0766b85643006?s=96&d=mm&r=g","caption":"Ivica Nikolac"},"url":"https:\/\/www.rijeka.hr\/it\/author\/inikolac\/"}]}},"_links":{"self":[{"href":"https:\/\/www.rijeka.hr\/it\/wp-json\/wp\/v2\/posts\/16131","targetHints":{"allow":["GET"]}}],"collection":[{"href":"https:\/\/www.rijeka.hr\/it\/wp-json\/wp\/v2\/posts"}],"about":[{"href":"https:\/\/www.rijeka.hr\/it\/wp-json\/wp\/v2\/types\/post"}],"author":[{"embeddable":true,"href":"https:\/\/www.rijeka.hr\/it\/wp-json\/wp\/v2\/users\/5"}],"replies":[{"embeddable":true,"href":"https:\/\/www.rijeka.hr\/it\/wp-json\/wp\/v2\/comments?post=16131"}],"version-history":[{"count":3,"href":"https:\/\/www.rijeka.hr\/it\/wp-json\/wp\/v2\/posts\/16131\/revisions"}],"predecessor-version":[{"id":16137,"href":"https:\/\/www.rijeka.hr\/it\/wp-json\/wp\/v2\/posts\/16131\/revisions\/16137"}],"wp:featuredmedia":[{"embeddable":true,"href":"https:\/\/www.rijeka.hr\/it\/wp-json\/wp\/v2\/media\/16136"}],"wp:attachment":[{"href":"https:\/\/www.rijeka.hr\/it\/wp-json\/wp\/v2\/media?parent=16131"}],"wp:term":[{"taxonomy":"category","embeddable":true,"href":"https:\/\/www.rijeka.hr\/it\/wp-json\/wp\/v2\/categories?post=16131"},{"taxonomy":"post_tag","embeddable":true,"href":"https:\/\/www.rijeka.hr\/it\/wp-json\/wp\/v2\/tags?post=16131"}],"curies":[{"name":"wp","href":"https:\/\/api.w.org\/{rel}","templated":true}]}}