{"id":16160,"date":"2022-10-25T13:50:10","date_gmt":"2022-10-25T11:50:10","guid":{"rendered":"https:\/\/www.rijeka.hr\/it\/?p=16160"},"modified":"2022-10-26T14:02:52","modified_gmt":"2022-10-26T12:02:52","slug":"riduzione-dellaffitto-per-locali-commerciali-cittadini-danneggiati-dallalluvione","status":"publish","type":"post","link":"https:\/\/www.rijeka.hr\/it\/riduzione-dellaffitto-per-locali-commerciali-cittadini-danneggiati-dallalluvione\/","title":{"rendered":"Riduzione dell&#8217;affitto per i locali commerciali cittadini danneggiati dall&#8217;alluvione"},"content":{"rendered":"<p>Il 28 settembre 2022 l\u2019area di Fiume \u00e8 stata colpita dal nubifragio che hanno provocato inondazioni improvvise. Si sono verificate infiltrazioni d&#8217;acqua in molti locali commerciali di propriet\u00e0 della Citt\u00e0, che si trovano al pianoterra, cos\u00ec come in quelli ai piani superiori, poich\u00e9 l&#8217;acqua \u00e8 penetrata anche dai tetti.<\/p>\n<p>I servizi professionali del Dipartimento per la gestione del patrimonio sono scesi in campo per accertare la situazione e iniziare la ristrutturazione, e hanno consigliato gli affittuari di presentare domande di esenzione dal pagamento dell&#8217;affitto durante il periodo in cui non potevano svolgere l&#8217;attivit\u00e0 contrattuale.<\/p>\n<p>Con la conclusione presa nella 26a riunione del collegio del sindaco \u00e8 stata approvata una riduzione dei canoni d\u2019affitto per 13 locali commerciali per il periodo in cui non hanno potuto svolgere attivit\u00e0, che va da tre a pi\u00f9 di 30 giorni. L&#8217;importo complessivo della riduzione dell&#8217;affitto per settembre e ottobre ammonta a poco pi\u00f9 di 40.000 kune.<\/p>\n<p>Le domande di riduzione del canone d\u2019affitto per i locali commerciali di propriet\u00e0 della Citt\u00e0 possono essere presentate fino al 30 novembre e tutte le domande pervenute saranno prese in considerazione dai servizi professionali del Dipartimento per la gestione del patrimonio.<\/p>\n<p>&#8220;Forniamo assistenza cancellando parte dell&#8217;affitto per i giorni in cui non era possibile svolgere attivit\u00e0 nei nostri locali commerciali per aiutare gli affittuari nello svolgimento di attivit\u00e0&#8221;, ha affermato il sindaco Marko Filipovi\u0107.<\/p>\n<h2>Ricevute 86 domande di risarcimento dei danni ad appartamenti, locali commerciali ed edifici pubblici<\/h2>\n<p>Entro il 24 ottobre sono pervenute 86 domande di risarcimento dei danni ad appartamenti, locali commerciali ed edifici pubblici causati dal diluvio o infiltrazioni dovute al temporale nei locali gestiti dal Dipartimento per la gestione del patrimonio, il che significa che queste richieste non riguardano i danni causati, ad esempio, nel complesso Ben\u010di\u0107.<\/p>\n<p>La stima di tutti i danni finora determinati per la parte edile ammonta a circa 1,52 milioni di kune, mentre il danno effettivo sar\u00e0 noto quando saranno redatte tutte le stime dei costi, cos\u00ec come i lavori di ristrutturazione eseguiti.<\/p>\n<p>Immediatamente dopo il temporale sono stati intrapresi interventi di emergenza affinch\u00e9 gli utenti potessero svolgere le proprie attivit\u00e0 senza ostacoli. Attualmente sono in corso lavori di ristrutturazione, come la posa di pavimenti, la tinteggiatura degli spazi, la riparazione dei portoni d&#8217;ingresso, ecc.<\/p>\n<p>Parte dei danni causati dall\u2019infiltrazione d&#8217;acqua attraverso le parti comuni dell&#8217;edificio sar\u00e0 ristrutturata dal gestore dell&#8217;edificio, a spese dell&#8217;assicurazione dell&#8217;edificio. In caso di differenza rispetto al danno effettivo e riconosciuto dall&#8217;impresa di assicurazione, la differenza sar\u00e0 finanziata dalla riserva comune del edificio o da fondi propri. Alcuni affittuari hanno riparato il danno da soli, in quanto hanno da soli assicurato lo spazio, mentre alcuni affittuari stanno ancora valutando i modi per riparare il danno.<\/p>\n","protected":false},"excerpt":{"rendered":"<p>La Citt\u00e0 di Fiume ha approvato la prima conclusione sulla riduzione dei canoni d&#8217;affitto per i locali di propriet\u00e0 della Citt\u00e0 per l&#8217;impossibilit\u00e0 di svolgere attivit\u00e0 in seguito alla tempesta che ha colpito Fiume il 28 settembre. Le domande possono essere presentate fino al 30 novembre.<\/p>\n","protected":false},"author":8,"featured_media":16166,"comment_status":"open","ping_status":"open","sticky":false,"template":"","format":"standard","meta":{"_acf_changed":false,"_trash_the_other_posts":false,"footnotes":"","_links_to":"","_links_to_target":""},"categories":[976],"tags":[1846,1848,1847,1850,1845,1849],"class_list":["post-16160","post","type-post","status-publish","format-standard","has-post-thumbnail","hentry","category-articoli","tag-canone-daffitto","tag-danni","tag-infiltrazioni-dacqua","tag-nubifragio","tag-riduzione-dellaffito","tag-tempesta"],"acf":[],"yoast_head":"<!-- This site is optimized with the Yoast SEO plugin v24.4 - https:\/\/yoast.com\/wordpress\/plugins\/seo\/ -->\n<title>Riduzione dell&#039;affitto per i locali commerciali cittadini danneggiati dall&#039;alluvione - Citt\u00e0 di Fiume<\/title>\n<meta name=\"robots\" content=\"index, follow, max-snippet:-1, max-image-preview:large, max-video-preview:-1\" \/>\n<link rel=\"canonical\" href=\"https:\/\/www.rijeka.hr\/it\/riduzione-dellaffitto-per-locali-commerciali-cittadini-danneggiati-dallalluvione\/\" \/>\n<meta property=\"og:locale\" content=\"it_IT\" \/>\n<meta property=\"og:type\" content=\"article\" \/>\n<meta property=\"og:title\" content=\"Riduzione dell&#039;affitto per i locali commerciali cittadini danneggiati dall&#039;alluvione - Citt\u00e0 di Fiume\" \/>\n<meta property=\"og:description\" content=\"La Citt\u00e0 di Fiume ha approvato la prima conclusione sulla riduzione dei canoni d&#039;affitto per i locali di propriet\u00e0 della Citt\u00e0 per l&#039;impossibilit\u00e0 di svolgere attivit\u00e0 in seguito alla tempesta che ha colpito Fiume il 28 settembre. Le domande possono essere presentate fino al 30 novembre.\" \/>\n<meta property=\"og:url\" content=\"https:\/\/www.rijeka.hr\/it\/riduzione-dellaffitto-per-locali-commerciali-cittadini-danneggiati-dallalluvione\/\" \/>\n<meta property=\"og:site_name\" content=\"Citt\u00e0 di Fiume\" \/>\n<meta property=\"article:published_time\" content=\"2022-10-25T11:50:10+00:00\" \/>\n<meta property=\"article:modified_time\" content=\"2022-10-26T12:02:52+00:00\" \/>\n<meta property=\"og:image\" content=\"https:\/\/www.rijeka.hr\/it\/wp-content\/uploads\/sites\/3\/2022\/10\/Poplava-u-Rijeci-900x600.jpg\" \/>\n\t<meta property=\"og:image:width\" content=\"900\" \/>\n\t<meta property=\"og:image:height\" content=\"600\" \/>\n\t<meta property=\"og:image:type\" content=\"image\/jpeg\" \/>\n<meta name=\"author\" content=\"sradovic\" \/>\n<meta name=\"twitter:card\" content=\"summary_large_image\" \/>\n<meta name=\"twitter:label1\" content=\"Written by\" \/>\n\t<meta name=\"twitter:data1\" content=\"sradovic\" \/>\n\t<meta name=\"twitter:label2\" content=\"Est. reading time\" \/>\n\t<meta name=\"twitter:data2\" content=\"2 minutes\" \/>\n<script type=\"application\/ld+json\" class=\"yoast-schema-graph\">{\"@context\":\"https:\/\/schema.org\",\"@graph\":[{\"@type\":\"WebPage\",\"@id\":\"https:\/\/www.rijeka.hr\/it\/riduzione-dellaffitto-per-locali-commerciali-cittadini-danneggiati-dallalluvione\/\",\"url\":\"https:\/\/www.rijeka.hr\/it\/riduzione-dellaffitto-per-locali-commerciali-cittadini-danneggiati-dallalluvione\/\",\"name\":\"Riduzione dell'affitto per i locali commerciali cittadini danneggiati dall'alluvione - Citt\u00e0 di Fiume\",\"isPartOf\":{\"@id\":\"https:\/\/www.rijeka.hr\/it\/#website\"},\"primaryImageOfPage\":{\"@id\":\"https:\/\/www.rijeka.hr\/it\/riduzione-dellaffitto-per-locali-commerciali-cittadini-danneggiati-dallalluvione\/#primaryimage\"},\"image\":{\"@id\":\"https:\/\/www.rijeka.hr\/it\/riduzione-dellaffitto-per-locali-commerciali-cittadini-danneggiati-dallalluvione\/#primaryimage\"},\"thumbnailUrl\":\"https:\/\/www.rijeka.hr\/it\/wp-content\/uploads\/sites\/3\/2022\/10\/Poplava-u-Rijeci-900x600.jpg\",\"datePublished\":\"2022-10-25T11:50:10+00:00\",\"dateModified\":\"2022-10-26T12:02:52+00:00\",\"author\":{\"@id\":\"https:\/\/www.rijeka.hr\/it\/#\/schema\/person\/f944eacc70b6a69bc142d9389862b37b\"},\"breadcrumb\":{\"@id\":\"https:\/\/www.rijeka.hr\/it\/riduzione-dellaffitto-per-locali-commerciali-cittadini-danneggiati-dallalluvione\/#breadcrumb\"},\"inLanguage\":\"it-IT\",\"potentialAction\":[{\"@type\":\"ReadAction\",\"target\":[\"https:\/\/www.rijeka.hr\/it\/riduzione-dellaffitto-per-locali-commerciali-cittadini-danneggiati-dallalluvione\/\"]}]},{\"@type\":\"ImageObject\",\"inLanguage\":\"it-IT\",\"@id\":\"https:\/\/www.rijeka.hr\/it\/riduzione-dellaffitto-per-locali-commerciali-cittadini-danneggiati-dallalluvione\/#primaryimage\",\"url\":\"https:\/\/www.rijeka.hr\/it\/wp-content\/uploads\/sites\/3\/2022\/10\/Poplava-u-Rijeci-900x600.jpg\",\"contentUrl\":\"https:\/\/www.rijeka.hr\/it\/wp-content\/uploads\/sites\/3\/2022\/10\/Poplava-u-Rijeci-900x600.jpg\",\"width\":900,\"height\":600},{\"@type\":\"BreadcrumbList\",\"@id\":\"https:\/\/www.rijeka.hr\/it\/riduzione-dellaffitto-per-locali-commerciali-cittadini-danneggiati-dallalluvione\/#breadcrumb\",\"itemListElement\":[{\"@type\":\"ListItem\",\"position\":1,\"name\":\"Po\u010detna stranica\",\"item\":\"https:\/\/www.rijeka.hr\/it\/\"},{\"@type\":\"ListItem\",\"position\":2,\"name\":\"Riduzione dell&#8217;affitto per i locali commerciali cittadini danneggiati dall&#8217;alluvione\"}]},{\"@type\":\"WebSite\",\"@id\":\"https:\/\/www.rijeka.hr\/it\/#website\",\"url\":\"https:\/\/www.rijeka.hr\/it\/\",\"name\":\"Citt\u00e0 di Fiume\",\"description\":\"Portale web della Citta&#039; di Fiume\",\"potentialAction\":[{\"@type\":\"SearchAction\",\"target\":{\"@type\":\"EntryPoint\",\"urlTemplate\":\"https:\/\/www.rijeka.hr\/it\/?s={search_term_string}\"},\"query-input\":{\"@type\":\"PropertyValueSpecification\",\"valueRequired\":true,\"valueName\":\"search_term_string\"}}],\"inLanguage\":\"it-IT\"},{\"@type\":\"Person\",\"@id\":\"https:\/\/www.rijeka.hr\/it\/#\/schema\/person\/f944eacc70b6a69bc142d9389862b37b\",\"name\":\"sradovic\",\"image\":{\"@type\":\"ImageObject\",\"inLanguage\":\"it-IT\",\"@id\":\"https:\/\/www.rijeka.hr\/it\/#\/schema\/person\/image\/\",\"url\":\"https:\/\/secure.gravatar.com\/avatar\/d438b95983d528813c6fe2e5812a4188?s=96&d=mm&r=g\",\"contentUrl\":\"https:\/\/secure.gravatar.com\/avatar\/d438b95983d528813c6fe2e5812a4188?s=96&d=mm&r=g\",\"caption\":\"sradovic\"},\"url\":\"https:\/\/www.rijeka.hr\/it\/author\/sradovic\/\"}]}<\/script>\n<!-- \/ Yoast SEO plugin. -->","yoast_head_json":{"title":"Riduzione dell'affitto per i locali commerciali cittadini danneggiati dall'alluvione - Citt\u00e0 di Fiume","robots":{"index":"index","follow":"follow","max-snippet":"max-snippet:-1","max-image-preview":"max-image-preview:large","max-video-preview":"max-video-preview:-1"},"canonical":"https:\/\/www.rijeka.hr\/it\/riduzione-dellaffitto-per-locali-commerciali-cittadini-danneggiati-dallalluvione\/","og_locale":"it_IT","og_type":"article","og_title":"Riduzione dell'affitto per i locali commerciali cittadini danneggiati dall'alluvione - Citt\u00e0 di Fiume","og_description":"La Citt\u00e0 di Fiume ha approvato la prima conclusione sulla riduzione dei canoni d'affitto per i locali di propriet\u00e0 della Citt\u00e0 per l'impossibilit\u00e0 di svolgere attivit\u00e0 in seguito alla tempesta che ha colpito Fiume il 28 settembre. Le domande possono essere presentate fino al 30 novembre.","og_url":"https:\/\/www.rijeka.hr\/it\/riduzione-dellaffitto-per-locali-commerciali-cittadini-danneggiati-dallalluvione\/","og_site_name":"Citt\u00e0 di Fiume","article_published_time":"2022-10-25T11:50:10+00:00","article_modified_time":"2022-10-26T12:02:52+00:00","og_image":[{"width":900,"height":600,"url":"https:\/\/www.rijeka.hr\/it\/wp-content\/uploads\/sites\/3\/2022\/10\/Poplava-u-Rijeci-900x600.jpg","type":"image\/jpeg"}],"author":"sradovic","twitter_card":"summary_large_image","twitter_misc":{"Written by":"sradovic","Est. reading time":"2 minutes"},"schema":{"@context":"https:\/\/schema.org","@graph":[{"@type":"WebPage","@id":"https:\/\/www.rijeka.hr\/it\/riduzione-dellaffitto-per-locali-commerciali-cittadini-danneggiati-dallalluvione\/","url":"https:\/\/www.rijeka.hr\/it\/riduzione-dellaffitto-per-locali-commerciali-cittadini-danneggiati-dallalluvione\/","name":"Riduzione dell'affitto per i locali commerciali cittadini danneggiati dall'alluvione - Citt\u00e0 di Fiume","isPartOf":{"@id":"https:\/\/www.rijeka.hr\/it\/#website"},"primaryImageOfPage":{"@id":"https:\/\/www.rijeka.hr\/it\/riduzione-dellaffitto-per-locali-commerciali-cittadini-danneggiati-dallalluvione\/#primaryimage"},"image":{"@id":"https:\/\/www.rijeka.hr\/it\/riduzione-dellaffitto-per-locali-commerciali-cittadini-danneggiati-dallalluvione\/#primaryimage"},"thumbnailUrl":"https:\/\/www.rijeka.hr\/it\/wp-content\/uploads\/sites\/3\/2022\/10\/Poplava-u-Rijeci-900x600.jpg","datePublished":"2022-10-25T11:50:10+00:00","dateModified":"2022-10-26T12:02:52+00:00","author":{"@id":"https:\/\/www.rijeka.hr\/it\/#\/schema\/person\/f944eacc70b6a69bc142d9389862b37b"},"breadcrumb":{"@id":"https:\/\/www.rijeka.hr\/it\/riduzione-dellaffitto-per-locali-commerciali-cittadini-danneggiati-dallalluvione\/#breadcrumb"},"inLanguage":"it-IT","potentialAction":[{"@type":"ReadAction","target":["https:\/\/www.rijeka.hr\/it\/riduzione-dellaffitto-per-locali-commerciali-cittadini-danneggiati-dallalluvione\/"]}]},{"@type":"ImageObject","inLanguage":"it-IT","@id":"https:\/\/www.rijeka.hr\/it\/riduzione-dellaffitto-per-locali-commerciali-cittadini-danneggiati-dallalluvione\/#primaryimage","url":"https:\/\/www.rijeka.hr\/it\/wp-content\/uploads\/sites\/3\/2022\/10\/Poplava-u-Rijeci-900x600.jpg","contentUrl":"https:\/\/www.rijeka.hr\/it\/wp-content\/uploads\/sites\/3\/2022\/10\/Poplava-u-Rijeci-900x600.jpg","width":900,"height":600},{"@type":"BreadcrumbList","@id":"https:\/\/www.rijeka.hr\/it\/riduzione-dellaffitto-per-locali-commerciali-cittadini-danneggiati-dallalluvione\/#breadcrumb","itemListElement":[{"@type":"ListItem","position":1,"name":"Po\u010detna stranica","item":"https:\/\/www.rijeka.hr\/it\/"},{"@type":"ListItem","position":2,"name":"Riduzione dell&#8217;affitto per i locali commerciali cittadini danneggiati dall&#8217;alluvione"}]},{"@type":"WebSite","@id":"https:\/\/www.rijeka.hr\/it\/#website","url":"https:\/\/www.rijeka.hr\/it\/","name":"Citt\u00e0 di Fiume","description":"Portale web della Citta&#039; di Fiume","potentialAction":[{"@type":"SearchAction","target":{"@type":"EntryPoint","urlTemplate":"https:\/\/www.rijeka.hr\/it\/?s={search_term_string}"},"query-input":{"@type":"PropertyValueSpecification","valueRequired":true,"valueName":"search_term_string"}}],"inLanguage":"it-IT"},{"@type":"Person","@id":"https:\/\/www.rijeka.hr\/it\/#\/schema\/person\/f944eacc70b6a69bc142d9389862b37b","name":"sradovic","image":{"@type":"ImageObject","inLanguage":"it-IT","@id":"https:\/\/www.rijeka.hr\/it\/#\/schema\/person\/image\/","url":"https:\/\/secure.gravatar.com\/avatar\/d438b95983d528813c6fe2e5812a4188?s=96&d=mm&r=g","contentUrl":"https:\/\/secure.gravatar.com\/avatar\/d438b95983d528813c6fe2e5812a4188?s=96&d=mm&r=g","caption":"sradovic"},"url":"https:\/\/www.rijeka.hr\/it\/author\/sradovic\/"}]}},"_links":{"self":[{"href":"https:\/\/www.rijeka.hr\/it\/wp-json\/wp\/v2\/posts\/16160","targetHints":{"allow":["GET"]}}],"collection":[{"href":"https:\/\/www.rijeka.hr\/it\/wp-json\/wp\/v2\/posts"}],"about":[{"href":"https:\/\/www.rijeka.hr\/it\/wp-json\/wp\/v2\/types\/post"}],"author":[{"embeddable":true,"href":"https:\/\/www.rijeka.hr\/it\/wp-json\/wp\/v2\/users\/8"}],"replies":[{"embeddable":true,"href":"https:\/\/www.rijeka.hr\/it\/wp-json\/wp\/v2\/comments?post=16160"}],"version-history":[{"count":3,"href":"https:\/\/www.rijeka.hr\/it\/wp-json\/wp\/v2\/posts\/16160\/revisions"}],"predecessor-version":[{"id":16169,"href":"https:\/\/www.rijeka.hr\/it\/wp-json\/wp\/v2\/posts\/16160\/revisions\/16169"}],"wp:featuredmedia":[{"embeddable":true,"href":"https:\/\/www.rijeka.hr\/it\/wp-json\/wp\/v2\/media\/16166"}],"wp:attachment":[{"href":"https:\/\/www.rijeka.hr\/it\/wp-json\/wp\/v2\/media?parent=16160"}],"wp:term":[{"taxonomy":"category","embeddable":true,"href":"https:\/\/www.rijeka.hr\/it\/wp-json\/wp\/v2\/categories?post=16160"},{"taxonomy":"post_tag","embeddable":true,"href":"https:\/\/www.rijeka.hr\/it\/wp-json\/wp\/v2\/tags?post=16160"}],"curies":[{"name":"wp","href":"https:\/\/api.w.org\/{rel}","templated":true}]}}