{"id":16181,"date":"2022-10-26T11:19:09","date_gmt":"2022-10-26T09:19:09","guid":{"rendered":"https:\/\/www.rijeka.hr\/it\/?p=16181"},"modified":"2022-10-27T11:22:24","modified_gmt":"2022-10-27T09:22:24","slug":"lazienda-hz-infrastruktura-ha-rifiutato-la-localita-concordata-per-lallestimento-di-un-container-e-una-tenda-per-laccoglienza-temporanea-dei-migranti","status":"publish","type":"post","link":"https:\/\/www.rijeka.hr\/it\/lazienda-hz-infrastruktura-ha-rifiutato-la-localita-concordata-per-lallestimento-di-un-container-e-una-tenda-per-laccoglienza-temporanea-dei-migranti\/","title":{"rendered":"L\u2019azienda H\u017d Infrastruktura ha rifiutato la localit\u00e0 concordata per l&#8217;allestimento di un container e una tenda per l&#8217;accoglienza temporanea dei migranti"},"content":{"rendered":"<p>Dopo l&#8217;incontro della scorsa settimana tra la Citt\u00e0 di Fiume, l&#8217;Arcidiocesi di Fiume, le Ferrovie croate, la Questura della Regione litoraneo &#8211; montana, durante la quale la Citt\u00e0, l&#8217;Arcidiocesi e le Ferrovie croate hanno concordato il modo e la localit\u00e0 per fornire assistenza temporanea ai migranti che si radunano nella zona della stazione ferroviaria , oggi la Citt\u00e0 di Fiume ha ricevuto la lettera delle Ferrovie croate in cui considerano inaccettabile la localit\u00e0 concordata per la sistemazione della tenda temporanea e il container (dietro la vecchia locomotiva da esposizione, vicino all&#8217;edificio della stazione).<\/p>\n<p>Inoltre, le Ferrovie croate considerano tutte le altre potenziali localit\u00e0 vicino alla stazione inaccettabili per la sistemazione della tenda e del container in cui i migranti avrebbero l\u2019accesso alle condizioni igieniche minime.<\/p>\n<p>Nella sua lettera, le Ferrovie croate incaricano la Citt\u00e0 di Fiume di sistemare la tenda della Croce Rossa e il container sanitario nell&#8217;area antistante il magazzino dell\u2019ex negozio Graziani. Il suddetto spazio \u00e8 di propriet\u00e0 privata, a cui la Citt\u00e0 non pu\u00f2 accedere.<\/p>\n<p>A causa di quanto sopra, la Citt\u00e0 di Fiume e l&#8217;Arcidiocesi di Fiume non sono in grado di intraprendere nemmeno questo minimo di assistenza umana per i migranti e assicurare le condizioni igieniche minime nella localit\u00e0 della stazione ferroviaria dove i migranti principalmente soggiornano. Va notato che la maggior parte di loro arriva a Fiume prevalentemente proprio in treno e qui fanno una sosta temporanea.<\/p>\n<p>Il sindaco di Fiume, Marko Filipovi\u0107 ha detto oggi a proposito di quanto sopra menzionato:<\/p>\n<blockquote><p>La permanenza dei migranti in queste condizioni nell&#8217;area della Stazione ferroviaria \u00e8 l&#8217;immagine di un approccio disumano nei confronti di persone che hanno bisogno d&#8217;aiuto. Ci\u00f2 potrebbe causare anche dei problemi di carattere sanitario, non soltanto per i migranti, ma anche per il personale delle Ferrovie croate e per i residenti nella zona. Per tutti questi motivi \u00e8 incomprensibile il fatto che le Ferrovie si tirino indietro dopo gli accordi raggiunti, giustificando ci\u00f2 con motivi di sicurezza per il traffico ferroviario&#8217;, sapendo che i migranti ora bivaccano comunque in prossimit\u00e0 dei binari e della Stazione ferroviaria.<\/p><\/blockquote>\n","protected":false},"excerpt":{"rendered":"<p>La Citt\u00e0 di Fiume ha ricevuto la lettera dell\u2019azienda H\u017d Infrastruktura, in cui considerano inaccettabile la localit\u00e0 concordata per la sistemazione di una tenda temporanea e un container (dietro la vecchia locomotiva da esposizione, vicino all&#8217;edificio della stazione). Inoltre, considerano inaccettabili tutte le altre potenziali localit\u00e0 vicino alla stazione ferroviaria per la sistemazione della tenda temporanea e il container in cui i migranti avrebbero l\u2019accesso alle condizioni igieniche minime.<\/p>\n","protected":false},"author":5,"featured_media":16185,"comment_status":"open","ping_status":"open","sticky":false,"template":"","format":"standard","meta":{"_acf_changed":false,"_trash_the_other_posts":false,"footnotes":"","_links_to":"","_links_to_target":""},"categories":[976],"tags":[1860,1859,1861,1862,1857,1858],"class_list":["post-16181","post","type-post","status-publish","format-standard","has-post-thumbnail","hentry","category-articoli","tag-condizioni-igieniche-minime","tag-ferrovie-croate","tag-larcidiocesi-di-fiume","tag-lettera","tag-migranti","tag-stazione-ferroviaria"],"acf":[],"yoast_head":"<!-- This site is optimized with the Yoast SEO plugin v24.4 - https:\/\/yoast.com\/wordpress\/plugins\/seo\/ -->\n<title>L\u2019azienda H\u017d Infrastruktura ha rifiutato la localit\u00e0 concordata per l&#039;allestimento di un container e una tenda per l&#039;accoglienza temporanea dei migranti - Citt\u00e0 di Fiume<\/title>\n<meta name=\"robots\" content=\"index, follow, max-snippet:-1, max-image-preview:large, max-video-preview:-1\" \/>\n<link rel=\"canonical\" href=\"https:\/\/www.rijeka.hr\/it\/lazienda-hz-infrastruktura-ha-rifiutato-la-localita-concordata-per-lallestimento-di-un-container-e-una-tenda-per-laccoglienza-temporanea-dei-migranti\/\" \/>\n<meta property=\"og:locale\" content=\"it_IT\" \/>\n<meta property=\"og:type\" content=\"article\" \/>\n<meta property=\"og:title\" content=\"L\u2019azienda H\u017d Infrastruktura ha rifiutato la localit\u00e0 concordata per l&#039;allestimento di un container e una tenda per l&#039;accoglienza temporanea dei migranti - Citt\u00e0 di Fiume\" \/>\n<meta property=\"og:description\" content=\"La Citt\u00e0 di Fiume ha ricevuto la lettera dell\u2019azienda H\u017d Infrastruktura, in cui considerano inaccettabile la localit\u00e0 concordata per la sistemazione di una tenda temporanea e un container (dietro la vecchia locomotiva da esposizione, vicino all&#039;edificio della stazione). Inoltre, considerano inaccettabili tutte le altre potenziali localit\u00e0 vicino alla stazione ferroviaria per la sistemazione della tenda temporanea e il container in cui i migranti avrebbero l\u2019accesso alle condizioni igieniche minime.\" \/>\n<meta property=\"og:url\" content=\"https:\/\/www.rijeka.hr\/it\/lazienda-hz-infrastruktura-ha-rifiutato-la-localita-concordata-per-lallestimento-di-un-container-e-una-tenda-per-laccoglienza-temporanea-dei-migranti\/\" \/>\n<meta property=\"og:site_name\" content=\"Citt\u00e0 di Fiume\" \/>\n<meta property=\"article:published_time\" content=\"2022-10-26T09:19:09+00:00\" \/>\n<meta property=\"article:modified_time\" content=\"2022-10-27T09:22:24+00:00\" \/>\n<meta property=\"og:image\" content=\"https:\/\/www.rijeka.hr\/it\/wp-content\/uploads\/sites\/3\/2022\/10\/\u017deljezni\u010dki-kolodvor.jpg\" \/>\n\t<meta property=\"og:image:width\" content=\"700\" \/>\n\t<meta property=\"og:image:height\" content=\"525\" \/>\n\t<meta property=\"og:image:type\" content=\"image\/jpeg\" \/>\n<meta name=\"author\" content=\"Ivica Nikolac\" \/>\n<meta name=\"twitter:card\" content=\"summary_large_image\" \/>\n<meta name=\"twitter:label1\" content=\"Written by\" \/>\n\t<meta name=\"twitter:data1\" content=\"Ivica Nikolac\" \/>\n\t<meta name=\"twitter:label2\" content=\"Est. reading time\" \/>\n\t<meta name=\"twitter:data2\" content=\"2 minutes\" \/>\n<script type=\"application\/ld+json\" class=\"yoast-schema-graph\">{\"@context\":\"https:\/\/schema.org\",\"@graph\":[{\"@type\":\"WebPage\",\"@id\":\"https:\/\/www.rijeka.hr\/it\/lazienda-hz-infrastruktura-ha-rifiutato-la-localita-concordata-per-lallestimento-di-un-container-e-una-tenda-per-laccoglienza-temporanea-dei-migranti\/\",\"url\":\"https:\/\/www.rijeka.hr\/it\/lazienda-hz-infrastruktura-ha-rifiutato-la-localita-concordata-per-lallestimento-di-un-container-e-una-tenda-per-laccoglienza-temporanea-dei-migranti\/\",\"name\":\"L\u2019azienda H\u017d Infrastruktura ha rifiutato la localit\u00e0 concordata per l'allestimento di un container e una tenda per l'accoglienza temporanea dei migranti - Citt\u00e0 di Fiume\",\"isPartOf\":{\"@id\":\"https:\/\/www.rijeka.hr\/it\/#website\"},\"primaryImageOfPage\":{\"@id\":\"https:\/\/www.rijeka.hr\/it\/lazienda-hz-infrastruktura-ha-rifiutato-la-localita-concordata-per-lallestimento-di-un-container-e-una-tenda-per-laccoglienza-temporanea-dei-migranti\/#primaryimage\"},\"image\":{\"@id\":\"https:\/\/www.rijeka.hr\/it\/lazienda-hz-infrastruktura-ha-rifiutato-la-localita-concordata-per-lallestimento-di-un-container-e-una-tenda-per-laccoglienza-temporanea-dei-migranti\/#primaryimage\"},\"thumbnailUrl\":\"https:\/\/www.rijeka.hr\/it\/wp-content\/uploads\/sites\/3\/2022\/10\/\u017deljezni\u010dki-kolodvor.jpg\",\"datePublished\":\"2022-10-26T09:19:09+00:00\",\"dateModified\":\"2022-10-27T09:22:24+00:00\",\"author\":{\"@id\":\"https:\/\/www.rijeka.hr\/it\/#\/schema\/person\/048b064fa7891b19d16e03a382abb85e\"},\"breadcrumb\":{\"@id\":\"https:\/\/www.rijeka.hr\/it\/lazienda-hz-infrastruktura-ha-rifiutato-la-localita-concordata-per-lallestimento-di-un-container-e-una-tenda-per-laccoglienza-temporanea-dei-migranti\/#breadcrumb\"},\"inLanguage\":\"it-IT\",\"potentialAction\":[{\"@type\":\"ReadAction\",\"target\":[\"https:\/\/www.rijeka.hr\/it\/lazienda-hz-infrastruktura-ha-rifiutato-la-localita-concordata-per-lallestimento-di-un-container-e-una-tenda-per-laccoglienza-temporanea-dei-migranti\/\"]}]},{\"@type\":\"ImageObject\",\"inLanguage\":\"it-IT\",\"@id\":\"https:\/\/www.rijeka.hr\/it\/lazienda-hz-infrastruktura-ha-rifiutato-la-localita-concordata-per-lallestimento-di-un-container-e-una-tenda-per-laccoglienza-temporanea-dei-migranti\/#primaryimage\",\"url\":\"https:\/\/www.rijeka.hr\/it\/wp-content\/uploads\/sites\/3\/2022\/10\/\u017deljezni\u010dki-kolodvor.jpg\",\"contentUrl\":\"https:\/\/www.rijeka.hr\/it\/wp-content\/uploads\/sites\/3\/2022\/10\/\u017deljezni\u010dki-kolodvor.jpg\",\"width\":700,\"height\":525},{\"@type\":\"BreadcrumbList\",\"@id\":\"https:\/\/www.rijeka.hr\/it\/lazienda-hz-infrastruktura-ha-rifiutato-la-localita-concordata-per-lallestimento-di-un-container-e-una-tenda-per-laccoglienza-temporanea-dei-migranti\/#breadcrumb\",\"itemListElement\":[{\"@type\":\"ListItem\",\"position\":1,\"name\":\"Po\u010detna stranica\",\"item\":\"https:\/\/www.rijeka.hr\/it\/\"},{\"@type\":\"ListItem\",\"position\":2,\"name\":\"L\u2019azienda H\u017d Infrastruktura ha rifiutato la localit\u00e0 concordata per l&#8217;allestimento di un container e una tenda per l&#8217;accoglienza temporanea dei migranti\"}]},{\"@type\":\"WebSite\",\"@id\":\"https:\/\/www.rijeka.hr\/it\/#website\",\"url\":\"https:\/\/www.rijeka.hr\/it\/\",\"name\":\"Citt\u00e0 di Fiume\",\"description\":\"Portale web della Citta&#039; di Fiume\",\"potentialAction\":[{\"@type\":\"SearchAction\",\"target\":{\"@type\":\"EntryPoint\",\"urlTemplate\":\"https:\/\/www.rijeka.hr\/it\/?s={search_term_string}\"},\"query-input\":{\"@type\":\"PropertyValueSpecification\",\"valueRequired\":true,\"valueName\":\"search_term_string\"}}],\"inLanguage\":\"it-IT\"},{\"@type\":\"Person\",\"@id\":\"https:\/\/www.rijeka.hr\/it\/#\/schema\/person\/048b064fa7891b19d16e03a382abb85e\",\"name\":\"Ivica Nikolac\",\"image\":{\"@type\":\"ImageObject\",\"inLanguage\":\"it-IT\",\"@id\":\"https:\/\/www.rijeka.hr\/it\/#\/schema\/person\/image\/\",\"url\":\"https:\/\/secure.gravatar.com\/avatar\/566d324e1656a1b494a0766b85643006?s=96&d=mm&r=g\",\"contentUrl\":\"https:\/\/secure.gravatar.com\/avatar\/566d324e1656a1b494a0766b85643006?s=96&d=mm&r=g\",\"caption\":\"Ivica Nikolac\"},\"url\":\"https:\/\/www.rijeka.hr\/it\/author\/inikolac\/\"}]}<\/script>\n<!-- \/ Yoast SEO plugin. -->","yoast_head_json":{"title":"L\u2019azienda H\u017d Infrastruktura ha rifiutato la localit\u00e0 concordata per l'allestimento di un container e una tenda per l'accoglienza temporanea dei migranti - Citt\u00e0 di Fiume","robots":{"index":"index","follow":"follow","max-snippet":"max-snippet:-1","max-image-preview":"max-image-preview:large","max-video-preview":"max-video-preview:-1"},"canonical":"https:\/\/www.rijeka.hr\/it\/lazienda-hz-infrastruktura-ha-rifiutato-la-localita-concordata-per-lallestimento-di-un-container-e-una-tenda-per-laccoglienza-temporanea-dei-migranti\/","og_locale":"it_IT","og_type":"article","og_title":"L\u2019azienda H\u017d Infrastruktura ha rifiutato la localit\u00e0 concordata per l'allestimento di un container e una tenda per l'accoglienza temporanea dei migranti - Citt\u00e0 di Fiume","og_description":"La Citt\u00e0 di Fiume ha ricevuto la lettera dell\u2019azienda H\u017d Infrastruktura, in cui considerano inaccettabile la localit\u00e0 concordata per la sistemazione di una tenda temporanea e un container (dietro la vecchia locomotiva da esposizione, vicino all'edificio della stazione). Inoltre, considerano inaccettabili tutte le altre potenziali localit\u00e0 vicino alla stazione ferroviaria per la sistemazione della tenda temporanea e il container in cui i migranti avrebbero l\u2019accesso alle condizioni igieniche minime.","og_url":"https:\/\/www.rijeka.hr\/it\/lazienda-hz-infrastruktura-ha-rifiutato-la-localita-concordata-per-lallestimento-di-un-container-e-una-tenda-per-laccoglienza-temporanea-dei-migranti\/","og_site_name":"Citt\u00e0 di Fiume","article_published_time":"2022-10-26T09:19:09+00:00","article_modified_time":"2022-10-27T09:22:24+00:00","og_image":[{"width":700,"height":525,"url":"https:\/\/www.rijeka.hr\/it\/wp-content\/uploads\/sites\/3\/2022\/10\/\u017deljezni\u010dki-kolodvor.jpg","type":"image\/jpeg"}],"author":"Ivica Nikolac","twitter_card":"summary_large_image","twitter_misc":{"Written by":"Ivica Nikolac","Est. reading time":"2 minutes"},"schema":{"@context":"https:\/\/schema.org","@graph":[{"@type":"WebPage","@id":"https:\/\/www.rijeka.hr\/it\/lazienda-hz-infrastruktura-ha-rifiutato-la-localita-concordata-per-lallestimento-di-un-container-e-una-tenda-per-laccoglienza-temporanea-dei-migranti\/","url":"https:\/\/www.rijeka.hr\/it\/lazienda-hz-infrastruktura-ha-rifiutato-la-localita-concordata-per-lallestimento-di-un-container-e-una-tenda-per-laccoglienza-temporanea-dei-migranti\/","name":"L\u2019azienda H\u017d Infrastruktura ha rifiutato la localit\u00e0 concordata per l'allestimento di un container e una tenda per l'accoglienza temporanea dei migranti - Citt\u00e0 di Fiume","isPartOf":{"@id":"https:\/\/www.rijeka.hr\/it\/#website"},"primaryImageOfPage":{"@id":"https:\/\/www.rijeka.hr\/it\/lazienda-hz-infrastruktura-ha-rifiutato-la-localita-concordata-per-lallestimento-di-un-container-e-una-tenda-per-laccoglienza-temporanea-dei-migranti\/#primaryimage"},"image":{"@id":"https:\/\/www.rijeka.hr\/it\/lazienda-hz-infrastruktura-ha-rifiutato-la-localita-concordata-per-lallestimento-di-un-container-e-una-tenda-per-laccoglienza-temporanea-dei-migranti\/#primaryimage"},"thumbnailUrl":"https:\/\/www.rijeka.hr\/it\/wp-content\/uploads\/sites\/3\/2022\/10\/\u017deljezni\u010dki-kolodvor.jpg","datePublished":"2022-10-26T09:19:09+00:00","dateModified":"2022-10-27T09:22:24+00:00","author":{"@id":"https:\/\/www.rijeka.hr\/it\/#\/schema\/person\/048b064fa7891b19d16e03a382abb85e"},"breadcrumb":{"@id":"https:\/\/www.rijeka.hr\/it\/lazienda-hz-infrastruktura-ha-rifiutato-la-localita-concordata-per-lallestimento-di-un-container-e-una-tenda-per-laccoglienza-temporanea-dei-migranti\/#breadcrumb"},"inLanguage":"it-IT","potentialAction":[{"@type":"ReadAction","target":["https:\/\/www.rijeka.hr\/it\/lazienda-hz-infrastruktura-ha-rifiutato-la-localita-concordata-per-lallestimento-di-un-container-e-una-tenda-per-laccoglienza-temporanea-dei-migranti\/"]}]},{"@type":"ImageObject","inLanguage":"it-IT","@id":"https:\/\/www.rijeka.hr\/it\/lazienda-hz-infrastruktura-ha-rifiutato-la-localita-concordata-per-lallestimento-di-un-container-e-una-tenda-per-laccoglienza-temporanea-dei-migranti\/#primaryimage","url":"https:\/\/www.rijeka.hr\/it\/wp-content\/uploads\/sites\/3\/2022\/10\/\u017deljezni\u010dki-kolodvor.jpg","contentUrl":"https:\/\/www.rijeka.hr\/it\/wp-content\/uploads\/sites\/3\/2022\/10\/\u017deljezni\u010dki-kolodvor.jpg","width":700,"height":525},{"@type":"BreadcrumbList","@id":"https:\/\/www.rijeka.hr\/it\/lazienda-hz-infrastruktura-ha-rifiutato-la-localita-concordata-per-lallestimento-di-un-container-e-una-tenda-per-laccoglienza-temporanea-dei-migranti\/#breadcrumb","itemListElement":[{"@type":"ListItem","position":1,"name":"Po\u010detna stranica","item":"https:\/\/www.rijeka.hr\/it\/"},{"@type":"ListItem","position":2,"name":"L\u2019azienda H\u017d Infrastruktura ha rifiutato la localit\u00e0 concordata per l&#8217;allestimento di un container e una tenda per l&#8217;accoglienza temporanea dei migranti"}]},{"@type":"WebSite","@id":"https:\/\/www.rijeka.hr\/it\/#website","url":"https:\/\/www.rijeka.hr\/it\/","name":"Citt\u00e0 di Fiume","description":"Portale web della Citta&#039; di Fiume","potentialAction":[{"@type":"SearchAction","target":{"@type":"EntryPoint","urlTemplate":"https:\/\/www.rijeka.hr\/it\/?s={search_term_string}"},"query-input":{"@type":"PropertyValueSpecification","valueRequired":true,"valueName":"search_term_string"}}],"inLanguage":"it-IT"},{"@type":"Person","@id":"https:\/\/www.rijeka.hr\/it\/#\/schema\/person\/048b064fa7891b19d16e03a382abb85e","name":"Ivica Nikolac","image":{"@type":"ImageObject","inLanguage":"it-IT","@id":"https:\/\/www.rijeka.hr\/it\/#\/schema\/person\/image\/","url":"https:\/\/secure.gravatar.com\/avatar\/566d324e1656a1b494a0766b85643006?s=96&d=mm&r=g","contentUrl":"https:\/\/secure.gravatar.com\/avatar\/566d324e1656a1b494a0766b85643006?s=96&d=mm&r=g","caption":"Ivica Nikolac"},"url":"https:\/\/www.rijeka.hr\/it\/author\/inikolac\/"}]}},"_links":{"self":[{"href":"https:\/\/www.rijeka.hr\/it\/wp-json\/wp\/v2\/posts\/16181","targetHints":{"allow":["GET"]}}],"collection":[{"href":"https:\/\/www.rijeka.hr\/it\/wp-json\/wp\/v2\/posts"}],"about":[{"href":"https:\/\/www.rijeka.hr\/it\/wp-json\/wp\/v2\/types\/post"}],"author":[{"embeddable":true,"href":"https:\/\/www.rijeka.hr\/it\/wp-json\/wp\/v2\/users\/5"}],"replies":[{"embeddable":true,"href":"https:\/\/www.rijeka.hr\/it\/wp-json\/wp\/v2\/comments?post=16181"}],"version-history":[{"count":3,"href":"https:\/\/www.rijeka.hr\/it\/wp-json\/wp\/v2\/posts\/16181\/revisions"}],"predecessor-version":[{"id":16184,"href":"https:\/\/www.rijeka.hr\/it\/wp-json\/wp\/v2\/posts\/16181\/revisions\/16184"}],"wp:featuredmedia":[{"embeddable":true,"href":"https:\/\/www.rijeka.hr\/it\/wp-json\/wp\/v2\/media\/16185"}],"wp:attachment":[{"href":"https:\/\/www.rijeka.hr\/it\/wp-json\/wp\/v2\/media?parent=16181"}],"wp:term":[{"taxonomy":"category","embeddable":true,"href":"https:\/\/www.rijeka.hr\/it\/wp-json\/wp\/v2\/categories?post=16181"},{"taxonomy":"post_tag","embeddable":true,"href":"https:\/\/www.rijeka.hr\/it\/wp-json\/wp\/v2\/tags?post=16181"}],"curies":[{"name":"wp","href":"https:\/\/api.w.org\/{rel}","templated":true}]}}