{"id":16271,"date":"2022-11-03T12:50:52","date_gmt":"2022-11-03T11:50:52","guid":{"rendered":"https:\/\/www.rijeka.hr\/it\/?p=16271"},"modified":"2022-11-04T13:08:30","modified_gmt":"2022-11-04T12:08:30","slug":"visita-inaugurale-di-s-e-iso-masato-ambasciatore-del-giappone-presso-la-repubblica-di-croazia-fiume","status":"publish","type":"post","link":"https:\/\/www.rijeka.hr\/it\/visita-inaugurale-di-s-e-iso-masato-ambasciatore-del-giappone-presso-la-repubblica-di-croazia-fiume\/","title":{"rendered":"Visita inaugurale di S.E. Iso Masato, Ambasciatore del Giappone presso la Repubblica di Croazia a Fiume"},"content":{"rendered":"<p>Ricordiamo che la citt\u00e0 giapponese di Kawasaki \u00e8 stata tra le prime citt\u00e0 gemellate con la Citt\u00e0 di Fiume, firmando il primo accordo di amicizia e cooperazione nel 1977.<\/p>\n<p>Il sindaco Filipovi\u0107 ha sottolineato che l&#8217;amicizia di lunga data tra le due citt\u00e0 si \u00e8 tradotta in numerosi progetti nel corso degli anni.<\/p>\n<p>&#8220;Le nostre due citt\u00e0 sono legate da oltre 40 anni di amicizia e credo che tra qualche anno celebreremo in modo speciale mezzo secolo della nostra eccezionale collaborazione&#8221;, ha affermato il sindaco Filipovi\u0107, sottolineando anche l&#8217;ottima collaborazione con il Ambasciata del Giappone in Croazia.<\/p>\n<div id=\"attachment_16275\" class=\"wp-caption alignleft\"><img loading=\"lazy\" decoding=\"async\" width=\"600\" height=\"400\" class=\"wp-image-16275 size-medium\" src=\"https:\/\/www.rijeka.hr\/it\/wp-content\/uploads\/sites\/3\/2022\/11\/Nastupni-posjet-veleposlanika-Japana-u-RH-Isa-Masata-1-600x400-600x400.jpg\" alt=\"\" \/><p class=\"wp-caption-text\">la citt\u00e0 di Kawasaki \u00e8 stata tra le prime citt\u00e0 gemellate con Fiume<\/p><\/div>\n<p>Nei suoi colloqui con l&#8217;ambasciatore giapponese Masato, il sindaco Filipovi\u0107 ha sottolineato la realizzazione di alcuni progetti pi\u00f9 significativi promossi a Fiume, che contribuiranno a una migliore qualit\u00e0 della vita nella citt\u00e0 e dei suoi cittadini, come la costruzione di infrastrutture stradali, la pianificazione di un nuovo porto turistico che cambier\u00e0 la visura della citt\u00e0 e influenzer\u00e0 anche lo sviluppo del turismo nautico e urbano. Ha anche menzionato il prossimo completamento dei lavori per la realizzazione del nuovo edificio dell&#8217;ospedale e del nuovo edificio della biblioteca civica nel quartiere artistico Ben\u010di\u0107. Trattandosi di un progetto infrastrutturale realizzato grazie al fatto che Fiume nel 2020 ha vinto il titolo di Capitale Europea della Cultura, il sindaco ha anche evidenziato la buona collaborazione con la fondazione EU Japan Fest, che da molti anni sostiene le citt\u00e0 CEC finanziando la partecipazione di artisti e organizzazioni giapponesi nei programmi delle citt\u00e0 CEC.<\/p>\n<p>&#8220;Sono lieto che l&#8217;Ambasciata del Giappone e la Citt\u00e0 di Fiume abbiano instaurato una cooperazione lunga e proficua. Ad oggi, abbiamo gi\u00e0 collaborato all&#8217;organizzazione di numerosi eventi, per lo pi\u00f9 culturali, e spero che continueremo questa cooperazione nel futuro. Abbiamo gi\u00e0 in programma un programma culturale diversificato per il prossimo anno, che includer\u00e0 anche l&#8217;arrivo di artisti giapponesi, e credo che alcuni degli eventi in programma saranno organizzati anche a Fiume in modo che i cittadini possano conoscere meglio la nostra cultura,&#8221; ha affermato l&#8217;Ambasciatore Masato, che questa sera parteciper\u00e0 all&#8217;inaugurazione del Ciclo di film giapponesi all\u2019Art cinema.<\/p>\n<p>Durante il ricevimento odierno l&#8217;ambasciatore e il sindaco hanno discusso anche delle possibilit\u00e0 di cooperazione nel campo dell&#8217;imprenditoria e dell&#8217;economia dei due paesi, ovvero del collegamento tra gli imprenditori fiumani e giapponesi.<\/p>\n<div id=\"attachment_16276\" class=\"wp-caption alignright\"><img loading=\"lazy\" decoding=\"async\" class=\"wp-image-16276 size-medium\" src=\"https:\/\/www.rijeka.hr\/it\/wp-content\/uploads\/sites\/3\/2022\/11\/Nastupni-posjet-veleposlanika-Japana-u-RH-Isa-Masata-3-600x400-600x400.jpg\" alt=\"\" width=\"600\" height=\"400\" \/><p class=\"wp-caption-text\">Sindaco Marko Filipovi\u0107 e Ambasciatore Iso Masato<\/p><\/div>\n<p>La cooperazione tra Fiume e il Giappone, in primo luogo la citt\u00e0 di Kawasaki, \u00e8 pi\u00f9 intensa su progetti nel campo della cultura e dell&#8217;istruzione. La citt\u00e0 di Kawasaki ha fornito supporto a Fiume durante la sua candidatura al titolo di Capitale Europea della Cultura nel 2020.<\/p>\n<p>Inoltre, nel corso degli anni, molti artisti giapponesi hanno soggiornato a Fiume e hanno partecipato a vari eventi come la Sfilata Internazionale di Carnevale e le Giornate di San Vito. Quest&#8217;anno, l&#8217;Ambasciatore Masato ha partecipato alla serata di Gala tenutasi alla vigilia della Sfilata Internazionale di Carnevale.<\/p>\n<p>Il sindaco Filipovi\u0107 e l&#8217;ambasciatore Masato si sono scambiati doni adeguati con l&#8217;augurio reciproco per il proseguo di questa ottima cooperazione in futuro.<\/p>\n<p>Oltre al sindaco Filipovi\u0107, al ricevimento in onore dell&#8217;Ambasciatore, S.E. Iso Masato ha partecipato anche Astrid Massari, membro del Comitato per la collaborazione interurbana e internazionale del Consiglio cittadino. L&#8217;Ambasciatore Masato \u00e8 stato accompagnato dal Terzo Segretario Yutaro Nishida.<\/p>\n","protected":false},"excerpt":{"rendered":"<p>Il sindaco di Fiume, Marko Filipovi\u0107, ha tenuto il ricevimento in onore dell&#8217;Ambasciatore del Giappone presso la Repubblica di Croazia, S.E. Iso Masato, in occasione della sua prima visita a Fiume.<\/p>\n","protected":false},"author":5,"featured_media":16274,"comment_status":"open","ping_status":"open","sticky":false,"template":"","format":"standard","meta":{"_acf_changed":false,"_trash_the_other_posts":false,"footnotes":"","_links_to":"","_links_to_target":""},"categories":[976],"tags":[1883,1885,1884,501,903],"class_list":["post-16271","post","type-post","status-publish","format-standard","has-post-thumbnail","hentry","category-articoli","tag-ambasciatore-del-giappone","tag-ciclo-di-film-giapponesi","tag-citta-di-kawasaki","tag-citta-gemellate","tag-visita-inaugurale"],"acf":[],"yoast_head":"<!-- This site is optimized with the Yoast SEO plugin v24.4 - https:\/\/yoast.com\/wordpress\/plugins\/seo\/ -->\n<title>Visita inaugurale di S.E. Iso Masato, Ambasciatore del Giappone presso la Repubblica di Croazia a Fiume - Citt\u00e0 di Fiume<\/title>\n<meta name=\"robots\" content=\"index, follow, max-snippet:-1, max-image-preview:large, max-video-preview:-1\" \/>\n<link rel=\"canonical\" href=\"https:\/\/www.rijeka.hr\/it\/visita-inaugurale-di-s-e-iso-masato-ambasciatore-del-giappone-presso-la-repubblica-di-croazia-fiume\/\" \/>\n<meta property=\"og:locale\" content=\"it_IT\" \/>\n<meta property=\"og:type\" content=\"article\" \/>\n<meta property=\"og:title\" content=\"Visita inaugurale di S.E. Iso Masato, Ambasciatore del Giappone presso la Repubblica di Croazia a Fiume - Citt\u00e0 di Fiume\" \/>\n<meta property=\"og:description\" content=\"Il sindaco di Fiume, Marko Filipovi\u0107, ha tenuto il ricevimento in onore dell&#039;Ambasciatore del Giappone presso la Repubblica di Croazia, S.E. Iso Masato, in occasione della sua prima visita a Fiume.\" \/>\n<meta property=\"og:url\" content=\"https:\/\/www.rijeka.hr\/it\/visita-inaugurale-di-s-e-iso-masato-ambasciatore-del-giappone-presso-la-repubblica-di-croazia-fiume\/\" \/>\n<meta property=\"og:site_name\" content=\"Citt\u00e0 di Fiume\" \/>\n<meta property=\"article:published_time\" content=\"2022-11-03T11:50:52+00:00\" \/>\n<meta property=\"article:modified_time\" content=\"2022-11-04T12:08:30+00:00\" \/>\n<meta property=\"og:image\" content=\"https:\/\/www.rijeka.hr\/it\/wp-content\/uploads\/sites\/3\/2022\/11\/Nastupni-posjet-veleposlanika-Japana-u-RH-Isa-Masata-8-900x600.jpg\" \/>\n\t<meta property=\"og:image:width\" content=\"900\" \/>\n\t<meta property=\"og:image:height\" content=\"600\" \/>\n\t<meta property=\"og:image:type\" content=\"image\/jpeg\" \/>\n<meta name=\"author\" content=\"Ivica Nikolac\" \/>\n<meta name=\"twitter:card\" content=\"summary_large_image\" \/>\n<meta name=\"twitter:label1\" content=\"Written by\" \/>\n\t<meta name=\"twitter:data1\" content=\"Ivica Nikolac\" \/>\n\t<meta name=\"twitter:label2\" content=\"Est. reading time\" \/>\n\t<meta name=\"twitter:data2\" content=\"3 minutes\" \/>\n<script type=\"application\/ld+json\" class=\"yoast-schema-graph\">{\"@context\":\"https:\/\/schema.org\",\"@graph\":[{\"@type\":\"WebPage\",\"@id\":\"https:\/\/www.rijeka.hr\/it\/visita-inaugurale-di-s-e-iso-masato-ambasciatore-del-giappone-presso-la-repubblica-di-croazia-fiume\/\",\"url\":\"https:\/\/www.rijeka.hr\/it\/visita-inaugurale-di-s-e-iso-masato-ambasciatore-del-giappone-presso-la-repubblica-di-croazia-fiume\/\",\"name\":\"Visita inaugurale di S.E. Iso Masato, Ambasciatore del Giappone presso la Repubblica di Croazia a Fiume - Citt\u00e0 di Fiume\",\"isPartOf\":{\"@id\":\"https:\/\/www.rijeka.hr\/it\/#website\"},\"primaryImageOfPage\":{\"@id\":\"https:\/\/www.rijeka.hr\/it\/visita-inaugurale-di-s-e-iso-masato-ambasciatore-del-giappone-presso-la-repubblica-di-croazia-fiume\/#primaryimage\"},\"image\":{\"@id\":\"https:\/\/www.rijeka.hr\/it\/visita-inaugurale-di-s-e-iso-masato-ambasciatore-del-giappone-presso-la-repubblica-di-croazia-fiume\/#primaryimage\"},\"thumbnailUrl\":\"https:\/\/www.rijeka.hr\/it\/wp-content\/uploads\/sites\/3\/2022\/11\/Nastupni-posjet-veleposlanika-Japana-u-RH-Isa-Masata-8-900x600.jpg\",\"datePublished\":\"2022-11-03T11:50:52+00:00\",\"dateModified\":\"2022-11-04T12:08:30+00:00\",\"author\":{\"@id\":\"https:\/\/www.rijeka.hr\/it\/#\/schema\/person\/048b064fa7891b19d16e03a382abb85e\"},\"breadcrumb\":{\"@id\":\"https:\/\/www.rijeka.hr\/it\/visita-inaugurale-di-s-e-iso-masato-ambasciatore-del-giappone-presso-la-repubblica-di-croazia-fiume\/#breadcrumb\"},\"inLanguage\":\"it-IT\",\"potentialAction\":[{\"@type\":\"ReadAction\",\"target\":[\"https:\/\/www.rijeka.hr\/it\/visita-inaugurale-di-s-e-iso-masato-ambasciatore-del-giappone-presso-la-repubblica-di-croazia-fiume\/\"]}]},{\"@type\":\"ImageObject\",\"inLanguage\":\"it-IT\",\"@id\":\"https:\/\/www.rijeka.hr\/it\/visita-inaugurale-di-s-e-iso-masato-ambasciatore-del-giappone-presso-la-repubblica-di-croazia-fiume\/#primaryimage\",\"url\":\"https:\/\/www.rijeka.hr\/it\/wp-content\/uploads\/sites\/3\/2022\/11\/Nastupni-posjet-veleposlanika-Japana-u-RH-Isa-Masata-8-900x600.jpg\",\"contentUrl\":\"https:\/\/www.rijeka.hr\/it\/wp-content\/uploads\/sites\/3\/2022\/11\/Nastupni-posjet-veleposlanika-Japana-u-RH-Isa-Masata-8-900x600.jpg\",\"width\":900,\"height\":600},{\"@type\":\"BreadcrumbList\",\"@id\":\"https:\/\/www.rijeka.hr\/it\/visita-inaugurale-di-s-e-iso-masato-ambasciatore-del-giappone-presso-la-repubblica-di-croazia-fiume\/#breadcrumb\",\"itemListElement\":[{\"@type\":\"ListItem\",\"position\":1,\"name\":\"Po\u010detna stranica\",\"item\":\"https:\/\/www.rijeka.hr\/it\/\"},{\"@type\":\"ListItem\",\"position\":2,\"name\":\"Visita inaugurale di S.E. Iso Masato, Ambasciatore del Giappone presso la Repubblica di Croazia a Fiume\"}]},{\"@type\":\"WebSite\",\"@id\":\"https:\/\/www.rijeka.hr\/it\/#website\",\"url\":\"https:\/\/www.rijeka.hr\/it\/\",\"name\":\"Citt\u00e0 di Fiume\",\"description\":\"Portale web della Citta&#039; di Fiume\",\"potentialAction\":[{\"@type\":\"SearchAction\",\"target\":{\"@type\":\"EntryPoint\",\"urlTemplate\":\"https:\/\/www.rijeka.hr\/it\/?s={search_term_string}\"},\"query-input\":{\"@type\":\"PropertyValueSpecification\",\"valueRequired\":true,\"valueName\":\"search_term_string\"}}],\"inLanguage\":\"it-IT\"},{\"@type\":\"Person\",\"@id\":\"https:\/\/www.rijeka.hr\/it\/#\/schema\/person\/048b064fa7891b19d16e03a382abb85e\",\"name\":\"Ivica Nikolac\",\"image\":{\"@type\":\"ImageObject\",\"inLanguage\":\"it-IT\",\"@id\":\"https:\/\/www.rijeka.hr\/it\/#\/schema\/person\/image\/\",\"url\":\"https:\/\/secure.gravatar.com\/avatar\/566d324e1656a1b494a0766b85643006?s=96&d=mm&r=g\",\"contentUrl\":\"https:\/\/secure.gravatar.com\/avatar\/566d324e1656a1b494a0766b85643006?s=96&d=mm&r=g\",\"caption\":\"Ivica Nikolac\"},\"url\":\"https:\/\/www.rijeka.hr\/it\/author\/inikolac\/\"}]}<\/script>\n<!-- \/ Yoast SEO plugin. -->","yoast_head_json":{"title":"Visita inaugurale di S.E. Iso Masato, Ambasciatore del Giappone presso la Repubblica di Croazia a Fiume - Citt\u00e0 di Fiume","robots":{"index":"index","follow":"follow","max-snippet":"max-snippet:-1","max-image-preview":"max-image-preview:large","max-video-preview":"max-video-preview:-1"},"canonical":"https:\/\/www.rijeka.hr\/it\/visita-inaugurale-di-s-e-iso-masato-ambasciatore-del-giappone-presso-la-repubblica-di-croazia-fiume\/","og_locale":"it_IT","og_type":"article","og_title":"Visita inaugurale di S.E. Iso Masato, Ambasciatore del Giappone presso la Repubblica di Croazia a Fiume - Citt\u00e0 di Fiume","og_description":"Il sindaco di Fiume, Marko Filipovi\u0107, ha tenuto il ricevimento in onore dell'Ambasciatore del Giappone presso la Repubblica di Croazia, S.E. Iso Masato, in occasione della sua prima visita a Fiume.","og_url":"https:\/\/www.rijeka.hr\/it\/visita-inaugurale-di-s-e-iso-masato-ambasciatore-del-giappone-presso-la-repubblica-di-croazia-fiume\/","og_site_name":"Citt\u00e0 di Fiume","article_published_time":"2022-11-03T11:50:52+00:00","article_modified_time":"2022-11-04T12:08:30+00:00","og_image":[{"width":900,"height":600,"url":"https:\/\/www.rijeka.hr\/it\/wp-content\/uploads\/sites\/3\/2022\/11\/Nastupni-posjet-veleposlanika-Japana-u-RH-Isa-Masata-8-900x600.jpg","type":"image\/jpeg"}],"author":"Ivica Nikolac","twitter_card":"summary_large_image","twitter_misc":{"Written by":"Ivica Nikolac","Est. reading time":"3 minutes"},"schema":{"@context":"https:\/\/schema.org","@graph":[{"@type":"WebPage","@id":"https:\/\/www.rijeka.hr\/it\/visita-inaugurale-di-s-e-iso-masato-ambasciatore-del-giappone-presso-la-repubblica-di-croazia-fiume\/","url":"https:\/\/www.rijeka.hr\/it\/visita-inaugurale-di-s-e-iso-masato-ambasciatore-del-giappone-presso-la-repubblica-di-croazia-fiume\/","name":"Visita inaugurale di S.E. Iso Masato, Ambasciatore del Giappone presso la Repubblica di Croazia a Fiume - Citt\u00e0 di Fiume","isPartOf":{"@id":"https:\/\/www.rijeka.hr\/it\/#website"},"primaryImageOfPage":{"@id":"https:\/\/www.rijeka.hr\/it\/visita-inaugurale-di-s-e-iso-masato-ambasciatore-del-giappone-presso-la-repubblica-di-croazia-fiume\/#primaryimage"},"image":{"@id":"https:\/\/www.rijeka.hr\/it\/visita-inaugurale-di-s-e-iso-masato-ambasciatore-del-giappone-presso-la-repubblica-di-croazia-fiume\/#primaryimage"},"thumbnailUrl":"https:\/\/www.rijeka.hr\/it\/wp-content\/uploads\/sites\/3\/2022\/11\/Nastupni-posjet-veleposlanika-Japana-u-RH-Isa-Masata-8-900x600.jpg","datePublished":"2022-11-03T11:50:52+00:00","dateModified":"2022-11-04T12:08:30+00:00","author":{"@id":"https:\/\/www.rijeka.hr\/it\/#\/schema\/person\/048b064fa7891b19d16e03a382abb85e"},"breadcrumb":{"@id":"https:\/\/www.rijeka.hr\/it\/visita-inaugurale-di-s-e-iso-masato-ambasciatore-del-giappone-presso-la-repubblica-di-croazia-fiume\/#breadcrumb"},"inLanguage":"it-IT","potentialAction":[{"@type":"ReadAction","target":["https:\/\/www.rijeka.hr\/it\/visita-inaugurale-di-s-e-iso-masato-ambasciatore-del-giappone-presso-la-repubblica-di-croazia-fiume\/"]}]},{"@type":"ImageObject","inLanguage":"it-IT","@id":"https:\/\/www.rijeka.hr\/it\/visita-inaugurale-di-s-e-iso-masato-ambasciatore-del-giappone-presso-la-repubblica-di-croazia-fiume\/#primaryimage","url":"https:\/\/www.rijeka.hr\/it\/wp-content\/uploads\/sites\/3\/2022\/11\/Nastupni-posjet-veleposlanika-Japana-u-RH-Isa-Masata-8-900x600.jpg","contentUrl":"https:\/\/www.rijeka.hr\/it\/wp-content\/uploads\/sites\/3\/2022\/11\/Nastupni-posjet-veleposlanika-Japana-u-RH-Isa-Masata-8-900x600.jpg","width":900,"height":600},{"@type":"BreadcrumbList","@id":"https:\/\/www.rijeka.hr\/it\/visita-inaugurale-di-s-e-iso-masato-ambasciatore-del-giappone-presso-la-repubblica-di-croazia-fiume\/#breadcrumb","itemListElement":[{"@type":"ListItem","position":1,"name":"Po\u010detna stranica","item":"https:\/\/www.rijeka.hr\/it\/"},{"@type":"ListItem","position":2,"name":"Visita inaugurale di S.E. Iso Masato, Ambasciatore del Giappone presso la Repubblica di Croazia a Fiume"}]},{"@type":"WebSite","@id":"https:\/\/www.rijeka.hr\/it\/#website","url":"https:\/\/www.rijeka.hr\/it\/","name":"Citt\u00e0 di Fiume","description":"Portale web della Citta&#039; di Fiume","potentialAction":[{"@type":"SearchAction","target":{"@type":"EntryPoint","urlTemplate":"https:\/\/www.rijeka.hr\/it\/?s={search_term_string}"},"query-input":{"@type":"PropertyValueSpecification","valueRequired":true,"valueName":"search_term_string"}}],"inLanguage":"it-IT"},{"@type":"Person","@id":"https:\/\/www.rijeka.hr\/it\/#\/schema\/person\/048b064fa7891b19d16e03a382abb85e","name":"Ivica Nikolac","image":{"@type":"ImageObject","inLanguage":"it-IT","@id":"https:\/\/www.rijeka.hr\/it\/#\/schema\/person\/image\/","url":"https:\/\/secure.gravatar.com\/avatar\/566d324e1656a1b494a0766b85643006?s=96&d=mm&r=g","contentUrl":"https:\/\/secure.gravatar.com\/avatar\/566d324e1656a1b494a0766b85643006?s=96&d=mm&r=g","caption":"Ivica Nikolac"},"url":"https:\/\/www.rijeka.hr\/it\/author\/inikolac\/"}]}},"_links":{"self":[{"href":"https:\/\/www.rijeka.hr\/it\/wp-json\/wp\/v2\/posts\/16271","targetHints":{"allow":["GET"]}}],"collection":[{"href":"https:\/\/www.rijeka.hr\/it\/wp-json\/wp\/v2\/posts"}],"about":[{"href":"https:\/\/www.rijeka.hr\/it\/wp-json\/wp\/v2\/types\/post"}],"author":[{"embeddable":true,"href":"https:\/\/www.rijeka.hr\/it\/wp-json\/wp\/v2\/users\/5"}],"replies":[{"embeddable":true,"href":"https:\/\/www.rijeka.hr\/it\/wp-json\/wp\/v2\/comments?post=16271"}],"version-history":[{"count":3,"href":"https:\/\/www.rijeka.hr\/it\/wp-json\/wp\/v2\/posts\/16271\/revisions"}],"predecessor-version":[{"id":16279,"href":"https:\/\/www.rijeka.hr\/it\/wp-json\/wp\/v2\/posts\/16271\/revisions\/16279"}],"wp:featuredmedia":[{"embeddable":true,"href":"https:\/\/www.rijeka.hr\/it\/wp-json\/wp\/v2\/media\/16274"}],"wp:attachment":[{"href":"https:\/\/www.rijeka.hr\/it\/wp-json\/wp\/v2\/media?parent=16271"}],"wp:term":[{"taxonomy":"category","embeddable":true,"href":"https:\/\/www.rijeka.hr\/it\/wp-json\/wp\/v2\/categories?post=16271"},{"taxonomy":"post_tag","embeddable":true,"href":"https:\/\/www.rijeka.hr\/it\/wp-json\/wp\/v2\/tags?post=16271"}],"curies":[{"name":"wp","href":"https:\/\/api.w.org\/{rel}","templated":true}]}}