{"id":16636,"date":"2022-11-30T11:00:53","date_gmt":"2022-11-30T10:00:53","guid":{"rendered":"https:\/\/www.rijeka.hr\/it\/?p=16636"},"modified":"2022-12-05T08:55:50","modified_gmt":"2022-12-05T07:55:50","slug":"20-edizione-giubilare-delli-fest","status":"publish","type":"post","link":"https:\/\/www.rijeka.hr\/it\/20-edizione-giubilare-delli-fest\/","title":{"rendered":"20\u00b0 edizione giubilare dell\u2019i-FEST"},"content":{"rendered":"<p>Il festival \u00e8 stato annunciato da Karla Mu\u0161kovi\u0107, a capo del Dipartimento per la sanit\u00e0 e la previdenza sociale della Citt\u00e0 di Fiume, da Jadran Mandeki\u0107, responsabie del progetto &#8220;Fiume &#8211; Citt\u00e0 sana&#8221;, e dalle co-presentatrici del Festival &#8211; Isabella Huji\u0107 a nome dell&#8217;Associazione Sindrome di Down \u2013 \u201cRijeka 21\u201d, e Beata Heic a nome dell&#8217;Associazione delle persone affette da paralisi cerebrale e paralisi infantile di Fiume.<\/p>\n<p>Karla Mu\u0161kovi\u0107, capodipartimento per la sanit\u00e0 e la previdenza sociale della Citt\u00e0 di Fiume, ha affermato che il Festival della creativit\u00e0 e dei conseguimenti dei bambini con disabilit\u00e0 dello sviluppo e delle persone con disabilit\u00e0 viene organizzato con grande successo alla Casa di cultura croata di Su\u0161ak dal 2003.<\/p>\n<p>L\u2019i-FEST \u00e8 un evento tradizionale che viene organizzato in occasione della Giornata internazionale delle persone con disabilit\u00e0. L&#8217;obiettivo di questo evento unico \u00e8 quello di includere nei programmi il maggior numero possibile dei bambini con disabilit\u00e0 dello sviluppo e persone con disabilit\u00e0, affinch\u00e9 dimostrino le proprie abilit\u00e0 in diversi campi.<\/p>\n<p><img loading=\"lazy\" decoding=\"async\" width=\"259\" height=\"600\" class=\"size-medium wp-image-16641 alignright\" src=\"https:\/\/www.rijeka.hr\/it\/wp-content\/uploads\/sites\/3\/2022\/11\/Letak-i-Festa-259x600-259x600.jpg\" alt=\"\" srcset=\"https:\/\/www.rijeka.hr\/it\/wp-content\/uploads\/sites\/3\/2022\/11\/Letak-i-Festa-259x600.jpg 259w, https:\/\/www.rijeka.hr\/it\/wp-content\/uploads\/sites\/3\/2022\/11\/Letak-i-Festa-259x600-173x400.jpg 173w\" sizes=\"(max-width: 259px) 100vw, 259px\" \/>Secondo le stime dell\u2019ONU, il problema della disabilit\u00e0 \u00e8 molto pi\u00f9 diffuso di quanto comunemente si pensi: almeno una persona su dieci abitanti di ogni paese \u00e8 disabile. Nella Repubblica di Croazia, le persone con disabilit\u00e0 costituiscono circa il 16% della popolazione totale della Repubblica di Croazia. Nella Regione litoraneo \u2013 montana tale media \u00e8 leggermente inferiore e si attesta intorno al 12%.<\/p>\n<p>Il programma del Festival della creativit\u00e0 e dei conseguimenti dei bambini con disabilit\u00e0 dello sviluppo e delle persone con disabilit\u00e0 \u00e8 stato presentato da Jadran Mandeki\u0107, responsabile del progetto &#8220;Fiume &#8211; Citt\u00e0 sana&#8221;.<\/p>\n<p>La 20\u00b0 edizione dell\u2019i-Fest si articola in due parti. Nella prima, la mattina alle 11:00, si esibiranno i pi\u00f9 giovani partecipanti, mentre nel pomeriggio, alle 18:00, si esibiranno quelli pi\u00f9 grandi.<\/p>\n<p>Al Festival, circa quattrocento partecipanti, bambini con difficolt\u00e0 dello sviluppo e persone con disabilit\u00e0, presentano le loro conoscenze e abilit\u00e0 musicali, di ballo, di recitazione e artistiche. Nell&#8217;ambito del Festival, nell&#8217;atrio della Casa di cultura croata di Su\u0161ak, \u00e8 stata organizzata una mostra di opere realizzate dai partecipanti al festival, che sar\u00e0 aperta dalle 10:00 alle 18:00.<\/p>\n<p>Il presentatore del festival \u00e8 Dra\u017een Turina \u0160ajeta. L&#8217;ingresso all&#8217;evento \u00e8 gratuito per tutti i visitatori.<\/p>\n<p>Le co-presentatrici del Festival &#8211; Isabella Huji\u0107 a nome dell&#8217;Associazione Sindrome di Down \u2013 \u201cRijeka 21\u201d, e Beata Heic a nome dell&#8217;Associazione delle persone affette da paralisi cerebrale e paralisi infantile di Fiume hanno affermato che \u00e8 stato un onore e un piacere per loro guidare il programma come co-presentatrici e, oltre a questo, parteciparvi attivamente. Inoltre, Isabella Huji\u0107 \u00e8 membro del coro mentre Beata Heic si esibisce nel programma teatrale.<\/p>\n<p>Le seguenti istituzioni partecipano al Festival: Centro per l\u2019educazione e l\u2019istruzione di Fiume, Centro per l\u2019autismo di Fiume, Associazione per la tutela delle persone affette da autismo di Fiume, Societ\u00e0 sclerosi multipla della Regione litoraneo-montana, Associazione Sindrome di Down \u2013 Rijeka 21, Associazione delle persone affette da paralisi cerebrale e paralisi infantile di Fiume, Associazione regionale delle persona affette da paralisi cerebrale e paralisi infantile, Centro diurno per la riabilitazione &#8220;Slava Ra\u0161kaj&#8221; di Fiume, Asilo dell\u2019infanzia \u201cRijeka\u201d, Asilo dell\u2019infanzia \u201cSu\u0161ak\u201d, Asilo dell\u2019infanzia \u201cMore\u201d, Scuola di economia \u201cMijo Mirkovi\u0107\u201d di Fiume, Scuola elementare \u201cGornja Ve\u017eica\u201d, Scuola elementare \u201cKantrida\u201d, Centro per la riabilitazione \u201cFortica\u201d, Centro per la riabilitazione \u201cRijeka\u201d, Associazione &#8220;&#8230;e ai bambini con amore&#8221; e Agenzia di Moda Glamour Tara.<\/p>\n<p>La scenografia, la performance degli elementi e il modello artistico per il poster, il programma, l&#8217;invito e il biglietto di ringraziamento sono stati creati dagli studenti della Scuola di arti applicate di Fiume mentre i volontari della Scuola di economia \u201cMijo Mirkovi\u0107\u201d di Fiume hanno dato supporto all&#8217;organizzazione.<\/p>\n","protected":false},"excerpt":{"rendered":"<p>La 20\u00b0 edizione giubilare dell\u2019i-Fest, ovvero del Festival della creativit\u00e0 e dei conseguimenti dei bambini con disabilit\u00e0 dello sviluppo e delle persone con disabilit\u00e0, che si svolge nell&#8217;ambito del progetto &#8220;Fiume &#8211; Citt\u00e0 sana&#8221;, si terr\u00e0 alla Casa di cultura croata di Su\u0161ak, venerd\u00ec 2 dicembre 2022<\/p>\n","protected":false},"author":5,"featured_media":16640,"comment_status":"open","ping_status":"open","sticky":false,"template":"","format":"standard","meta":{"_acf_changed":false,"_trash_the_other_posts":false,"footnotes":"","_links_to":"","_links_to_target":""},"categories":[976],"tags":[2009,2012,2010,2011],"class_list":["post-16636","post","type-post","status-publish","format-standard","has-post-thumbnail","hentry","category-articoli","tag-20-edizione-giubilare-delli-fest","tag-casa-di-cultura-croata-di-susak","tag-festival-della-creativita-e-dei-conseguimenti-dei-bambini-con-disabilita-dello-sviluppo-e-delle-persone-con-disabilita","tag-fiume-citta-sana"],"acf":[],"yoast_head":"<!-- This site is optimized with the Yoast SEO plugin v24.4 - https:\/\/yoast.com\/wordpress\/plugins\/seo\/ -->\n<title>20\u00b0 edizione giubilare dell\u2019i-FEST - Citt\u00e0 di Fiume<\/title>\n<meta name=\"robots\" content=\"index, follow, max-snippet:-1, max-image-preview:large, max-video-preview:-1\" \/>\n<link rel=\"canonical\" href=\"https:\/\/www.rijeka.hr\/it\/20-edizione-giubilare-delli-fest\/\" \/>\n<meta property=\"og:locale\" content=\"it_IT\" \/>\n<meta property=\"og:type\" content=\"article\" \/>\n<meta property=\"og:title\" content=\"20\u00b0 edizione giubilare dell\u2019i-FEST - Citt\u00e0 di Fiume\" \/>\n<meta property=\"og:description\" content=\"La 20\u00b0 edizione giubilare dell\u2019i-Fest, ovvero del Festival della creativit\u00e0 e dei conseguimenti dei bambini con disabilit\u00e0 dello sviluppo e delle persone con disabilit\u00e0, che si svolge nell&#039;ambito del progetto &quot;Fiume - Citt\u00e0 sana&quot;, si terr\u00e0 alla Casa di cultura croata di Su\u0161ak, venerd\u00ec 2 dicembre 2022\" \/>\n<meta property=\"og:url\" content=\"https:\/\/www.rijeka.hr\/it\/20-edizione-giubilare-delli-fest\/\" \/>\n<meta property=\"og:site_name\" content=\"Citt\u00e0 di Fiume\" \/>\n<meta property=\"article:published_time\" content=\"2022-11-30T10:00:53+00:00\" \/>\n<meta property=\"article:modified_time\" content=\"2022-12-05T07:55:50+00:00\" \/>\n<meta property=\"og:image\" content=\"https:\/\/www.rijeka.hr\/it\/wp-content\/uploads\/sites\/3\/2022\/11\/Isabella-Huji\u0107-Karla-Mu\u0161kovi\u0107-Beata-Heic-Jadran-Mandeki\u0107-900x600.jpg\" \/>\n\t<meta property=\"og:image:width\" content=\"900\" \/>\n\t<meta property=\"og:image:height\" content=\"600\" \/>\n\t<meta property=\"og:image:type\" content=\"image\/jpeg\" \/>\n<meta name=\"author\" content=\"Ivica Nikolac\" \/>\n<meta name=\"twitter:card\" content=\"summary_large_image\" \/>\n<meta name=\"twitter:label1\" content=\"Written by\" \/>\n\t<meta name=\"twitter:data1\" content=\"Ivica Nikolac\" \/>\n\t<meta name=\"twitter:label2\" content=\"Est. reading time\" \/>\n\t<meta name=\"twitter:data2\" content=\"3 minutes\" \/>\n<script type=\"application\/ld+json\" class=\"yoast-schema-graph\">{\"@context\":\"https:\/\/schema.org\",\"@graph\":[{\"@type\":\"WebPage\",\"@id\":\"https:\/\/www.rijeka.hr\/it\/20-edizione-giubilare-delli-fest\/\",\"url\":\"https:\/\/www.rijeka.hr\/it\/20-edizione-giubilare-delli-fest\/\",\"name\":\"20\u00b0 edizione giubilare dell\u2019i-FEST - Citt\u00e0 di Fiume\",\"isPartOf\":{\"@id\":\"https:\/\/www.rijeka.hr\/it\/#website\"},\"primaryImageOfPage\":{\"@id\":\"https:\/\/www.rijeka.hr\/it\/20-edizione-giubilare-delli-fest\/#primaryimage\"},\"image\":{\"@id\":\"https:\/\/www.rijeka.hr\/it\/20-edizione-giubilare-delli-fest\/#primaryimage\"},\"thumbnailUrl\":\"https:\/\/www.rijeka.hr\/it\/wp-content\/uploads\/sites\/3\/2022\/11\/Isabella-Huji\u0107-Karla-Mu\u0161kovi\u0107-Beata-Heic-Jadran-Mandeki\u0107-900x600.jpg\",\"datePublished\":\"2022-11-30T10:00:53+00:00\",\"dateModified\":\"2022-12-05T07:55:50+00:00\",\"author\":{\"@id\":\"https:\/\/www.rijeka.hr\/it\/#\/schema\/person\/048b064fa7891b19d16e03a382abb85e\"},\"breadcrumb\":{\"@id\":\"https:\/\/www.rijeka.hr\/it\/20-edizione-giubilare-delli-fest\/#breadcrumb\"},\"inLanguage\":\"it-IT\",\"potentialAction\":[{\"@type\":\"ReadAction\",\"target\":[\"https:\/\/www.rijeka.hr\/it\/20-edizione-giubilare-delli-fest\/\"]}]},{\"@type\":\"ImageObject\",\"inLanguage\":\"it-IT\",\"@id\":\"https:\/\/www.rijeka.hr\/it\/20-edizione-giubilare-delli-fest\/#primaryimage\",\"url\":\"https:\/\/www.rijeka.hr\/it\/wp-content\/uploads\/sites\/3\/2022\/11\/Isabella-Huji\u0107-Karla-Mu\u0161kovi\u0107-Beata-Heic-Jadran-Mandeki\u0107-900x600.jpg\",\"contentUrl\":\"https:\/\/www.rijeka.hr\/it\/wp-content\/uploads\/sites\/3\/2022\/11\/Isabella-Huji\u0107-Karla-Mu\u0161kovi\u0107-Beata-Heic-Jadran-Mandeki\u0107-900x600.jpg\",\"width\":900,\"height\":600},{\"@type\":\"BreadcrumbList\",\"@id\":\"https:\/\/www.rijeka.hr\/it\/20-edizione-giubilare-delli-fest\/#breadcrumb\",\"itemListElement\":[{\"@type\":\"ListItem\",\"position\":1,\"name\":\"Po\u010detna stranica\",\"item\":\"https:\/\/www.rijeka.hr\/it\/\"},{\"@type\":\"ListItem\",\"position\":2,\"name\":\"20\u00b0 edizione giubilare dell\u2019i-FEST\"}]},{\"@type\":\"WebSite\",\"@id\":\"https:\/\/www.rijeka.hr\/it\/#website\",\"url\":\"https:\/\/www.rijeka.hr\/it\/\",\"name\":\"Citt\u00e0 di Fiume\",\"description\":\"Portale web della Citta&#039; di Fiume\",\"potentialAction\":[{\"@type\":\"SearchAction\",\"target\":{\"@type\":\"EntryPoint\",\"urlTemplate\":\"https:\/\/www.rijeka.hr\/it\/?s={search_term_string}\"},\"query-input\":{\"@type\":\"PropertyValueSpecification\",\"valueRequired\":true,\"valueName\":\"search_term_string\"}}],\"inLanguage\":\"it-IT\"},{\"@type\":\"Person\",\"@id\":\"https:\/\/www.rijeka.hr\/it\/#\/schema\/person\/048b064fa7891b19d16e03a382abb85e\",\"name\":\"Ivica Nikolac\",\"image\":{\"@type\":\"ImageObject\",\"inLanguage\":\"it-IT\",\"@id\":\"https:\/\/www.rijeka.hr\/it\/#\/schema\/person\/image\/\",\"url\":\"https:\/\/secure.gravatar.com\/avatar\/566d324e1656a1b494a0766b85643006?s=96&d=mm&r=g\",\"contentUrl\":\"https:\/\/secure.gravatar.com\/avatar\/566d324e1656a1b494a0766b85643006?s=96&d=mm&r=g\",\"caption\":\"Ivica Nikolac\"},\"url\":\"https:\/\/www.rijeka.hr\/it\/author\/inikolac\/\"}]}<\/script>\n<!-- \/ Yoast SEO plugin. -->","yoast_head_json":{"title":"20\u00b0 edizione giubilare dell\u2019i-FEST - Citt\u00e0 di Fiume","robots":{"index":"index","follow":"follow","max-snippet":"max-snippet:-1","max-image-preview":"max-image-preview:large","max-video-preview":"max-video-preview:-1"},"canonical":"https:\/\/www.rijeka.hr\/it\/20-edizione-giubilare-delli-fest\/","og_locale":"it_IT","og_type":"article","og_title":"20\u00b0 edizione giubilare dell\u2019i-FEST - Citt\u00e0 di Fiume","og_description":"La 20\u00b0 edizione giubilare dell\u2019i-Fest, ovvero del Festival della creativit\u00e0 e dei conseguimenti dei bambini con disabilit\u00e0 dello sviluppo e delle persone con disabilit\u00e0, che si svolge nell'ambito del progetto \"Fiume - Citt\u00e0 sana\", si terr\u00e0 alla Casa di cultura croata di Su\u0161ak, venerd\u00ec 2 dicembre 2022","og_url":"https:\/\/www.rijeka.hr\/it\/20-edizione-giubilare-delli-fest\/","og_site_name":"Citt\u00e0 di Fiume","article_published_time":"2022-11-30T10:00:53+00:00","article_modified_time":"2022-12-05T07:55:50+00:00","og_image":[{"width":900,"height":600,"url":"https:\/\/www.rijeka.hr\/it\/wp-content\/uploads\/sites\/3\/2022\/11\/Isabella-Huji\u0107-Karla-Mu\u0161kovi\u0107-Beata-Heic-Jadran-Mandeki\u0107-900x600.jpg","type":"image\/jpeg"}],"author":"Ivica Nikolac","twitter_card":"summary_large_image","twitter_misc":{"Written by":"Ivica Nikolac","Est. reading time":"3 minutes"},"schema":{"@context":"https:\/\/schema.org","@graph":[{"@type":"WebPage","@id":"https:\/\/www.rijeka.hr\/it\/20-edizione-giubilare-delli-fest\/","url":"https:\/\/www.rijeka.hr\/it\/20-edizione-giubilare-delli-fest\/","name":"20\u00b0 edizione giubilare dell\u2019i-FEST - Citt\u00e0 di Fiume","isPartOf":{"@id":"https:\/\/www.rijeka.hr\/it\/#website"},"primaryImageOfPage":{"@id":"https:\/\/www.rijeka.hr\/it\/20-edizione-giubilare-delli-fest\/#primaryimage"},"image":{"@id":"https:\/\/www.rijeka.hr\/it\/20-edizione-giubilare-delli-fest\/#primaryimage"},"thumbnailUrl":"https:\/\/www.rijeka.hr\/it\/wp-content\/uploads\/sites\/3\/2022\/11\/Isabella-Huji\u0107-Karla-Mu\u0161kovi\u0107-Beata-Heic-Jadran-Mandeki\u0107-900x600.jpg","datePublished":"2022-11-30T10:00:53+00:00","dateModified":"2022-12-05T07:55:50+00:00","author":{"@id":"https:\/\/www.rijeka.hr\/it\/#\/schema\/person\/048b064fa7891b19d16e03a382abb85e"},"breadcrumb":{"@id":"https:\/\/www.rijeka.hr\/it\/20-edizione-giubilare-delli-fest\/#breadcrumb"},"inLanguage":"it-IT","potentialAction":[{"@type":"ReadAction","target":["https:\/\/www.rijeka.hr\/it\/20-edizione-giubilare-delli-fest\/"]}]},{"@type":"ImageObject","inLanguage":"it-IT","@id":"https:\/\/www.rijeka.hr\/it\/20-edizione-giubilare-delli-fest\/#primaryimage","url":"https:\/\/www.rijeka.hr\/it\/wp-content\/uploads\/sites\/3\/2022\/11\/Isabella-Huji\u0107-Karla-Mu\u0161kovi\u0107-Beata-Heic-Jadran-Mandeki\u0107-900x600.jpg","contentUrl":"https:\/\/www.rijeka.hr\/it\/wp-content\/uploads\/sites\/3\/2022\/11\/Isabella-Huji\u0107-Karla-Mu\u0161kovi\u0107-Beata-Heic-Jadran-Mandeki\u0107-900x600.jpg","width":900,"height":600},{"@type":"BreadcrumbList","@id":"https:\/\/www.rijeka.hr\/it\/20-edizione-giubilare-delli-fest\/#breadcrumb","itemListElement":[{"@type":"ListItem","position":1,"name":"Po\u010detna stranica","item":"https:\/\/www.rijeka.hr\/it\/"},{"@type":"ListItem","position":2,"name":"20\u00b0 edizione giubilare dell\u2019i-FEST"}]},{"@type":"WebSite","@id":"https:\/\/www.rijeka.hr\/it\/#website","url":"https:\/\/www.rijeka.hr\/it\/","name":"Citt\u00e0 di Fiume","description":"Portale web della Citta&#039; di Fiume","potentialAction":[{"@type":"SearchAction","target":{"@type":"EntryPoint","urlTemplate":"https:\/\/www.rijeka.hr\/it\/?s={search_term_string}"},"query-input":{"@type":"PropertyValueSpecification","valueRequired":true,"valueName":"search_term_string"}}],"inLanguage":"it-IT"},{"@type":"Person","@id":"https:\/\/www.rijeka.hr\/it\/#\/schema\/person\/048b064fa7891b19d16e03a382abb85e","name":"Ivica Nikolac","image":{"@type":"ImageObject","inLanguage":"it-IT","@id":"https:\/\/www.rijeka.hr\/it\/#\/schema\/person\/image\/","url":"https:\/\/secure.gravatar.com\/avatar\/566d324e1656a1b494a0766b85643006?s=96&d=mm&r=g","contentUrl":"https:\/\/secure.gravatar.com\/avatar\/566d324e1656a1b494a0766b85643006?s=96&d=mm&r=g","caption":"Ivica Nikolac"},"url":"https:\/\/www.rijeka.hr\/it\/author\/inikolac\/"}]}},"_links":{"self":[{"href":"https:\/\/www.rijeka.hr\/it\/wp-json\/wp\/v2\/posts\/16636","targetHints":{"allow":["GET"]}}],"collection":[{"href":"https:\/\/www.rijeka.hr\/it\/wp-json\/wp\/v2\/posts"}],"about":[{"href":"https:\/\/www.rijeka.hr\/it\/wp-json\/wp\/v2\/types\/post"}],"author":[{"embeddable":true,"href":"https:\/\/www.rijeka.hr\/it\/wp-json\/wp\/v2\/users\/5"}],"replies":[{"embeddable":true,"href":"https:\/\/www.rijeka.hr\/it\/wp-json\/wp\/v2\/comments?post=16636"}],"version-history":[{"count":3,"href":"https:\/\/www.rijeka.hr\/it\/wp-json\/wp\/v2\/posts\/16636\/revisions"}],"predecessor-version":[{"id":16681,"href":"https:\/\/www.rijeka.hr\/it\/wp-json\/wp\/v2\/posts\/16636\/revisions\/16681"}],"wp:featuredmedia":[{"embeddable":true,"href":"https:\/\/www.rijeka.hr\/it\/wp-json\/wp\/v2\/media\/16640"}],"wp:attachment":[{"href":"https:\/\/www.rijeka.hr\/it\/wp-json\/wp\/v2\/media?parent=16636"}],"wp:term":[{"taxonomy":"category","embeddable":true,"href":"https:\/\/www.rijeka.hr\/it\/wp-json\/wp\/v2\/categories?post=16636"},{"taxonomy":"post_tag","embeddable":true,"href":"https:\/\/www.rijeka.hr\/it\/wp-json\/wp\/v2\/tags?post=16636"}],"curies":[{"name":"wp","href":"https:\/\/api.w.org\/{rel}","templated":true}]}}