{"id":16987,"date":"2022-12-19T13:29:04","date_gmt":"2022-12-19T12:29:04","guid":{"rendered":"https:\/\/www.rijeka.hr\/it\/?p=16987"},"modified":"2022-12-20T13:33:28","modified_gmt":"2022-12-20T12:33:28","slug":"il-sindaco-marko-filipovic-alla-conferenza-sul-tema-della-trasformazione-di-fiume","status":"publish","type":"post","link":"https:\/\/www.rijeka.hr\/it\/il-sindaco-marko-filipovic-alla-conferenza-sul-tema-della-trasformazione-di-fiume\/","title":{"rendered":"Il sindaco Marko Filipovi\u0107 alla conferenza sul tema della trasformazione di Fiume"},"content":{"rendered":"<p>Nel corso della storia, grazie alla sua posizione strategica, Fiume ha costruito l&#8217;identit\u00e0 di un importante snodo di traffico e uno dei principali porti europei di transito. La posizione di Fiume come centro nautico sar\u00e0 ulteriormente rafforzata grazie alla costruzione dell&#8217;ACI Marina Fiume.<\/p>\n<p>Alla conferenza &#8220;La trasformazione di Fiume&#8221; hanno condiviso le loro esperienze e visioni, nonch\u00e9 i dettagli relativi alla realizzazione dei progetti molto importanti a Fiume, Oleg Butkovi\u0107, vicepremier e ministro del Mare, dei Trasporti e delle Infrastrutture, Marko Filipovi\u0107, sindaco della Citt\u00e0 di Fiume, Kristijan Pavi\u0107, presidente del consiglio di amministrazione dell&#8217;ACI, Denis Vukorepa, direttore della Port Authority di Fiume, Ivan Kr\u0161i\u0107, presidente del consiglio di amministrazione dell\u2019H\u017d Infrastruktura, Josip \u0160kori\u0107, presidente del consiglio di amministrazione dell&#8217;azienda Hrvatske ceste e Dario Sili\u0107, direttore generale della BINA Istra. Il ruolo di moderatore \u00e8 stato assegnato a Mislav Togonal.<\/p>\n<div id=\"attachment_16992\" class=\"wp-caption alignleft\"><img loading=\"lazy\" decoding=\"async\" width=\"600\" height=\"374\" class=\"wp-image-16992 size-medium\" src=\"https:\/\/www.rijeka.hr\/it\/wp-content\/uploads\/sites\/3\/2022\/12\/Ministar-Oleg-Butkovi\u0107-Konferencija-Transformacija-Rijeke_Foto_Vedran-Karuza_Novi-list-2-600x374-600x374.jpg\" alt=\"\" \/><p class=\"wp-caption-text\">vicepremier e ministro Oleg Butkovi\u0107<\/p><\/div>\n<p>La conferenza \u00e8 stata aperta da Oleg Butkovi\u0107, vicepremier e ministro del Mare, dei Trasporti e delle Infrastrutture, il quale ha sottolineato che quando esiste la collaborazione tra il Governo e le autonomie locali, come a Fiume, avviene il boom che stiamo assistendo oggi. &#8220;Fiume merita uno sviluppo cos\u00ec forte. L&#8217;anno prossimo, oltre allo sviluppo del traffico merci nel porto e allo sviluppo della ferrovia, dovrebbe iniziare anche la costruzione del lussuoso ACI Marina Fiume. L&#8217;entrata nell&#8217;eurozona e nell\u2019area Schengen contribuir\u00e0 ancora di pi\u00f9 allo sviluppo di Fiume, dove, grazie alla collaborazione tra il Governo e la Citt\u00e0 di Fiume, i grandi progetti finalmente diventano realt\u00e0&#8221;, ha detto Butkovi\u0107.<\/p>\n<p>Il sindaco Filipovi\u0107 ha sottolineato che i progetti di sviluppo strategico della Citt\u00e0 di Fiume vengono realizzati secondo i piani e che Fiume, grazie ai grandi investimenti realizzati in collaborazione con lo Stato e le imprese statali, \u00e8 attualmente il pi\u00f9 grande cantiere in Croazia, e continuer\u00e0 ad esserlo nei prossimi anni.<\/p>\n<p>\u201cStiamo parlando dei progetti di sviluppo delle infrastrutture portuali, ferroviarie e stradali, e dei lavori legati alla costruzione del nuovo porto turistico proprio nel centro cittadino. Sono lieto che molte aziende globali abbiano riconosciuto Fiume come luogo in cui sviluppare la propria attivit\u00e0. Mi riferisco principalmente al concessionario prescelto per il Molo Zagabria, nonch\u00e9 all\u2019azienda Lurssen, che ha gi\u00e0 formato il suo Centro di progettazione a Fiume&#8221;, ha detto Filipovi\u0107. Il sindaco ha anche espresso soddisfazione per l&#8217;entrata della Croazia nell&#8217;eurozona e nell\u2019area Schengen. &#8220;Credo che questo sar\u00e0 un ulteriore incentivo per la nostra economia, ma anche per gli imprenditori, ai quali verranno offerte opportunit\u00e0 ancora migliori per internazionalizzare il proprio business&#8221;, ha concluso Filipovi\u0107.<\/p>\n<p>Il sindaco ha anche ricapitolato il progetto \u017dabica occidentale, sottolineando che il permesso di costruire dovrebbe essere rilasciato a met\u00e0 del prossimo anno, dopodich\u00e9 dovrebbero iniziare prima i lavori di demolizione delle infrastrutture esistenti nell&#8217;area, e che a seguito di tali lavori il progetto dovrebbe essere completato entro due anni.<\/p>\n<p>Uno dei progetti molto importanti che ha suscitato interesse durante la conferenza \u00e8 stato il progetto dell\u2019ACI Marina Fiume in Porto Baross, che \u00e8 stato presentato al pubblico da Kristijan Pavi\u0107, presidente del consiglio di amministrazione dell\u2019ACI, e An\u0111elko Petrini\u0107, direttore e membro del consiglio di amministrazione dell\u2019ACI GITONE. &#8220;Il futuro ACI marina Fiume offrir\u00e0 pi\u00f9 di 130 nuovi posti di lavoro. La citt\u00e0 assumer\u00e0 un nuovo aspetto riconoscibile, si aprir\u00e0 verso il mare e attirer\u00e0 turisti con un maggiore potere d\u2019acquisto, mentre consentir\u00e0 anche agli imprenditori di offrire nuovi contenuti&#8221;, ha affermato Kristijan Pavi\u0107, presidente del consiglio di amministrazione dell\u2019ACI.<\/p>\n<p>&#8220;Il progetto del porto turistico in Porto Baross \u00e8 molto importante per l&#8217;economia della citt\u00e0 di Fiume, ma anche dell&#8217;intero Quarnero e la Croazia. Con il nuovo porto turistico a Fiume avremo 230 ormeggi con una lunghezza media di 16 metri. Il porto si trova nel centro cittadino e avr\u00e0 un ottimo collegamento stradale&#8221;, ha concluso An\u0111elko Petrini\u0107, direttore dell\u2019ACI-GITONE.<\/p>\n","protected":false},"excerpt":{"rendered":"<p>La conferenza intitolata &#8220;La trasformazione di Fiume&#8221; organizzata dal quotidiano Novi list all&#8217;albergo Hilton, ha riunito i rappresentanti del governo della Repubblica di Croazia, della Citt\u00e0 di Fiume e delle aziende che con i loro investimenti contribuiranno alla completa trasformazione della citt\u00e0.<\/p>\n","protected":false},"author":89,"featured_media":16991,"comment_status":"open","ping_status":"open","sticky":false,"template":"","format":"standard","meta":{"_acf_changed":false,"_trash_the_other_posts":false,"footnotes":"","_links_to":"","_links_to_target":""},"categories":[976],"tags":[1569,2094,2097,2093,1932,2095,2096],"class_list":["post-16987","post","type-post","status-publish","format-standard","has-post-thumbnail","hentry","category-articoli","tag-aci-marina-a-fiume","tag-conferenza","tag-dei-trasporti-e-delle-infrastrutture","tag-la-trasformazione-di-fiume","tag-molo-zagabria","tag-oleg-butkovic","tag-vicepremier-e-ministro-del-mare"],"acf":[],"yoast_head":"<!-- This site is optimized with the Yoast SEO plugin v24.4 - https:\/\/yoast.com\/wordpress\/plugins\/seo\/ -->\n<title>Il sindaco Marko Filipovi\u0107 alla conferenza sul tema della trasformazione di Fiume - Citt\u00e0 di Fiume<\/title>\n<meta name=\"robots\" content=\"index, follow, max-snippet:-1, max-image-preview:large, max-video-preview:-1\" \/>\n<link rel=\"canonical\" href=\"https:\/\/www.rijeka.hr\/it\/il-sindaco-marko-filipovic-alla-conferenza-sul-tema-della-trasformazione-di-fiume\/\" \/>\n<meta property=\"og:locale\" content=\"it_IT\" \/>\n<meta property=\"og:type\" content=\"article\" \/>\n<meta property=\"og:title\" content=\"Il sindaco Marko Filipovi\u0107 alla conferenza sul tema della trasformazione di Fiume - Citt\u00e0 di Fiume\" \/>\n<meta property=\"og:description\" content=\"La conferenza intitolata &quot;La trasformazione di Fiume&quot; organizzata dal quotidiano Novi list all&#039;albergo Hilton, ha riunito i rappresentanti del governo della Repubblica di Croazia, della Citt\u00e0 di Fiume e delle aziende che con i loro investimenti contribuiranno alla completa trasformazione della citt\u00e0.\" \/>\n<meta property=\"og:url\" content=\"https:\/\/www.rijeka.hr\/it\/il-sindaco-marko-filipovic-alla-conferenza-sul-tema-della-trasformazione-di-fiume\/\" \/>\n<meta property=\"og:site_name\" content=\"Citt\u00e0 di Fiume\" \/>\n<meta property=\"article:published_time\" content=\"2022-12-19T12:29:04+00:00\" \/>\n<meta property=\"article:modified_time\" content=\"2022-12-20T12:33:28+00:00\" \/>\n<meta property=\"og:image\" content=\"https:\/\/www.rijeka.hr\/it\/wp-content\/uploads\/sites\/3\/2022\/12\/Gradona\u010delnik-Marko-Filipovi\u0107-na-konferenciji-na-temu-transformacije-Rijeke-900x600.jpg\" \/>\n\t<meta property=\"og:image:width\" content=\"900\" \/>\n\t<meta property=\"og:image:height\" content=\"600\" \/>\n\t<meta property=\"og:image:type\" content=\"image\/jpeg\" \/>\n<meta name=\"author\" content=\"mbembic\" \/>\n<meta name=\"twitter:card\" content=\"summary_large_image\" \/>\n<meta name=\"twitter:label1\" content=\"Written by\" \/>\n\t<meta name=\"twitter:data1\" content=\"mbembic\" \/>\n\t<meta name=\"twitter:label2\" content=\"Est. reading time\" \/>\n\t<meta name=\"twitter:data2\" content=\"3 minutes\" \/>\n<script type=\"application\/ld+json\" class=\"yoast-schema-graph\">{\"@context\":\"https:\/\/schema.org\",\"@graph\":[{\"@type\":\"WebPage\",\"@id\":\"https:\/\/www.rijeka.hr\/it\/il-sindaco-marko-filipovic-alla-conferenza-sul-tema-della-trasformazione-di-fiume\/\",\"url\":\"https:\/\/www.rijeka.hr\/it\/il-sindaco-marko-filipovic-alla-conferenza-sul-tema-della-trasformazione-di-fiume\/\",\"name\":\"Il sindaco Marko Filipovi\u0107 alla conferenza sul tema della trasformazione di Fiume - Citt\u00e0 di Fiume\",\"isPartOf\":{\"@id\":\"https:\/\/www.rijeka.hr\/it\/#website\"},\"primaryImageOfPage\":{\"@id\":\"https:\/\/www.rijeka.hr\/it\/il-sindaco-marko-filipovic-alla-conferenza-sul-tema-della-trasformazione-di-fiume\/#primaryimage\"},\"image\":{\"@id\":\"https:\/\/www.rijeka.hr\/it\/il-sindaco-marko-filipovic-alla-conferenza-sul-tema-della-trasformazione-di-fiume\/#primaryimage\"},\"thumbnailUrl\":\"https:\/\/www.rijeka.hr\/it\/wp-content\/uploads\/sites\/3\/2022\/12\/Gradona\u010delnik-Marko-Filipovi\u0107-na-konferenciji-na-temu-transformacije-Rijeke-900x600.jpg\",\"datePublished\":\"2022-12-19T12:29:04+00:00\",\"dateModified\":\"2022-12-20T12:33:28+00:00\",\"author\":{\"@id\":\"https:\/\/www.rijeka.hr\/it\/#\/schema\/person\/c6f2fe4ba52af1df0e9a2b0a22d63cc0\"},\"breadcrumb\":{\"@id\":\"https:\/\/www.rijeka.hr\/it\/il-sindaco-marko-filipovic-alla-conferenza-sul-tema-della-trasformazione-di-fiume\/#breadcrumb\"},\"inLanguage\":\"it-IT\",\"potentialAction\":[{\"@type\":\"ReadAction\",\"target\":[\"https:\/\/www.rijeka.hr\/it\/il-sindaco-marko-filipovic-alla-conferenza-sul-tema-della-trasformazione-di-fiume\/\"]}]},{\"@type\":\"ImageObject\",\"inLanguage\":\"it-IT\",\"@id\":\"https:\/\/www.rijeka.hr\/it\/il-sindaco-marko-filipovic-alla-conferenza-sul-tema-della-trasformazione-di-fiume\/#primaryimage\",\"url\":\"https:\/\/www.rijeka.hr\/it\/wp-content\/uploads\/sites\/3\/2022\/12\/Gradona\u010delnik-Marko-Filipovi\u0107-na-konferenciji-na-temu-transformacije-Rijeke-900x600.jpg\",\"contentUrl\":\"https:\/\/www.rijeka.hr\/it\/wp-content\/uploads\/sites\/3\/2022\/12\/Gradona\u010delnik-Marko-Filipovi\u0107-na-konferenciji-na-temu-transformacije-Rijeke-900x600.jpg\",\"width\":900,\"height\":600},{\"@type\":\"BreadcrumbList\",\"@id\":\"https:\/\/www.rijeka.hr\/it\/il-sindaco-marko-filipovic-alla-conferenza-sul-tema-della-trasformazione-di-fiume\/#breadcrumb\",\"itemListElement\":[{\"@type\":\"ListItem\",\"position\":1,\"name\":\"Po\u010detna stranica\",\"item\":\"https:\/\/www.rijeka.hr\/it\/\"},{\"@type\":\"ListItem\",\"position\":2,\"name\":\"Il sindaco Marko Filipovi\u0107 alla conferenza sul tema della trasformazione di Fiume\"}]},{\"@type\":\"WebSite\",\"@id\":\"https:\/\/www.rijeka.hr\/it\/#website\",\"url\":\"https:\/\/www.rijeka.hr\/it\/\",\"name\":\"Citt\u00e0 di Fiume\",\"description\":\"Portale web della Citta&#039; di Fiume\",\"potentialAction\":[{\"@type\":\"SearchAction\",\"target\":{\"@type\":\"EntryPoint\",\"urlTemplate\":\"https:\/\/www.rijeka.hr\/it\/?s={search_term_string}\"},\"query-input\":{\"@type\":\"PropertyValueSpecification\",\"valueRequired\":true,\"valueName\":\"search_term_string\"}}],\"inLanguage\":\"it-IT\"},{\"@type\":\"Person\",\"@id\":\"https:\/\/www.rijeka.hr\/it\/#\/schema\/person\/c6f2fe4ba52af1df0e9a2b0a22d63cc0\",\"name\":\"mbembic\",\"image\":{\"@type\":\"ImageObject\",\"inLanguage\":\"it-IT\",\"@id\":\"https:\/\/www.rijeka.hr\/it\/#\/schema\/person\/image\/\",\"url\":\"https:\/\/secure.gravatar.com\/avatar\/3ce3ce6ed89053defb3e592d3a5f1f9f?s=96&d=mm&r=g\",\"contentUrl\":\"https:\/\/secure.gravatar.com\/avatar\/3ce3ce6ed89053defb3e592d3a5f1f9f?s=96&d=mm&r=g\",\"caption\":\"mbembic\"},\"sameAs\":[\"https:\/\/www.rijeka.hr\/\"],\"url\":\"https:\/\/www.rijeka.hr\/it\/author\/mbembic\/\"}]}<\/script>\n<!-- \/ Yoast SEO plugin. -->","yoast_head_json":{"title":"Il sindaco Marko Filipovi\u0107 alla conferenza sul tema della trasformazione di Fiume - Citt\u00e0 di Fiume","robots":{"index":"index","follow":"follow","max-snippet":"max-snippet:-1","max-image-preview":"max-image-preview:large","max-video-preview":"max-video-preview:-1"},"canonical":"https:\/\/www.rijeka.hr\/it\/il-sindaco-marko-filipovic-alla-conferenza-sul-tema-della-trasformazione-di-fiume\/","og_locale":"it_IT","og_type":"article","og_title":"Il sindaco Marko Filipovi\u0107 alla conferenza sul tema della trasformazione di Fiume - Citt\u00e0 di Fiume","og_description":"La conferenza intitolata \"La trasformazione di Fiume\" organizzata dal quotidiano Novi list all'albergo Hilton, ha riunito i rappresentanti del governo della Repubblica di Croazia, della Citt\u00e0 di Fiume e delle aziende che con i loro investimenti contribuiranno alla completa trasformazione della citt\u00e0.","og_url":"https:\/\/www.rijeka.hr\/it\/il-sindaco-marko-filipovic-alla-conferenza-sul-tema-della-trasformazione-di-fiume\/","og_site_name":"Citt\u00e0 di Fiume","article_published_time":"2022-12-19T12:29:04+00:00","article_modified_time":"2022-12-20T12:33:28+00:00","og_image":[{"width":900,"height":600,"url":"https:\/\/www.rijeka.hr\/it\/wp-content\/uploads\/sites\/3\/2022\/12\/Gradona\u010delnik-Marko-Filipovi\u0107-na-konferenciji-na-temu-transformacije-Rijeke-900x600.jpg","type":"image\/jpeg"}],"author":"mbembic","twitter_card":"summary_large_image","twitter_misc":{"Written by":"mbembic","Est. reading time":"3 minutes"},"schema":{"@context":"https:\/\/schema.org","@graph":[{"@type":"WebPage","@id":"https:\/\/www.rijeka.hr\/it\/il-sindaco-marko-filipovic-alla-conferenza-sul-tema-della-trasformazione-di-fiume\/","url":"https:\/\/www.rijeka.hr\/it\/il-sindaco-marko-filipovic-alla-conferenza-sul-tema-della-trasformazione-di-fiume\/","name":"Il sindaco Marko Filipovi\u0107 alla conferenza sul tema della trasformazione di Fiume - Citt\u00e0 di Fiume","isPartOf":{"@id":"https:\/\/www.rijeka.hr\/it\/#website"},"primaryImageOfPage":{"@id":"https:\/\/www.rijeka.hr\/it\/il-sindaco-marko-filipovic-alla-conferenza-sul-tema-della-trasformazione-di-fiume\/#primaryimage"},"image":{"@id":"https:\/\/www.rijeka.hr\/it\/il-sindaco-marko-filipovic-alla-conferenza-sul-tema-della-trasformazione-di-fiume\/#primaryimage"},"thumbnailUrl":"https:\/\/www.rijeka.hr\/it\/wp-content\/uploads\/sites\/3\/2022\/12\/Gradona\u010delnik-Marko-Filipovi\u0107-na-konferenciji-na-temu-transformacije-Rijeke-900x600.jpg","datePublished":"2022-12-19T12:29:04+00:00","dateModified":"2022-12-20T12:33:28+00:00","author":{"@id":"https:\/\/www.rijeka.hr\/it\/#\/schema\/person\/c6f2fe4ba52af1df0e9a2b0a22d63cc0"},"breadcrumb":{"@id":"https:\/\/www.rijeka.hr\/it\/il-sindaco-marko-filipovic-alla-conferenza-sul-tema-della-trasformazione-di-fiume\/#breadcrumb"},"inLanguage":"it-IT","potentialAction":[{"@type":"ReadAction","target":["https:\/\/www.rijeka.hr\/it\/il-sindaco-marko-filipovic-alla-conferenza-sul-tema-della-trasformazione-di-fiume\/"]}]},{"@type":"ImageObject","inLanguage":"it-IT","@id":"https:\/\/www.rijeka.hr\/it\/il-sindaco-marko-filipovic-alla-conferenza-sul-tema-della-trasformazione-di-fiume\/#primaryimage","url":"https:\/\/www.rijeka.hr\/it\/wp-content\/uploads\/sites\/3\/2022\/12\/Gradona\u010delnik-Marko-Filipovi\u0107-na-konferenciji-na-temu-transformacije-Rijeke-900x600.jpg","contentUrl":"https:\/\/www.rijeka.hr\/it\/wp-content\/uploads\/sites\/3\/2022\/12\/Gradona\u010delnik-Marko-Filipovi\u0107-na-konferenciji-na-temu-transformacije-Rijeke-900x600.jpg","width":900,"height":600},{"@type":"BreadcrumbList","@id":"https:\/\/www.rijeka.hr\/it\/il-sindaco-marko-filipovic-alla-conferenza-sul-tema-della-trasformazione-di-fiume\/#breadcrumb","itemListElement":[{"@type":"ListItem","position":1,"name":"Po\u010detna stranica","item":"https:\/\/www.rijeka.hr\/it\/"},{"@type":"ListItem","position":2,"name":"Il sindaco Marko Filipovi\u0107 alla conferenza sul tema della trasformazione di Fiume"}]},{"@type":"WebSite","@id":"https:\/\/www.rijeka.hr\/it\/#website","url":"https:\/\/www.rijeka.hr\/it\/","name":"Citt\u00e0 di Fiume","description":"Portale web della Citta&#039; di Fiume","potentialAction":[{"@type":"SearchAction","target":{"@type":"EntryPoint","urlTemplate":"https:\/\/www.rijeka.hr\/it\/?s={search_term_string}"},"query-input":{"@type":"PropertyValueSpecification","valueRequired":true,"valueName":"search_term_string"}}],"inLanguage":"it-IT"},{"@type":"Person","@id":"https:\/\/www.rijeka.hr\/it\/#\/schema\/person\/c6f2fe4ba52af1df0e9a2b0a22d63cc0","name":"mbembic","image":{"@type":"ImageObject","inLanguage":"it-IT","@id":"https:\/\/www.rijeka.hr\/it\/#\/schema\/person\/image\/","url":"https:\/\/secure.gravatar.com\/avatar\/3ce3ce6ed89053defb3e592d3a5f1f9f?s=96&d=mm&r=g","contentUrl":"https:\/\/secure.gravatar.com\/avatar\/3ce3ce6ed89053defb3e592d3a5f1f9f?s=96&d=mm&r=g","caption":"mbembic"},"sameAs":["https:\/\/www.rijeka.hr\/"],"url":"https:\/\/www.rijeka.hr\/it\/author\/mbembic\/"}]}},"_links":{"self":[{"href":"https:\/\/www.rijeka.hr\/it\/wp-json\/wp\/v2\/posts\/16987","targetHints":{"allow":["GET"]}}],"collection":[{"href":"https:\/\/www.rijeka.hr\/it\/wp-json\/wp\/v2\/posts"}],"about":[{"href":"https:\/\/www.rijeka.hr\/it\/wp-json\/wp\/v2\/types\/post"}],"author":[{"embeddable":true,"href":"https:\/\/www.rijeka.hr\/it\/wp-json\/wp\/v2\/users\/89"}],"replies":[{"embeddable":true,"href":"https:\/\/www.rijeka.hr\/it\/wp-json\/wp\/v2\/comments?post=16987"}],"version-history":[{"count":3,"href":"https:\/\/www.rijeka.hr\/it\/wp-json\/wp\/v2\/posts\/16987\/revisions"}],"predecessor-version":[{"id":16993,"href":"https:\/\/www.rijeka.hr\/it\/wp-json\/wp\/v2\/posts\/16987\/revisions\/16993"}],"wp:featuredmedia":[{"embeddable":true,"href":"https:\/\/www.rijeka.hr\/it\/wp-json\/wp\/v2\/media\/16991"}],"wp:attachment":[{"href":"https:\/\/www.rijeka.hr\/it\/wp-json\/wp\/v2\/media?parent=16987"}],"wp:term":[{"taxonomy":"category","embeddable":true,"href":"https:\/\/www.rijeka.hr\/it\/wp-json\/wp\/v2\/categories?post=16987"},{"taxonomy":"post_tag","embeddable":true,"href":"https:\/\/www.rijeka.hr\/it\/wp-json\/wp\/v2\/tags?post=16987"}],"curies":[{"name":"wp","href":"https:\/\/api.w.org\/{rel}","templated":true}]}}