{"id":17240,"date":"2023-01-11T11:10:10","date_gmt":"2023-01-11T10:10:10","guid":{"rendered":"https:\/\/www.rijeka.hr\/it\/?p=17240"},"modified":"2023-01-12T11:14:54","modified_gmt":"2023-01-12T10:14:54","slug":"nuovi-arredi-per-le-istituzioni-prescolastiche-rijeka-e-susak","status":"publish","type":"post","link":"https:\/\/www.rijeka.hr\/it\/nuovi-arredi-per-le-istituzioni-prescolastiche-rijeka-e-susak\/","title":{"rendered":"Nuovi arredi per le istituzioni prescolastiche Rijeka, More e Su\u0161ak"},"content":{"rendered":"<p>Dopo avere ampliato le capacit\u00e0 ricettive delle scuole dell\u2019infanzia, e in tal senso negli ultimi due anni la Citt\u00e0 si \u00e8 intensamente adoperata e all&#8217;inizio di quest&#8217;anno ha investito pi\u00f9 di 81.000,00 euro per l&#8217;acquisto degli arredi per attrezzare gli spazi delle istituzioni prescolastiche Rijeka, More e Su\u0161ak.<\/p>\n<p>A seconda delle esigenze delle singole scuole dell\u2019infanzia, con questi mezzi sono stati acquistati i nuovi arredi, i lettini, la biancheria da letto e piumini, poltrone e divani, sedie per le maestre giocattoli per i bambini, come cucinette, mensole, fasciatoi e i mobili necessari per arredare le guardarobe ecc.<\/p>\n<p>Tutto questo consente di organizzare gli spazi in modo pi\u00f9 ottimale e di creare un ambiente sano e gradevole per i bambini e di migliorare le condizioni di lavoro per le educatrici.<\/p>\n<div id='gallery-1' class='gallery galleryid-17240 gallery-columns-3 gallery-size-thumbnail'><dl class='gallery-item'>\n            <dt class='gallery-icon landscape'>\n                <a href='https:\/\/www.rijeka.hr\/it\/wp-content\/uploads\/sites\/3\/2023\/01\/Novi-namje\u0161taj-za-Dje\u010dje-vrti\u0107e-Rijeka-Su\u0161ak-i-More-16-250x250.jpg' title=\"\" data-rl_title=\"\" class=\"rl-gallery-link\" data-rl_caption=\"\" data-rel=\"lightbox-gallery-1\"><img loading=\"lazy\" decoding=\"async\" width=\"250\" height=\"250\" src=\"https:\/\/www.rijeka.hr\/it\/wp-content\/uploads\/sites\/3\/2023\/01\/Novi-namje\u0161taj-za-Dje\u010dje-vrti\u0107e-Rijeka-Su\u0161ak-i-More-16-250x250.jpg\" class=\"attachment-thumbnail size-thumbnail\" alt=\"\" srcset=\"https:\/\/www.rijeka.hr\/it\/wp-content\/uploads\/sites\/3\/2023\/01\/Novi-namje\u0161taj-za-Dje\u010dje-vrti\u0107e-Rijeka-Su\u0161ak-i-More-16-250x250.jpg 250w, https:\/\/www.rijeka.hr\/it\/wp-content\/uploads\/sites\/3\/2023\/01\/Novi-namje\u0161taj-za-Dje\u010dje-vrti\u0107e-Rijeka-Su\u0161ak-i-More-16-250x250-200x200.jpg 200w\" sizes=\"(max-width: 250px) 100vw, 250px\" \/><\/a>\n            <\/dt><\/dl><dl class='gallery-item'>\n            <dt class='gallery-icon landscape'>\n                <a href='https:\/\/www.rijeka.hr\/it\/wp-content\/uploads\/sites\/3\/2023\/01\/Novi-namje\u0161taj-za-Dje\u010dje-vrti\u0107e-Rijeka-Su\u0161ak-i-More-15-250x250.jpg' title=\"\" data-rl_title=\"\" class=\"rl-gallery-link\" data-rl_caption=\"\" data-rel=\"lightbox-gallery-1\"><img loading=\"lazy\" decoding=\"async\" width=\"250\" height=\"250\" src=\"https:\/\/www.rijeka.hr\/it\/wp-content\/uploads\/sites\/3\/2023\/01\/Novi-namje\u0161taj-za-Dje\u010dje-vrti\u0107e-Rijeka-Su\u0161ak-i-More-15-250x250.jpg\" class=\"attachment-thumbnail size-thumbnail\" alt=\"\" srcset=\"https:\/\/www.rijeka.hr\/it\/wp-content\/uploads\/sites\/3\/2023\/01\/Novi-namje\u0161taj-za-Dje\u010dje-vrti\u0107e-Rijeka-Su\u0161ak-i-More-15-250x250.jpg 250w, https:\/\/www.rijeka.hr\/it\/wp-content\/uploads\/sites\/3\/2023\/01\/Novi-namje\u0161taj-za-Dje\u010dje-vrti\u0107e-Rijeka-Su\u0161ak-i-More-15-250x250-200x200.jpg 200w\" sizes=\"(max-width: 250px) 100vw, 250px\" \/><\/a>\n            <\/dt><\/dl><dl class='gallery-item'>\n            <dt class='gallery-icon landscape'>\n                <a href='https:\/\/www.rijeka.hr\/it\/wp-content\/uploads\/sites\/3\/2023\/01\/Novi-namje\u0161taj-za-Dje\u010dje-vrti\u0107e-Rijeka-Su\u0161ak-i-More-14-250x250.jpg' title=\"\" data-rl_title=\"\" class=\"rl-gallery-link\" data-rl_caption=\"\" data-rel=\"lightbox-gallery-1\"><img loading=\"lazy\" decoding=\"async\" width=\"250\" height=\"250\" src=\"https:\/\/www.rijeka.hr\/it\/wp-content\/uploads\/sites\/3\/2023\/01\/Novi-namje\u0161taj-za-Dje\u010dje-vrti\u0107e-Rijeka-Su\u0161ak-i-More-14-250x250.jpg\" class=\"attachment-thumbnail size-thumbnail\" alt=\"\" srcset=\"https:\/\/www.rijeka.hr\/it\/wp-content\/uploads\/sites\/3\/2023\/01\/Novi-namje\u0161taj-za-Dje\u010dje-vrti\u0107e-Rijeka-Su\u0161ak-i-More-14-250x250.jpg 250w, https:\/\/www.rijeka.hr\/it\/wp-content\/uploads\/sites\/3\/2023\/01\/Novi-namje\u0161taj-za-Dje\u010dje-vrti\u0107e-Rijeka-Su\u0161ak-i-More-14-250x250-200x200.jpg 200w\" sizes=\"(max-width: 250px) 100vw, 250px\" \/><\/a>\n            <\/dt><\/dl><br style=\"clear: both\" \/>\n        <\/div>\n\n<div id='gallery-2' class='gallery galleryid-17240 gallery-columns-3 gallery-size-thumbnail'><dl class='gallery-item'>\n            <dt class='gallery-icon landscape'>\n                <a href='https:\/\/www.rijeka.hr\/it\/wp-content\/uploads\/sites\/3\/2023\/01\/Novi-namje\u0161taj-za-Dje\u010dje-vrti\u0107e-Rijeka-Su\u0161ak-i-More-13-250x250.jpg' title=\"\" data-rl_title=\"\" class=\"rl-gallery-link\" data-rl_caption=\"\" data-rel=\"lightbox-gallery-2\"><img loading=\"lazy\" decoding=\"async\" width=\"250\" height=\"250\" src=\"https:\/\/www.rijeka.hr\/it\/wp-content\/uploads\/sites\/3\/2023\/01\/Novi-namje\u0161taj-za-Dje\u010dje-vrti\u0107e-Rijeka-Su\u0161ak-i-More-13-250x250.jpg\" class=\"attachment-thumbnail size-thumbnail\" alt=\"\" srcset=\"https:\/\/www.rijeka.hr\/it\/wp-content\/uploads\/sites\/3\/2023\/01\/Novi-namje\u0161taj-za-Dje\u010dje-vrti\u0107e-Rijeka-Su\u0161ak-i-More-13-250x250.jpg 250w, https:\/\/www.rijeka.hr\/it\/wp-content\/uploads\/sites\/3\/2023\/01\/Novi-namje\u0161taj-za-Dje\u010dje-vrti\u0107e-Rijeka-Su\u0161ak-i-More-13-250x250-200x200.jpg 200w\" sizes=\"(max-width: 250px) 100vw, 250px\" \/><\/a>\n            <\/dt><\/dl><dl class='gallery-item'>\n            <dt class='gallery-icon landscape'>\n                <a href='https:\/\/www.rijeka.hr\/it\/wp-content\/uploads\/sites\/3\/2023\/01\/Novi-namje\u0161taj-za-Dje\u010dje-vrti\u0107e-Rijeka-Su\u0161ak-i-More-12-250x250.jpg' title=\"\" data-rl_title=\"\" class=\"rl-gallery-link\" data-rl_caption=\"\" data-rel=\"lightbox-gallery-2\"><img loading=\"lazy\" decoding=\"async\" width=\"250\" height=\"250\" src=\"https:\/\/www.rijeka.hr\/it\/wp-content\/uploads\/sites\/3\/2023\/01\/Novi-namje\u0161taj-za-Dje\u010dje-vrti\u0107e-Rijeka-Su\u0161ak-i-More-12-250x250.jpg\" class=\"attachment-thumbnail size-thumbnail\" alt=\"\" srcset=\"https:\/\/www.rijeka.hr\/it\/wp-content\/uploads\/sites\/3\/2023\/01\/Novi-namje\u0161taj-za-Dje\u010dje-vrti\u0107e-Rijeka-Su\u0161ak-i-More-12-250x250.jpg 250w, https:\/\/www.rijeka.hr\/it\/wp-content\/uploads\/sites\/3\/2023\/01\/Novi-namje\u0161taj-za-Dje\u010dje-vrti\u0107e-Rijeka-Su\u0161ak-i-More-12-250x250-200x200.jpg 200w\" sizes=\"(max-width: 250px) 100vw, 250px\" \/><\/a>\n            <\/dt><\/dl><dl class='gallery-item'>\n            <dt class='gallery-icon landscape'>\n                <a href='https:\/\/www.rijeka.hr\/it\/wp-content\/uploads\/sites\/3\/2023\/01\/Novi-namje\u0161taj-za-Dje\u010dje-vrti\u0107e-Rijeka-Su\u0161ak-i-More-11-250x250.jpg' title=\"\" data-rl_title=\"\" class=\"rl-gallery-link\" data-rl_caption=\"\" data-rel=\"lightbox-gallery-2\"><img loading=\"lazy\" decoding=\"async\" width=\"250\" height=\"250\" src=\"https:\/\/www.rijeka.hr\/it\/wp-content\/uploads\/sites\/3\/2023\/01\/Novi-namje\u0161taj-za-Dje\u010dje-vrti\u0107e-Rijeka-Su\u0161ak-i-More-11-250x250.jpg\" class=\"attachment-thumbnail size-thumbnail\" alt=\"\" srcset=\"https:\/\/www.rijeka.hr\/it\/wp-content\/uploads\/sites\/3\/2023\/01\/Novi-namje\u0161taj-za-Dje\u010dje-vrti\u0107e-Rijeka-Su\u0161ak-i-More-11-250x250.jpg 250w, https:\/\/www.rijeka.hr\/it\/wp-content\/uploads\/sites\/3\/2023\/01\/Novi-namje\u0161taj-za-Dje\u010dje-vrti\u0107e-Rijeka-Su\u0161ak-i-More-11-250x250-200x200.jpg 200w\" sizes=\"(max-width: 250px) 100vw, 250px\" \/><\/a>\n            <\/dt><\/dl><br style=\"clear: both\" \/>\n        <\/div>\n\n<blockquote><p>Finora ci siamo impegnati per aumentare i posti nelle scuole dell\u2019infanzia e ora continuiamo a investire nelle scuole dell\u2019infanzia per migliorare le condizioni di lavoro per le educatrici e quelle di soggiorno per i bambini, ma anche per assicurare un percorso educativo-istruttivo di qualit\u00e0 nelle nostre scuole dell\u2019infanzia&#8221;, ha dichiarato la vicesindaca Sandra Krpan.<\/p><\/blockquote>\n<p>Dall&#8217;importo totale, gli arredi per la scuola dell\u2019infanzia Rijeka sono costati 33.809,47 euro, per la scuola dell\u2019infanzia More 25.350,06 euro e per la scuola dell\u2019infanzia Su\u0161ak 22.828,32 euro.<\/p>\n","protected":false},"excerpt":{"rendered":"<p>La Citt\u00e0 di Fiume prosegue con gli investimenti nelle scuole dell\u2019infanzia, che oltre agli investimenti nelle scuole elementari, \u00e8 una delle caratteristiche principali dell&#8217;attuale politica cittadina, acquistando per le istituzioni prescolastiche Rijeka, More e Su\u0161ak nuovi arredi.<\/p>\n","protected":false},"author":89,"featured_media":17243,"comment_status":"open","ping_status":"open","sticky":false,"template":"","format":"standard","meta":{"_acf_changed":false,"_trash_the_other_posts":false,"footnotes":"","_links_to":"","_links_to_target":""},"categories":[976],"tags":[2159,2055,2160,1004],"class_list":["post-17240","post","type-post","status-publish","format-standard","has-post-thumbnail","hentry","category-articoli","tag-istituzioni-prescolastiche-rijeka","tag-more-e-susak","tag-nuovi-arredi","tag-scuole-dellinfanzia"],"acf":[],"yoast_head":"<!-- This site is optimized with the Yoast SEO plugin v24.4 - https:\/\/yoast.com\/wordpress\/plugins\/seo\/ -->\n<title>Nuovi arredi per le istituzioni prescolastiche Rijeka, More e Su\u0161ak - Citt\u00e0 di Fiume<\/title>\n<meta name=\"robots\" content=\"index, follow, max-snippet:-1, max-image-preview:large, max-video-preview:-1\" \/>\n<link rel=\"canonical\" href=\"https:\/\/www.rijeka.hr\/it\/nuovi-arredi-per-le-istituzioni-prescolastiche-rijeka-e-susak\/\" \/>\n<meta property=\"og:locale\" content=\"it_IT\" \/>\n<meta property=\"og:type\" content=\"article\" \/>\n<meta property=\"og:title\" content=\"Nuovi arredi per le istituzioni prescolastiche Rijeka, More e Su\u0161ak - Citt\u00e0 di Fiume\" \/>\n<meta property=\"og:description\" content=\"La Citt\u00e0 di Fiume prosegue con gli investimenti nelle scuole dell\u2019infanzia, che oltre agli investimenti nelle scuole elementari, \u00e8 una delle caratteristiche principali dell&#039;attuale politica cittadina, acquistando per le istituzioni prescolastiche Rijeka, More e Su\u0161ak nuovi arredi.\" \/>\n<meta property=\"og:url\" content=\"https:\/\/www.rijeka.hr\/it\/nuovi-arredi-per-le-istituzioni-prescolastiche-rijeka-e-susak\/\" \/>\n<meta property=\"og:site_name\" content=\"Citt\u00e0 di Fiume\" \/>\n<meta property=\"article:published_time\" content=\"2023-01-11T10:10:10+00:00\" \/>\n<meta property=\"article:modified_time\" content=\"2023-01-12T10:14:54+00:00\" \/>\n<meta property=\"og:image\" content=\"https:\/\/www.rijeka.hr\/it\/wp-content\/uploads\/sites\/3\/2023\/01\/Novi-namje\u0161taj-za-Dje\u010dje-vrti\u0107e-Rijeka-Su\u0161ak-i-More-2-800x600.jpg\" \/>\n\t<meta property=\"og:image:width\" content=\"800\" \/>\n\t<meta property=\"og:image:height\" content=\"600\" \/>\n\t<meta property=\"og:image:type\" content=\"image\/jpeg\" \/>\n<meta name=\"author\" content=\"mbembic\" \/>\n<meta name=\"twitter:card\" content=\"summary_large_image\" \/>\n<meta name=\"twitter:label1\" content=\"Written by\" \/>\n\t<meta name=\"twitter:data1\" content=\"mbembic\" \/>\n\t<meta name=\"twitter:label2\" content=\"Est. reading time\" \/>\n\t<meta name=\"twitter:data2\" content=\"1 minute\" \/>\n<script type=\"application\/ld+json\" class=\"yoast-schema-graph\">{\"@context\":\"https:\/\/schema.org\",\"@graph\":[{\"@type\":\"WebPage\",\"@id\":\"https:\/\/www.rijeka.hr\/it\/nuovi-arredi-per-le-istituzioni-prescolastiche-rijeka-e-susak\/\",\"url\":\"https:\/\/www.rijeka.hr\/it\/nuovi-arredi-per-le-istituzioni-prescolastiche-rijeka-e-susak\/\",\"name\":\"Nuovi arredi per le istituzioni prescolastiche Rijeka, More e Su\u0161ak - Citt\u00e0 di Fiume\",\"isPartOf\":{\"@id\":\"https:\/\/www.rijeka.hr\/it\/#website\"},\"primaryImageOfPage\":{\"@id\":\"https:\/\/www.rijeka.hr\/it\/nuovi-arredi-per-le-istituzioni-prescolastiche-rijeka-e-susak\/#primaryimage\"},\"image\":{\"@id\":\"https:\/\/www.rijeka.hr\/it\/nuovi-arredi-per-le-istituzioni-prescolastiche-rijeka-e-susak\/#primaryimage\"},\"thumbnailUrl\":\"https:\/\/www.rijeka.hr\/it\/wp-content\/uploads\/sites\/3\/2023\/01\/Novi-namje\u0161taj-za-Dje\u010dje-vrti\u0107e-Rijeka-Su\u0161ak-i-More-2-800x600.jpg\",\"datePublished\":\"2023-01-11T10:10:10+00:00\",\"dateModified\":\"2023-01-12T10:14:54+00:00\",\"author\":{\"@id\":\"https:\/\/www.rijeka.hr\/it\/#\/schema\/person\/c6f2fe4ba52af1df0e9a2b0a22d63cc0\"},\"breadcrumb\":{\"@id\":\"https:\/\/www.rijeka.hr\/it\/nuovi-arredi-per-le-istituzioni-prescolastiche-rijeka-e-susak\/#breadcrumb\"},\"inLanguage\":\"it-IT\",\"potentialAction\":[{\"@type\":\"ReadAction\",\"target\":[\"https:\/\/www.rijeka.hr\/it\/nuovi-arredi-per-le-istituzioni-prescolastiche-rijeka-e-susak\/\"]}]},{\"@type\":\"ImageObject\",\"inLanguage\":\"it-IT\",\"@id\":\"https:\/\/www.rijeka.hr\/it\/nuovi-arredi-per-le-istituzioni-prescolastiche-rijeka-e-susak\/#primaryimage\",\"url\":\"https:\/\/www.rijeka.hr\/it\/wp-content\/uploads\/sites\/3\/2023\/01\/Novi-namje\u0161taj-za-Dje\u010dje-vrti\u0107e-Rijeka-Su\u0161ak-i-More-2-800x600.jpg\",\"contentUrl\":\"https:\/\/www.rijeka.hr\/it\/wp-content\/uploads\/sites\/3\/2023\/01\/Novi-namje\u0161taj-za-Dje\u010dje-vrti\u0107e-Rijeka-Su\u0161ak-i-More-2-800x600.jpg\",\"width\":800,\"height\":600},{\"@type\":\"BreadcrumbList\",\"@id\":\"https:\/\/www.rijeka.hr\/it\/nuovi-arredi-per-le-istituzioni-prescolastiche-rijeka-e-susak\/#breadcrumb\",\"itemListElement\":[{\"@type\":\"ListItem\",\"position\":1,\"name\":\"Po\u010detna stranica\",\"item\":\"https:\/\/www.rijeka.hr\/it\/\"},{\"@type\":\"ListItem\",\"position\":2,\"name\":\"Nuovi arredi per le istituzioni prescolastiche Rijeka, More e Su\u0161ak\"}]},{\"@type\":\"WebSite\",\"@id\":\"https:\/\/www.rijeka.hr\/it\/#website\",\"url\":\"https:\/\/www.rijeka.hr\/it\/\",\"name\":\"Citt\u00e0 di Fiume\",\"description\":\"Portale web della Citta&#039; di Fiume\",\"potentialAction\":[{\"@type\":\"SearchAction\",\"target\":{\"@type\":\"EntryPoint\",\"urlTemplate\":\"https:\/\/www.rijeka.hr\/it\/?s={search_term_string}\"},\"query-input\":{\"@type\":\"PropertyValueSpecification\",\"valueRequired\":true,\"valueName\":\"search_term_string\"}}],\"inLanguage\":\"it-IT\"},{\"@type\":\"Person\",\"@id\":\"https:\/\/www.rijeka.hr\/it\/#\/schema\/person\/c6f2fe4ba52af1df0e9a2b0a22d63cc0\",\"name\":\"mbembic\",\"image\":{\"@type\":\"ImageObject\",\"inLanguage\":\"it-IT\",\"@id\":\"https:\/\/www.rijeka.hr\/it\/#\/schema\/person\/image\/\",\"url\":\"https:\/\/secure.gravatar.com\/avatar\/3ce3ce6ed89053defb3e592d3a5f1f9f?s=96&d=mm&r=g\",\"contentUrl\":\"https:\/\/secure.gravatar.com\/avatar\/3ce3ce6ed89053defb3e592d3a5f1f9f?s=96&d=mm&r=g\",\"caption\":\"mbembic\"},\"sameAs\":[\"https:\/\/www.rijeka.hr\/\"],\"url\":\"https:\/\/www.rijeka.hr\/it\/author\/mbembic\/\"}]}<\/script>\n<!-- \/ Yoast SEO plugin. -->","yoast_head_json":{"title":"Nuovi arredi per le istituzioni prescolastiche Rijeka, More e Su\u0161ak - Citt\u00e0 di Fiume","robots":{"index":"index","follow":"follow","max-snippet":"max-snippet:-1","max-image-preview":"max-image-preview:large","max-video-preview":"max-video-preview:-1"},"canonical":"https:\/\/www.rijeka.hr\/it\/nuovi-arredi-per-le-istituzioni-prescolastiche-rijeka-e-susak\/","og_locale":"it_IT","og_type":"article","og_title":"Nuovi arredi per le istituzioni prescolastiche Rijeka, More e Su\u0161ak - Citt\u00e0 di Fiume","og_description":"La Citt\u00e0 di Fiume prosegue con gli investimenti nelle scuole dell\u2019infanzia, che oltre agli investimenti nelle scuole elementari, \u00e8 una delle caratteristiche principali dell'attuale politica cittadina, acquistando per le istituzioni prescolastiche Rijeka, More e Su\u0161ak nuovi arredi.","og_url":"https:\/\/www.rijeka.hr\/it\/nuovi-arredi-per-le-istituzioni-prescolastiche-rijeka-e-susak\/","og_site_name":"Citt\u00e0 di Fiume","article_published_time":"2023-01-11T10:10:10+00:00","article_modified_time":"2023-01-12T10:14:54+00:00","og_image":[{"width":800,"height":600,"url":"https:\/\/www.rijeka.hr\/it\/wp-content\/uploads\/sites\/3\/2023\/01\/Novi-namje\u0161taj-za-Dje\u010dje-vrti\u0107e-Rijeka-Su\u0161ak-i-More-2-800x600.jpg","type":"image\/jpeg"}],"author":"mbembic","twitter_card":"summary_large_image","twitter_misc":{"Written by":"mbembic","Est. reading time":"1 minute"},"schema":{"@context":"https:\/\/schema.org","@graph":[{"@type":"WebPage","@id":"https:\/\/www.rijeka.hr\/it\/nuovi-arredi-per-le-istituzioni-prescolastiche-rijeka-e-susak\/","url":"https:\/\/www.rijeka.hr\/it\/nuovi-arredi-per-le-istituzioni-prescolastiche-rijeka-e-susak\/","name":"Nuovi arredi per le istituzioni prescolastiche Rijeka, More e Su\u0161ak - Citt\u00e0 di Fiume","isPartOf":{"@id":"https:\/\/www.rijeka.hr\/it\/#website"},"primaryImageOfPage":{"@id":"https:\/\/www.rijeka.hr\/it\/nuovi-arredi-per-le-istituzioni-prescolastiche-rijeka-e-susak\/#primaryimage"},"image":{"@id":"https:\/\/www.rijeka.hr\/it\/nuovi-arredi-per-le-istituzioni-prescolastiche-rijeka-e-susak\/#primaryimage"},"thumbnailUrl":"https:\/\/www.rijeka.hr\/it\/wp-content\/uploads\/sites\/3\/2023\/01\/Novi-namje\u0161taj-za-Dje\u010dje-vrti\u0107e-Rijeka-Su\u0161ak-i-More-2-800x600.jpg","datePublished":"2023-01-11T10:10:10+00:00","dateModified":"2023-01-12T10:14:54+00:00","author":{"@id":"https:\/\/www.rijeka.hr\/it\/#\/schema\/person\/c6f2fe4ba52af1df0e9a2b0a22d63cc0"},"breadcrumb":{"@id":"https:\/\/www.rijeka.hr\/it\/nuovi-arredi-per-le-istituzioni-prescolastiche-rijeka-e-susak\/#breadcrumb"},"inLanguage":"it-IT","potentialAction":[{"@type":"ReadAction","target":["https:\/\/www.rijeka.hr\/it\/nuovi-arredi-per-le-istituzioni-prescolastiche-rijeka-e-susak\/"]}]},{"@type":"ImageObject","inLanguage":"it-IT","@id":"https:\/\/www.rijeka.hr\/it\/nuovi-arredi-per-le-istituzioni-prescolastiche-rijeka-e-susak\/#primaryimage","url":"https:\/\/www.rijeka.hr\/it\/wp-content\/uploads\/sites\/3\/2023\/01\/Novi-namje\u0161taj-za-Dje\u010dje-vrti\u0107e-Rijeka-Su\u0161ak-i-More-2-800x600.jpg","contentUrl":"https:\/\/www.rijeka.hr\/it\/wp-content\/uploads\/sites\/3\/2023\/01\/Novi-namje\u0161taj-za-Dje\u010dje-vrti\u0107e-Rijeka-Su\u0161ak-i-More-2-800x600.jpg","width":800,"height":600},{"@type":"BreadcrumbList","@id":"https:\/\/www.rijeka.hr\/it\/nuovi-arredi-per-le-istituzioni-prescolastiche-rijeka-e-susak\/#breadcrumb","itemListElement":[{"@type":"ListItem","position":1,"name":"Po\u010detna stranica","item":"https:\/\/www.rijeka.hr\/it\/"},{"@type":"ListItem","position":2,"name":"Nuovi arredi per le istituzioni prescolastiche Rijeka, More e Su\u0161ak"}]},{"@type":"WebSite","@id":"https:\/\/www.rijeka.hr\/it\/#website","url":"https:\/\/www.rijeka.hr\/it\/","name":"Citt\u00e0 di Fiume","description":"Portale web della Citta&#039; di Fiume","potentialAction":[{"@type":"SearchAction","target":{"@type":"EntryPoint","urlTemplate":"https:\/\/www.rijeka.hr\/it\/?s={search_term_string}"},"query-input":{"@type":"PropertyValueSpecification","valueRequired":true,"valueName":"search_term_string"}}],"inLanguage":"it-IT"},{"@type":"Person","@id":"https:\/\/www.rijeka.hr\/it\/#\/schema\/person\/c6f2fe4ba52af1df0e9a2b0a22d63cc0","name":"mbembic","image":{"@type":"ImageObject","inLanguage":"it-IT","@id":"https:\/\/www.rijeka.hr\/it\/#\/schema\/person\/image\/","url":"https:\/\/secure.gravatar.com\/avatar\/3ce3ce6ed89053defb3e592d3a5f1f9f?s=96&d=mm&r=g","contentUrl":"https:\/\/secure.gravatar.com\/avatar\/3ce3ce6ed89053defb3e592d3a5f1f9f?s=96&d=mm&r=g","caption":"mbembic"},"sameAs":["https:\/\/www.rijeka.hr\/"],"url":"https:\/\/www.rijeka.hr\/it\/author\/mbembic\/"}]}},"_links":{"self":[{"href":"https:\/\/www.rijeka.hr\/it\/wp-json\/wp\/v2\/posts\/17240","targetHints":{"allow":["GET"]}}],"collection":[{"href":"https:\/\/www.rijeka.hr\/it\/wp-json\/wp\/v2\/posts"}],"about":[{"href":"https:\/\/www.rijeka.hr\/it\/wp-json\/wp\/v2\/types\/post"}],"author":[{"embeddable":true,"href":"https:\/\/www.rijeka.hr\/it\/wp-json\/wp\/v2\/users\/89"}],"replies":[{"embeddable":true,"href":"https:\/\/www.rijeka.hr\/it\/wp-json\/wp\/v2\/comments?post=17240"}],"version-history":[{"count":3,"href":"https:\/\/www.rijeka.hr\/it\/wp-json\/wp\/v2\/posts\/17240\/revisions"}],"predecessor-version":[{"id":17252,"href":"https:\/\/www.rijeka.hr\/it\/wp-json\/wp\/v2\/posts\/17240\/revisions\/17252"}],"wp:featuredmedia":[{"embeddable":true,"href":"https:\/\/www.rijeka.hr\/it\/wp-json\/wp\/v2\/media\/17243"}],"wp:attachment":[{"href":"https:\/\/www.rijeka.hr\/it\/wp-json\/wp\/v2\/media?parent=17240"}],"wp:term":[{"taxonomy":"category","embeddable":true,"href":"https:\/\/www.rijeka.hr\/it\/wp-json\/wp\/v2\/categories?post=17240"},{"taxonomy":"post_tag","embeddable":true,"href":"https:\/\/www.rijeka.hr\/it\/wp-json\/wp\/v2\/tags?post=17240"}],"curies":[{"name":"wp","href":"https:\/\/api.w.org\/{rel}","templated":true}]}}