{"id":17279,"date":"2023-01-12T12:50:04","date_gmt":"2023-01-12T11:50:04","guid":{"rendered":"https:\/\/www.rijeka.hr\/it\/?p=17279"},"modified":"2023-01-13T12:55:06","modified_gmt":"2023-01-13T11:55:06","slug":"la-vicesindaca-sandra-krpan-una-visita-di-lavoro-alluniversita-di-toronto","status":"publish","type":"post","link":"https:\/\/www.rijeka.hr\/it\/la-vicesindaca-sandra-krpan-una-visita-di-lavoro-alluniversita-di-toronto\/","title":{"rendered":"La vicesindaca Sandra Krpan in una visita di lavoro all&#8217;Universit\u00e0 di Toronto"},"content":{"rendered":"<p>All&#8217;incontro di partenariato ha preso parte anche la vicesindaca Krpan dove ha presentato lo standard sovra-educativo nelle scuole elementari fondate dalla Citt\u00e0 di Fiume, presentando cos\u00ec ai partecipanti all&#8217;incontro il progetto relativo all&#8217;introduzione dell&#8217;Educazione sanitaria nelle scuole elementari della Citt\u00e0 di Fiume, cos\u00ec come il modello fiumano di educazione civica e il programma \u201cLa mia Fiume\u201d.<\/p>\n<div id=\"attachment_17283\" class=\"wp-caption alignleft\"><img loading=\"lazy\" decoding=\"async\" width=\"600\" height=\"450\" class=\"wp-image-17283 size-medium\" src=\"https:\/\/www.rijeka.hr\/it\/wp-content\/uploads\/sites\/3\/2023\/01\/Sandra-Krpan_posjet-Sveu\u010dili\u0161tu-u-Torontu_3-600x450-600x450.jpg\" alt=\"\" srcset=\"https:\/\/www.rijeka.hr\/it\/wp-content\/uploads\/sites\/3\/2023\/01\/Sandra-Krpan_posjet-Sveu\u010dili\u0161tu-u-Torontu_3-600x450.jpg 600w, https:\/\/www.rijeka.hr\/it\/wp-content\/uploads\/sites\/3\/2023\/01\/Sandra-Krpan_posjet-Sveu\u010dili\u0161tu-u-Torontu_3-600x450-533x400.jpg 533w\" sizes=\"(max-width: 600px) 100vw, 600px\" \/><p class=\"wp-caption-text\">la vicesindaca Krpan ha presentato lo standard sovra-educativo<\/p><\/div>\n<p>Nel corso dell&#8217;incontro i partecipanti hanno discusso un\u2019ulteriore collaborazione e partenariato tra l&#8217;Universit\u00e0 di Toronto e l&#8217;Universit\u00e0 di Fiume e la Citt\u00e0 di Fiume, nonch\u00e9 le possibilit\u00e0 di sviluppare progetti comuni.<\/p>\n<p>La Citt\u00e0 di Fiume consente agli alunni delle scuole elementari istituite dalla Citt\u00e0 di frequentare lezioni di educazione civica con l&#8217;obiettivo di promuovere la non violenza, la tolleranza e la solidariet\u00e0 e sviluppare valori basati sull&#8217;accettazione della diversit\u00e0 e sul rispetto dei diritti umani nonch\u00e9 sulla comprensione della vita in societ\u00e0 civile. La Citt\u00e0 di Fiume attua il programma &#8220;La mia Fiume&#8221;, guidata dall&#8217;idea di offrire agli alunni l&#8217;opportunit\u00e0 di conoscere meglio la propria citt\u00e0 e di creare un rapporto emozionale positivo con il loro ambiente circostante. Ci sono anche programmi di doposcuola e classi a tempo pieno, il programma di assistenti didattici per alunni con disabilit\u00e0 e vari altri programmi per diversi gruppi di alunni.<\/p>\n<div id=\"attachment_17285\" class=\"wp-caption alignright\"><img loading=\"lazy\" decoding=\"async\" class=\"wp-image-17285 size-medium\" src=\"https:\/\/www.rijeka.hr\/it\/wp-content\/uploads\/sites\/3\/2023\/01\/Sandra-Krpan_posjet-Sveu\u010dili\u0161tu-u-Torontu-600x450-600x450.jpg\" alt=\"\" width=\"600\" height=\"450\" srcset=\"https:\/\/www.rijeka.hr\/it\/wp-content\/uploads\/sites\/3\/2023\/01\/Sandra-Krpan_posjet-Sveu\u010dili\u0161tu-u-Torontu-600x450.jpg 600w, https:\/\/www.rijeka.hr\/it\/wp-content\/uploads\/sites\/3\/2023\/01\/Sandra-Krpan_posjet-Sveu\u010dili\u0161tu-u-Torontu-600x450-533x400.jpg 533w\" sizes=\"(max-width: 600px) 100vw, 600px\" \/><p class=\"wp-caption-text\">visita di lavoro all&#8217;Universit\u00e0 di Toronto<\/p><\/div>\n<p>Ora la Citt\u00e0 di Fiume lavora all&#8217;introduzione dell&#8217;Educazione sanitaria. A tal fine, studia tutte le ricerche pertinenti e disponibili relative all&#8217;argomento e collabora con esperti al fine di preparare programmi e manuali di accompagnamento per gli alunni e linee guida per gli insegnanti. Dato che sono incluse competenze molto ampie e diversificate, si prevede anche di assicurare un sistema educativo per gli insegnanti che lo implementeranno, in modo che il programma possa essere implementato in modo qualitativo.<\/p>\n","protected":false},"excerpt":{"rendered":"<p>Su invito del Dipartimento di Scienze Sociali, Giurisprudenza ed Educazione dell&#8217;Universit\u00e0 di Toronto, Canada, la vicesindaca di Fiume Sandra Krpan ha visitato l&#8217;Universit\u00e0 con l&#8217;obiettivo di scambiare esperienze relative all&#8217;implementazione\/introduzione dell&#8217;Educazione sanitaria nelle istituzioni educative.<\/p>\n","protected":false},"author":89,"featured_media":17282,"comment_status":"open","ping_status":"open","sticky":false,"template":"","format":"standard","meta":{"_acf_changed":false,"_trash_the_other_posts":false,"footnotes":"","_links_to":"","_links_to_target":""},"categories":[976],"tags":[2171,2170,2168,2169],"class_list":["post-17279","post","type-post","status-publish","format-standard","has-post-thumbnail","hentry","category-articoli","tag-educazione-sanitaria","tag-standard-sovra-educativo","tag-universita-di-toronto","tag-vicesindaca-sandra-krpan"],"acf":[],"yoast_head":"<!-- This site is optimized with the Yoast SEO plugin v24.4 - https:\/\/yoast.com\/wordpress\/plugins\/seo\/ -->\n<title>La vicesindaca Sandra Krpan in una visita di lavoro all&#039;Universit\u00e0 di Toronto - Citt\u00e0 di Fiume<\/title>\n<meta name=\"robots\" content=\"index, follow, max-snippet:-1, max-image-preview:large, max-video-preview:-1\" \/>\n<link rel=\"canonical\" href=\"https:\/\/www.rijeka.hr\/it\/la-vicesindaca-sandra-krpan-una-visita-di-lavoro-alluniversita-di-toronto\/\" \/>\n<meta property=\"og:locale\" content=\"it_IT\" \/>\n<meta property=\"og:type\" content=\"article\" \/>\n<meta property=\"og:title\" content=\"La vicesindaca Sandra Krpan in una visita di lavoro all&#039;Universit\u00e0 di Toronto - Citt\u00e0 di Fiume\" \/>\n<meta property=\"og:description\" content=\"Su invito del Dipartimento di Scienze Sociali, Giurisprudenza ed Educazione dell&#039;Universit\u00e0 di Toronto, Canada, la vicesindaca di Fiume Sandra Krpan ha visitato l&#039;Universit\u00e0 con l&#039;obiettivo di scambiare esperienze relative all&#039;implementazione\/introduzione dell&#039;Educazione sanitaria nelle istituzioni educative.\" \/>\n<meta property=\"og:url\" content=\"https:\/\/www.rijeka.hr\/it\/la-vicesindaca-sandra-krpan-una-visita-di-lavoro-alluniversita-di-toronto\/\" \/>\n<meta property=\"og:site_name\" content=\"Citt\u00e0 di Fiume\" \/>\n<meta property=\"article:published_time\" content=\"2023-01-12T11:50:04+00:00\" \/>\n<meta property=\"article:modified_time\" content=\"2023-01-13T11:55:06+00:00\" \/>\n<meta property=\"og:image\" content=\"https:\/\/www.rijeka.hr\/it\/wp-content\/uploads\/sites\/3\/2023\/01\/Sandra-Krpan_posjet-Sveu\u010dili\u0161tu-u-Torontu_2-800x600.jpg\" \/>\n\t<meta property=\"og:image:width\" content=\"800\" \/>\n\t<meta property=\"og:image:height\" content=\"600\" \/>\n\t<meta property=\"og:image:type\" content=\"image\/jpeg\" \/>\n<meta name=\"author\" content=\"mbembic\" \/>\n<meta name=\"twitter:card\" content=\"summary_large_image\" \/>\n<meta name=\"twitter:label1\" content=\"Written by\" \/>\n\t<meta name=\"twitter:data1\" content=\"mbembic\" \/>\n\t<meta name=\"twitter:label2\" content=\"Est. reading time\" \/>\n\t<meta name=\"twitter:data2\" content=\"2 minutes\" \/>\n<script type=\"application\/ld+json\" class=\"yoast-schema-graph\">{\"@context\":\"https:\/\/schema.org\",\"@graph\":[{\"@type\":\"WebPage\",\"@id\":\"https:\/\/www.rijeka.hr\/it\/la-vicesindaca-sandra-krpan-una-visita-di-lavoro-alluniversita-di-toronto\/\",\"url\":\"https:\/\/www.rijeka.hr\/it\/la-vicesindaca-sandra-krpan-una-visita-di-lavoro-alluniversita-di-toronto\/\",\"name\":\"La vicesindaca Sandra Krpan in una visita di lavoro all'Universit\u00e0 di Toronto - Citt\u00e0 di Fiume\",\"isPartOf\":{\"@id\":\"https:\/\/www.rijeka.hr\/it\/#website\"},\"primaryImageOfPage\":{\"@id\":\"https:\/\/www.rijeka.hr\/it\/la-vicesindaca-sandra-krpan-una-visita-di-lavoro-alluniversita-di-toronto\/#primaryimage\"},\"image\":{\"@id\":\"https:\/\/www.rijeka.hr\/it\/la-vicesindaca-sandra-krpan-una-visita-di-lavoro-alluniversita-di-toronto\/#primaryimage\"},\"thumbnailUrl\":\"https:\/\/www.rijeka.hr\/it\/wp-content\/uploads\/sites\/3\/2023\/01\/Sandra-Krpan_posjet-Sveu\u010dili\u0161tu-u-Torontu_2-800x600.jpg\",\"datePublished\":\"2023-01-12T11:50:04+00:00\",\"dateModified\":\"2023-01-13T11:55:06+00:00\",\"author\":{\"@id\":\"https:\/\/www.rijeka.hr\/it\/#\/schema\/person\/c6f2fe4ba52af1df0e9a2b0a22d63cc0\"},\"breadcrumb\":{\"@id\":\"https:\/\/www.rijeka.hr\/it\/la-vicesindaca-sandra-krpan-una-visita-di-lavoro-alluniversita-di-toronto\/#breadcrumb\"},\"inLanguage\":\"it-IT\",\"potentialAction\":[{\"@type\":\"ReadAction\",\"target\":[\"https:\/\/www.rijeka.hr\/it\/la-vicesindaca-sandra-krpan-una-visita-di-lavoro-alluniversita-di-toronto\/\"]}]},{\"@type\":\"ImageObject\",\"inLanguage\":\"it-IT\",\"@id\":\"https:\/\/www.rijeka.hr\/it\/la-vicesindaca-sandra-krpan-una-visita-di-lavoro-alluniversita-di-toronto\/#primaryimage\",\"url\":\"https:\/\/www.rijeka.hr\/it\/wp-content\/uploads\/sites\/3\/2023\/01\/Sandra-Krpan_posjet-Sveu\u010dili\u0161tu-u-Torontu_2-800x600.jpg\",\"contentUrl\":\"https:\/\/www.rijeka.hr\/it\/wp-content\/uploads\/sites\/3\/2023\/01\/Sandra-Krpan_posjet-Sveu\u010dili\u0161tu-u-Torontu_2-800x600.jpg\",\"width\":800,\"height\":600},{\"@type\":\"BreadcrumbList\",\"@id\":\"https:\/\/www.rijeka.hr\/it\/la-vicesindaca-sandra-krpan-una-visita-di-lavoro-alluniversita-di-toronto\/#breadcrumb\",\"itemListElement\":[{\"@type\":\"ListItem\",\"position\":1,\"name\":\"Po\u010detna stranica\",\"item\":\"https:\/\/www.rijeka.hr\/it\/\"},{\"@type\":\"ListItem\",\"position\":2,\"name\":\"La vicesindaca Sandra Krpan in una visita di lavoro all&#8217;Universit\u00e0 di Toronto\"}]},{\"@type\":\"WebSite\",\"@id\":\"https:\/\/www.rijeka.hr\/it\/#website\",\"url\":\"https:\/\/www.rijeka.hr\/it\/\",\"name\":\"Citt\u00e0 di Fiume\",\"description\":\"Portale web della Citta&#039; di Fiume\",\"potentialAction\":[{\"@type\":\"SearchAction\",\"target\":{\"@type\":\"EntryPoint\",\"urlTemplate\":\"https:\/\/www.rijeka.hr\/it\/?s={search_term_string}\"},\"query-input\":{\"@type\":\"PropertyValueSpecification\",\"valueRequired\":true,\"valueName\":\"search_term_string\"}}],\"inLanguage\":\"it-IT\"},{\"@type\":\"Person\",\"@id\":\"https:\/\/www.rijeka.hr\/it\/#\/schema\/person\/c6f2fe4ba52af1df0e9a2b0a22d63cc0\",\"name\":\"mbembic\",\"image\":{\"@type\":\"ImageObject\",\"inLanguage\":\"it-IT\",\"@id\":\"https:\/\/www.rijeka.hr\/it\/#\/schema\/person\/image\/\",\"url\":\"https:\/\/secure.gravatar.com\/avatar\/3ce3ce6ed89053defb3e592d3a5f1f9f?s=96&d=mm&r=g\",\"contentUrl\":\"https:\/\/secure.gravatar.com\/avatar\/3ce3ce6ed89053defb3e592d3a5f1f9f?s=96&d=mm&r=g\",\"caption\":\"mbembic\"},\"sameAs\":[\"https:\/\/www.rijeka.hr\/\"],\"url\":\"https:\/\/www.rijeka.hr\/it\/author\/mbembic\/\"}]}<\/script>\n<!-- \/ Yoast SEO plugin. -->","yoast_head_json":{"title":"La vicesindaca Sandra Krpan in una visita di lavoro all'Universit\u00e0 di Toronto - Citt\u00e0 di Fiume","robots":{"index":"index","follow":"follow","max-snippet":"max-snippet:-1","max-image-preview":"max-image-preview:large","max-video-preview":"max-video-preview:-1"},"canonical":"https:\/\/www.rijeka.hr\/it\/la-vicesindaca-sandra-krpan-una-visita-di-lavoro-alluniversita-di-toronto\/","og_locale":"it_IT","og_type":"article","og_title":"La vicesindaca Sandra Krpan in una visita di lavoro all'Universit\u00e0 di Toronto - Citt\u00e0 di Fiume","og_description":"Su invito del Dipartimento di Scienze Sociali, Giurisprudenza ed Educazione dell'Universit\u00e0 di Toronto, Canada, la vicesindaca di Fiume Sandra Krpan ha visitato l'Universit\u00e0 con l'obiettivo di scambiare esperienze relative all'implementazione\/introduzione dell'Educazione sanitaria nelle istituzioni educative.","og_url":"https:\/\/www.rijeka.hr\/it\/la-vicesindaca-sandra-krpan-una-visita-di-lavoro-alluniversita-di-toronto\/","og_site_name":"Citt\u00e0 di Fiume","article_published_time":"2023-01-12T11:50:04+00:00","article_modified_time":"2023-01-13T11:55:06+00:00","og_image":[{"width":800,"height":600,"url":"https:\/\/www.rijeka.hr\/it\/wp-content\/uploads\/sites\/3\/2023\/01\/Sandra-Krpan_posjet-Sveu\u010dili\u0161tu-u-Torontu_2-800x600.jpg","type":"image\/jpeg"}],"author":"mbembic","twitter_card":"summary_large_image","twitter_misc":{"Written by":"mbembic","Est. reading time":"2 minutes"},"schema":{"@context":"https:\/\/schema.org","@graph":[{"@type":"WebPage","@id":"https:\/\/www.rijeka.hr\/it\/la-vicesindaca-sandra-krpan-una-visita-di-lavoro-alluniversita-di-toronto\/","url":"https:\/\/www.rijeka.hr\/it\/la-vicesindaca-sandra-krpan-una-visita-di-lavoro-alluniversita-di-toronto\/","name":"La vicesindaca Sandra Krpan in una visita di lavoro all'Universit\u00e0 di Toronto - Citt\u00e0 di Fiume","isPartOf":{"@id":"https:\/\/www.rijeka.hr\/it\/#website"},"primaryImageOfPage":{"@id":"https:\/\/www.rijeka.hr\/it\/la-vicesindaca-sandra-krpan-una-visita-di-lavoro-alluniversita-di-toronto\/#primaryimage"},"image":{"@id":"https:\/\/www.rijeka.hr\/it\/la-vicesindaca-sandra-krpan-una-visita-di-lavoro-alluniversita-di-toronto\/#primaryimage"},"thumbnailUrl":"https:\/\/www.rijeka.hr\/it\/wp-content\/uploads\/sites\/3\/2023\/01\/Sandra-Krpan_posjet-Sveu\u010dili\u0161tu-u-Torontu_2-800x600.jpg","datePublished":"2023-01-12T11:50:04+00:00","dateModified":"2023-01-13T11:55:06+00:00","author":{"@id":"https:\/\/www.rijeka.hr\/it\/#\/schema\/person\/c6f2fe4ba52af1df0e9a2b0a22d63cc0"},"breadcrumb":{"@id":"https:\/\/www.rijeka.hr\/it\/la-vicesindaca-sandra-krpan-una-visita-di-lavoro-alluniversita-di-toronto\/#breadcrumb"},"inLanguage":"it-IT","potentialAction":[{"@type":"ReadAction","target":["https:\/\/www.rijeka.hr\/it\/la-vicesindaca-sandra-krpan-una-visita-di-lavoro-alluniversita-di-toronto\/"]}]},{"@type":"ImageObject","inLanguage":"it-IT","@id":"https:\/\/www.rijeka.hr\/it\/la-vicesindaca-sandra-krpan-una-visita-di-lavoro-alluniversita-di-toronto\/#primaryimage","url":"https:\/\/www.rijeka.hr\/it\/wp-content\/uploads\/sites\/3\/2023\/01\/Sandra-Krpan_posjet-Sveu\u010dili\u0161tu-u-Torontu_2-800x600.jpg","contentUrl":"https:\/\/www.rijeka.hr\/it\/wp-content\/uploads\/sites\/3\/2023\/01\/Sandra-Krpan_posjet-Sveu\u010dili\u0161tu-u-Torontu_2-800x600.jpg","width":800,"height":600},{"@type":"BreadcrumbList","@id":"https:\/\/www.rijeka.hr\/it\/la-vicesindaca-sandra-krpan-una-visita-di-lavoro-alluniversita-di-toronto\/#breadcrumb","itemListElement":[{"@type":"ListItem","position":1,"name":"Po\u010detna stranica","item":"https:\/\/www.rijeka.hr\/it\/"},{"@type":"ListItem","position":2,"name":"La vicesindaca Sandra Krpan in una visita di lavoro all&#8217;Universit\u00e0 di Toronto"}]},{"@type":"WebSite","@id":"https:\/\/www.rijeka.hr\/it\/#website","url":"https:\/\/www.rijeka.hr\/it\/","name":"Citt\u00e0 di Fiume","description":"Portale web della Citta&#039; di Fiume","potentialAction":[{"@type":"SearchAction","target":{"@type":"EntryPoint","urlTemplate":"https:\/\/www.rijeka.hr\/it\/?s={search_term_string}"},"query-input":{"@type":"PropertyValueSpecification","valueRequired":true,"valueName":"search_term_string"}}],"inLanguage":"it-IT"},{"@type":"Person","@id":"https:\/\/www.rijeka.hr\/it\/#\/schema\/person\/c6f2fe4ba52af1df0e9a2b0a22d63cc0","name":"mbembic","image":{"@type":"ImageObject","inLanguage":"it-IT","@id":"https:\/\/www.rijeka.hr\/it\/#\/schema\/person\/image\/","url":"https:\/\/secure.gravatar.com\/avatar\/3ce3ce6ed89053defb3e592d3a5f1f9f?s=96&d=mm&r=g","contentUrl":"https:\/\/secure.gravatar.com\/avatar\/3ce3ce6ed89053defb3e592d3a5f1f9f?s=96&d=mm&r=g","caption":"mbembic"},"sameAs":["https:\/\/www.rijeka.hr\/"],"url":"https:\/\/www.rijeka.hr\/it\/author\/mbembic\/"}]}},"_links":{"self":[{"href":"https:\/\/www.rijeka.hr\/it\/wp-json\/wp\/v2\/posts\/17279","targetHints":{"allow":["GET"]}}],"collection":[{"href":"https:\/\/www.rijeka.hr\/it\/wp-json\/wp\/v2\/posts"}],"about":[{"href":"https:\/\/www.rijeka.hr\/it\/wp-json\/wp\/v2\/types\/post"}],"author":[{"embeddable":true,"href":"https:\/\/www.rijeka.hr\/it\/wp-json\/wp\/v2\/users\/89"}],"replies":[{"embeddable":true,"href":"https:\/\/www.rijeka.hr\/it\/wp-json\/wp\/v2\/comments?post=17279"}],"version-history":[{"count":3,"href":"https:\/\/www.rijeka.hr\/it\/wp-json\/wp\/v2\/posts\/17279\/revisions"}],"predecessor-version":[{"id":17287,"href":"https:\/\/www.rijeka.hr\/it\/wp-json\/wp\/v2\/posts\/17279\/revisions\/17287"}],"wp:featuredmedia":[{"embeddable":true,"href":"https:\/\/www.rijeka.hr\/it\/wp-json\/wp\/v2\/media\/17282"}],"wp:attachment":[{"href":"https:\/\/www.rijeka.hr\/it\/wp-json\/wp\/v2\/media?parent=17279"}],"wp:term":[{"taxonomy":"category","embeddable":true,"href":"https:\/\/www.rijeka.hr\/it\/wp-json\/wp\/v2\/categories?post=17279"},{"taxonomy":"post_tag","embeddable":true,"href":"https:\/\/www.rijeka.hr\/it\/wp-json\/wp\/v2\/tags?post=17279"}],"curies":[{"name":"wp","href":"https:\/\/api.w.org\/{rel}","templated":true}]}}