{"id":17521,"date":"2023-02-02T12:30:13","date_gmt":"2023-02-02T11:30:13","guid":{"rendered":"https:\/\/www.rijeka.hr\/it\/?p=17521"},"modified":"2023-02-03T12:42:14","modified_gmt":"2023-02-03T11:42:14","slug":"indetto-linvito-pubblico-per-lassunzione-di-assistenti-educativi-nelle-scuole-elementari-di-fiume-2","status":"publish","type":"post","link":"https:\/\/www.rijeka.hr\/it\/indetto-linvito-pubblico-per-lassunzione-di-assistenti-educativi-nelle-scuole-elementari-di-fiume-2\/","title":{"rendered":"Indetto l\u2019invito pubblico per l\u2019assunzione di assistenti educativi nelle scuole elementari di Fiume"},"content":{"rendered":"<p>L\u2019assistente educativo fornisce supporto agli alunni con disabilit\u00e0 integrati nelle classi regolari delle scuole elementari. L\u2019assistente \u00e8 una persona che fornisce supporto diretto all\u2019alunno con disabilit\u00e0 dello sviluppo durante il processo educativo in compiti che richiedono l\u2019attivit\u00e0 comunicativa, sensoriale e motoria dell\u2019alunno, nel movimento, nell\u2019assistenza all\u2019assunzione di cibi e bevande, nello svolgimento delle esigenze igieniche, nell\u2019insegnamento quotidiano, attivit\u00e0 extrascolastiche ed fuori dell\u2019aula.<\/p>\n<p>L\u2019assistente rappresenta un supporto diretto all\u2019alunno e un supporto indiretto all\u2019insegnante e agli altri alunni della classe, ma non sostituisce altre forme di aiuto. L\u2019inclusione degli assistenti nelle classi aumenta l\u2019inclusione sociale e facilita l\u2019integrazione degli alunni con difficolt\u00e0 nelle scuole.<\/p>\n<p>Si possono candidare le persone che abbiano almeno l\u2019educazione secondaria di almeno quattro anni e nei confronti dei quali non sia stato avviato alcun procedimento penale. I candidati devono aver completato un programma di formazione per assistenti con una durata minima di 20 ore o impegnarsi a completarlo prima di iniziare il lavoro.<\/p>\n<p>I contratti di lavoro saranno conclusi con gli assistenti selezionati fino a giugno 2023.<\/p>\n<p>Nell\u2019ambito del progetto \u201cRInclusione \u2013 Modello della Citt\u00e0 di Fiume che fornisce sostegno agli alunni con disabilit\u00e0\u201d viene indetto l\u2019invito pubblico per la presentazione delle candidature per svolgere l\u2019attivit\u00e0 dell\u2019assistente educativo nelle scuole elementari della Citt\u00e0 di Fiume.<\/p>\n<h2>Istruzione inclusiva nelle scuole elementari di Fiume<\/h2>\n<p>In conformit\u00e0 con le disponibilit\u00e0 nel bilancio e l\u2019idea di istruzione inclusiva, la Citt\u00e0 di Fiume \u00e8 stata una delle prime citt\u00e0 nella Repubblica di Croazia a sostenere l\u2019inclusione di un gran numero di assistenti educativi nel lavoro con alunni con disabilit\u00e0, considerando che tutti gli alunni hanno diritto a un\u2019istruzione di qualit\u00e0, compresi gli alunni con difficolt\u00e0 che rappresentano un gruppo particolarmente vulnerabile.<\/p>\n<p><img loading=\"lazy\" decoding=\"async\" width=\"600\" height=\"482\" class=\"size-medium wp-image-17527 alignleft\" src=\"https:\/\/www.rijeka.hr\/it\/wp-content\/uploads\/sites\/3\/2023\/02\/RInkluzija-\u2013-Rije\u010dki-model-podr\u0161ke-u\u010denicima-s-te\u0161ko\u0107ama-600x482-600x482.jpg\" alt=\"\" srcset=\"https:\/\/www.rijeka.hr\/it\/wp-content\/uploads\/sites\/3\/2023\/02\/RInkluzija-\u2013-Rije\u010dki-model-podr\u0161ke-u\u010denicima-s-te\u0161ko\u0107ama-600x482.jpg 600w, https:\/\/www.rijeka.hr\/it\/wp-content\/uploads\/sites\/3\/2023\/02\/RInkluzija-\u2013-Rije\u010dki-model-podr\u0161ke-u\u010denicima-s-te\u0161ko\u0107ama-600x482-498x400.jpg 498w\" sizes=\"(max-width: 600px) 100vw, 600px\" \/>L\u2019istruzione inclusiva nelle scuole elementari della Citt\u00e0 di Fiume \u00e8 iniziata nel 2008, quando per 6 assistenti educativi sono stati stanziati fondi nel bilancio cittadino. Da allora, il numero degli assistenti educativi \u00e8 in aumento, ma sempre in accordo con le esigenze espresse dagli esperti nelle scuole elementari della Citt\u00e0 di Fiume.<\/p>\n<p>Dal 2014, l\u2019istruzione inclusiva a Fiume viene implementata attraverso il progetto dell\u2019UE \u201cRInclusione \u2013 Modello della Citt\u00e0 di Fiume che fornisce sostegno agli alunni con disabilit\u00e0\u201d. Da allora fino ad oggi, il numero degli assistenti \u00e8 in continua crescita, e oggi a Fiume il diritto a un assistente\/mediatore professionale della comunicazione \u00e8 garantito a tutti gli alunni che necessitano di questa forma di sostegno.<\/p>\n<p>La Citt\u00e0 di Fiume, con alcune altre citt\u00e0 croate, nonostante l&#8217;assenza di un obbligo legale, ha assicurato fondi aggiuntivi nel bilancio cittadino e dal 1\u00b0 gennaio 2023 ha aumentato gli stipendi degli assistenti educativi che lavorano con alunni con disabilit\u00e0 dello sviluppo. A tal fine, la Citt\u00e0 di Fiume ha stanziato nel bilancio l\u2019importo di 100.000,00 euro a livello annuo.<\/p>\n<h2>76 assistenti grazie ai fondi dell\u2019UE e della Citt\u00e0 di Fiume<\/h2>\n<p>In questo anno scolastico 2022\/2023, 63 assistenti educativi sono stati assunti attraverso il progetto dell\u2019UE \u201cRInclusione\u201d, mentre il finanziamento di altri 13 assistenti aggiuntivi \u00e8 stato assicurato attraverso il bilancio della Citt\u00e0 di Fiume, che lavorano con 86 alunni con disabilit\u00e0.<\/p>\n<p><img loading=\"lazy\" decoding=\"async\" class=\"aligncenter wp-image-17529 size-full\" src=\"https:\/\/www.rijeka.hr\/it\/wp-content\/uploads\/sites\/3\/2023\/02\/Europski-socijalni-fond-1000x377-1.jpg\" alt=\"\" width=\"1000\" height=\"377\" srcset=\"https:\/\/www.rijeka.hr\/it\/wp-content\/uploads\/sites\/3\/2023\/02\/Europski-socijalni-fond-1000x377-1.jpg 1000w, https:\/\/www.rijeka.hr\/it\/wp-content\/uploads\/sites\/3\/2023\/02\/Europski-socijalni-fond-1000x377-1-600x226.jpg 600w, https:\/\/www.rijeka.hr\/it\/wp-content\/uploads\/sites\/3\/2023\/02\/Europski-socijalni-fond-1000x377-1-768x290.jpg 768w\" sizes=\"(max-width: 1000px) 100vw, 1000px\" \/><\/p>\n","protected":false},"excerpt":{"rendered":"<p>Il Dipartimento per l\u2019educazione e l\u2019istruzione della Citt\u00e0 di Fiume ha indetto l\u2019invito pubblico per la presentazione delle candidature per svolgere l\u2019attivit\u00e0 dell\u2019assistente educativo nelle scuole elementari della Citt\u00e0 di Fiume.<\/p>\n","protected":false},"author":8,"featured_media":17525,"comment_status":"open","ping_status":"open","sticky":false,"template":"","format":"standard","meta":{"_acf_changed":false,"_trash_the_other_posts":false,"footnotes":"","_links_to":"","_links_to_target":""},"categories":[976],"tags":[2211,2210,132],"class_list":["post-17521","post","type-post","status-publish","format-standard","has-post-thumbnail","hentry","category-articoli","tag-alunno-con-disabilita-dello-sviluppo","tag-assunzione-di-assistenti-educativi-nelle-scuole-elementari-di-fiume","tag-invito-pubblico"],"acf":[],"yoast_head":"<!-- This site is optimized with the Yoast SEO plugin v24.4 - https:\/\/yoast.com\/wordpress\/plugins\/seo\/ -->\n<title>Indetto l\u2019invito pubblico per l\u2019assunzione di assistenti educativi nelle scuole elementari di Fiume - Citt\u00e0 di Fiume<\/title>\n<meta name=\"robots\" content=\"index, follow, max-snippet:-1, max-image-preview:large, max-video-preview:-1\" \/>\n<link rel=\"canonical\" href=\"https:\/\/www.rijeka.hr\/it\/indetto-linvito-pubblico-per-lassunzione-di-assistenti-educativi-nelle-scuole-elementari-di-fiume-2\/\" \/>\n<meta property=\"og:locale\" content=\"it_IT\" \/>\n<meta property=\"og:type\" content=\"article\" \/>\n<meta property=\"og:title\" content=\"Indetto l\u2019invito pubblico per l\u2019assunzione di assistenti educativi nelle scuole elementari di Fiume - Citt\u00e0 di Fiume\" \/>\n<meta property=\"og:description\" content=\"Il Dipartimento per l\u2019educazione e l\u2019istruzione della Citt\u00e0 di Fiume ha indetto l\u2019invito pubblico per la presentazione delle candidature per svolgere l\u2019attivit\u00e0 dell\u2019assistente educativo nelle scuole elementari della Citt\u00e0 di Fiume.\" \/>\n<meta property=\"og:url\" content=\"https:\/\/www.rijeka.hr\/it\/indetto-linvito-pubblico-per-lassunzione-di-assistenti-educativi-nelle-scuole-elementari-di-fiume-2\/\" \/>\n<meta property=\"og:site_name\" content=\"Citt\u00e0 di Fiume\" \/>\n<meta property=\"article:published_time\" content=\"2023-02-02T11:30:13+00:00\" \/>\n<meta property=\"article:modified_time\" content=\"2023-02-03T11:42:14+00:00\" \/>\n<meta property=\"og:image\" content=\"https:\/\/www.rijeka.hr\/it\/wp-content\/uploads\/sites\/3\/2023\/02\/Pomo\u0107nici-u-nastavi.jpg\" \/>\n\t<meta property=\"og:image:width\" content=\"544\" \/>\n\t<meta property=\"og:image:height\" content=\"350\" \/>\n\t<meta property=\"og:image:type\" content=\"image\/jpeg\" \/>\n<meta name=\"author\" content=\"sradovic\" \/>\n<meta name=\"twitter:card\" content=\"summary_large_image\" \/>\n<meta name=\"twitter:label1\" content=\"Written by\" \/>\n\t<meta name=\"twitter:data1\" content=\"sradovic\" \/>\n\t<meta name=\"twitter:label2\" content=\"Est. reading time\" \/>\n\t<meta name=\"twitter:data2\" content=\"3 minutes\" \/>\n<script type=\"application\/ld+json\" class=\"yoast-schema-graph\">{\"@context\":\"https:\/\/schema.org\",\"@graph\":[{\"@type\":\"WebPage\",\"@id\":\"https:\/\/www.rijeka.hr\/it\/indetto-linvito-pubblico-per-lassunzione-di-assistenti-educativi-nelle-scuole-elementari-di-fiume-2\/\",\"url\":\"https:\/\/www.rijeka.hr\/it\/indetto-linvito-pubblico-per-lassunzione-di-assistenti-educativi-nelle-scuole-elementari-di-fiume-2\/\",\"name\":\"Indetto l\u2019invito pubblico per l\u2019assunzione di assistenti educativi nelle scuole elementari di Fiume - Citt\u00e0 di Fiume\",\"isPartOf\":{\"@id\":\"https:\/\/www.rijeka.hr\/it\/#website\"},\"primaryImageOfPage\":{\"@id\":\"https:\/\/www.rijeka.hr\/it\/indetto-linvito-pubblico-per-lassunzione-di-assistenti-educativi-nelle-scuole-elementari-di-fiume-2\/#primaryimage\"},\"image\":{\"@id\":\"https:\/\/www.rijeka.hr\/it\/indetto-linvito-pubblico-per-lassunzione-di-assistenti-educativi-nelle-scuole-elementari-di-fiume-2\/#primaryimage\"},\"thumbnailUrl\":\"https:\/\/www.rijeka.hr\/it\/wp-content\/uploads\/sites\/3\/2023\/02\/Pomo\u0107nici-u-nastavi.jpg\",\"datePublished\":\"2023-02-02T11:30:13+00:00\",\"dateModified\":\"2023-02-03T11:42:14+00:00\",\"author\":{\"@id\":\"https:\/\/www.rijeka.hr\/it\/#\/schema\/person\/f944eacc70b6a69bc142d9389862b37b\"},\"breadcrumb\":{\"@id\":\"https:\/\/www.rijeka.hr\/it\/indetto-linvito-pubblico-per-lassunzione-di-assistenti-educativi-nelle-scuole-elementari-di-fiume-2\/#breadcrumb\"},\"inLanguage\":\"it-IT\",\"potentialAction\":[{\"@type\":\"ReadAction\",\"target\":[\"https:\/\/www.rijeka.hr\/it\/indetto-linvito-pubblico-per-lassunzione-di-assistenti-educativi-nelle-scuole-elementari-di-fiume-2\/\"]}]},{\"@type\":\"ImageObject\",\"inLanguage\":\"it-IT\",\"@id\":\"https:\/\/www.rijeka.hr\/it\/indetto-linvito-pubblico-per-lassunzione-di-assistenti-educativi-nelle-scuole-elementari-di-fiume-2\/#primaryimage\",\"url\":\"https:\/\/www.rijeka.hr\/it\/wp-content\/uploads\/sites\/3\/2023\/02\/Pomo\u0107nici-u-nastavi.jpg\",\"contentUrl\":\"https:\/\/www.rijeka.hr\/it\/wp-content\/uploads\/sites\/3\/2023\/02\/Pomo\u0107nici-u-nastavi.jpg\",\"width\":544,\"height\":350},{\"@type\":\"BreadcrumbList\",\"@id\":\"https:\/\/www.rijeka.hr\/it\/indetto-linvito-pubblico-per-lassunzione-di-assistenti-educativi-nelle-scuole-elementari-di-fiume-2\/#breadcrumb\",\"itemListElement\":[{\"@type\":\"ListItem\",\"position\":1,\"name\":\"Po\u010detna stranica\",\"item\":\"https:\/\/www.rijeka.hr\/it\/\"},{\"@type\":\"ListItem\",\"position\":2,\"name\":\"Indetto l\u2019invito pubblico per l\u2019assunzione di assistenti educativi nelle scuole elementari di Fiume\"}]},{\"@type\":\"WebSite\",\"@id\":\"https:\/\/www.rijeka.hr\/it\/#website\",\"url\":\"https:\/\/www.rijeka.hr\/it\/\",\"name\":\"Citt\u00e0 di Fiume\",\"description\":\"Portale web della Citta&#039; di Fiume\",\"potentialAction\":[{\"@type\":\"SearchAction\",\"target\":{\"@type\":\"EntryPoint\",\"urlTemplate\":\"https:\/\/www.rijeka.hr\/it\/?s={search_term_string}\"},\"query-input\":{\"@type\":\"PropertyValueSpecification\",\"valueRequired\":true,\"valueName\":\"search_term_string\"}}],\"inLanguage\":\"it-IT\"},{\"@type\":\"Person\",\"@id\":\"https:\/\/www.rijeka.hr\/it\/#\/schema\/person\/f944eacc70b6a69bc142d9389862b37b\",\"name\":\"sradovic\",\"image\":{\"@type\":\"ImageObject\",\"inLanguage\":\"it-IT\",\"@id\":\"https:\/\/www.rijeka.hr\/it\/#\/schema\/person\/image\/\",\"url\":\"https:\/\/secure.gravatar.com\/avatar\/d438b95983d528813c6fe2e5812a4188?s=96&d=mm&r=g\",\"contentUrl\":\"https:\/\/secure.gravatar.com\/avatar\/d438b95983d528813c6fe2e5812a4188?s=96&d=mm&r=g\",\"caption\":\"sradovic\"},\"url\":\"https:\/\/www.rijeka.hr\/it\/author\/sradovic\/\"}]}<\/script>\n<!-- \/ Yoast SEO plugin. -->","yoast_head_json":{"title":"Indetto l\u2019invito pubblico per l\u2019assunzione di assistenti educativi nelle scuole elementari di Fiume - Citt\u00e0 di Fiume","robots":{"index":"index","follow":"follow","max-snippet":"max-snippet:-1","max-image-preview":"max-image-preview:large","max-video-preview":"max-video-preview:-1"},"canonical":"https:\/\/www.rijeka.hr\/it\/indetto-linvito-pubblico-per-lassunzione-di-assistenti-educativi-nelle-scuole-elementari-di-fiume-2\/","og_locale":"it_IT","og_type":"article","og_title":"Indetto l\u2019invito pubblico per l\u2019assunzione di assistenti educativi nelle scuole elementari di Fiume - Citt\u00e0 di Fiume","og_description":"Il Dipartimento per l\u2019educazione e l\u2019istruzione della Citt\u00e0 di Fiume ha indetto l\u2019invito pubblico per la presentazione delle candidature per svolgere l\u2019attivit\u00e0 dell\u2019assistente educativo nelle scuole elementari della Citt\u00e0 di Fiume.","og_url":"https:\/\/www.rijeka.hr\/it\/indetto-linvito-pubblico-per-lassunzione-di-assistenti-educativi-nelle-scuole-elementari-di-fiume-2\/","og_site_name":"Citt\u00e0 di Fiume","article_published_time":"2023-02-02T11:30:13+00:00","article_modified_time":"2023-02-03T11:42:14+00:00","og_image":[{"width":544,"height":350,"url":"https:\/\/www.rijeka.hr\/it\/wp-content\/uploads\/sites\/3\/2023\/02\/Pomo\u0107nici-u-nastavi.jpg","type":"image\/jpeg"}],"author":"sradovic","twitter_card":"summary_large_image","twitter_misc":{"Written by":"sradovic","Est. reading time":"3 minutes"},"schema":{"@context":"https:\/\/schema.org","@graph":[{"@type":"WebPage","@id":"https:\/\/www.rijeka.hr\/it\/indetto-linvito-pubblico-per-lassunzione-di-assistenti-educativi-nelle-scuole-elementari-di-fiume-2\/","url":"https:\/\/www.rijeka.hr\/it\/indetto-linvito-pubblico-per-lassunzione-di-assistenti-educativi-nelle-scuole-elementari-di-fiume-2\/","name":"Indetto l\u2019invito pubblico per l\u2019assunzione di assistenti educativi nelle scuole elementari di Fiume - Citt\u00e0 di Fiume","isPartOf":{"@id":"https:\/\/www.rijeka.hr\/it\/#website"},"primaryImageOfPage":{"@id":"https:\/\/www.rijeka.hr\/it\/indetto-linvito-pubblico-per-lassunzione-di-assistenti-educativi-nelle-scuole-elementari-di-fiume-2\/#primaryimage"},"image":{"@id":"https:\/\/www.rijeka.hr\/it\/indetto-linvito-pubblico-per-lassunzione-di-assistenti-educativi-nelle-scuole-elementari-di-fiume-2\/#primaryimage"},"thumbnailUrl":"https:\/\/www.rijeka.hr\/it\/wp-content\/uploads\/sites\/3\/2023\/02\/Pomo\u0107nici-u-nastavi.jpg","datePublished":"2023-02-02T11:30:13+00:00","dateModified":"2023-02-03T11:42:14+00:00","author":{"@id":"https:\/\/www.rijeka.hr\/it\/#\/schema\/person\/f944eacc70b6a69bc142d9389862b37b"},"breadcrumb":{"@id":"https:\/\/www.rijeka.hr\/it\/indetto-linvito-pubblico-per-lassunzione-di-assistenti-educativi-nelle-scuole-elementari-di-fiume-2\/#breadcrumb"},"inLanguage":"it-IT","potentialAction":[{"@type":"ReadAction","target":["https:\/\/www.rijeka.hr\/it\/indetto-linvito-pubblico-per-lassunzione-di-assistenti-educativi-nelle-scuole-elementari-di-fiume-2\/"]}]},{"@type":"ImageObject","inLanguage":"it-IT","@id":"https:\/\/www.rijeka.hr\/it\/indetto-linvito-pubblico-per-lassunzione-di-assistenti-educativi-nelle-scuole-elementari-di-fiume-2\/#primaryimage","url":"https:\/\/www.rijeka.hr\/it\/wp-content\/uploads\/sites\/3\/2023\/02\/Pomo\u0107nici-u-nastavi.jpg","contentUrl":"https:\/\/www.rijeka.hr\/it\/wp-content\/uploads\/sites\/3\/2023\/02\/Pomo\u0107nici-u-nastavi.jpg","width":544,"height":350},{"@type":"BreadcrumbList","@id":"https:\/\/www.rijeka.hr\/it\/indetto-linvito-pubblico-per-lassunzione-di-assistenti-educativi-nelle-scuole-elementari-di-fiume-2\/#breadcrumb","itemListElement":[{"@type":"ListItem","position":1,"name":"Po\u010detna stranica","item":"https:\/\/www.rijeka.hr\/it\/"},{"@type":"ListItem","position":2,"name":"Indetto l\u2019invito pubblico per l\u2019assunzione di assistenti educativi nelle scuole elementari di Fiume"}]},{"@type":"WebSite","@id":"https:\/\/www.rijeka.hr\/it\/#website","url":"https:\/\/www.rijeka.hr\/it\/","name":"Citt\u00e0 di Fiume","description":"Portale web della Citta&#039; di Fiume","potentialAction":[{"@type":"SearchAction","target":{"@type":"EntryPoint","urlTemplate":"https:\/\/www.rijeka.hr\/it\/?s={search_term_string}"},"query-input":{"@type":"PropertyValueSpecification","valueRequired":true,"valueName":"search_term_string"}}],"inLanguage":"it-IT"},{"@type":"Person","@id":"https:\/\/www.rijeka.hr\/it\/#\/schema\/person\/f944eacc70b6a69bc142d9389862b37b","name":"sradovic","image":{"@type":"ImageObject","inLanguage":"it-IT","@id":"https:\/\/www.rijeka.hr\/it\/#\/schema\/person\/image\/","url":"https:\/\/secure.gravatar.com\/avatar\/d438b95983d528813c6fe2e5812a4188?s=96&d=mm&r=g","contentUrl":"https:\/\/secure.gravatar.com\/avatar\/d438b95983d528813c6fe2e5812a4188?s=96&d=mm&r=g","caption":"sradovic"},"url":"https:\/\/www.rijeka.hr\/it\/author\/sradovic\/"}]}},"_links":{"self":[{"href":"https:\/\/www.rijeka.hr\/it\/wp-json\/wp\/v2\/posts\/17521","targetHints":{"allow":["GET"]}}],"collection":[{"href":"https:\/\/www.rijeka.hr\/it\/wp-json\/wp\/v2\/posts"}],"about":[{"href":"https:\/\/www.rijeka.hr\/it\/wp-json\/wp\/v2\/types\/post"}],"author":[{"embeddable":true,"href":"https:\/\/www.rijeka.hr\/it\/wp-json\/wp\/v2\/users\/8"}],"replies":[{"embeddable":true,"href":"https:\/\/www.rijeka.hr\/it\/wp-json\/wp\/v2\/comments?post=17521"}],"version-history":[{"count":3,"href":"https:\/\/www.rijeka.hr\/it\/wp-json\/wp\/v2\/posts\/17521\/revisions"}],"predecessor-version":[{"id":17530,"href":"https:\/\/www.rijeka.hr\/it\/wp-json\/wp\/v2\/posts\/17521\/revisions\/17530"}],"wp:featuredmedia":[{"embeddable":true,"href":"https:\/\/www.rijeka.hr\/it\/wp-json\/wp\/v2\/media\/17525"}],"wp:attachment":[{"href":"https:\/\/www.rijeka.hr\/it\/wp-json\/wp\/v2\/media?parent=17521"}],"wp:term":[{"taxonomy":"category","embeddable":true,"href":"https:\/\/www.rijeka.hr\/it\/wp-json\/wp\/v2\/categories?post=17521"},{"taxonomy":"post_tag","embeddable":true,"href":"https:\/\/www.rijeka.hr\/it\/wp-json\/wp\/v2\/tags?post=17521"}],"curies":[{"name":"wp","href":"https:\/\/api.w.org\/{rel}","templated":true}]}}