{"id":17776,"date":"2023-02-21T12:43:34","date_gmt":"2023-02-21T11:43:34","guid":{"rendered":"https:\/\/www.rijeka.hr\/it\/?p=17776"},"modified":"2023-02-22T12:52:32","modified_gmt":"2023-02-22T11:52:32","slug":"notifiche-per-la-partecipazione-gratuita-alla-conferenza-finale-del-progetto-cekom-per-le-citta-intelligenti","status":"publish","type":"post","link":"https:\/\/www.rijeka.hr\/it\/notifiche-per-la-partecipazione-gratuita-alla-conferenza-finale-del-progetto-cekom-per-le-citta-intelligenti\/","title":{"rendered":"Notifiche per la partecipazione gratuita alla conferenza finale del progetto CEKOM per le citt\u00e0 intelligenti"},"content":{"rendered":"<p>Il progetto CEKOM per le citt\u00e0 intelligenti ha riunito 20 partner, di cui 17 aziende private\/pubbliche e tre istituzioni per la ricerca e la diffusione della conoscenza. Quasi 400 dipendenti hanno lavorato su 36 prodotti e servizi sviluppati attraverso 6 sottoprogetti.<\/p>\n<p>Il programma della conferenza sar\u00e0 suddiviso in adeguate unit\u00e0 tematiche dei sottoprogetti realizzati nell\u2019ambito del CEKOM per le citt\u00e0 intelligenti: Energy&amp;Environment, Connected Traffic, Surinmo, Modesty, Living e 4DII. In diversi formati, come tavole rotonde e presentazioni, i rappresentanti di queste unit\u00e0 tematiche discuteranno o presenteranno i loro sottoprogetti e i risultati e le conclusioni che hanno raggiunto attraverso l&#8217;attuazione delle attivit\u00e0 progettuali.<\/p>\n<p>La societ\u00e0 Smart RI, in qualit\u00e0 di capofila del progetto CEKOM per le citt\u00e0 intelligenti, vi invita a unirvi per celebrare il completamento con successo di questo progetto triennale. La partecipazione alla conferenza \u00e8 gratuita,<a href=\"https:\/\/docs.google.com\/forms\/d\/e\/1FAIpQLSfTKccgA8gcgzsgd_9bKGx3Rpdi5GrpFEtPbWW_0y8QGJap9g\/viewform\"> previa notifica obbligatoria tramite il link.<\/a><\/p>\n<p><img loading=\"lazy\" decoding=\"async\" width=\"1000\" height=\"377\" class=\"aligncenter wp-image-17529 size-full\" src=\"https:\/\/www.rijeka.hr\/it\/wp-content\/uploads\/sites\/3\/2023\/02\/Europski-socijalni-fond-1000x377-1.jpg\" alt=\"\" srcset=\"https:\/\/www.rijeka.hr\/it\/wp-content\/uploads\/sites\/3\/2023\/02\/Europski-socijalni-fond-1000x377-1.jpg 1000w, https:\/\/www.rijeka.hr\/it\/wp-content\/uploads\/sites\/3\/2023\/02\/Europski-socijalni-fond-1000x377-1-600x226.jpg 600w, https:\/\/www.rijeka.hr\/it\/wp-content\/uploads\/sites\/3\/2023\/02\/Europski-socijalni-fond-1000x377-1-768x290.jpg 768w\" sizes=\"(max-width: 1000px) 100vw, 1000px\" \/><\/p>\n","protected":false},"excerpt":{"rendered":"<p>Dopo tre anni di ricerca e sviluppo, i partner progettuali presenteranno i risultati raggiunti alla conferenza finale, che si terr\u00e0 luned\u00ec, 27 febbraio 2023, con inizio alle ore 10:00 presso il Centro di cultura croata di Su\u0161ak, alla quale tutte le parti interessate possono partecipare gratuitamente, previa notifica.<\/p>\n","protected":false},"author":8,"featured_media":17784,"comment_status":"open","ping_status":"open","sticky":false,"template":"","format":"standard","meta":{"_acf_changed":false,"_trash_the_other_posts":false,"footnotes":"","_links_to":"","_links_to_target":""},"categories":[976],"tags":[2270,2198,2271,2176],"class_list":["post-17776","post","type-post","status-publish","format-standard","has-post-thumbnail","hentry","category-articoli","tag-6-sottoprogetti","tag-conferenza-finale","tag-la-societa-smart-ri","tag-progetto-cekom-per-le-citta-intelligenti"],"acf":[],"yoast_head":"<!-- This site is optimized with the Yoast SEO plugin v24.4 - https:\/\/yoast.com\/wordpress\/plugins\/seo\/ -->\n<title>Notifiche per la partecipazione gratuita alla conferenza finale del progetto CEKOM per le citt\u00e0 intelligenti - Citt\u00e0 di Fiume<\/title>\n<meta name=\"robots\" content=\"index, follow, max-snippet:-1, max-image-preview:large, max-video-preview:-1\" \/>\n<link rel=\"canonical\" href=\"https:\/\/www.rijeka.hr\/it\/notifiche-per-la-partecipazione-gratuita-alla-conferenza-finale-del-progetto-cekom-per-le-citta-intelligenti\/\" \/>\n<meta property=\"og:locale\" content=\"it_IT\" \/>\n<meta property=\"og:type\" content=\"article\" \/>\n<meta property=\"og:title\" content=\"Notifiche per la partecipazione gratuita alla conferenza finale del progetto CEKOM per le citt\u00e0 intelligenti - Citt\u00e0 di Fiume\" \/>\n<meta property=\"og:description\" content=\"Dopo tre anni di ricerca e sviluppo, i partner progettuali presenteranno i risultati raggiunti alla conferenza finale, che si terr\u00e0 luned\u00ec, 27 febbraio 2023, con inizio alle ore 10:00 presso il Centro di cultura croata di Su\u0161ak, alla quale tutte le parti interessate possono partecipare gratuitamente, previa notifica.\" \/>\n<meta property=\"og:url\" content=\"https:\/\/www.rijeka.hr\/it\/notifiche-per-la-partecipazione-gratuita-alla-conferenza-finale-del-progetto-cekom-per-le-citta-intelligenti\/\" \/>\n<meta property=\"og:site_name\" content=\"Citt\u00e0 di Fiume\" \/>\n<meta property=\"article:published_time\" content=\"2023-02-21T11:43:34+00:00\" \/>\n<meta property=\"article:modified_time\" content=\"2023-02-22T11:52:32+00:00\" \/>\n<meta property=\"og:image\" content=\"https:\/\/www.rijeka.hr\/it\/wp-content\/uploads\/sites\/3\/2023\/02\/Zavr\u0161na-konferencija-EU-projekta-CEKOM-za-pametne-gradove-1000x376.jpg\" \/>\n\t<meta property=\"og:image:width\" content=\"1000\" \/>\n\t<meta property=\"og:image:height\" content=\"376\" \/>\n\t<meta property=\"og:image:type\" content=\"image\/jpeg\" \/>\n<meta name=\"author\" content=\"sradovic\" \/>\n<meta name=\"twitter:card\" content=\"summary_large_image\" \/>\n<meta name=\"twitter:label1\" content=\"Written by\" \/>\n\t<meta name=\"twitter:data1\" content=\"sradovic\" \/>\n\t<meta name=\"twitter:label2\" content=\"Est. reading time\" \/>\n\t<meta name=\"twitter:data2\" content=\"1 minute\" \/>\n<script type=\"application\/ld+json\" class=\"yoast-schema-graph\">{\"@context\":\"https:\/\/schema.org\",\"@graph\":[{\"@type\":\"WebPage\",\"@id\":\"https:\/\/www.rijeka.hr\/it\/notifiche-per-la-partecipazione-gratuita-alla-conferenza-finale-del-progetto-cekom-per-le-citta-intelligenti\/\",\"url\":\"https:\/\/www.rijeka.hr\/it\/notifiche-per-la-partecipazione-gratuita-alla-conferenza-finale-del-progetto-cekom-per-le-citta-intelligenti\/\",\"name\":\"Notifiche per la partecipazione gratuita alla conferenza finale del progetto CEKOM per le citt\u00e0 intelligenti - Citt\u00e0 di Fiume\",\"isPartOf\":{\"@id\":\"https:\/\/www.rijeka.hr\/it\/#website\"},\"primaryImageOfPage\":{\"@id\":\"https:\/\/www.rijeka.hr\/it\/notifiche-per-la-partecipazione-gratuita-alla-conferenza-finale-del-progetto-cekom-per-le-citta-intelligenti\/#primaryimage\"},\"image\":{\"@id\":\"https:\/\/www.rijeka.hr\/it\/notifiche-per-la-partecipazione-gratuita-alla-conferenza-finale-del-progetto-cekom-per-le-citta-intelligenti\/#primaryimage\"},\"thumbnailUrl\":\"https:\/\/www.rijeka.hr\/it\/wp-content\/uploads\/sites\/3\/2023\/02\/Zavr\u0161na-konferencija-EU-projekta-CEKOM-za-pametne-gradove-1000x376.jpg\",\"datePublished\":\"2023-02-21T11:43:34+00:00\",\"dateModified\":\"2023-02-22T11:52:32+00:00\",\"author\":{\"@id\":\"https:\/\/www.rijeka.hr\/it\/#\/schema\/person\/f944eacc70b6a69bc142d9389862b37b\"},\"breadcrumb\":{\"@id\":\"https:\/\/www.rijeka.hr\/it\/notifiche-per-la-partecipazione-gratuita-alla-conferenza-finale-del-progetto-cekom-per-le-citta-intelligenti\/#breadcrumb\"},\"inLanguage\":\"it-IT\",\"potentialAction\":[{\"@type\":\"ReadAction\",\"target\":[\"https:\/\/www.rijeka.hr\/it\/notifiche-per-la-partecipazione-gratuita-alla-conferenza-finale-del-progetto-cekom-per-le-citta-intelligenti\/\"]}]},{\"@type\":\"ImageObject\",\"inLanguage\":\"it-IT\",\"@id\":\"https:\/\/www.rijeka.hr\/it\/notifiche-per-la-partecipazione-gratuita-alla-conferenza-finale-del-progetto-cekom-per-le-citta-intelligenti\/#primaryimage\",\"url\":\"https:\/\/www.rijeka.hr\/it\/wp-content\/uploads\/sites\/3\/2023\/02\/Zavr\u0161na-konferencija-EU-projekta-CEKOM-za-pametne-gradove-1000x376.jpg\",\"contentUrl\":\"https:\/\/www.rijeka.hr\/it\/wp-content\/uploads\/sites\/3\/2023\/02\/Zavr\u0161na-konferencija-EU-projekta-CEKOM-za-pametne-gradove-1000x376.jpg\",\"width\":1000,\"height\":376},{\"@type\":\"BreadcrumbList\",\"@id\":\"https:\/\/www.rijeka.hr\/it\/notifiche-per-la-partecipazione-gratuita-alla-conferenza-finale-del-progetto-cekom-per-le-citta-intelligenti\/#breadcrumb\",\"itemListElement\":[{\"@type\":\"ListItem\",\"position\":1,\"name\":\"Po\u010detna stranica\",\"item\":\"https:\/\/www.rijeka.hr\/it\/\"},{\"@type\":\"ListItem\",\"position\":2,\"name\":\"Notifiche per la partecipazione gratuita alla conferenza finale del progetto CEKOM per le citt\u00e0 intelligenti\"}]},{\"@type\":\"WebSite\",\"@id\":\"https:\/\/www.rijeka.hr\/it\/#website\",\"url\":\"https:\/\/www.rijeka.hr\/it\/\",\"name\":\"Citt\u00e0 di Fiume\",\"description\":\"Portale web della Citta&#039; di Fiume\",\"potentialAction\":[{\"@type\":\"SearchAction\",\"target\":{\"@type\":\"EntryPoint\",\"urlTemplate\":\"https:\/\/www.rijeka.hr\/it\/?s={search_term_string}\"},\"query-input\":{\"@type\":\"PropertyValueSpecification\",\"valueRequired\":true,\"valueName\":\"search_term_string\"}}],\"inLanguage\":\"it-IT\"},{\"@type\":\"Person\",\"@id\":\"https:\/\/www.rijeka.hr\/it\/#\/schema\/person\/f944eacc70b6a69bc142d9389862b37b\",\"name\":\"sradovic\",\"image\":{\"@type\":\"ImageObject\",\"inLanguage\":\"it-IT\",\"@id\":\"https:\/\/www.rijeka.hr\/it\/#\/schema\/person\/image\/\",\"url\":\"https:\/\/secure.gravatar.com\/avatar\/d438b95983d528813c6fe2e5812a4188?s=96&d=mm&r=g\",\"contentUrl\":\"https:\/\/secure.gravatar.com\/avatar\/d438b95983d528813c6fe2e5812a4188?s=96&d=mm&r=g\",\"caption\":\"sradovic\"},\"url\":\"https:\/\/www.rijeka.hr\/it\/author\/sradovic\/\"}]}<\/script>\n<!-- \/ Yoast SEO plugin. -->","yoast_head_json":{"title":"Notifiche per la partecipazione gratuita alla conferenza finale del progetto CEKOM per le citt\u00e0 intelligenti - Citt\u00e0 di Fiume","robots":{"index":"index","follow":"follow","max-snippet":"max-snippet:-1","max-image-preview":"max-image-preview:large","max-video-preview":"max-video-preview:-1"},"canonical":"https:\/\/www.rijeka.hr\/it\/notifiche-per-la-partecipazione-gratuita-alla-conferenza-finale-del-progetto-cekom-per-le-citta-intelligenti\/","og_locale":"it_IT","og_type":"article","og_title":"Notifiche per la partecipazione gratuita alla conferenza finale del progetto CEKOM per le citt\u00e0 intelligenti - Citt\u00e0 di Fiume","og_description":"Dopo tre anni di ricerca e sviluppo, i partner progettuali presenteranno i risultati raggiunti alla conferenza finale, che si terr\u00e0 luned\u00ec, 27 febbraio 2023, con inizio alle ore 10:00 presso il Centro di cultura croata di Su\u0161ak, alla quale tutte le parti interessate possono partecipare gratuitamente, previa notifica.","og_url":"https:\/\/www.rijeka.hr\/it\/notifiche-per-la-partecipazione-gratuita-alla-conferenza-finale-del-progetto-cekom-per-le-citta-intelligenti\/","og_site_name":"Citt\u00e0 di Fiume","article_published_time":"2023-02-21T11:43:34+00:00","article_modified_time":"2023-02-22T11:52:32+00:00","og_image":[{"width":1000,"height":376,"url":"https:\/\/www.rijeka.hr\/it\/wp-content\/uploads\/sites\/3\/2023\/02\/Zavr\u0161na-konferencija-EU-projekta-CEKOM-za-pametne-gradove-1000x376.jpg","type":"image\/jpeg"}],"author":"sradovic","twitter_card":"summary_large_image","twitter_misc":{"Written by":"sradovic","Est. reading time":"1 minute"},"schema":{"@context":"https:\/\/schema.org","@graph":[{"@type":"WebPage","@id":"https:\/\/www.rijeka.hr\/it\/notifiche-per-la-partecipazione-gratuita-alla-conferenza-finale-del-progetto-cekom-per-le-citta-intelligenti\/","url":"https:\/\/www.rijeka.hr\/it\/notifiche-per-la-partecipazione-gratuita-alla-conferenza-finale-del-progetto-cekom-per-le-citta-intelligenti\/","name":"Notifiche per la partecipazione gratuita alla conferenza finale del progetto CEKOM per le citt\u00e0 intelligenti - Citt\u00e0 di Fiume","isPartOf":{"@id":"https:\/\/www.rijeka.hr\/it\/#website"},"primaryImageOfPage":{"@id":"https:\/\/www.rijeka.hr\/it\/notifiche-per-la-partecipazione-gratuita-alla-conferenza-finale-del-progetto-cekom-per-le-citta-intelligenti\/#primaryimage"},"image":{"@id":"https:\/\/www.rijeka.hr\/it\/notifiche-per-la-partecipazione-gratuita-alla-conferenza-finale-del-progetto-cekom-per-le-citta-intelligenti\/#primaryimage"},"thumbnailUrl":"https:\/\/www.rijeka.hr\/it\/wp-content\/uploads\/sites\/3\/2023\/02\/Zavr\u0161na-konferencija-EU-projekta-CEKOM-za-pametne-gradove-1000x376.jpg","datePublished":"2023-02-21T11:43:34+00:00","dateModified":"2023-02-22T11:52:32+00:00","author":{"@id":"https:\/\/www.rijeka.hr\/it\/#\/schema\/person\/f944eacc70b6a69bc142d9389862b37b"},"breadcrumb":{"@id":"https:\/\/www.rijeka.hr\/it\/notifiche-per-la-partecipazione-gratuita-alla-conferenza-finale-del-progetto-cekom-per-le-citta-intelligenti\/#breadcrumb"},"inLanguage":"it-IT","potentialAction":[{"@type":"ReadAction","target":["https:\/\/www.rijeka.hr\/it\/notifiche-per-la-partecipazione-gratuita-alla-conferenza-finale-del-progetto-cekom-per-le-citta-intelligenti\/"]}]},{"@type":"ImageObject","inLanguage":"it-IT","@id":"https:\/\/www.rijeka.hr\/it\/notifiche-per-la-partecipazione-gratuita-alla-conferenza-finale-del-progetto-cekom-per-le-citta-intelligenti\/#primaryimage","url":"https:\/\/www.rijeka.hr\/it\/wp-content\/uploads\/sites\/3\/2023\/02\/Zavr\u0161na-konferencija-EU-projekta-CEKOM-za-pametne-gradove-1000x376.jpg","contentUrl":"https:\/\/www.rijeka.hr\/it\/wp-content\/uploads\/sites\/3\/2023\/02\/Zavr\u0161na-konferencija-EU-projekta-CEKOM-za-pametne-gradove-1000x376.jpg","width":1000,"height":376},{"@type":"BreadcrumbList","@id":"https:\/\/www.rijeka.hr\/it\/notifiche-per-la-partecipazione-gratuita-alla-conferenza-finale-del-progetto-cekom-per-le-citta-intelligenti\/#breadcrumb","itemListElement":[{"@type":"ListItem","position":1,"name":"Po\u010detna stranica","item":"https:\/\/www.rijeka.hr\/it\/"},{"@type":"ListItem","position":2,"name":"Notifiche per la partecipazione gratuita alla conferenza finale del progetto CEKOM per le citt\u00e0 intelligenti"}]},{"@type":"WebSite","@id":"https:\/\/www.rijeka.hr\/it\/#website","url":"https:\/\/www.rijeka.hr\/it\/","name":"Citt\u00e0 di Fiume","description":"Portale web della Citta&#039; di Fiume","potentialAction":[{"@type":"SearchAction","target":{"@type":"EntryPoint","urlTemplate":"https:\/\/www.rijeka.hr\/it\/?s={search_term_string}"},"query-input":{"@type":"PropertyValueSpecification","valueRequired":true,"valueName":"search_term_string"}}],"inLanguage":"it-IT"},{"@type":"Person","@id":"https:\/\/www.rijeka.hr\/it\/#\/schema\/person\/f944eacc70b6a69bc142d9389862b37b","name":"sradovic","image":{"@type":"ImageObject","inLanguage":"it-IT","@id":"https:\/\/www.rijeka.hr\/it\/#\/schema\/person\/image\/","url":"https:\/\/secure.gravatar.com\/avatar\/d438b95983d528813c6fe2e5812a4188?s=96&d=mm&r=g","contentUrl":"https:\/\/secure.gravatar.com\/avatar\/d438b95983d528813c6fe2e5812a4188?s=96&d=mm&r=g","caption":"sradovic"},"url":"https:\/\/www.rijeka.hr\/it\/author\/sradovic\/"}]}},"_links":{"self":[{"href":"https:\/\/www.rijeka.hr\/it\/wp-json\/wp\/v2\/posts\/17776","targetHints":{"allow":["GET"]}}],"collection":[{"href":"https:\/\/www.rijeka.hr\/it\/wp-json\/wp\/v2\/posts"}],"about":[{"href":"https:\/\/www.rijeka.hr\/it\/wp-json\/wp\/v2\/types\/post"}],"author":[{"embeddable":true,"href":"https:\/\/www.rijeka.hr\/it\/wp-json\/wp\/v2\/users\/8"}],"replies":[{"embeddable":true,"href":"https:\/\/www.rijeka.hr\/it\/wp-json\/wp\/v2\/comments?post=17776"}],"version-history":[{"count":4,"href":"https:\/\/www.rijeka.hr\/it\/wp-json\/wp\/v2\/posts\/17776\/revisions"}],"predecessor-version":[{"id":17785,"href":"https:\/\/www.rijeka.hr\/it\/wp-json\/wp\/v2\/posts\/17776\/revisions\/17785"}],"wp:featuredmedia":[{"embeddable":true,"href":"https:\/\/www.rijeka.hr\/it\/wp-json\/wp\/v2\/media\/17784"}],"wp:attachment":[{"href":"https:\/\/www.rijeka.hr\/it\/wp-json\/wp\/v2\/media?parent=17776"}],"wp:term":[{"taxonomy":"category","embeddable":true,"href":"https:\/\/www.rijeka.hr\/it\/wp-json\/wp\/v2\/categories?post=17776"},{"taxonomy":"post_tag","embeddable":true,"href":"https:\/\/www.rijeka.hr\/it\/wp-json\/wp\/v2\/tags?post=17776"}],"curies":[{"name":"wp","href":"https:\/\/api.w.org\/{rel}","templated":true}]}}