{"id":17823,"date":"2023-02-25T11:34:44","date_gmt":"2023-02-25T10:34:44","guid":{"rendered":"https:\/\/www.rijeka.hr\/it\/?p=17823"},"modified":"2023-02-27T11:38:38","modified_gmt":"2023-02-27T10:38:38","slug":"esposizione-internazionale-canina-cacib-2023","status":"publish","type":"post","link":"https:\/\/www.rijeka.hr\/it\/esposizione-internazionale-canina-cacib-2023\/","title":{"rendered":"Esposizione internazionale canina CACIB 2023"},"content":{"rendered":"<p>In due giornate espositive sono stati presentati oltre 1.700 cani, 184 razze diverse, provenienti da ben 24 paesi del mondo. I cani sono stati giudicati da eminenti giudici internazionali e ai visitatori \u00e8 stata offerta l&#8217;opportunit\u00e0 di vedere alcune delle razze rare. Questa mostra a Fiume apre la stagione espositiva canina nel 2023.<\/p>\n<p>Il sindaco di Fiume, Marko Filipovi\u0107, ha dato il benvenuto ai partecipanti all\u2019esposizione, augurando loro buona fortuna in gara.<\/p>\n<div id='gallery-1' class='gallery galleryid-17823 gallery-columns-3 gallery-size-thumbnail'><dl class='gallery-item'>\n            <dt class='gallery-icon landscape'>\n                <a href='https:\/\/www.rijeka.hr\/it\/wp-content\/uploads\/sites\/3\/2023\/02\/Me\u0111unarodna-izlo\u017eba-pasa-CACIB-2023-11-250x250.jpg' title=\"\" data-rl_title=\"\" class=\"rl-gallery-link\" data-rl_caption=\"\" data-rel=\"lightbox-gallery-1\"><img loading=\"lazy\" decoding=\"async\" width=\"250\" height=\"250\" src=\"https:\/\/www.rijeka.hr\/it\/wp-content\/uploads\/sites\/3\/2023\/02\/Me\u0111unarodna-izlo\u017eba-pasa-CACIB-2023-11-250x250.jpg\" class=\"attachment-thumbnail size-thumbnail\" alt=\"\" srcset=\"https:\/\/www.rijeka.hr\/it\/wp-content\/uploads\/sites\/3\/2023\/02\/Me\u0111unarodna-izlo\u017eba-pasa-CACIB-2023-11-250x250.jpg 250w, https:\/\/www.rijeka.hr\/it\/wp-content\/uploads\/sites\/3\/2023\/02\/Me\u0111unarodna-izlo\u017eba-pasa-CACIB-2023-11-250x250-200x200.jpg 200w\" sizes=\"(max-width: 250px) 100vw, 250px\" \/><\/a>\n            <\/dt><\/dl><dl class='gallery-item'>\n            <dt class='gallery-icon landscape'>\n                <a href='https:\/\/www.rijeka.hr\/it\/wp-content\/uploads\/sites\/3\/2023\/02\/Me\u0111unarodna-izlo\u017eba-pasa-CACIB-2023-4-250x250.jpg' title=\"\" data-rl_title=\"\" class=\"rl-gallery-link\" data-rl_caption=\"\" data-rel=\"lightbox-gallery-1\"><img loading=\"lazy\" decoding=\"async\" width=\"250\" height=\"250\" src=\"https:\/\/www.rijeka.hr\/it\/wp-content\/uploads\/sites\/3\/2023\/02\/Me\u0111unarodna-izlo\u017eba-pasa-CACIB-2023-4-250x250.jpg\" class=\"attachment-thumbnail size-thumbnail\" alt=\"\" srcset=\"https:\/\/www.rijeka.hr\/it\/wp-content\/uploads\/sites\/3\/2023\/02\/Me\u0111unarodna-izlo\u017eba-pasa-CACIB-2023-4-250x250.jpg 250w, https:\/\/www.rijeka.hr\/it\/wp-content\/uploads\/sites\/3\/2023\/02\/Me\u0111unarodna-izlo\u017eba-pasa-CACIB-2023-4-250x250-200x200.jpg 200w\" sizes=\"(max-width: 250px) 100vw, 250px\" \/><\/a>\n            <\/dt><\/dl><dl class='gallery-item'>\n            <dt class='gallery-icon landscape'>\n                <a href='https:\/\/www.rijeka.hr\/it\/wp-content\/uploads\/sites\/3\/2023\/02\/Me\u0111unarodna-izlo\u017eba-pasa-CACIB-2023-7-250x250.jpg' title=\"\" data-rl_title=\"\" class=\"rl-gallery-link\" data-rl_caption=\"\" data-rel=\"lightbox-gallery-1\"><img loading=\"lazy\" decoding=\"async\" width=\"250\" height=\"250\" src=\"https:\/\/www.rijeka.hr\/it\/wp-content\/uploads\/sites\/3\/2023\/02\/Me\u0111unarodna-izlo\u017eba-pasa-CACIB-2023-7-250x250.jpg\" class=\"attachment-thumbnail size-thumbnail\" alt=\"\" srcset=\"https:\/\/www.rijeka.hr\/it\/wp-content\/uploads\/sites\/3\/2023\/02\/Me\u0111unarodna-izlo\u017eba-pasa-CACIB-2023-7-250x250.jpg 250w, https:\/\/www.rijeka.hr\/it\/wp-content\/uploads\/sites\/3\/2023\/02\/Me\u0111unarodna-izlo\u017eba-pasa-CACIB-2023-7-250x250-200x200.jpg 200w\" sizes=\"(max-width: 250px) 100vw, 250px\" \/><\/a>\n            <\/dt><\/dl><br style=\"clear: both\" \/>\n        <\/div>\n\n<p>&#8220;Tali eventi sono un&#8217;opportunit\u00e0 eccezionale per aumentare la sensibilizzazione sul benessere del cane e migliorare la qualit\u00e0 della vita con i cani, nonch\u00e9 un&#8217;opportunit\u00e0 per i proprietari e i loro cani di socializzare. Tuttavia, questa \u00e8 una competizione, quindi vinca il migliore&#8221;, ha affermato Filipovi\u0107.<\/p>\n<p>Il sindaco ha anche elogiato gli sforzi a lungo termine del Club per destinare parte dei fondi generati dalle esibizioni a scopi umanitari, che invia un messaggio al pubblico sull&#8217;importanza di fornire cure e aiuto agli animali abbandonati, che, purtroppo, non sono stati abbastanza fortunati per provare cosa vuol dire avere l&#8217;amore dei loro proprietari e una casa calda.<\/p>\n<div id='gallery-2' class='gallery galleryid-17823 gallery-columns-3 gallery-size-thumbnail'><dl class='gallery-item'>\n            <dt class='gallery-icon landscape'>\n                <a href='https:\/\/www.rijeka.hr\/it\/wp-content\/uploads\/sites\/3\/2023\/02\/Me\u0111unarodna-izlo\u017eba-pasa-CACIB-2023-29-250x250.jpg' title=\"\" data-rl_title=\"\" class=\"rl-gallery-link\" data-rl_caption=\"\" data-rel=\"lightbox-gallery-2\"><img loading=\"lazy\" decoding=\"async\" width=\"250\" height=\"250\" src=\"https:\/\/www.rijeka.hr\/it\/wp-content\/uploads\/sites\/3\/2023\/02\/Me\u0111unarodna-izlo\u017eba-pasa-CACIB-2023-29-250x250.jpg\" class=\"attachment-thumbnail size-thumbnail\" alt=\"\" srcset=\"https:\/\/www.rijeka.hr\/it\/wp-content\/uploads\/sites\/3\/2023\/02\/Me\u0111unarodna-izlo\u017eba-pasa-CACIB-2023-29-250x250.jpg 250w, https:\/\/www.rijeka.hr\/it\/wp-content\/uploads\/sites\/3\/2023\/02\/Me\u0111unarodna-izlo\u017eba-pasa-CACIB-2023-29-250x250-200x200.jpg 200w\" sizes=\"(max-width: 250px) 100vw, 250px\" \/><\/a>\n            <\/dt><\/dl><dl class='gallery-item'>\n            <dt class='gallery-icon landscape'>\n                <a href='https:\/\/www.rijeka.hr\/it\/wp-content\/uploads\/sites\/3\/2023\/02\/Me\u0111unarodna-izlo\u017eba-pasa-CACIB-2023-25-250x250.jpg' title=\"\" data-rl_title=\"\" class=\"rl-gallery-link\" data-rl_caption=\"\" data-rel=\"lightbox-gallery-2\"><img loading=\"lazy\" decoding=\"async\" width=\"250\" height=\"250\" src=\"https:\/\/www.rijeka.hr\/it\/wp-content\/uploads\/sites\/3\/2023\/02\/Me\u0111unarodna-izlo\u017eba-pasa-CACIB-2023-25-250x250.jpg\" class=\"attachment-thumbnail size-thumbnail\" alt=\"\" srcset=\"https:\/\/www.rijeka.hr\/it\/wp-content\/uploads\/sites\/3\/2023\/02\/Me\u0111unarodna-izlo\u017eba-pasa-CACIB-2023-25-250x250.jpg 250w, https:\/\/www.rijeka.hr\/it\/wp-content\/uploads\/sites\/3\/2023\/02\/Me\u0111unarodna-izlo\u017eba-pasa-CACIB-2023-25-250x250-200x200.jpg 200w\" sizes=\"(max-width: 250px) 100vw, 250px\" \/><\/a>\n            <\/dt><\/dl><dl class='gallery-item'>\n            <dt class='gallery-icon landscape'>\n                <a href='https:\/\/www.rijeka.hr\/it\/wp-content\/uploads\/sites\/3\/2023\/02\/Me\u0111unarodna-izlo\u017eba-pasa-CACIB-2023-15-250x250.jpg' title=\"\" data-rl_title=\"\" class=\"rl-gallery-link\" data-rl_caption=\"\" data-rel=\"lightbox-gallery-2\"><img loading=\"lazy\" decoding=\"async\" width=\"250\" height=\"250\" src=\"https:\/\/www.rijeka.hr\/it\/wp-content\/uploads\/sites\/3\/2023\/02\/Me\u0111unarodna-izlo\u017eba-pasa-CACIB-2023-15-250x250.jpg\" class=\"attachment-thumbnail size-thumbnail\" alt=\"\" srcset=\"https:\/\/www.rijeka.hr\/it\/wp-content\/uploads\/sites\/3\/2023\/02\/Me\u0111unarodna-izlo\u017eba-pasa-CACIB-2023-15-250x250.jpg 250w, https:\/\/www.rijeka.hr\/it\/wp-content\/uploads\/sites\/3\/2023\/02\/Me\u0111unarodna-izlo\u017eba-pasa-CACIB-2023-15-250x250-200x200.jpg 200w\" sizes=\"(max-width: 250px) 100vw, 250px\" \/><\/a>\n            <\/dt><\/dl><br style=\"clear: both\" \/>\n        <\/div>\n\n<p>La mostra \u00e8 stata organizzata sotto gli auspici della Citt\u00e0 di Fiume.<\/p>\n","protected":false},"excerpt":{"rendered":"<p>L\u2019esposizione internazionale canina CACIB 2023 \u00e8 stata organizzata dal Club Cinofilo Sportivo Fiume nei locali dell\u2019Export il 25 e 26 febbraio.<\/p>\n","protected":false},"author":89,"featured_media":17826,"comment_status":"open","ping_status":"open","sticky":false,"template":"","format":"standard","meta":{"_acf_changed":false,"_trash_the_other_posts":false,"footnotes":"","_links_to":"","_links_to_target":""},"categories":[976],"tags":[2282,2281],"class_list":["post-17823","post","type-post","status-publish","format-standard","has-post-thumbnail","hentry","category-articoli","tag-club-cinofilo-sportivo-fium","tag-esposizione-internazionale-canina-cacib-2023"],"acf":[],"yoast_head":"<!-- This site is optimized with the Yoast SEO plugin v24.4 - https:\/\/yoast.com\/wordpress\/plugins\/seo\/ -->\n<title>Esposizione internazionale canina CACIB 2023 - Citt\u00e0 di Fiume<\/title>\n<meta name=\"robots\" content=\"index, follow, max-snippet:-1, max-image-preview:large, max-video-preview:-1\" \/>\n<link rel=\"canonical\" href=\"https:\/\/www.rijeka.hr\/it\/esposizione-internazionale-canina-cacib-2023\/\" \/>\n<meta property=\"og:locale\" content=\"it_IT\" \/>\n<meta property=\"og:type\" content=\"article\" \/>\n<meta property=\"og:title\" content=\"Esposizione internazionale canina CACIB 2023 - Citt\u00e0 di Fiume\" \/>\n<meta property=\"og:description\" content=\"L\u2019esposizione internazionale canina CACIB 2023 \u00e8 stata organizzata dal Club Cinofilo Sportivo Fiume nei locali dell\u2019Export il 25 e 26 febbraio.\" \/>\n<meta property=\"og:url\" content=\"https:\/\/www.rijeka.hr\/it\/esposizione-internazionale-canina-cacib-2023\/\" \/>\n<meta property=\"og:site_name\" content=\"Citt\u00e0 di Fiume\" \/>\n<meta property=\"article:published_time\" content=\"2023-02-25T10:34:44+00:00\" \/>\n<meta property=\"article:modified_time\" content=\"2023-02-27T10:38:38+00:00\" \/>\n<meta property=\"og:image\" content=\"https:\/\/www.rijeka.hr\/it\/wp-content\/uploads\/sites\/3\/2023\/02\/Me\u0111unarodna-izlo\u017eba-pasa-CACIB-2023-24-900x600.jpg\" \/>\n\t<meta property=\"og:image:width\" content=\"900\" \/>\n\t<meta property=\"og:image:height\" content=\"600\" \/>\n\t<meta property=\"og:image:type\" content=\"image\/jpeg\" \/>\n<meta name=\"author\" content=\"mbembic\" \/>\n<meta name=\"twitter:card\" content=\"summary_large_image\" \/>\n<meta name=\"twitter:label1\" content=\"Written by\" \/>\n\t<meta name=\"twitter:data1\" content=\"mbembic\" \/>\n\t<meta name=\"twitter:label2\" content=\"Est. reading time\" \/>\n\t<meta name=\"twitter:data2\" content=\"1 minute\" \/>\n<script type=\"application\/ld+json\" class=\"yoast-schema-graph\">{\"@context\":\"https:\/\/schema.org\",\"@graph\":[{\"@type\":\"WebPage\",\"@id\":\"https:\/\/www.rijeka.hr\/it\/esposizione-internazionale-canina-cacib-2023\/\",\"url\":\"https:\/\/www.rijeka.hr\/it\/esposizione-internazionale-canina-cacib-2023\/\",\"name\":\"Esposizione internazionale canina CACIB 2023 - Citt\u00e0 di Fiume\",\"isPartOf\":{\"@id\":\"https:\/\/www.rijeka.hr\/it\/#website\"},\"primaryImageOfPage\":{\"@id\":\"https:\/\/www.rijeka.hr\/it\/esposizione-internazionale-canina-cacib-2023\/#primaryimage\"},\"image\":{\"@id\":\"https:\/\/www.rijeka.hr\/it\/esposizione-internazionale-canina-cacib-2023\/#primaryimage\"},\"thumbnailUrl\":\"https:\/\/www.rijeka.hr\/it\/wp-content\/uploads\/sites\/3\/2023\/02\/Me\u0111unarodna-izlo\u017eba-pasa-CACIB-2023-24-900x600.jpg\",\"datePublished\":\"2023-02-25T10:34:44+00:00\",\"dateModified\":\"2023-02-27T10:38:38+00:00\",\"author\":{\"@id\":\"https:\/\/www.rijeka.hr\/it\/#\/schema\/person\/c6f2fe4ba52af1df0e9a2b0a22d63cc0\"},\"breadcrumb\":{\"@id\":\"https:\/\/www.rijeka.hr\/it\/esposizione-internazionale-canina-cacib-2023\/#breadcrumb\"},\"inLanguage\":\"it-IT\",\"potentialAction\":[{\"@type\":\"ReadAction\",\"target\":[\"https:\/\/www.rijeka.hr\/it\/esposizione-internazionale-canina-cacib-2023\/\"]}]},{\"@type\":\"ImageObject\",\"inLanguage\":\"it-IT\",\"@id\":\"https:\/\/www.rijeka.hr\/it\/esposizione-internazionale-canina-cacib-2023\/#primaryimage\",\"url\":\"https:\/\/www.rijeka.hr\/it\/wp-content\/uploads\/sites\/3\/2023\/02\/Me\u0111unarodna-izlo\u017eba-pasa-CACIB-2023-24-900x600.jpg\",\"contentUrl\":\"https:\/\/www.rijeka.hr\/it\/wp-content\/uploads\/sites\/3\/2023\/02\/Me\u0111unarodna-izlo\u017eba-pasa-CACIB-2023-24-900x600.jpg\",\"width\":900,\"height\":600},{\"@type\":\"BreadcrumbList\",\"@id\":\"https:\/\/www.rijeka.hr\/it\/esposizione-internazionale-canina-cacib-2023\/#breadcrumb\",\"itemListElement\":[{\"@type\":\"ListItem\",\"position\":1,\"name\":\"Po\u010detna stranica\",\"item\":\"https:\/\/www.rijeka.hr\/it\/\"},{\"@type\":\"ListItem\",\"position\":2,\"name\":\"Esposizione internazionale canina CACIB 2023\"}]},{\"@type\":\"WebSite\",\"@id\":\"https:\/\/www.rijeka.hr\/it\/#website\",\"url\":\"https:\/\/www.rijeka.hr\/it\/\",\"name\":\"Citt\u00e0 di Fiume\",\"description\":\"Portale web della Citta&#039; di Fiume\",\"potentialAction\":[{\"@type\":\"SearchAction\",\"target\":{\"@type\":\"EntryPoint\",\"urlTemplate\":\"https:\/\/www.rijeka.hr\/it\/?s={search_term_string}\"},\"query-input\":{\"@type\":\"PropertyValueSpecification\",\"valueRequired\":true,\"valueName\":\"search_term_string\"}}],\"inLanguage\":\"it-IT\"},{\"@type\":\"Person\",\"@id\":\"https:\/\/www.rijeka.hr\/it\/#\/schema\/person\/c6f2fe4ba52af1df0e9a2b0a22d63cc0\",\"name\":\"mbembic\",\"image\":{\"@type\":\"ImageObject\",\"inLanguage\":\"it-IT\",\"@id\":\"https:\/\/www.rijeka.hr\/it\/#\/schema\/person\/image\/\",\"url\":\"https:\/\/secure.gravatar.com\/avatar\/3ce3ce6ed89053defb3e592d3a5f1f9f?s=96&d=mm&r=g\",\"contentUrl\":\"https:\/\/secure.gravatar.com\/avatar\/3ce3ce6ed89053defb3e592d3a5f1f9f?s=96&d=mm&r=g\",\"caption\":\"mbembic\"},\"sameAs\":[\"https:\/\/www.rijeka.hr\/\"],\"url\":\"https:\/\/www.rijeka.hr\/it\/author\/mbembic\/\"}]}<\/script>\n<!-- \/ Yoast SEO plugin. -->","yoast_head_json":{"title":"Esposizione internazionale canina CACIB 2023 - Citt\u00e0 di Fiume","robots":{"index":"index","follow":"follow","max-snippet":"max-snippet:-1","max-image-preview":"max-image-preview:large","max-video-preview":"max-video-preview:-1"},"canonical":"https:\/\/www.rijeka.hr\/it\/esposizione-internazionale-canina-cacib-2023\/","og_locale":"it_IT","og_type":"article","og_title":"Esposizione internazionale canina CACIB 2023 - Citt\u00e0 di Fiume","og_description":"L\u2019esposizione internazionale canina CACIB 2023 \u00e8 stata organizzata dal Club Cinofilo Sportivo Fiume nei locali dell\u2019Export il 25 e 26 febbraio.","og_url":"https:\/\/www.rijeka.hr\/it\/esposizione-internazionale-canina-cacib-2023\/","og_site_name":"Citt\u00e0 di Fiume","article_published_time":"2023-02-25T10:34:44+00:00","article_modified_time":"2023-02-27T10:38:38+00:00","og_image":[{"width":900,"height":600,"url":"https:\/\/www.rijeka.hr\/it\/wp-content\/uploads\/sites\/3\/2023\/02\/Me\u0111unarodna-izlo\u017eba-pasa-CACIB-2023-24-900x600.jpg","type":"image\/jpeg"}],"author":"mbembic","twitter_card":"summary_large_image","twitter_misc":{"Written by":"mbembic","Est. reading time":"1 minute"},"schema":{"@context":"https:\/\/schema.org","@graph":[{"@type":"WebPage","@id":"https:\/\/www.rijeka.hr\/it\/esposizione-internazionale-canina-cacib-2023\/","url":"https:\/\/www.rijeka.hr\/it\/esposizione-internazionale-canina-cacib-2023\/","name":"Esposizione internazionale canina CACIB 2023 - Citt\u00e0 di Fiume","isPartOf":{"@id":"https:\/\/www.rijeka.hr\/it\/#website"},"primaryImageOfPage":{"@id":"https:\/\/www.rijeka.hr\/it\/esposizione-internazionale-canina-cacib-2023\/#primaryimage"},"image":{"@id":"https:\/\/www.rijeka.hr\/it\/esposizione-internazionale-canina-cacib-2023\/#primaryimage"},"thumbnailUrl":"https:\/\/www.rijeka.hr\/it\/wp-content\/uploads\/sites\/3\/2023\/02\/Me\u0111unarodna-izlo\u017eba-pasa-CACIB-2023-24-900x600.jpg","datePublished":"2023-02-25T10:34:44+00:00","dateModified":"2023-02-27T10:38:38+00:00","author":{"@id":"https:\/\/www.rijeka.hr\/it\/#\/schema\/person\/c6f2fe4ba52af1df0e9a2b0a22d63cc0"},"breadcrumb":{"@id":"https:\/\/www.rijeka.hr\/it\/esposizione-internazionale-canina-cacib-2023\/#breadcrumb"},"inLanguage":"it-IT","potentialAction":[{"@type":"ReadAction","target":["https:\/\/www.rijeka.hr\/it\/esposizione-internazionale-canina-cacib-2023\/"]}]},{"@type":"ImageObject","inLanguage":"it-IT","@id":"https:\/\/www.rijeka.hr\/it\/esposizione-internazionale-canina-cacib-2023\/#primaryimage","url":"https:\/\/www.rijeka.hr\/it\/wp-content\/uploads\/sites\/3\/2023\/02\/Me\u0111unarodna-izlo\u017eba-pasa-CACIB-2023-24-900x600.jpg","contentUrl":"https:\/\/www.rijeka.hr\/it\/wp-content\/uploads\/sites\/3\/2023\/02\/Me\u0111unarodna-izlo\u017eba-pasa-CACIB-2023-24-900x600.jpg","width":900,"height":600},{"@type":"BreadcrumbList","@id":"https:\/\/www.rijeka.hr\/it\/esposizione-internazionale-canina-cacib-2023\/#breadcrumb","itemListElement":[{"@type":"ListItem","position":1,"name":"Po\u010detna stranica","item":"https:\/\/www.rijeka.hr\/it\/"},{"@type":"ListItem","position":2,"name":"Esposizione internazionale canina CACIB 2023"}]},{"@type":"WebSite","@id":"https:\/\/www.rijeka.hr\/it\/#website","url":"https:\/\/www.rijeka.hr\/it\/","name":"Citt\u00e0 di Fiume","description":"Portale web della Citta&#039; di Fiume","potentialAction":[{"@type":"SearchAction","target":{"@type":"EntryPoint","urlTemplate":"https:\/\/www.rijeka.hr\/it\/?s={search_term_string}"},"query-input":{"@type":"PropertyValueSpecification","valueRequired":true,"valueName":"search_term_string"}}],"inLanguage":"it-IT"},{"@type":"Person","@id":"https:\/\/www.rijeka.hr\/it\/#\/schema\/person\/c6f2fe4ba52af1df0e9a2b0a22d63cc0","name":"mbembic","image":{"@type":"ImageObject","inLanguage":"it-IT","@id":"https:\/\/www.rijeka.hr\/it\/#\/schema\/person\/image\/","url":"https:\/\/secure.gravatar.com\/avatar\/3ce3ce6ed89053defb3e592d3a5f1f9f?s=96&d=mm&r=g","contentUrl":"https:\/\/secure.gravatar.com\/avatar\/3ce3ce6ed89053defb3e592d3a5f1f9f?s=96&d=mm&r=g","caption":"mbembic"},"sameAs":["https:\/\/www.rijeka.hr\/"],"url":"https:\/\/www.rijeka.hr\/it\/author\/mbembic\/"}]}},"_links":{"self":[{"href":"https:\/\/www.rijeka.hr\/it\/wp-json\/wp\/v2\/posts\/17823","targetHints":{"allow":["GET"]}}],"collection":[{"href":"https:\/\/www.rijeka.hr\/it\/wp-json\/wp\/v2\/posts"}],"about":[{"href":"https:\/\/www.rijeka.hr\/it\/wp-json\/wp\/v2\/types\/post"}],"author":[{"embeddable":true,"href":"https:\/\/www.rijeka.hr\/it\/wp-json\/wp\/v2\/users\/89"}],"replies":[{"embeddable":true,"href":"https:\/\/www.rijeka.hr\/it\/wp-json\/wp\/v2\/comments?post=17823"}],"version-history":[{"count":3,"href":"https:\/\/www.rijeka.hr\/it\/wp-json\/wp\/v2\/posts\/17823\/revisions"}],"predecessor-version":[{"id":17835,"href":"https:\/\/www.rijeka.hr\/it\/wp-json\/wp\/v2\/posts\/17823\/revisions\/17835"}],"wp:featuredmedia":[{"embeddable":true,"href":"https:\/\/www.rijeka.hr\/it\/wp-json\/wp\/v2\/media\/17826"}],"wp:attachment":[{"href":"https:\/\/www.rijeka.hr\/it\/wp-json\/wp\/v2\/media?parent=17823"}],"wp:term":[{"taxonomy":"category","embeddable":true,"href":"https:\/\/www.rijeka.hr\/it\/wp-json\/wp\/v2\/categories?post=17823"},{"taxonomy":"post_tag","embeddable":true,"href":"https:\/\/www.rijeka.hr\/it\/wp-json\/wp\/v2\/tags?post=17823"}],"curies":[{"name":"wp","href":"https:\/\/api.w.org\/{rel}","templated":true}]}}