{"id":18480,"date":"2023-05-09T12:01:45","date_gmt":"2023-05-09T10:01:45","guid":{"rendered":"https:\/\/www.rijeka.hr\/it\/?p=18480"},"modified":"2023-05-10T12:12:19","modified_gmt":"2023-05-10T10:12:19","slug":"sui-pannelloni-corso-inaugurata-la-mostra-possibilita-senza-limiti","status":"publish","type":"post","link":"https:\/\/www.rijeka.hr\/it\/sui-pannelloni-corso-inaugurata-la-mostra-possibilita-senza-limiti\/","title":{"rendered":"Sui pannelloni in Corso, inaugurata la mostra &#8220;Possibilit\u00e0, senza limiti!&#8221;"},"content":{"rendered":"<p>La mostra presenta esempi di buone pratiche nella riabilitazione professionale e nell&#8217;occupazione delle persone disabili, ed \u00e8 stata organizzata con l&#8217;obiettivo di far conoscere al maggior numero possibile di datori di lavoro le possibilit\u00e0 di assunzione delle persone disabili. L&#8217;autore delle foto in mostra \u00e8 Petar Fabijan.<\/p>\n<p>&#8220;Gli esempi di buone pratiche presentati in questa mostra parlano in prima persona di come la disabilit\u00e0 non sia un ostacolo e di come sia possibile realizzare una carriera di successo con essa. Riteniamo che sia importante condividere tali storie di successo con il pubblico&#8221;, sottolineano nel Centro per la riabilitazione professionale, la cui direttrice Ivana Kosor\u010di\u0107 ha sottolineato in particolare che si tratta di persone che hanno lasciato un segno, perch\u00e9 hanno lottato per il loro percorso professionale &#8211; hanno trovato un posto di lavoro, lo hanno mantenuto e continuano a svilupparsi professionalmente.<\/p>\n<div id=\"attachment_18486\" class=\"wp-caption alignleft\"><img loading=\"lazy\" decoding=\"async\" width=\"600\" height=\"400\" class=\"wp-image-18486 size-medium\" src=\"https:\/\/www.rijeka.hr\/it\/wp-content\/uploads\/sites\/3\/2023\/05\/Izlo\u017eba-Mogu\u0107nosti-a-ne-ograni\u010denja-15-1-600x400-600x400.jpg\" alt=\"\" \/><p class=\"wp-caption-text\">DAVOR \u010cORAK, \u017dELJKO MARKOVI\u0106, DUNJA KUHAR, IVANA KOSOR\u010cI\u0106 E PETAR FABIJAN<\/p><\/div>\n<h3>Da gestori di centri fitness e operatori amministrativi fino a professionisti shiatsu<\/h3>\n<p>&#8220;Senza lavoro e occupazione, \u00e8 difficile mantenere l&#8217;indipendenza e la pratica dimostra che senza programmi adattati, senza sostegno e condizioni di lavoro adattate, \u00e8 difficile per le persone con disabilit\u00e0 entrare nel sistema lavorativo. Ecco perch\u00e9 questa mostra \u00e8 molto importante, perch\u00e9 dimostra le capacit\u00e0 e le possibilit\u00e0 lavorative delle persone con disabilit\u00e0&#8221;, ha affermato Davor \u010corak, capo dell&#8217;Ufficio regionale di Fiume dell&#8217;Istituto per la valutazione dell&#8217;idoneit\u00e0 fisica, la riabilitazione professionale e l&#8217;occupazione delle persone con disabilit\u00e0.<\/p>\n<p>Le persone con disabilit\u00e0 presentate alla mostra lavorano in una variet\u00e0 di posti di lavoro &#8211; dai gestori di centri fitness, lavoratori ausiliari nell&#8217;industria del legno e un\u2019officina di protezione, assistenti giardinieri e camerieri, dipendenti di aziende e associazioni statali, assistenti dentali, imprenditori e professionisti shiatsu. Adrijan Osmani ha parlato a loro nome durante l\u2019inaugurazione della mostra, egli ha aperto un centro fitness inclusivo con il suo socio e, vista l&#8217;espansione delle attivit\u00e0, ha espresso la sua disponibilit\u00e0 ad accettare un partecipante al workshop virtuale per la pratica.<\/p>\n<div id='gallery-1' class='gallery galleryid-18480 gallery-columns-3 gallery-size-thumbnail'><dl class='gallery-item'>\n            <dt class='gallery-icon landscape'>\n                <a href='https:\/\/www.rijeka.hr\/it\/wp-content\/uploads\/sites\/3\/2023\/05\/Izlo\u017eba-Mogu\u0107nosti-a-ne-ograni\u010denja-16-250x250.jpg' title=\"\" data-rl_title=\"\" class=\"rl-gallery-link\" data-rl_caption=\"\" data-rel=\"lightbox-gallery-1\"><img loading=\"lazy\" decoding=\"async\" width=\"250\" height=\"250\" src=\"https:\/\/www.rijeka.hr\/it\/wp-content\/uploads\/sites\/3\/2023\/05\/Izlo\u017eba-Mogu\u0107nosti-a-ne-ograni\u010denja-16-250x250.jpg\" class=\"attachment-thumbnail size-thumbnail\" alt=\"\" srcset=\"https:\/\/www.rijeka.hr\/it\/wp-content\/uploads\/sites\/3\/2023\/05\/Izlo\u017eba-Mogu\u0107nosti-a-ne-ograni\u010denja-16-250x250.jpg 250w, https:\/\/www.rijeka.hr\/it\/wp-content\/uploads\/sites\/3\/2023\/05\/Izlo\u017eba-Mogu\u0107nosti-a-ne-ograni\u010denja-16-250x250-200x200.jpg 200w\" sizes=\"(max-width: 250px) 100vw, 250px\" \/><\/a>\n            <\/dt><\/dl><dl class='gallery-item'>\n            <dt class='gallery-icon landscape'>\n                <a href='https:\/\/www.rijeka.hr\/it\/wp-content\/uploads\/sites\/3\/2023\/05\/Izlo\u017eba-Mogu\u0107nosti-a-ne-ograni\u010denja-17-250x250.jpg' title=\"\" data-rl_title=\"\" class=\"rl-gallery-link\" data-rl_caption=\"\" data-rel=\"lightbox-gallery-1\"><img loading=\"lazy\" decoding=\"async\" width=\"250\" height=\"250\" src=\"https:\/\/www.rijeka.hr\/it\/wp-content\/uploads\/sites\/3\/2023\/05\/Izlo\u017eba-Mogu\u0107nosti-a-ne-ograni\u010denja-17-250x250.jpg\" class=\"attachment-thumbnail size-thumbnail\" alt=\"\" srcset=\"https:\/\/www.rijeka.hr\/it\/wp-content\/uploads\/sites\/3\/2023\/05\/Izlo\u017eba-Mogu\u0107nosti-a-ne-ograni\u010denja-17-250x250.jpg 250w, https:\/\/www.rijeka.hr\/it\/wp-content\/uploads\/sites\/3\/2023\/05\/Izlo\u017eba-Mogu\u0107nosti-a-ne-ograni\u010denja-17-250x250-200x200.jpg 200w\" sizes=\"(max-width: 250px) 100vw, 250px\" \/><\/a>\n            <\/dt><\/dl><dl class='gallery-item'>\n            <dt class='gallery-icon landscape'>\n                <a href='https:\/\/www.rijeka.hr\/it\/wp-content\/uploads\/sites\/3\/2023\/05\/Izlo\u017eba-Mogu\u0107nosti-a-ne-ograni\u010denja-3-250x250.jpg' title=\"\" data-rl_title=\"\" class=\"rl-gallery-link\" data-rl_caption=\"\" data-rel=\"lightbox-gallery-1\"><img loading=\"lazy\" decoding=\"async\" width=\"250\" height=\"250\" src=\"https:\/\/www.rijeka.hr\/it\/wp-content\/uploads\/sites\/3\/2023\/05\/Izlo\u017eba-Mogu\u0107nosti-a-ne-ograni\u010denja-3-250x250.jpg\" class=\"attachment-thumbnail size-thumbnail\" alt=\"\" srcset=\"https:\/\/www.rijeka.hr\/it\/wp-content\/uploads\/sites\/3\/2023\/05\/Izlo\u017eba-Mogu\u0107nosti-a-ne-ograni\u010denja-3-250x250.jpg 250w, https:\/\/www.rijeka.hr\/it\/wp-content\/uploads\/sites\/3\/2023\/05\/Izlo\u017eba-Mogu\u0107nosti-a-ne-ograni\u010denja-3-250x250-200x200.jpg 200w\" sizes=\"(max-width: 250px) 100vw, 250px\" \/><\/a>\n            <\/dt><\/dl><br style=\"clear: both\" \/><dl class='gallery-item'>\n            <dt class='gallery-icon landscape'>\n                <a href='https:\/\/www.rijeka.hr\/it\/wp-content\/uploads\/sites\/3\/2023\/05\/Izlo\u017eba-Mogu\u0107nosti-a-ne-ograni\u010denja-4-250x250.jpg' title=\"\" data-rl_title=\"\" class=\"rl-gallery-link\" data-rl_caption=\"\" data-rel=\"lightbox-gallery-1\"><img loading=\"lazy\" decoding=\"async\" width=\"250\" height=\"250\" src=\"https:\/\/www.rijeka.hr\/it\/wp-content\/uploads\/sites\/3\/2023\/05\/Izlo\u017eba-Mogu\u0107nosti-a-ne-ograni\u010denja-4-250x250.jpg\" class=\"attachment-thumbnail size-thumbnail\" alt=\"\" srcset=\"https:\/\/www.rijeka.hr\/it\/wp-content\/uploads\/sites\/3\/2023\/05\/Izlo\u017eba-Mogu\u0107nosti-a-ne-ograni\u010denja-4-250x250.jpg 250w, https:\/\/www.rijeka.hr\/it\/wp-content\/uploads\/sites\/3\/2023\/05\/Izlo\u017eba-Mogu\u0107nosti-a-ne-ograni\u010denja-4-250x250-200x200.jpg 200w\" sizes=\"(max-width: 250px) 100vw, 250px\" \/><\/a>\n            <\/dt><\/dl><dl class='gallery-item'>\n            <dt class='gallery-icon landscape'>\n                <a href='https:\/\/www.rijeka.hr\/it\/wp-content\/uploads\/sites\/3\/2023\/05\/Izlo\u017eba-Mogu\u0107nosti-a-ne-ograni\u010denja-5-250x250.jpg' title=\"\" data-rl_title=\"\" class=\"rl-gallery-link\" data-rl_caption=\"\" data-rel=\"lightbox-gallery-1\"><img loading=\"lazy\" decoding=\"async\" width=\"250\" height=\"250\" src=\"https:\/\/www.rijeka.hr\/it\/wp-content\/uploads\/sites\/3\/2023\/05\/Izlo\u017eba-Mogu\u0107nosti-a-ne-ograni\u010denja-5-250x250.jpg\" class=\"attachment-thumbnail size-thumbnail\" alt=\"\" srcset=\"https:\/\/www.rijeka.hr\/it\/wp-content\/uploads\/sites\/3\/2023\/05\/Izlo\u017eba-Mogu\u0107nosti-a-ne-ograni\u010denja-5-250x250.jpg 250w, https:\/\/www.rijeka.hr\/it\/wp-content\/uploads\/sites\/3\/2023\/05\/Izlo\u017eba-Mogu\u0107nosti-a-ne-ograni\u010denja-5-250x250-200x200.jpg 200w\" sizes=\"(max-width: 250px) 100vw, 250px\" \/><\/a>\n            <\/dt><\/dl><dl class='gallery-item'>\n            <dt class='gallery-icon landscape'>\n                <a href='https:\/\/www.rijeka.hr\/it\/wp-content\/uploads\/sites\/3\/2023\/05\/Izlo\u017eba-Mogu\u0107nosti-a-ne-ograni\u010denja-6-250x250.jpg' title=\"\" data-rl_title=\"\" class=\"rl-gallery-link\" data-rl_caption=\"\" data-rel=\"lightbox-gallery-1\"><img loading=\"lazy\" decoding=\"async\" width=\"250\" height=\"250\" src=\"https:\/\/www.rijeka.hr\/it\/wp-content\/uploads\/sites\/3\/2023\/05\/Izlo\u017eba-Mogu\u0107nosti-a-ne-ograni\u010denja-6-250x250.jpg\" class=\"attachment-thumbnail size-thumbnail\" alt=\"\" srcset=\"https:\/\/www.rijeka.hr\/it\/wp-content\/uploads\/sites\/3\/2023\/05\/Izlo\u017eba-Mogu\u0107nosti-a-ne-ograni\u010denja-6-250x250.jpg 250w, https:\/\/www.rijeka.hr\/it\/wp-content\/uploads\/sites\/3\/2023\/05\/Izlo\u017eba-Mogu\u0107nosti-a-ne-ograni\u010denja-6-250x250-200x200.jpg 200w\" sizes=\"(max-width: 250px) 100vw, 250px\" \/><\/a>\n            <\/dt><\/dl><br style=\"clear: both\" \/><dl class='gallery-item'>\n            <dt class='gallery-icon landscape'>\n                <a href='https:\/\/www.rijeka.hr\/it\/wp-content\/uploads\/sites\/3\/2023\/05\/Izlo\u017eba-Mogu\u0107nosti-a-ne-ograni\u010denja-7-250x250.jpg' title=\"\" data-rl_title=\"\" class=\"rl-gallery-link\" data-rl_caption=\"\" data-rel=\"lightbox-gallery-1\"><img loading=\"lazy\" decoding=\"async\" width=\"250\" height=\"250\" src=\"https:\/\/www.rijeka.hr\/it\/wp-content\/uploads\/sites\/3\/2023\/05\/Izlo\u017eba-Mogu\u0107nosti-a-ne-ograni\u010denja-7-250x250.jpg\" class=\"attachment-thumbnail size-thumbnail\" alt=\"\" srcset=\"https:\/\/www.rijeka.hr\/it\/wp-content\/uploads\/sites\/3\/2023\/05\/Izlo\u017eba-Mogu\u0107nosti-a-ne-ograni\u010denja-7-250x250.jpg 250w, https:\/\/www.rijeka.hr\/it\/wp-content\/uploads\/sites\/3\/2023\/05\/Izlo\u017eba-Mogu\u0107nosti-a-ne-ograni\u010denja-7-250x250-200x200.jpg 200w\" sizes=\"(max-width: 250px) 100vw, 250px\" \/><\/a>\n            <\/dt><\/dl><dl class='gallery-item'>\n            <dt class='gallery-icon landscape'>\n                <a href='https:\/\/www.rijeka.hr\/it\/wp-content\/uploads\/sites\/3\/2023\/05\/Izlo\u017eba-Mogu\u0107nosti-a-ne-ograni\u010denja-2-250x250.jpg' title=\"\" data-rl_title=\"\" class=\"rl-gallery-link\" data-rl_caption=\"\" data-rel=\"lightbox-gallery-1\"><img loading=\"lazy\" decoding=\"async\" width=\"250\" height=\"250\" src=\"https:\/\/www.rijeka.hr\/it\/wp-content\/uploads\/sites\/3\/2023\/05\/Izlo\u017eba-Mogu\u0107nosti-a-ne-ograni\u010denja-2-250x250.jpg\" class=\"attachment-thumbnail size-thumbnail\" alt=\"\" srcset=\"https:\/\/www.rijeka.hr\/it\/wp-content\/uploads\/sites\/3\/2023\/05\/Izlo\u017eba-Mogu\u0107nosti-a-ne-ograni\u010denja-2-250x250.jpg 250w, https:\/\/www.rijeka.hr\/it\/wp-content\/uploads\/sites\/3\/2023\/05\/Izlo\u017eba-Mogu\u0107nosti-a-ne-ograni\u010denja-2-250x250-200x200.jpg 200w\" sizes=\"(max-width: 250px) 100vw, 250px\" \/><\/a>\n            <\/dt><\/dl><dl class='gallery-item'>\n            <dt class='gallery-icon landscape'>\n                <a href='https:\/\/www.rijeka.hr\/it\/wp-content\/uploads\/sites\/3\/2023\/05\/Izlo\u017eba-Mogu\u0107nosti-a-ne-ograni\u010denja-12-250x250.jpg' title=\"\" data-rl_title=\"\" class=\"rl-gallery-link\" data-rl_caption=\"\" data-rel=\"lightbox-gallery-1\"><img loading=\"lazy\" decoding=\"async\" width=\"250\" height=\"250\" src=\"https:\/\/www.rijeka.hr\/it\/wp-content\/uploads\/sites\/3\/2023\/05\/Izlo\u017eba-Mogu\u0107nosti-a-ne-ograni\u010denja-12-250x250.jpg\" class=\"attachment-thumbnail size-thumbnail\" alt=\"\" srcset=\"https:\/\/www.rijeka.hr\/it\/wp-content\/uploads\/sites\/3\/2023\/05\/Izlo\u017eba-Mogu\u0107nosti-a-ne-ograni\u010denja-12-250x250.jpg 250w, https:\/\/www.rijeka.hr\/it\/wp-content\/uploads\/sites\/3\/2023\/05\/Izlo\u017eba-Mogu\u0107nosti-a-ne-ograni\u010denja-12-250x250-200x200.jpg 200w\" sizes=\"(max-width: 250px) 100vw, 250px\" \/><\/a>\n            <\/dt><\/dl><br style=\"clear: both\" \/>\n        <\/div>\n\n<h3>Ad aprile \u00e8 stato lanciato un laboratorio virtuale, ovvero una societ\u00e0 di formazione<\/h3>\n<p>Il Centro di riabilitazione professionale di Fiume \u00e8 un&#8217;istituzione statale che opera dal 2015 per tre regioni: la Regione litoraneo &#8211; montana, la Regione istriana e la Regione della Lika e di Segna. La sua attivit\u00e0 \u00e8 l&#8217;organizzazione e la prestazione di servizi di riabilitazione professionale per persone con disabilit\u00e0, con l&#8217;obiettivo di consentire alle persone con disabilit\u00e0 di essere formate per un lavoro adeguato, ottenere un posto lavoro o mantenere il lavoro e progredire in esso, nonch\u00e9 svilupparsi professionalmente.<\/p>\n<p>Nel mese di aprile di quest&#8217;anno \u00e8 stato lanciato il Laboratorio virtuale ovvero la societ\u00e0 di formazione come una forma speciale di attivit\u00e0 riabilitativa che sottintende &#8220;imparare attraverso il fare&#8221;, la cui attuazione consente alle persone con disabilit\u00e0 di svolgere attivit\u00e0 amministrative, finanziarie-contabili, commerciali-marketing, e simili attivit\u00e0, sui posti di lavoro simulati.<\/p>\n","protected":false},"excerpt":{"rendered":"<p>Sui pannelloni in Corso \u00e8 stata inaugurata la mostra &#8220;Possibilit\u00e0, senza limiti!&#8221;, organizzata dal Centro per la riabilitazione professionale di Fiume.<\/p>\n","protected":false},"author":8,"featured_media":18485,"comment_status":"open","ping_status":"open","sticky":false,"template":"","format":"standard","meta":{"_acf_changed":false,"_trash_the_other_posts":false,"footnotes":"","_links_to":"","_links_to_target":""},"categories":[976],"tags":[2377,2378,2379,857,2380,2381],"class_list":["post-18480","post","type-post","status-publish","format-standard","has-post-thumbnail","hentry","category-articoli","tag-centro-di-riabilitazione-professionale-di-fiume","tag-istituto-per-la-valutazione-dellidoneita-fisica","tag-la-riabilitazione-professionale-e-loccupazione-delle-persone-con-disabilita","tag-mostra","tag-possibilita","tag-senza-limiti"],"acf":[],"yoast_head":"<!-- This site is optimized with the Yoast SEO plugin v24.4 - https:\/\/yoast.com\/wordpress\/plugins\/seo\/ -->\n<title>Sui pannelloni in Corso, inaugurata la mostra &quot;Possibilit\u00e0, senza limiti!&quot; - Citt\u00e0 di Fiume<\/title>\n<meta name=\"robots\" content=\"index, follow, max-snippet:-1, max-image-preview:large, max-video-preview:-1\" \/>\n<link rel=\"canonical\" href=\"https:\/\/www.rijeka.hr\/it\/sui-pannelloni-corso-inaugurata-la-mostra-possibilita-senza-limiti\/\" \/>\n<meta property=\"og:locale\" content=\"it_IT\" \/>\n<meta property=\"og:type\" content=\"article\" \/>\n<meta property=\"og:title\" content=\"Sui pannelloni in Corso, inaugurata la mostra &quot;Possibilit\u00e0, senza limiti!&quot; - Citt\u00e0 di Fiume\" \/>\n<meta property=\"og:description\" content=\"Sui pannelloni in Corso \u00e8 stata inaugurata la mostra &quot;Possibilit\u00e0, senza limiti!&quot;, organizzata dal Centro per la riabilitazione professionale di Fiume.\" \/>\n<meta property=\"og:url\" content=\"https:\/\/www.rijeka.hr\/it\/sui-pannelloni-corso-inaugurata-la-mostra-possibilita-senza-limiti\/\" \/>\n<meta property=\"og:site_name\" content=\"Citt\u00e0 di Fiume\" \/>\n<meta property=\"article:published_time\" content=\"2023-05-09T10:01:45+00:00\" \/>\n<meta property=\"article:modified_time\" content=\"2023-05-10T10:12:19+00:00\" \/>\n<meta property=\"og:image\" content=\"https:\/\/www.rijeka.hr\/it\/wp-content\/uploads\/sites\/3\/2023\/05\/Izlo\u017eba-Mogu\u0107nosti-a-ne-ograni\u010denja-1-900x600.jpg\" \/>\n\t<meta property=\"og:image:width\" content=\"900\" \/>\n\t<meta property=\"og:image:height\" content=\"600\" \/>\n\t<meta property=\"og:image:type\" content=\"image\/jpeg\" \/>\n<meta name=\"author\" content=\"sradovic\" \/>\n<meta name=\"twitter:card\" content=\"summary_large_image\" \/>\n<meta name=\"twitter:label1\" content=\"Written by\" \/>\n\t<meta name=\"twitter:data1\" content=\"sradovic\" \/>\n\t<meta name=\"twitter:label2\" content=\"Est. reading time\" \/>\n\t<meta name=\"twitter:data2\" content=\"2 minutes\" \/>\n<script type=\"application\/ld+json\" class=\"yoast-schema-graph\">{\"@context\":\"https:\/\/schema.org\",\"@graph\":[{\"@type\":\"WebPage\",\"@id\":\"https:\/\/www.rijeka.hr\/it\/sui-pannelloni-corso-inaugurata-la-mostra-possibilita-senza-limiti\/\",\"url\":\"https:\/\/www.rijeka.hr\/it\/sui-pannelloni-corso-inaugurata-la-mostra-possibilita-senza-limiti\/\",\"name\":\"Sui pannelloni in Corso, inaugurata la mostra \\\"Possibilit\u00e0, senza limiti!\\\" - Citt\u00e0 di Fiume\",\"isPartOf\":{\"@id\":\"https:\/\/www.rijeka.hr\/it\/#website\"},\"primaryImageOfPage\":{\"@id\":\"https:\/\/www.rijeka.hr\/it\/sui-pannelloni-corso-inaugurata-la-mostra-possibilita-senza-limiti\/#primaryimage\"},\"image\":{\"@id\":\"https:\/\/www.rijeka.hr\/it\/sui-pannelloni-corso-inaugurata-la-mostra-possibilita-senza-limiti\/#primaryimage\"},\"thumbnailUrl\":\"https:\/\/www.rijeka.hr\/it\/wp-content\/uploads\/sites\/3\/2023\/05\/Izlo\u017eba-Mogu\u0107nosti-a-ne-ograni\u010denja-1-900x600.jpg\",\"datePublished\":\"2023-05-09T10:01:45+00:00\",\"dateModified\":\"2023-05-10T10:12:19+00:00\",\"author\":{\"@id\":\"https:\/\/www.rijeka.hr\/it\/#\/schema\/person\/f944eacc70b6a69bc142d9389862b37b\"},\"breadcrumb\":{\"@id\":\"https:\/\/www.rijeka.hr\/it\/sui-pannelloni-corso-inaugurata-la-mostra-possibilita-senza-limiti\/#breadcrumb\"},\"inLanguage\":\"it-IT\",\"potentialAction\":[{\"@type\":\"ReadAction\",\"target\":[\"https:\/\/www.rijeka.hr\/it\/sui-pannelloni-corso-inaugurata-la-mostra-possibilita-senza-limiti\/\"]}]},{\"@type\":\"ImageObject\",\"inLanguage\":\"it-IT\",\"@id\":\"https:\/\/www.rijeka.hr\/it\/sui-pannelloni-corso-inaugurata-la-mostra-possibilita-senza-limiti\/#primaryimage\",\"url\":\"https:\/\/www.rijeka.hr\/it\/wp-content\/uploads\/sites\/3\/2023\/05\/Izlo\u017eba-Mogu\u0107nosti-a-ne-ograni\u010denja-1-900x600.jpg\",\"contentUrl\":\"https:\/\/www.rijeka.hr\/it\/wp-content\/uploads\/sites\/3\/2023\/05\/Izlo\u017eba-Mogu\u0107nosti-a-ne-ograni\u010denja-1-900x600.jpg\",\"width\":900,\"height\":600},{\"@type\":\"BreadcrumbList\",\"@id\":\"https:\/\/www.rijeka.hr\/it\/sui-pannelloni-corso-inaugurata-la-mostra-possibilita-senza-limiti\/#breadcrumb\",\"itemListElement\":[{\"@type\":\"ListItem\",\"position\":1,\"name\":\"Po\u010detna stranica\",\"item\":\"https:\/\/www.rijeka.hr\/it\/\"},{\"@type\":\"ListItem\",\"position\":2,\"name\":\"Sui pannelloni in Corso, inaugurata la mostra &#8220;Possibilit\u00e0, senza limiti!&#8221;\"}]},{\"@type\":\"WebSite\",\"@id\":\"https:\/\/www.rijeka.hr\/it\/#website\",\"url\":\"https:\/\/www.rijeka.hr\/it\/\",\"name\":\"Citt\u00e0 di Fiume\",\"description\":\"Portale web della Citta&#039; di Fiume\",\"potentialAction\":[{\"@type\":\"SearchAction\",\"target\":{\"@type\":\"EntryPoint\",\"urlTemplate\":\"https:\/\/www.rijeka.hr\/it\/?s={search_term_string}\"},\"query-input\":{\"@type\":\"PropertyValueSpecification\",\"valueRequired\":true,\"valueName\":\"search_term_string\"}}],\"inLanguage\":\"it-IT\"},{\"@type\":\"Person\",\"@id\":\"https:\/\/www.rijeka.hr\/it\/#\/schema\/person\/f944eacc70b6a69bc142d9389862b37b\",\"name\":\"sradovic\",\"image\":{\"@type\":\"ImageObject\",\"inLanguage\":\"it-IT\",\"@id\":\"https:\/\/www.rijeka.hr\/it\/#\/schema\/person\/image\/\",\"url\":\"https:\/\/secure.gravatar.com\/avatar\/d438b95983d528813c6fe2e5812a4188?s=96&d=mm&r=g\",\"contentUrl\":\"https:\/\/secure.gravatar.com\/avatar\/d438b95983d528813c6fe2e5812a4188?s=96&d=mm&r=g\",\"caption\":\"sradovic\"},\"url\":\"https:\/\/www.rijeka.hr\/it\/author\/sradovic\/\"}]}<\/script>\n<!-- \/ Yoast SEO plugin. -->","yoast_head_json":{"title":"Sui pannelloni in Corso, inaugurata la mostra \"Possibilit\u00e0, senza limiti!\" - Citt\u00e0 di Fiume","robots":{"index":"index","follow":"follow","max-snippet":"max-snippet:-1","max-image-preview":"max-image-preview:large","max-video-preview":"max-video-preview:-1"},"canonical":"https:\/\/www.rijeka.hr\/it\/sui-pannelloni-corso-inaugurata-la-mostra-possibilita-senza-limiti\/","og_locale":"it_IT","og_type":"article","og_title":"Sui pannelloni in Corso, inaugurata la mostra \"Possibilit\u00e0, senza limiti!\" - Citt\u00e0 di Fiume","og_description":"Sui pannelloni in Corso \u00e8 stata inaugurata la mostra \"Possibilit\u00e0, senza limiti!\", organizzata dal Centro per la riabilitazione professionale di Fiume.","og_url":"https:\/\/www.rijeka.hr\/it\/sui-pannelloni-corso-inaugurata-la-mostra-possibilita-senza-limiti\/","og_site_name":"Citt\u00e0 di Fiume","article_published_time":"2023-05-09T10:01:45+00:00","article_modified_time":"2023-05-10T10:12:19+00:00","og_image":[{"width":900,"height":600,"url":"https:\/\/www.rijeka.hr\/it\/wp-content\/uploads\/sites\/3\/2023\/05\/Izlo\u017eba-Mogu\u0107nosti-a-ne-ograni\u010denja-1-900x600.jpg","type":"image\/jpeg"}],"author":"sradovic","twitter_card":"summary_large_image","twitter_misc":{"Written by":"sradovic","Est. reading time":"2 minutes"},"schema":{"@context":"https:\/\/schema.org","@graph":[{"@type":"WebPage","@id":"https:\/\/www.rijeka.hr\/it\/sui-pannelloni-corso-inaugurata-la-mostra-possibilita-senza-limiti\/","url":"https:\/\/www.rijeka.hr\/it\/sui-pannelloni-corso-inaugurata-la-mostra-possibilita-senza-limiti\/","name":"Sui pannelloni in Corso, inaugurata la mostra \"Possibilit\u00e0, senza limiti!\" - Citt\u00e0 di Fiume","isPartOf":{"@id":"https:\/\/www.rijeka.hr\/it\/#website"},"primaryImageOfPage":{"@id":"https:\/\/www.rijeka.hr\/it\/sui-pannelloni-corso-inaugurata-la-mostra-possibilita-senza-limiti\/#primaryimage"},"image":{"@id":"https:\/\/www.rijeka.hr\/it\/sui-pannelloni-corso-inaugurata-la-mostra-possibilita-senza-limiti\/#primaryimage"},"thumbnailUrl":"https:\/\/www.rijeka.hr\/it\/wp-content\/uploads\/sites\/3\/2023\/05\/Izlo\u017eba-Mogu\u0107nosti-a-ne-ograni\u010denja-1-900x600.jpg","datePublished":"2023-05-09T10:01:45+00:00","dateModified":"2023-05-10T10:12:19+00:00","author":{"@id":"https:\/\/www.rijeka.hr\/it\/#\/schema\/person\/f944eacc70b6a69bc142d9389862b37b"},"breadcrumb":{"@id":"https:\/\/www.rijeka.hr\/it\/sui-pannelloni-corso-inaugurata-la-mostra-possibilita-senza-limiti\/#breadcrumb"},"inLanguage":"it-IT","potentialAction":[{"@type":"ReadAction","target":["https:\/\/www.rijeka.hr\/it\/sui-pannelloni-corso-inaugurata-la-mostra-possibilita-senza-limiti\/"]}]},{"@type":"ImageObject","inLanguage":"it-IT","@id":"https:\/\/www.rijeka.hr\/it\/sui-pannelloni-corso-inaugurata-la-mostra-possibilita-senza-limiti\/#primaryimage","url":"https:\/\/www.rijeka.hr\/it\/wp-content\/uploads\/sites\/3\/2023\/05\/Izlo\u017eba-Mogu\u0107nosti-a-ne-ograni\u010denja-1-900x600.jpg","contentUrl":"https:\/\/www.rijeka.hr\/it\/wp-content\/uploads\/sites\/3\/2023\/05\/Izlo\u017eba-Mogu\u0107nosti-a-ne-ograni\u010denja-1-900x600.jpg","width":900,"height":600},{"@type":"BreadcrumbList","@id":"https:\/\/www.rijeka.hr\/it\/sui-pannelloni-corso-inaugurata-la-mostra-possibilita-senza-limiti\/#breadcrumb","itemListElement":[{"@type":"ListItem","position":1,"name":"Po\u010detna stranica","item":"https:\/\/www.rijeka.hr\/it\/"},{"@type":"ListItem","position":2,"name":"Sui pannelloni in Corso, inaugurata la mostra &#8220;Possibilit\u00e0, senza limiti!&#8221;"}]},{"@type":"WebSite","@id":"https:\/\/www.rijeka.hr\/it\/#website","url":"https:\/\/www.rijeka.hr\/it\/","name":"Citt\u00e0 di Fiume","description":"Portale web della Citta&#039; di Fiume","potentialAction":[{"@type":"SearchAction","target":{"@type":"EntryPoint","urlTemplate":"https:\/\/www.rijeka.hr\/it\/?s={search_term_string}"},"query-input":{"@type":"PropertyValueSpecification","valueRequired":true,"valueName":"search_term_string"}}],"inLanguage":"it-IT"},{"@type":"Person","@id":"https:\/\/www.rijeka.hr\/it\/#\/schema\/person\/f944eacc70b6a69bc142d9389862b37b","name":"sradovic","image":{"@type":"ImageObject","inLanguage":"it-IT","@id":"https:\/\/www.rijeka.hr\/it\/#\/schema\/person\/image\/","url":"https:\/\/secure.gravatar.com\/avatar\/d438b95983d528813c6fe2e5812a4188?s=96&d=mm&r=g","contentUrl":"https:\/\/secure.gravatar.com\/avatar\/d438b95983d528813c6fe2e5812a4188?s=96&d=mm&r=g","caption":"sradovic"},"url":"https:\/\/www.rijeka.hr\/it\/author\/sradovic\/"}]}},"_links":{"self":[{"href":"https:\/\/www.rijeka.hr\/it\/wp-json\/wp\/v2\/posts\/18480","targetHints":{"allow":["GET"]}}],"collection":[{"href":"https:\/\/www.rijeka.hr\/it\/wp-json\/wp\/v2\/posts"}],"about":[{"href":"https:\/\/www.rijeka.hr\/it\/wp-json\/wp\/v2\/types\/post"}],"author":[{"embeddable":true,"href":"https:\/\/www.rijeka.hr\/it\/wp-json\/wp\/v2\/users\/8"}],"replies":[{"embeddable":true,"href":"https:\/\/www.rijeka.hr\/it\/wp-json\/wp\/v2\/comments?post=18480"}],"version-history":[{"count":3,"href":"https:\/\/www.rijeka.hr\/it\/wp-json\/wp\/v2\/posts\/18480\/revisions"}],"predecessor-version":[{"id":18499,"href":"https:\/\/www.rijeka.hr\/it\/wp-json\/wp\/v2\/posts\/18480\/revisions\/18499"}],"wp:featuredmedia":[{"embeddable":true,"href":"https:\/\/www.rijeka.hr\/it\/wp-json\/wp\/v2\/media\/18485"}],"wp:attachment":[{"href":"https:\/\/www.rijeka.hr\/it\/wp-json\/wp\/v2\/media?parent=18480"}],"wp:term":[{"taxonomy":"category","embeddable":true,"href":"https:\/\/www.rijeka.hr\/it\/wp-json\/wp\/v2\/categories?post=18480"},{"taxonomy":"post_tag","embeddable":true,"href":"https:\/\/www.rijeka.hr\/it\/wp-json\/wp\/v2\/tags?post=18480"}],"curies":[{"name":"wp","href":"https:\/\/api.w.org\/{rel}","templated":true}]}}