{"id":18751,"date":"2023-06-07T13:06:57","date_gmt":"2023-06-07T11:06:57","guid":{"rendered":"https:\/\/www.rijeka.hr\/it\/?p=18751"},"modified":"2023-06-09T13:19:38","modified_gmt":"2023-06-09T11:19:38","slug":"la-solenne-consegna-del-contratto-di-concessione-ha-segnato-linizio-della-realizzazione-del-futuro-marina-aci-porto-baross","status":"publish","type":"post","link":"https:\/\/www.rijeka.hr\/it\/la-solenne-consegna-del-contratto-di-concessione-ha-segnato-linizio-della-realizzazione-del-futuro-marina-aci-porto-baross\/","title":{"rendered":"La solenne consegna del contratto di concessione ha segnato l&#8217;inizio della realizzazione del futuro marina ACI in Porto Baross"},"content":{"rendered":"<p>Si tratta del pi\u00f9 grande investimento nel turismo nautico nella storia della Repubblica di Croazia, del valore di oltre 50 milioni di euro, che sar\u00e0 realizzato dalla societ\u00e0 ACI-GITONE. La societ\u00e0 ACI-GITONE, composta dalle societ\u00e0 ACI e GITONE Kvarner, ha ottenuto la concessione di 30 anni per questo demanio marittimo di quasi 106.000 metri quadrati. La realizzazione di questo grande progetto strategico generer\u00e0 il marina pi\u00f9 lussuoso e tecnologicamente pi\u00f9 avanzato, non solo della costa adriatica, ma anche del Mediterraneo.<\/p>\n<div id=\"attachment_18755\" class=\"wp-caption alignleft\"><img loading=\"lazy\" decoding=\"async\" width=\"600\" height=\"400\" class=\"wp-image-18755 size-medium\" src=\"https:\/\/www.rijeka.hr\/it\/wp-content\/uploads\/sites\/3\/2023\/06\/Uru\u010denje-Ugovora-o-koncesiji-za-izgradnju-luke-nauti\u010dkog-turizma-Porto-Baro\u0161-10-600x400-600x400.jpg\" alt=\"\" \/><p class=\"wp-caption-text\">AN\u0110ELKO PETRINI\u0106, JOSIP OSTROGOVI\u0106, JOHANNES B\u00d6CK, MARKO FILIPOVI\u0106, OLEG BUTKOVI\u0106 E MARINA MEDARI\u0106<\/p><\/div>\n<p>Alla solenne consegne e alla visita del futuro marina ACI di Fiume hanno partecipato Oleg Butkovi\u0107, vicepresidente del governo della Repubblica di Croazia e ministro del mare, dei trasporti e delle infrastrutture, il vicepresidente della Regione Marina Medari\u0107, Marko Filipovi\u0107, sindaco della Citt\u00e0 di Fiume, An\u0111elko Petrini\u0107, membro del consiglio di amministrazione della societ\u00e0 ACI-GITONE, Johannes Bck, membro del consiglio di amministrazione delle societ\u00e0 GITONE Kvarner e ACI-GITONE, Kristijan Pavi\u0107, presidente del consiglio di amministrazione della societ\u00e0 ACI, Ivan Herak, membro del consiglio di amministrazione dell\u2019ACI, Josip Ostrogovi\u0107, membro del consiglio di amministrazione dell\u2019ACI, Ana Odak, membro del consiglio di amministrazione della GITONE Kvarner, Teuta Duleti\u0107, direttrice esecutiva del L\u00fcrssen Design Kvarner Centre, Denis Vukorepa, direttore della Port Authority fiumana, Darko Gla\u017ear, capitano della Capitaneria di porto di Fiume e l&#8217;ex sindaco di Fiume, Vojko Obersnel.<\/p>\n<p>&#8220;Con la costruzione del nuovo marina ACI a Fiume, questa parte centrale della citt\u00e0 diventer\u00e0 allettante, attraente e cambier\u00e0 davvero Fiume verso la giusta direzione. Questo marina \u00e8 stato annunciato da molto tempo, ha gi\u00e0 attraversato tutte le procedure, ed \u00e8 molto importante sottolineare che ha il sostegno di tutte le parti interessate importanti per la realizzazione di questo progetto: la Citt\u00e0 di Fiume, la Regione litoraneo-montana e il Governo della Repubblica di Croazia&#8221;, ha affermato Oleg Butkovi\u0107, Vice Presidente del Governo e Ministro del Mare, dei Trasporti e delle Infrastrutture.<\/p>\n<div id='gallery-1' class='gallery galleryid-18751 gallery-columns-3 gallery-size-thumbnail'><dl class='gallery-item'>\n            <dt class='gallery-icon landscape'>\n                <a href='https:\/\/www.rijeka.hr\/it\/wp-content\/uploads\/sites\/3\/2023\/06\/Uru\u010denje-Ugovora-o-koncesiji-za-izgradnju-luke-nauti\u010dkog-turizma-Porto-Baro\u0161-1-250x250.jpg' title=\"\" data-rl_title=\"\" class=\"rl-gallery-link\" data-rl_caption=\"\" data-rel=\"lightbox-gallery-1\"><img loading=\"lazy\" decoding=\"async\" width=\"250\" height=\"250\" src=\"https:\/\/www.rijeka.hr\/it\/wp-content\/uploads\/sites\/3\/2023\/06\/Uru\u010denje-Ugovora-o-koncesiji-za-izgradnju-luke-nauti\u010dkog-turizma-Porto-Baro\u0161-1-250x250.jpg\" class=\"attachment-thumbnail size-thumbnail\" alt=\"\" srcset=\"https:\/\/www.rijeka.hr\/it\/wp-content\/uploads\/sites\/3\/2023\/06\/Uru\u010denje-Ugovora-o-koncesiji-za-izgradnju-luke-nauti\u010dkog-turizma-Porto-Baro\u0161-1-250x250.jpg 250w, https:\/\/www.rijeka.hr\/it\/wp-content\/uploads\/sites\/3\/2023\/06\/Uru\u010denje-Ugovora-o-koncesiji-za-izgradnju-luke-nauti\u010dkog-turizma-Porto-Baro\u0161-1-250x250-200x200.jpg 200w\" sizes=\"(max-width: 250px) 100vw, 250px\" \/><\/a>\n            <\/dt><\/dl><dl class='gallery-item'>\n            <dt class='gallery-icon landscape'>\n                <a href='https:\/\/www.rijeka.hr\/it\/wp-content\/uploads\/sites\/3\/2023\/06\/Uru\u010denje-Ugovora-o-koncesiji-za-izgradnju-luke-nauti\u010dkog-turizma-Porto-Baro\u0161-4-250x250.jpg' title=\"\" data-rl_title=\"\" class=\"rl-gallery-link\" data-rl_caption=\"\" data-rel=\"lightbox-gallery-1\"><img loading=\"lazy\" decoding=\"async\" width=\"250\" height=\"250\" src=\"https:\/\/www.rijeka.hr\/it\/wp-content\/uploads\/sites\/3\/2023\/06\/Uru\u010denje-Ugovora-o-koncesiji-za-izgradnju-luke-nauti\u010dkog-turizma-Porto-Baro\u0161-4-250x250.jpg\" class=\"attachment-thumbnail size-thumbnail\" alt=\"\" srcset=\"https:\/\/www.rijeka.hr\/it\/wp-content\/uploads\/sites\/3\/2023\/06\/Uru\u010denje-Ugovora-o-koncesiji-za-izgradnju-luke-nauti\u010dkog-turizma-Porto-Baro\u0161-4-250x250.jpg 250w, https:\/\/www.rijeka.hr\/it\/wp-content\/uploads\/sites\/3\/2023\/06\/Uru\u010denje-Ugovora-o-koncesiji-za-izgradnju-luke-nauti\u010dkog-turizma-Porto-Baro\u0161-4-250x250-200x200.jpg 200w\" sizes=\"(max-width: 250px) 100vw, 250px\" \/><\/a>\n            <\/dt><\/dl><dl class='gallery-item'>\n            <dt class='gallery-icon landscape'>\n                <a href='https:\/\/www.rijeka.hr\/it\/wp-content\/uploads\/sites\/3\/2023\/06\/Uru\u010denje-Ugovora-o-koncesiji-za-izgradnju-luke-nauti\u010dkog-turizma-Porto-Baro\u0161-9-250x250.jpg' title=\"\" data-rl_title=\"\" class=\"rl-gallery-link\" data-rl_caption=\"\" data-rel=\"lightbox-gallery-1\"><img loading=\"lazy\" decoding=\"async\" width=\"250\" height=\"250\" src=\"https:\/\/www.rijeka.hr\/it\/wp-content\/uploads\/sites\/3\/2023\/06\/Uru\u010denje-Ugovora-o-koncesiji-za-izgradnju-luke-nauti\u010dkog-turizma-Porto-Baro\u0161-9-250x250.jpg\" class=\"attachment-thumbnail size-thumbnail\" alt=\"\" srcset=\"https:\/\/www.rijeka.hr\/it\/wp-content\/uploads\/sites\/3\/2023\/06\/Uru\u010denje-Ugovora-o-koncesiji-za-izgradnju-luke-nauti\u010dkog-turizma-Porto-Baro\u0161-9-250x250.jpg 250w, https:\/\/www.rijeka.hr\/it\/wp-content\/uploads\/sites\/3\/2023\/06\/Uru\u010denje-Ugovora-o-koncesiji-za-izgradnju-luke-nauti\u010dkog-turizma-Porto-Baro\u0161-9-250x250-200x200.jpg 200w\" sizes=\"(max-width: 250px) 100vw, 250px\" \/><\/a>\n            <\/dt><\/dl><br style=\"clear: both\" \/>\n        <\/div>\n\n<p>&#8220;Oggi \u00e8 stato fatto un passo avanti verso la realizzazione di questo progetto molto grande e importante per Fiume &#8211; entro il 2025, aspetto che yacht e barche vi troveranno un ormeggio. La costruzione del marina ACI a Fiume non cambier\u00e0 solo l&#8217;aspetto di questa parte di citt\u00e0, ma \u00e8 un progetto importante per posizionare Fiume sulla mappa turistica ed economica della Croazia e di una regione pi\u00f9 ampia&#8221;, ha dichiarato il sindaco di Fiume, Marko Filipovi\u0107, nel suo comunicato stampa, aggiungendo che non ha dubbi che la societ\u00e0 ACI-GITONE adempir\u00e0 ai propri obblighi contrattuali.<\/p>\n<div id=\"attachment_18760\" class=\"wp-caption alignright\"><img loading=\"lazy\" decoding=\"async\" class=\"wp-image-18760 size-medium\" src=\"https:\/\/www.rijeka.hr\/it\/wp-content\/uploads\/sites\/3\/2023\/06\/ACI-marina-Rijeka_Render-5-600x400-600x400.jpg\" alt=\"\" width=\"600\" height=\"400\" \/><p class=\"wp-caption-text\">L&#8217;ASPETTO DEL MARINA QUANDO SAR\u00e0 ULTIMATO<\/p><\/div>\n<p>Il futuro marina ACI a Fiume, con circa 230 posti barca e molti contenuti, cambier\u00e0 completamente la visione della citt\u00e0 di Fiume e l&#8217;offerta turistica dell&#8217;intera regione del Quarnero e della Repubblica di Croazia, e sono previsti pi\u00f9 di 130 nuovi posti di lavoro nel primo fase operativa. La zona Porto Baross, che fino ad ora era inaccessibile ai cittadini, aprir\u00e0 le sue porte e consentir\u00e0 ai cittadini di Fiume e ai suoi visitatori di utilizzare il lungomare, i ristoranti, i negozi e molte altre strutture che contribuiranno notevolmente al miglioramento della vita sociale della citt\u00e0 di Fiume. Oltre ai diportisti, il nuovo marina sar\u00e0 sempre aperto ai cittadini di Fiume e ai loro ospiti. La costruzione del marina ACI a Fiume cambier\u00e0 completamente la visione della citt\u00e0, e Fiume si trasformer\u00e0 da un porto di transito in un centro turistico che attirer\u00e0 i diportisti.<\/p>\n<p>(Foto: Citt\u00e0 di Fiume; visualizzazioni: ACI-GITONE)<\/p>\n<div id='gallery-2' class='gallery galleryid-18751 gallery-columns-3 gallery-size-thumbnail'><dl class='gallery-item'>\n            <dt class='gallery-icon landscape'>\n                <a href='https:\/\/www.rijeka.hr\/it\/wp-content\/uploads\/sites\/3\/2023\/06\/ACI-marina-Rijeka_Render-250x250.jpg' title=\"\" data-rl_title=\"\" class=\"rl-gallery-link\" data-rl_caption=\"\" data-rel=\"lightbox-gallery-2\"><img loading=\"lazy\" decoding=\"async\" width=\"250\" height=\"250\" src=\"https:\/\/www.rijeka.hr\/it\/wp-content\/uploads\/sites\/3\/2023\/06\/ACI-marina-Rijeka_Render-250x250.jpg\" class=\"attachment-thumbnail size-thumbnail\" alt=\"\" srcset=\"https:\/\/www.rijeka.hr\/it\/wp-content\/uploads\/sites\/3\/2023\/06\/ACI-marina-Rijeka_Render-250x250.jpg 250w, https:\/\/www.rijeka.hr\/it\/wp-content\/uploads\/sites\/3\/2023\/06\/ACI-marina-Rijeka_Render-250x250-200x200.jpg 200w\" sizes=\"(max-width: 250px) 100vw, 250px\" \/><\/a>\n            <\/dt><\/dl><dl class='gallery-item'>\n            <dt class='gallery-icon landscape'>\n                <a href='https:\/\/www.rijeka.hr\/it\/wp-content\/uploads\/sites\/3\/2023\/06\/ACI-marina-Rijeka_Render-6-250x250.jpg' title=\"\" data-rl_title=\"\" class=\"rl-gallery-link\" data-rl_caption=\"\" data-rel=\"lightbox-gallery-2\"><img loading=\"lazy\" decoding=\"async\" width=\"250\" height=\"250\" src=\"https:\/\/www.rijeka.hr\/it\/wp-content\/uploads\/sites\/3\/2023\/06\/ACI-marina-Rijeka_Render-6-250x250.jpg\" class=\"attachment-thumbnail size-thumbnail\" alt=\"\" srcset=\"https:\/\/www.rijeka.hr\/it\/wp-content\/uploads\/sites\/3\/2023\/06\/ACI-marina-Rijeka_Render-6-250x250.jpg 250w, https:\/\/www.rijeka.hr\/it\/wp-content\/uploads\/sites\/3\/2023\/06\/ACI-marina-Rijeka_Render-6-250x250-200x200.jpg 200w\" sizes=\"(max-width: 250px) 100vw, 250px\" \/><\/a>\n            <\/dt><\/dl><dl class='gallery-item'>\n            <dt class='gallery-icon landscape'>\n                <a href='https:\/\/www.rijeka.hr\/it\/wp-content\/uploads\/sites\/3\/2023\/06\/ACI-marina-Rijeka_Render-4-250x250.jpg' title=\"\" data-rl_title=\"\" class=\"rl-gallery-link\" data-rl_caption=\"\" data-rel=\"lightbox-gallery-2\"><img loading=\"lazy\" decoding=\"async\" width=\"250\" height=\"250\" src=\"https:\/\/www.rijeka.hr\/it\/wp-content\/uploads\/sites\/3\/2023\/06\/ACI-marina-Rijeka_Render-4-250x250.jpg\" class=\"attachment-thumbnail size-thumbnail\" alt=\"\" srcset=\"https:\/\/www.rijeka.hr\/it\/wp-content\/uploads\/sites\/3\/2023\/06\/ACI-marina-Rijeka_Render-4-250x250.jpg 250w, https:\/\/www.rijeka.hr\/it\/wp-content\/uploads\/sites\/3\/2023\/06\/ACI-marina-Rijeka_Render-4-250x250-200x200.jpg 200w\" sizes=\"(max-width: 250px) 100vw, 250px\" \/><\/a>\n            <\/dt><\/dl><br style=\"clear: both\" \/><dl class='gallery-item'>\n            <dt class='gallery-icon landscape'>\n                <a href='https:\/\/www.rijeka.hr\/it\/wp-content\/uploads\/sites\/3\/2023\/06\/ACI-marina-Rijeka_Render-3-250x250.jpg' title=\"\" data-rl_title=\"\" class=\"rl-gallery-link\" data-rl_caption=\"\" data-rel=\"lightbox-gallery-2\"><img loading=\"lazy\" decoding=\"async\" width=\"250\" height=\"250\" src=\"https:\/\/www.rijeka.hr\/it\/wp-content\/uploads\/sites\/3\/2023\/06\/ACI-marina-Rijeka_Render-3-250x250.jpg\" class=\"attachment-thumbnail size-thumbnail\" alt=\"\" srcset=\"https:\/\/www.rijeka.hr\/it\/wp-content\/uploads\/sites\/3\/2023\/06\/ACI-marina-Rijeka_Render-3-250x250.jpg 250w, https:\/\/www.rijeka.hr\/it\/wp-content\/uploads\/sites\/3\/2023\/06\/ACI-marina-Rijeka_Render-3-250x250-200x200.jpg 200w\" sizes=\"(max-width: 250px) 100vw, 250px\" \/><\/a>\n            <\/dt><\/dl><dl class='gallery-item'>\n            <dt class='gallery-icon landscape'>\n                <a href='https:\/\/www.rijeka.hr\/it\/wp-content\/uploads\/sites\/3\/2023\/06\/ACI-marina-Rijeka_Render-2-250x250.jpg' title=\"\" data-rl_title=\"\" class=\"rl-gallery-link\" data-rl_caption=\"\" data-rel=\"lightbox-gallery-2\"><img loading=\"lazy\" decoding=\"async\" width=\"250\" height=\"250\" src=\"https:\/\/www.rijeka.hr\/it\/wp-content\/uploads\/sites\/3\/2023\/06\/ACI-marina-Rijeka_Render-2-250x250.jpg\" class=\"attachment-thumbnail size-thumbnail\" alt=\"\" srcset=\"https:\/\/www.rijeka.hr\/it\/wp-content\/uploads\/sites\/3\/2023\/06\/ACI-marina-Rijeka_Render-2-250x250.jpg 250w, https:\/\/www.rijeka.hr\/it\/wp-content\/uploads\/sites\/3\/2023\/06\/ACI-marina-Rijeka_Render-2-250x250-200x200.jpg 200w\" sizes=\"(max-width: 250px) 100vw, 250px\" \/><\/a>\n            <\/dt><\/dl><dl class='gallery-item'>\n            <dt class='gallery-icon landscape'>\n                <a href='https:\/\/www.rijeka.hr\/it\/wp-content\/uploads\/sites\/3\/2023\/06\/ACI-marina-Rijeka_Render-1-250x250.jpg' title=\"\" data-rl_title=\"\" class=\"rl-gallery-link\" data-rl_caption=\"\" data-rel=\"lightbox-gallery-2\"><img loading=\"lazy\" decoding=\"async\" width=\"250\" height=\"250\" src=\"https:\/\/www.rijeka.hr\/it\/wp-content\/uploads\/sites\/3\/2023\/06\/ACI-marina-Rijeka_Render-1-250x250.jpg\" class=\"attachment-thumbnail size-thumbnail\" alt=\"\" srcset=\"https:\/\/www.rijeka.hr\/it\/wp-content\/uploads\/sites\/3\/2023\/06\/ACI-marina-Rijeka_Render-1-250x250.jpg 250w, https:\/\/www.rijeka.hr\/it\/wp-content\/uploads\/sites\/3\/2023\/06\/ACI-marina-Rijeka_Render-1-250x250-200x200.jpg 200w\" sizes=\"(max-width: 250px) 100vw, 250px\" \/><\/a>\n            <\/dt><\/dl><br style=\"clear: both\" \/>\n        <\/div>\n\n","protected":false},"excerpt":{"rendered":"<p>La solenne consegna del contratto di concessione e l&#8217;apertura ai cittadini delle porte del futuro marina ha segnato l&#8217;inizio della realizzazione del progetto relativo alla costruzione del futuro marina ACI in Porto Baross.<\/p>\n","protected":false},"author":8,"featured_media":18754,"comment_status":"open","ping_status":"open","sticky":false,"template":"","format":"standard","meta":{"_acf_changed":false,"_trash_the_other_posts":false,"footnotes":"","_links_to":"","_links_to_target":""},"categories":[976],"tags":[1195,2413,2412,696],"class_list":["post-18751","post","type-post","status-publish","format-standard","has-post-thumbnail","hentry","category-articoli","tag-contratto-di-concessione","tag-diportisti","tag-marina-aci","tag-porto-baross"],"acf":[],"yoast_head":"<!-- This site is optimized with the Yoast SEO plugin v24.4 - https:\/\/yoast.com\/wordpress\/plugins\/seo\/ -->\n<title>La solenne consegna del contratto di concessione ha segnato l&#039;inizio della realizzazione del futuro marina ACI in Porto Baross - Citt\u00e0 di Fiume<\/title>\n<meta name=\"robots\" content=\"index, follow, max-snippet:-1, max-image-preview:large, max-video-preview:-1\" \/>\n<link rel=\"canonical\" href=\"https:\/\/www.rijeka.hr\/it\/la-solenne-consegna-del-contratto-di-concessione-ha-segnato-linizio-della-realizzazione-del-futuro-marina-aci-porto-baross\/\" \/>\n<meta property=\"og:locale\" content=\"it_IT\" \/>\n<meta property=\"og:type\" content=\"article\" \/>\n<meta property=\"og:title\" content=\"La solenne consegna del contratto di concessione ha segnato l&#039;inizio della realizzazione del futuro marina ACI in Porto Baross - Citt\u00e0 di Fiume\" \/>\n<meta property=\"og:description\" content=\"La solenne consegna del contratto di concessione e l&#039;apertura ai cittadini delle porte del futuro marina ha segnato l&#039;inizio della realizzazione del progetto relativo alla costruzione del futuro marina ACI in Porto Baross.\" \/>\n<meta property=\"og:url\" content=\"https:\/\/www.rijeka.hr\/it\/la-solenne-consegna-del-contratto-di-concessione-ha-segnato-linizio-della-realizzazione-del-futuro-marina-aci-porto-baross\/\" \/>\n<meta property=\"og:site_name\" content=\"Citt\u00e0 di Fiume\" \/>\n<meta property=\"article:published_time\" content=\"2023-06-07T11:06:57+00:00\" \/>\n<meta property=\"article:modified_time\" content=\"2023-06-09T11:19:38+00:00\" \/>\n<meta property=\"og:image\" content=\"https:\/\/www.rijeka.hr\/it\/wp-content\/uploads\/sites\/3\/2023\/06\/Uru\u010denje-Ugovora-o-koncesiji-za-izgradnju-luke-nauti\u010dkog-turizma-Porto-Baro\u0161-7-900x600.jpg\" \/>\n\t<meta property=\"og:image:width\" content=\"900\" \/>\n\t<meta property=\"og:image:height\" content=\"600\" \/>\n\t<meta property=\"og:image:type\" content=\"image\/jpeg\" \/>\n<meta name=\"author\" content=\"sradovic\" \/>\n<meta name=\"twitter:card\" content=\"summary_large_image\" \/>\n<meta name=\"twitter:label1\" content=\"Written by\" \/>\n\t<meta name=\"twitter:data1\" content=\"sradovic\" \/>\n\t<meta name=\"twitter:label2\" content=\"Est. reading time\" \/>\n\t<meta name=\"twitter:data2\" content=\"3 minutes\" \/>\n<script type=\"application\/ld+json\" class=\"yoast-schema-graph\">{\"@context\":\"https:\/\/schema.org\",\"@graph\":[{\"@type\":\"WebPage\",\"@id\":\"https:\/\/www.rijeka.hr\/it\/la-solenne-consegna-del-contratto-di-concessione-ha-segnato-linizio-della-realizzazione-del-futuro-marina-aci-porto-baross\/\",\"url\":\"https:\/\/www.rijeka.hr\/it\/la-solenne-consegna-del-contratto-di-concessione-ha-segnato-linizio-della-realizzazione-del-futuro-marina-aci-porto-baross\/\",\"name\":\"La solenne consegna del contratto di concessione ha segnato l'inizio della realizzazione del futuro marina ACI in Porto Baross - Citt\u00e0 di Fiume\",\"isPartOf\":{\"@id\":\"https:\/\/www.rijeka.hr\/it\/#website\"},\"primaryImageOfPage\":{\"@id\":\"https:\/\/www.rijeka.hr\/it\/la-solenne-consegna-del-contratto-di-concessione-ha-segnato-linizio-della-realizzazione-del-futuro-marina-aci-porto-baross\/#primaryimage\"},\"image\":{\"@id\":\"https:\/\/www.rijeka.hr\/it\/la-solenne-consegna-del-contratto-di-concessione-ha-segnato-linizio-della-realizzazione-del-futuro-marina-aci-porto-baross\/#primaryimage\"},\"thumbnailUrl\":\"https:\/\/www.rijeka.hr\/it\/wp-content\/uploads\/sites\/3\/2023\/06\/Uru\u010denje-Ugovora-o-koncesiji-za-izgradnju-luke-nauti\u010dkog-turizma-Porto-Baro\u0161-7-900x600.jpg\",\"datePublished\":\"2023-06-07T11:06:57+00:00\",\"dateModified\":\"2023-06-09T11:19:38+00:00\",\"author\":{\"@id\":\"https:\/\/www.rijeka.hr\/it\/#\/schema\/person\/f944eacc70b6a69bc142d9389862b37b\"},\"breadcrumb\":{\"@id\":\"https:\/\/www.rijeka.hr\/it\/la-solenne-consegna-del-contratto-di-concessione-ha-segnato-linizio-della-realizzazione-del-futuro-marina-aci-porto-baross\/#breadcrumb\"},\"inLanguage\":\"it-IT\",\"potentialAction\":[{\"@type\":\"ReadAction\",\"target\":[\"https:\/\/www.rijeka.hr\/it\/la-solenne-consegna-del-contratto-di-concessione-ha-segnato-linizio-della-realizzazione-del-futuro-marina-aci-porto-baross\/\"]}]},{\"@type\":\"ImageObject\",\"inLanguage\":\"it-IT\",\"@id\":\"https:\/\/www.rijeka.hr\/it\/la-solenne-consegna-del-contratto-di-concessione-ha-segnato-linizio-della-realizzazione-del-futuro-marina-aci-porto-baross\/#primaryimage\",\"url\":\"https:\/\/www.rijeka.hr\/it\/wp-content\/uploads\/sites\/3\/2023\/06\/Uru\u010denje-Ugovora-o-koncesiji-za-izgradnju-luke-nauti\u010dkog-turizma-Porto-Baro\u0161-7-900x600.jpg\",\"contentUrl\":\"https:\/\/www.rijeka.hr\/it\/wp-content\/uploads\/sites\/3\/2023\/06\/Uru\u010denje-Ugovora-o-koncesiji-za-izgradnju-luke-nauti\u010dkog-turizma-Porto-Baro\u0161-7-900x600.jpg\",\"width\":900,\"height\":600},{\"@type\":\"BreadcrumbList\",\"@id\":\"https:\/\/www.rijeka.hr\/it\/la-solenne-consegna-del-contratto-di-concessione-ha-segnato-linizio-della-realizzazione-del-futuro-marina-aci-porto-baross\/#breadcrumb\",\"itemListElement\":[{\"@type\":\"ListItem\",\"position\":1,\"name\":\"Po\u010detna stranica\",\"item\":\"https:\/\/www.rijeka.hr\/it\/\"},{\"@type\":\"ListItem\",\"position\":2,\"name\":\"La solenne consegna del contratto di concessione ha segnato l&#8217;inizio della realizzazione del futuro marina ACI in Porto Baross\"}]},{\"@type\":\"WebSite\",\"@id\":\"https:\/\/www.rijeka.hr\/it\/#website\",\"url\":\"https:\/\/www.rijeka.hr\/it\/\",\"name\":\"Citt\u00e0 di Fiume\",\"description\":\"Portale web della Citta&#039; di Fiume\",\"potentialAction\":[{\"@type\":\"SearchAction\",\"target\":{\"@type\":\"EntryPoint\",\"urlTemplate\":\"https:\/\/www.rijeka.hr\/it\/?s={search_term_string}\"},\"query-input\":{\"@type\":\"PropertyValueSpecification\",\"valueRequired\":true,\"valueName\":\"search_term_string\"}}],\"inLanguage\":\"it-IT\"},{\"@type\":\"Person\",\"@id\":\"https:\/\/www.rijeka.hr\/it\/#\/schema\/person\/f944eacc70b6a69bc142d9389862b37b\",\"name\":\"sradovic\",\"image\":{\"@type\":\"ImageObject\",\"inLanguage\":\"it-IT\",\"@id\":\"https:\/\/www.rijeka.hr\/it\/#\/schema\/person\/image\/\",\"url\":\"https:\/\/secure.gravatar.com\/avatar\/d438b95983d528813c6fe2e5812a4188?s=96&d=mm&r=g\",\"contentUrl\":\"https:\/\/secure.gravatar.com\/avatar\/d438b95983d528813c6fe2e5812a4188?s=96&d=mm&r=g\",\"caption\":\"sradovic\"},\"url\":\"https:\/\/www.rijeka.hr\/it\/author\/sradovic\/\"}]}<\/script>\n<!-- \/ Yoast SEO plugin. -->","yoast_head_json":{"title":"La solenne consegna del contratto di concessione ha segnato l'inizio della realizzazione del futuro marina ACI in Porto Baross - Citt\u00e0 di Fiume","robots":{"index":"index","follow":"follow","max-snippet":"max-snippet:-1","max-image-preview":"max-image-preview:large","max-video-preview":"max-video-preview:-1"},"canonical":"https:\/\/www.rijeka.hr\/it\/la-solenne-consegna-del-contratto-di-concessione-ha-segnato-linizio-della-realizzazione-del-futuro-marina-aci-porto-baross\/","og_locale":"it_IT","og_type":"article","og_title":"La solenne consegna del contratto di concessione ha segnato l'inizio della realizzazione del futuro marina ACI in Porto Baross - Citt\u00e0 di Fiume","og_description":"La solenne consegna del contratto di concessione e l'apertura ai cittadini delle porte del futuro marina ha segnato l'inizio della realizzazione del progetto relativo alla costruzione del futuro marina ACI in Porto Baross.","og_url":"https:\/\/www.rijeka.hr\/it\/la-solenne-consegna-del-contratto-di-concessione-ha-segnato-linizio-della-realizzazione-del-futuro-marina-aci-porto-baross\/","og_site_name":"Citt\u00e0 di Fiume","article_published_time":"2023-06-07T11:06:57+00:00","article_modified_time":"2023-06-09T11:19:38+00:00","og_image":[{"width":900,"height":600,"url":"https:\/\/www.rijeka.hr\/it\/wp-content\/uploads\/sites\/3\/2023\/06\/Uru\u010denje-Ugovora-o-koncesiji-za-izgradnju-luke-nauti\u010dkog-turizma-Porto-Baro\u0161-7-900x600.jpg","type":"image\/jpeg"}],"author":"sradovic","twitter_card":"summary_large_image","twitter_misc":{"Written by":"sradovic","Est. reading time":"3 minutes"},"schema":{"@context":"https:\/\/schema.org","@graph":[{"@type":"WebPage","@id":"https:\/\/www.rijeka.hr\/it\/la-solenne-consegna-del-contratto-di-concessione-ha-segnato-linizio-della-realizzazione-del-futuro-marina-aci-porto-baross\/","url":"https:\/\/www.rijeka.hr\/it\/la-solenne-consegna-del-contratto-di-concessione-ha-segnato-linizio-della-realizzazione-del-futuro-marina-aci-porto-baross\/","name":"La solenne consegna del contratto di concessione ha segnato l'inizio della realizzazione del futuro marina ACI in Porto Baross - Citt\u00e0 di Fiume","isPartOf":{"@id":"https:\/\/www.rijeka.hr\/it\/#website"},"primaryImageOfPage":{"@id":"https:\/\/www.rijeka.hr\/it\/la-solenne-consegna-del-contratto-di-concessione-ha-segnato-linizio-della-realizzazione-del-futuro-marina-aci-porto-baross\/#primaryimage"},"image":{"@id":"https:\/\/www.rijeka.hr\/it\/la-solenne-consegna-del-contratto-di-concessione-ha-segnato-linizio-della-realizzazione-del-futuro-marina-aci-porto-baross\/#primaryimage"},"thumbnailUrl":"https:\/\/www.rijeka.hr\/it\/wp-content\/uploads\/sites\/3\/2023\/06\/Uru\u010denje-Ugovora-o-koncesiji-za-izgradnju-luke-nauti\u010dkog-turizma-Porto-Baro\u0161-7-900x600.jpg","datePublished":"2023-06-07T11:06:57+00:00","dateModified":"2023-06-09T11:19:38+00:00","author":{"@id":"https:\/\/www.rijeka.hr\/it\/#\/schema\/person\/f944eacc70b6a69bc142d9389862b37b"},"breadcrumb":{"@id":"https:\/\/www.rijeka.hr\/it\/la-solenne-consegna-del-contratto-di-concessione-ha-segnato-linizio-della-realizzazione-del-futuro-marina-aci-porto-baross\/#breadcrumb"},"inLanguage":"it-IT","potentialAction":[{"@type":"ReadAction","target":["https:\/\/www.rijeka.hr\/it\/la-solenne-consegna-del-contratto-di-concessione-ha-segnato-linizio-della-realizzazione-del-futuro-marina-aci-porto-baross\/"]}]},{"@type":"ImageObject","inLanguage":"it-IT","@id":"https:\/\/www.rijeka.hr\/it\/la-solenne-consegna-del-contratto-di-concessione-ha-segnato-linizio-della-realizzazione-del-futuro-marina-aci-porto-baross\/#primaryimage","url":"https:\/\/www.rijeka.hr\/it\/wp-content\/uploads\/sites\/3\/2023\/06\/Uru\u010denje-Ugovora-o-koncesiji-za-izgradnju-luke-nauti\u010dkog-turizma-Porto-Baro\u0161-7-900x600.jpg","contentUrl":"https:\/\/www.rijeka.hr\/it\/wp-content\/uploads\/sites\/3\/2023\/06\/Uru\u010denje-Ugovora-o-koncesiji-za-izgradnju-luke-nauti\u010dkog-turizma-Porto-Baro\u0161-7-900x600.jpg","width":900,"height":600},{"@type":"BreadcrumbList","@id":"https:\/\/www.rijeka.hr\/it\/la-solenne-consegna-del-contratto-di-concessione-ha-segnato-linizio-della-realizzazione-del-futuro-marina-aci-porto-baross\/#breadcrumb","itemListElement":[{"@type":"ListItem","position":1,"name":"Po\u010detna stranica","item":"https:\/\/www.rijeka.hr\/it\/"},{"@type":"ListItem","position":2,"name":"La solenne consegna del contratto di concessione ha segnato l&#8217;inizio della realizzazione del futuro marina ACI in Porto Baross"}]},{"@type":"WebSite","@id":"https:\/\/www.rijeka.hr\/it\/#website","url":"https:\/\/www.rijeka.hr\/it\/","name":"Citt\u00e0 di Fiume","description":"Portale web della Citta&#039; di Fiume","potentialAction":[{"@type":"SearchAction","target":{"@type":"EntryPoint","urlTemplate":"https:\/\/www.rijeka.hr\/it\/?s={search_term_string}"},"query-input":{"@type":"PropertyValueSpecification","valueRequired":true,"valueName":"search_term_string"}}],"inLanguage":"it-IT"},{"@type":"Person","@id":"https:\/\/www.rijeka.hr\/it\/#\/schema\/person\/f944eacc70b6a69bc142d9389862b37b","name":"sradovic","image":{"@type":"ImageObject","inLanguage":"it-IT","@id":"https:\/\/www.rijeka.hr\/it\/#\/schema\/person\/image\/","url":"https:\/\/secure.gravatar.com\/avatar\/d438b95983d528813c6fe2e5812a4188?s=96&d=mm&r=g","contentUrl":"https:\/\/secure.gravatar.com\/avatar\/d438b95983d528813c6fe2e5812a4188?s=96&d=mm&r=g","caption":"sradovic"},"url":"https:\/\/www.rijeka.hr\/it\/author\/sradovic\/"}]}},"_links":{"self":[{"href":"https:\/\/www.rijeka.hr\/it\/wp-json\/wp\/v2\/posts\/18751","targetHints":{"allow":["GET"]}}],"collection":[{"href":"https:\/\/www.rijeka.hr\/it\/wp-json\/wp\/v2\/posts"}],"about":[{"href":"https:\/\/www.rijeka.hr\/it\/wp-json\/wp\/v2\/types\/post"}],"author":[{"embeddable":true,"href":"https:\/\/www.rijeka.hr\/it\/wp-json\/wp\/v2\/users\/8"}],"replies":[{"embeddable":true,"href":"https:\/\/www.rijeka.hr\/it\/wp-json\/wp\/v2\/comments?post=18751"}],"version-history":[{"count":3,"href":"https:\/\/www.rijeka.hr\/it\/wp-json\/wp\/v2\/posts\/18751\/revisions"}],"predecessor-version":[{"id":18768,"href":"https:\/\/www.rijeka.hr\/it\/wp-json\/wp\/v2\/posts\/18751\/revisions\/18768"}],"wp:featuredmedia":[{"embeddable":true,"href":"https:\/\/www.rijeka.hr\/it\/wp-json\/wp\/v2\/media\/18754"}],"wp:attachment":[{"href":"https:\/\/www.rijeka.hr\/it\/wp-json\/wp\/v2\/media?parent=18751"}],"wp:term":[{"taxonomy":"category","embeddable":true,"href":"https:\/\/www.rijeka.hr\/it\/wp-json\/wp\/v2\/categories?post=18751"},{"taxonomy":"post_tag","embeddable":true,"href":"https:\/\/www.rijeka.hr\/it\/wp-json\/wp\/v2\/tags?post=18751"}],"curies":[{"name":"wp","href":"https:\/\/api.w.org\/{rel}","templated":true}]}}