{"id":19181,"date":"2024-09-04T13:30:43","date_gmt":"2024-09-04T11:30:43","guid":{"rendered":"https:\/\/www.rijeka.hr\/it\/?p=19181"},"modified":"2025-01-21T11:46:45","modified_gmt":"2025-01-21T10:46:45","slug":"sostegno-al-programma-di-riabilitazione-per-gli-alunni-nello-spettro-autistico","status":"publish","type":"post","link":"https:\/\/www.rijeka.hr\/it\/sostegno-al-programma-di-riabilitazione-per-gli-alunni-nello-spettro-autistico\/","title":{"rendered":"Sostegno al programma di riabilitazione per gli alunni nello spettro autistico"},"content":{"rendered":"<p>La Citt\u00e0 di Fiume finanzia un ulteriore educatore riabilitatore presso il Centro dal 2022, con l\u2019obiettivo di realizzare programmi di riabilitazione con alunni nello spettro autistico che frequentano le scuole elementari ordinarie e le istituzioni prescolari ordinarie. Attualmente, nelle scuole elementari di Fiume sono stati identificati 30 alunni i quali avrebbero bisogno di partecipare al programma di riabilitazione di cui sopra. Oltre agli alunni gi\u00e0 inclusi nelle scuole elementari, il piano prevede di includere anche cinque bambini in et\u00e0 prescolare che, nell\u2019anno in corso, si stanno preparando per l\u2019iscrizione a scuola. In questo modo, i futuri alunni di prima elementare saranno tempestivamente valutati e indirizzati al sistema educativo adeguato. Per tale scopo, nel prossimo anno scolastico verranno destinati 30.000 euro dal bilancio cittadino.<\/p>\n<h3>Finanziamento del lavoro straordinario dei logopedisti presso il Centro logopedico dell\u2019Universit\u00e0 di Fiume<\/h3>\n<p>Fino all\u2019assunzione di un logopedista che lavori con i bambini in et\u00e0 prescolare presso il Centro logopedico dell\u2019Universit\u00e0 di Fiume, la Citt\u00e0 di Fiume finanzier\u00e0, fino alla fine dell\u2019anno, il lavoro straordinario di una dipendente gi\u00e0 impiegata. Considerato il fatto che la mancanza di logopedisti \u00e8 presente anche negli asili di Fiume, uno dei risultati della pianificazione strategica della Citt\u00e0 di Fiume in questo settore \u00e8 rappresentato dall\u2019accettazione del finanziamento del lavoro dei logopedisti presso il Centro logopedico, i quali lavorano con i bambini in et\u00e0 prescolare residenti nel territorio della Citt\u00e0 di Fiume. A tal fine, nel Bilancio della Citt\u00e0 di Fiume sono stati stanziati fondi per un totale di 25.500,00 euro per lo stipendio lordo, i contributi, i costi di trasporto e altri diritti materiali di un logopedista che lavori con i bambini di Fiume.<\/p>\n<p>Tuttavia, dato il ripetuto fallimento del bando di concorso per l\u2019assunzione di logopedisti nell\u2019anno passato, a causa della carenza di questa professione sul mercato del lavoro, l\u2019Universit\u00e0 ha proposto che un\u2019assistente gi\u00e0 impiegata presso l\u2019Universit\u00e0 di Fiume, al Corso di logopedia, svolga tali servizi in regime di lavoro straordinario.<\/p>\n<h3>Consiglio dei giovani su Tik Tok<\/h3>\n<p>Il Consiglio dei giovani della Citt\u00e0 di Fiume avr\u00e0 un profilo sul social network TikTok. L\u2019introduzione di questo ulteriore canale mediatico di comunicazione con i giovani dovrebbe influenzare in modo significativo l\u2019informazione e la partecipazione dei giovani a diversi contenuti e alla loro creazione, in linea con il Programma per i giovani della Citt\u00e0 di Fiume per il periodo 2023-2030.<\/p>\n<p>Il sindaco ha deciso di concedere il consenso preliminare alla societ\u00e0 municipalizzata Autotrolej riguardo al Listino prezzi della struttura tariffaria del servizio di trasporto passeggeri delle linee urbane, con applicazione dal 1\u00ba settembre. Ci\u00f2 significa che il listino prezzi provvisorio, in vigore dal 1\u00ba giugno, rimane valido e che i prezzi degli abbonamenti mensili per il mese di settembre 2024 rimarranno ridotti del 25%.<\/p>\n","protected":false},"excerpt":{"rendered":"<p>La Citt\u00e0 di Fiume (Rijeka) finanzier\u00e0 anche per l\u2019anno scolastico 2024\/2025 il lavoro di un collaboratore esperto \u2013 un educatore riabilitatore \u2013 presso il Centro per l\u2019autismo di Fiume, come deciso durante l\u201989\u00ba collegio del sindaco.<\/p>\n","protected":false},"author":8,"featured_media":19183,"comment_status":"open","ping_status":"open","sticky":false,"template":"","format":"standard","meta":{"_acf_changed":false,"_trash_the_other_posts":false,"footnotes":"","_links_to":"","_links_to_target":""},"categories":[416],"tags":[],"class_list":["post-19181","post","type-post","status-publish","format-standard","has-post-thumbnail","hentry","category-collegio-del-sindaco"],"acf":[],"yoast_head":"<!-- This site is optimized with the Yoast SEO plugin v24.4 - https:\/\/yoast.com\/wordpress\/plugins\/seo\/ -->\n<title>Sostegno al programma di riabilitazione per gli alunni nello spettro autistico - Citt\u00e0 di Fiume<\/title>\n<meta name=\"robots\" content=\"index, follow, max-snippet:-1, max-image-preview:large, max-video-preview:-1\" \/>\n<link rel=\"canonical\" href=\"https:\/\/www.rijeka.hr\/it\/sostegno-al-programma-di-riabilitazione-per-gli-alunni-nello-spettro-autistico\/\" \/>\n<meta property=\"og:locale\" content=\"it_IT\" \/>\n<meta property=\"og:type\" content=\"article\" \/>\n<meta property=\"og:title\" content=\"Sostegno al programma di riabilitazione per gli alunni nello spettro autistico - Citt\u00e0 di Fiume\" \/>\n<meta property=\"og:description\" content=\"La Citt\u00e0 di Fiume (Rijeka) finanzier\u00e0 anche per l\u2019anno scolastico 2024\/2025 il lavoro di un collaboratore esperto \u2013 un educatore riabilitatore \u2013 presso il Centro per l\u2019autismo di Fiume, come deciso durante l\u201989\u00ba collegio del sindaco.\" \/>\n<meta property=\"og:url\" content=\"https:\/\/www.rijeka.hr\/it\/sostegno-al-programma-di-riabilitazione-per-gli-alunni-nello-spettro-autistico\/\" \/>\n<meta property=\"og:site_name\" content=\"Citt\u00e0 di Fiume\" \/>\n<meta property=\"article:published_time\" content=\"2024-09-04T11:30:43+00:00\" \/>\n<meta property=\"article:modified_time\" content=\"2025-01-21T10:46:45+00:00\" \/>\n<meta property=\"og:image\" content=\"https:\/\/www.rijeka.hr\/it\/wp-content\/uploads\/sites\/3\/2024\/09\/Sostegno-al-programma-di-riabilitazione-per-gli-alunni-nello-spettro-autistico.jpg\" \/>\n\t<meta property=\"og:image:width\" content=\"900\" \/>\n\t<meta property=\"og:image:height\" content=\"600\" \/>\n\t<meta property=\"og:image:type\" content=\"image\/jpeg\" \/>\n<meta name=\"author\" content=\"sradovic\" \/>\n<meta name=\"twitter:card\" content=\"summary_large_image\" \/>\n<meta name=\"twitter:label1\" content=\"Written by\" \/>\n\t<meta name=\"twitter:data1\" content=\"sradovic\" \/>\n\t<meta name=\"twitter:label2\" content=\"Est. reading time\" \/>\n\t<meta name=\"twitter:data2\" content=\"2 minutes\" \/>\n<script type=\"application\/ld+json\" class=\"yoast-schema-graph\">{\"@context\":\"https:\/\/schema.org\",\"@graph\":[{\"@type\":\"WebPage\",\"@id\":\"https:\/\/www.rijeka.hr\/it\/sostegno-al-programma-di-riabilitazione-per-gli-alunni-nello-spettro-autistico\/\",\"url\":\"https:\/\/www.rijeka.hr\/it\/sostegno-al-programma-di-riabilitazione-per-gli-alunni-nello-spettro-autistico\/\",\"name\":\"Sostegno al programma di riabilitazione per gli alunni nello spettro autistico - Citt\u00e0 di Fiume\",\"isPartOf\":{\"@id\":\"https:\/\/www.rijeka.hr\/it\/#website\"},\"primaryImageOfPage\":{\"@id\":\"https:\/\/www.rijeka.hr\/it\/sostegno-al-programma-di-riabilitazione-per-gli-alunni-nello-spettro-autistico\/#primaryimage\"},\"image\":{\"@id\":\"https:\/\/www.rijeka.hr\/it\/sostegno-al-programma-di-riabilitazione-per-gli-alunni-nello-spettro-autistico\/#primaryimage\"},\"thumbnailUrl\":\"https:\/\/www.rijeka.hr\/it\/wp-content\/uploads\/sites\/3\/2024\/09\/Sostegno-al-programma-di-riabilitazione-per-gli-alunni-nello-spettro-autistico.jpg\",\"datePublished\":\"2024-09-04T11:30:43+00:00\",\"dateModified\":\"2025-01-21T10:46:45+00:00\",\"author\":{\"@id\":\"https:\/\/www.rijeka.hr\/it\/#\/schema\/person\/f944eacc70b6a69bc142d9389862b37b\"},\"breadcrumb\":{\"@id\":\"https:\/\/www.rijeka.hr\/it\/sostegno-al-programma-di-riabilitazione-per-gli-alunni-nello-spettro-autistico\/#breadcrumb\"},\"inLanguage\":\"it-IT\",\"potentialAction\":[{\"@type\":\"ReadAction\",\"target\":[\"https:\/\/www.rijeka.hr\/it\/sostegno-al-programma-di-riabilitazione-per-gli-alunni-nello-spettro-autistico\/\"]}]},{\"@type\":\"ImageObject\",\"inLanguage\":\"it-IT\",\"@id\":\"https:\/\/www.rijeka.hr\/it\/sostegno-al-programma-di-riabilitazione-per-gli-alunni-nello-spettro-autistico\/#primaryimage\",\"url\":\"https:\/\/www.rijeka.hr\/it\/wp-content\/uploads\/sites\/3\/2024\/09\/Sostegno-al-programma-di-riabilitazione-per-gli-alunni-nello-spettro-autistico.jpg\",\"contentUrl\":\"https:\/\/www.rijeka.hr\/it\/wp-content\/uploads\/sites\/3\/2024\/09\/Sostegno-al-programma-di-riabilitazione-per-gli-alunni-nello-spettro-autistico.jpg\",\"width\":900,\"height\":600,\"caption\":\"Sostegno al programma di riabilitazione per gli alunni nello spettro autistico\"},{\"@type\":\"BreadcrumbList\",\"@id\":\"https:\/\/www.rijeka.hr\/it\/sostegno-al-programma-di-riabilitazione-per-gli-alunni-nello-spettro-autistico\/#breadcrumb\",\"itemListElement\":[{\"@type\":\"ListItem\",\"position\":1,\"name\":\"Po\u010detna stranica\",\"item\":\"https:\/\/www.rijeka.hr\/it\/\"},{\"@type\":\"ListItem\",\"position\":2,\"name\":\"Sostegno al programma di riabilitazione per gli alunni nello spettro autistico\"}]},{\"@type\":\"WebSite\",\"@id\":\"https:\/\/www.rijeka.hr\/it\/#website\",\"url\":\"https:\/\/www.rijeka.hr\/it\/\",\"name\":\"Citt\u00e0 di Fiume\",\"description\":\"Portale web della Citta&#039; di Fiume\",\"potentialAction\":[{\"@type\":\"SearchAction\",\"target\":{\"@type\":\"EntryPoint\",\"urlTemplate\":\"https:\/\/www.rijeka.hr\/it\/?s={search_term_string}\"},\"query-input\":{\"@type\":\"PropertyValueSpecification\",\"valueRequired\":true,\"valueName\":\"search_term_string\"}}],\"inLanguage\":\"it-IT\"},{\"@type\":\"Person\",\"@id\":\"https:\/\/www.rijeka.hr\/it\/#\/schema\/person\/f944eacc70b6a69bc142d9389862b37b\",\"name\":\"sradovic\",\"image\":{\"@type\":\"ImageObject\",\"inLanguage\":\"it-IT\",\"@id\":\"https:\/\/www.rijeka.hr\/it\/#\/schema\/person\/image\/\",\"url\":\"https:\/\/secure.gravatar.com\/avatar\/d438b95983d528813c6fe2e5812a4188?s=96&d=mm&r=g\",\"contentUrl\":\"https:\/\/secure.gravatar.com\/avatar\/d438b95983d528813c6fe2e5812a4188?s=96&d=mm&r=g\",\"caption\":\"sradovic\"},\"url\":\"https:\/\/www.rijeka.hr\/it\/author\/sradovic\/\"}]}<\/script>\n<!-- \/ Yoast SEO plugin. -->","yoast_head_json":{"title":"Sostegno al programma di riabilitazione per gli alunni nello spettro autistico - Citt\u00e0 di Fiume","robots":{"index":"index","follow":"follow","max-snippet":"max-snippet:-1","max-image-preview":"max-image-preview:large","max-video-preview":"max-video-preview:-1"},"canonical":"https:\/\/www.rijeka.hr\/it\/sostegno-al-programma-di-riabilitazione-per-gli-alunni-nello-spettro-autistico\/","og_locale":"it_IT","og_type":"article","og_title":"Sostegno al programma di riabilitazione per gli alunni nello spettro autistico - Citt\u00e0 di Fiume","og_description":"La Citt\u00e0 di Fiume (Rijeka) finanzier\u00e0 anche per l\u2019anno scolastico 2024\/2025 il lavoro di un collaboratore esperto \u2013 un educatore riabilitatore \u2013 presso il Centro per l\u2019autismo di Fiume, come deciso durante l\u201989\u00ba collegio del sindaco.","og_url":"https:\/\/www.rijeka.hr\/it\/sostegno-al-programma-di-riabilitazione-per-gli-alunni-nello-spettro-autistico\/","og_site_name":"Citt\u00e0 di Fiume","article_published_time":"2024-09-04T11:30:43+00:00","article_modified_time":"2025-01-21T10:46:45+00:00","og_image":[{"width":900,"height":600,"url":"https:\/\/www.rijeka.hr\/it\/wp-content\/uploads\/sites\/3\/2024\/09\/Sostegno-al-programma-di-riabilitazione-per-gli-alunni-nello-spettro-autistico.jpg","type":"image\/jpeg"}],"author":"sradovic","twitter_card":"summary_large_image","twitter_misc":{"Written by":"sradovic","Est. reading time":"2 minutes"},"schema":{"@context":"https:\/\/schema.org","@graph":[{"@type":"WebPage","@id":"https:\/\/www.rijeka.hr\/it\/sostegno-al-programma-di-riabilitazione-per-gli-alunni-nello-spettro-autistico\/","url":"https:\/\/www.rijeka.hr\/it\/sostegno-al-programma-di-riabilitazione-per-gli-alunni-nello-spettro-autistico\/","name":"Sostegno al programma di riabilitazione per gli alunni nello spettro autistico - Citt\u00e0 di Fiume","isPartOf":{"@id":"https:\/\/www.rijeka.hr\/it\/#website"},"primaryImageOfPage":{"@id":"https:\/\/www.rijeka.hr\/it\/sostegno-al-programma-di-riabilitazione-per-gli-alunni-nello-spettro-autistico\/#primaryimage"},"image":{"@id":"https:\/\/www.rijeka.hr\/it\/sostegno-al-programma-di-riabilitazione-per-gli-alunni-nello-spettro-autistico\/#primaryimage"},"thumbnailUrl":"https:\/\/www.rijeka.hr\/it\/wp-content\/uploads\/sites\/3\/2024\/09\/Sostegno-al-programma-di-riabilitazione-per-gli-alunni-nello-spettro-autistico.jpg","datePublished":"2024-09-04T11:30:43+00:00","dateModified":"2025-01-21T10:46:45+00:00","author":{"@id":"https:\/\/www.rijeka.hr\/it\/#\/schema\/person\/f944eacc70b6a69bc142d9389862b37b"},"breadcrumb":{"@id":"https:\/\/www.rijeka.hr\/it\/sostegno-al-programma-di-riabilitazione-per-gli-alunni-nello-spettro-autistico\/#breadcrumb"},"inLanguage":"it-IT","potentialAction":[{"@type":"ReadAction","target":["https:\/\/www.rijeka.hr\/it\/sostegno-al-programma-di-riabilitazione-per-gli-alunni-nello-spettro-autistico\/"]}]},{"@type":"ImageObject","inLanguage":"it-IT","@id":"https:\/\/www.rijeka.hr\/it\/sostegno-al-programma-di-riabilitazione-per-gli-alunni-nello-spettro-autistico\/#primaryimage","url":"https:\/\/www.rijeka.hr\/it\/wp-content\/uploads\/sites\/3\/2024\/09\/Sostegno-al-programma-di-riabilitazione-per-gli-alunni-nello-spettro-autistico.jpg","contentUrl":"https:\/\/www.rijeka.hr\/it\/wp-content\/uploads\/sites\/3\/2024\/09\/Sostegno-al-programma-di-riabilitazione-per-gli-alunni-nello-spettro-autistico.jpg","width":900,"height":600,"caption":"Sostegno al programma di riabilitazione per gli alunni nello spettro autistico"},{"@type":"BreadcrumbList","@id":"https:\/\/www.rijeka.hr\/it\/sostegno-al-programma-di-riabilitazione-per-gli-alunni-nello-spettro-autistico\/#breadcrumb","itemListElement":[{"@type":"ListItem","position":1,"name":"Po\u010detna stranica","item":"https:\/\/www.rijeka.hr\/it\/"},{"@type":"ListItem","position":2,"name":"Sostegno al programma di riabilitazione per gli alunni nello spettro autistico"}]},{"@type":"WebSite","@id":"https:\/\/www.rijeka.hr\/it\/#website","url":"https:\/\/www.rijeka.hr\/it\/","name":"Citt\u00e0 di Fiume","description":"Portale web della Citta&#039; di Fiume","potentialAction":[{"@type":"SearchAction","target":{"@type":"EntryPoint","urlTemplate":"https:\/\/www.rijeka.hr\/it\/?s={search_term_string}"},"query-input":{"@type":"PropertyValueSpecification","valueRequired":true,"valueName":"search_term_string"}}],"inLanguage":"it-IT"},{"@type":"Person","@id":"https:\/\/www.rijeka.hr\/it\/#\/schema\/person\/f944eacc70b6a69bc142d9389862b37b","name":"sradovic","image":{"@type":"ImageObject","inLanguage":"it-IT","@id":"https:\/\/www.rijeka.hr\/it\/#\/schema\/person\/image\/","url":"https:\/\/secure.gravatar.com\/avatar\/d438b95983d528813c6fe2e5812a4188?s=96&d=mm&r=g","contentUrl":"https:\/\/secure.gravatar.com\/avatar\/d438b95983d528813c6fe2e5812a4188?s=96&d=mm&r=g","caption":"sradovic"},"url":"https:\/\/www.rijeka.hr\/it\/author\/sradovic\/"}]}},"_links":{"self":[{"href":"https:\/\/www.rijeka.hr\/it\/wp-json\/wp\/v2\/posts\/19181","targetHints":{"allow":["GET"]}}],"collection":[{"href":"https:\/\/www.rijeka.hr\/it\/wp-json\/wp\/v2\/posts"}],"about":[{"href":"https:\/\/www.rijeka.hr\/it\/wp-json\/wp\/v2\/types\/post"}],"author":[{"embeddable":true,"href":"https:\/\/www.rijeka.hr\/it\/wp-json\/wp\/v2\/users\/8"}],"replies":[{"embeddable":true,"href":"https:\/\/www.rijeka.hr\/it\/wp-json\/wp\/v2\/comments?post=19181"}],"version-history":[{"count":2,"href":"https:\/\/www.rijeka.hr\/it\/wp-json\/wp\/v2\/posts\/19181\/revisions"}],"predecessor-version":[{"id":19182,"href":"https:\/\/www.rijeka.hr\/it\/wp-json\/wp\/v2\/posts\/19181\/revisions\/19182"}],"wp:featuredmedia":[{"embeddable":true,"href":"https:\/\/www.rijeka.hr\/it\/wp-json\/wp\/v2\/media\/19183"}],"wp:attachment":[{"href":"https:\/\/www.rijeka.hr\/it\/wp-json\/wp\/v2\/media?parent=19181"}],"wp:term":[{"taxonomy":"category","embeddable":true,"href":"https:\/\/www.rijeka.hr\/it\/wp-json\/wp\/v2\/categories?post=19181"},{"taxonomy":"post_tag","embeddable":true,"href":"https:\/\/www.rijeka.hr\/it\/wp-json\/wp\/v2\/tags?post=19181"}],"curies":[{"name":"wp","href":"https:\/\/api.w.org\/{rel}","templated":true}]}}