{"id":19211,"date":"2024-06-06T12:46:49","date_gmt":"2024-06-06T10:46:49","guid":{"rendered":"https:\/\/www.rijeka.hr\/it\/?p=19211"},"modified":"2024-09-05T12:48:09","modified_gmt":"2024-09-05T10:48:09","slug":"premio-opera-omnia-al-capitano-berislav-vranic","status":"publish","type":"post","link":"https:\/\/www.rijeka.hr\/it\/premio-opera-omnia-al-capitano-berislav-vranic\/","title":{"rendered":"Premio Opera omnia al capitano Berislav Vrani\u0107"},"content":{"rendered":"<p>Dopo una consultazione pubblica, la Commissione per i riconoscimenti pubblici ha proposto di conferire otto premi pubblici per il 2024. La proposta \u00e8 stata sostenuta dal sindaco di Fiume, Marko Filipovi\u0107, e approvata all\u2019unanimit\u00e0 dal Consiglio municipale.<\/p>\n<p>Il vincitore del Premio Opera omnia della Citt\u00e0 di Fiume per il 2024 \u00e8 il capitano Berislav Vrani\u0107, premiato per i suoi straordinari successi professionali e per la promozione della professione marittima a livello globale. Vrani\u0107 ha lavorato a progetti per il trasporto marittimo di merci refrigerate e la logistica dei terminal portuali per merci refrigerate, ha scritto quattro libri tecnici che trattano vari aspetti del trasporto e della gestione delle merci refrigerate su navi specializzate. \u00c8 membro dell\u2019Istituto Nautico di Londra, della Societ\u00e0 Onoraria dei Capitani Marittimi di Londra, dell\u2019Istituto Internazionale dei Periti Marittimi ed \u00e8 Ambasciatore di buona volont\u00e0 dell\u2019Organizzazione Marittima Mondiale. Per il suo contributo al trasporto marittimo di frutta litchi dal Madagascar, gli \u00e8 stato conferito il titolo di \u201cCavaliere dell\u2019Ordine Nazionale della Repubblica del Madagascar\u201d, la pi\u00f9 alta onorificenza della Repubblica del Madagascar.<\/p>\n<p><strong>Cittadini e associazioni meritevoli \u2013 Vincitori di targhe d\u2019oro e premi annuali<\/strong><\/p>\n<p>La Targa d\u2019oro \u201cStemma della Citt\u00e0 di Fiume\u201d \u00e8 stata assegnata a Orijana Pernjak Grbac (postuma) per il suo lungo contributo allo sviluppo e alla promozione della reputazione e degli interessi della Citt\u00e0 di Fiume nel campo dello sport; all\u2019Associazione astronomica accademica di Fiume per la promozione e lo sviluppo dell\u2019astronomia a Fiume e nella Regione litoraneo-montana; alla professoressa Gianna Mazzieri-Sankovi\u0107 per il suo eccezionale contributo alla ricerca scientifica internazionale e alla promozione internazionale del patrimonio letterario e linguistico di Fiume; al Lions Club Fiume \u2013 Korzo per i suoi straordinari risultati nel campo del lavoro umanitario dal 2008 al 2024.<\/p>\n<p>Il Premio Annuale della Citt\u00e0 di Fiume \u00e8 stato assegnato a Niko Cvjetkovi\u0107 per il suo contributo alla costruzione della nuova biblioteca e alla promozione della biblioteconomia di Fiume; a \u017deljko Pendi\u0107 per il suo contributo alla vita culturale e artistica e all\u2019identit\u00e0 urbana della citt\u00e0 di Fiume; a Ervin Pavlekovi\u0107 per il suo eccezionale contributo alla promozione della cultura e della creativit\u00e0 culturale in generale, in particolare alla popolarizzazione dell\u2019arte cinematografica e della critica cinematografica.<\/p>\n<p>La presidente del Consiglio municipale, Ana Tro\u0161elj, si \u00e8 congratulata con tutti i vincitori dei riconoscimenti pubblici, sottolineando che la Commissione ha avuto un compito difficile nel selezionare i vincitori tra i candidati proposti, poich\u00e9 tutti avevano reso merito a Fiume.<\/p>\n<p>I riconoscimenti sono stati consegnati ai vincitori durante la sessione solenne del Consiglio municipale in occasione della Giornata della Citt\u00e0 di Fiume.<\/p>\n<p>&nbsp;<\/p>\n<p><strong>Modifiche al Bilancio della Citt\u00e0 di Fiume per il 2024 e Proiezioni per il 2025 e 2026<\/strong><\/p>\n<p>Il Consiglio municipale ha approvato le prime modifiche al Bilancio della Citt\u00e0 di Fiume per il 2024, con entrate totali di 186,8 milioni di euro e spese totali di 199,4 milioni di euro. Le entrate complessive sono inferiori alle spese di 12,7 milioni di euro, e tale differenza verr\u00e0 compensata con l\u2019eccedenza accumulata degli esercizi precedenti. Il rapporto sull\u2019esecuzione del Bilancio della Citt\u00e0 di Fiume per il 2023 non \u00e8 stato approvato dal Consiglio municipale.<\/p>\n<p><strong>Proposta di rimozione del direttore e dei membri del Consiglio di sorveglianza dell\u2019Autotrolej<\/strong><\/p>\n<p>Su proposta del Gruppo dei Consiglieri di Akcija mladih, Unione del Quarnero, Ma\u0161a Magzan e Iva Rin\u010di\u0107, il Consiglio municipale ha discusso la rimozione del direttore di Autotrolej, Robert Mrv\u010di\u0107, e dei membri del Consiglio di sorveglianza di questa societ\u00e0 municipalizzata. La proposta prevedeva che il sindaco, come rappresentante della Citt\u00e0 di Fiume e presidente dell\u2019Assemblea, convocasse una riunione straordinaria dell\u2019Assemblea dell\u2019Autotrolej per adottare misure urgenti di ripresa dell\u2019azienda e per rimuovere il direttore Robert Mrv\u010di\u0107 e i membri del Consiglio di sorveglianza.<\/p>\n<p>\u201cI consiglieri ritengono necessario intraprendere passi urgenti per rimuovere il direttore e il Consiglio di sorveglianza dell\u2019Autotrolej per proteggere gli interessi della citt\u00e0 di Fiume e dei suoi cittadini. Lo scarso standard dei servizi, la perdita di fiducia da parte dei cittadini e la mancanza di un piano e di efficacia nella gestione della societ\u00e0 comunale indicano chiaramente il fallimento della dirigenza attuale. La mancanza di autisti ha portato a una riduzione delle corse degli autobus sulle linee urbane e suburbane, il che \u00e8 inaccettabile per una societ\u00e0 di trasporto pubblico di importanza cruciale per il funzionamento della citt\u00e0. Questo problema non \u00e8 solo temporaneo, ma indica un fallimento sistemico nella gestione delle risorse umane e nel mantenimento dei servizi regolari. La riduzione delle corse degli autobus e un orario delle corse imprevedibile hanno peggiorato la qualit\u00e0 della vita degli abitanti e portato alla perdita di fiducia dei cittadini nell\u2019Autotrolej. Nonostante l\u2019aumento recente degli stipendi degli autisti, la mancanza di efficienza nella gestione ha portato a una carenza di autisti. Il direttore e il Consiglio di sorveglianza non hanno reagito adeguatamente alle sfide affrontate dall\u2019Autotrolej, n\u00e9 hanno presentato un chiaro piano per risolvere la crisi di mancanza di autisti e mantenimento degli orari degli autobus\u201d, si legge nella proposta del gruppo proponente questa voce all\u2019ordine del giorno.<\/p>\n<p>Il sindaco Filipovi\u0107 ha sottolineato che la ragione principale della situazione attuale nell\u2019Autotrolej \u00e8 la mancanza di autisti, un problema che affrontano tutti i trasportatori pubblici e privati. Ha ricordato le numerose misure proattive adottate, tra cui l\u2019aumento degli stipendi, l\u2019introduzione di incentivi mensili, il reclutamento di 20 autisti dall\u2019estero, l\u2019ingaggio di agenzie di collocamento e attivit\u00e0 di marketing per attrarre autisti.<\/p>\n<p>\u201cL\u2019Assemblea ha incaricato il direttore dell\u2019Autotrolej di attuare misure per stabilizzare l\u2019attivit\u00e0, misure che si prevede portino risultati, conferendogli cos\u00ec la fiducia per continuare a svolgere il ruolo di direttore, quindi la sua rimozione non ha senso. Il Consiglio di sorveglianza della societ\u00e0 agisce in conformit\u00e0 con le proprie competenze, secondo le leggi, e si ritiene anche inutile proporre la revoca dei membri del Consiglio di sorveglianza di questa societ\u00e0 municipalizzata\u201d, ha concluso il sindaco Filipovi\u0107.<\/p>\n<p>Il Consiglio municipale ha respinto la proposta di rimozione del direttore di Autotrolej e del Consiglio di sorveglianza poich\u00e9 i consiglieri di SDP, PGS, IDS, HSU, SDSS e della piattaforma politica Mo\u017eemo! hanno votato contro, mentre i consiglieri di Most e il consigliere indipendente Davor \u0160timac si sono astenuti.<\/p>\n<p><strong>Altre decisioni del Consiglio municipale<\/strong><\/p>\n<p>\u00c8 stato adottato il Programma delle necessit\u00e0 pubbliche nell\u2019educazione prescolare e nella cura dei bambini in et\u00e0 prescolare per l\u2019anno pedagogico 2024\/2025, con un budget di 18.690.178,00 euro.<\/p>\n<p>Goran Gra\u010danin, direttore uscente dell\u2019istituzione cittadina \u201cDom mladih\u201d (Casa dei giovani) di Fiume, \u00e8 stato riconfermato per un nuovo mandato quadriennale.<\/p>\n<p>\u00c8 stata approvata la relazione annuale sull\u2019attivit\u00e0 del Consiglio dei Giovani per il 2023.<\/p>\n<p>Il sindaco Filipovi\u0107 ha ritirato dieci decisioni sull\u2019inclusione di spazi commerciali nell\u2019elenco degli immobili in vendita, indicando che il tema ha suscitato molte discussioni e consultazioni saranno effettuate su ogni spazio specifico con i presidenti dei gruppi dei consiglieri, per decidere quali immobili saranno inclusi in futuro nell\u2019elenco di vendita.<\/p>\n","protected":false},"excerpt":{"rendered":"<p>Il Consiglio municipale ha deciso di assegnare il Premio Opera omnia della Citt\u00e0 di Fiume per il 2024 al capitano Berislav Vrani\u0107.<\/p>\n","protected":false},"author":8,"featured_media":19212,"comment_status":"open","ping_status":"open","sticky":false,"template":"","format":"standard","meta":{"_acf_changed":false,"_trash_the_other_posts":false,"footnotes":"","_links_to":"","_links_to_target":""},"categories":[400,721],"tags":[222,355],"class_list":["post-19211","post","type-post","status-publish","format-standard","has-post-thumbnail","hentry","category-consiglio-cittadino","category-sedute","tag-consiglio-cittadino","tag-sedute-del-consiglio-cittadino"],"acf":[],"yoast_head":"<!-- This site is optimized with the Yoast SEO plugin v24.4 - https:\/\/yoast.com\/wordpress\/plugins\/seo\/ -->\n<title>Premio Opera omnia al capitano Berislav Vrani\u0107 - Citt\u00e0 di Fiume<\/title>\n<meta name=\"robots\" content=\"index, follow, max-snippet:-1, max-image-preview:large, max-video-preview:-1\" \/>\n<link rel=\"canonical\" href=\"https:\/\/www.rijeka.hr\/it\/premio-opera-omnia-al-capitano-berislav-vranic\/\" \/>\n<meta property=\"og:locale\" content=\"it_IT\" \/>\n<meta property=\"og:type\" content=\"article\" \/>\n<meta property=\"og:title\" content=\"Premio Opera omnia al capitano Berislav Vrani\u0107 - Citt\u00e0 di Fiume\" \/>\n<meta property=\"og:description\" content=\"Il Consiglio municipale ha deciso di assegnare il Premio Opera omnia della Citt\u00e0 di Fiume per il 2024 al capitano Berislav Vrani\u0107.\" \/>\n<meta property=\"og:url\" content=\"https:\/\/www.rijeka.hr\/it\/premio-opera-omnia-al-capitano-berislav-vranic\/\" \/>\n<meta property=\"og:site_name\" content=\"Citt\u00e0 di Fiume\" \/>\n<meta property=\"article:published_time\" content=\"2024-06-06T10:46:49+00:00\" \/>\n<meta property=\"article:modified_time\" content=\"2024-09-05T10:48:09+00:00\" \/>\n<meta property=\"og:image\" content=\"https:\/\/www.rijeka.hr\/it\/wp-content\/uploads\/sites\/3\/2024\/09\/Premio-Opera-omnia-al-capitano-Berislav-Vrani\u0107.jpg\" \/>\n\t<meta property=\"og:image:width\" content=\"900\" \/>\n\t<meta property=\"og:image:height\" content=\"600\" \/>\n\t<meta property=\"og:image:type\" content=\"image\/jpeg\" \/>\n<meta name=\"author\" content=\"sradovic\" \/>\n<meta name=\"twitter:card\" content=\"summary_large_image\" \/>\n<meta name=\"twitter:label1\" content=\"Written by\" \/>\n\t<meta name=\"twitter:data1\" content=\"sradovic\" \/>\n\t<meta name=\"twitter:label2\" content=\"Est. reading time\" \/>\n\t<meta name=\"twitter:data2\" content=\"6 minutes\" \/>\n<script type=\"application\/ld+json\" class=\"yoast-schema-graph\">{\"@context\":\"https:\/\/schema.org\",\"@graph\":[{\"@type\":\"WebPage\",\"@id\":\"https:\/\/www.rijeka.hr\/it\/premio-opera-omnia-al-capitano-berislav-vranic\/\",\"url\":\"https:\/\/www.rijeka.hr\/it\/premio-opera-omnia-al-capitano-berislav-vranic\/\",\"name\":\"Premio Opera omnia al capitano Berislav Vrani\u0107 - Citt\u00e0 di Fiume\",\"isPartOf\":{\"@id\":\"https:\/\/www.rijeka.hr\/it\/#website\"},\"primaryImageOfPage\":{\"@id\":\"https:\/\/www.rijeka.hr\/it\/premio-opera-omnia-al-capitano-berislav-vranic\/#primaryimage\"},\"image\":{\"@id\":\"https:\/\/www.rijeka.hr\/it\/premio-opera-omnia-al-capitano-berislav-vranic\/#primaryimage\"},\"thumbnailUrl\":\"https:\/\/www.rijeka.hr\/it\/wp-content\/uploads\/sites\/3\/2024\/09\/Premio-Opera-omnia-al-capitano-Berislav-Vrani\u0107.jpg\",\"datePublished\":\"2024-06-06T10:46:49+00:00\",\"dateModified\":\"2024-09-05T10:48:09+00:00\",\"author\":{\"@id\":\"https:\/\/www.rijeka.hr\/it\/#\/schema\/person\/f944eacc70b6a69bc142d9389862b37b\"},\"breadcrumb\":{\"@id\":\"https:\/\/www.rijeka.hr\/it\/premio-opera-omnia-al-capitano-berislav-vranic\/#breadcrumb\"},\"inLanguage\":\"it-IT\",\"potentialAction\":[{\"@type\":\"ReadAction\",\"target\":[\"https:\/\/www.rijeka.hr\/it\/premio-opera-omnia-al-capitano-berislav-vranic\/\"]}]},{\"@type\":\"ImageObject\",\"inLanguage\":\"it-IT\",\"@id\":\"https:\/\/www.rijeka.hr\/it\/premio-opera-omnia-al-capitano-berislav-vranic\/#primaryimage\",\"url\":\"https:\/\/www.rijeka.hr\/it\/wp-content\/uploads\/sites\/3\/2024\/09\/Premio-Opera-omnia-al-capitano-Berislav-Vrani\u0107.jpg\",\"contentUrl\":\"https:\/\/www.rijeka.hr\/it\/wp-content\/uploads\/sites\/3\/2024\/09\/Premio-Opera-omnia-al-capitano-Berislav-Vrani\u0107.jpg\",\"width\":900,\"height\":600,\"caption\":\"Premio Opera omnia al capitano Berislav Vrani\u0107\"},{\"@type\":\"BreadcrumbList\",\"@id\":\"https:\/\/www.rijeka.hr\/it\/premio-opera-omnia-al-capitano-berislav-vranic\/#breadcrumb\",\"itemListElement\":[{\"@type\":\"ListItem\",\"position\":1,\"name\":\"Po\u010detna stranica\",\"item\":\"https:\/\/www.rijeka.hr\/it\/\"},{\"@type\":\"ListItem\",\"position\":2,\"name\":\"Premio Opera omnia al capitano Berislav Vrani\u0107\"}]},{\"@type\":\"WebSite\",\"@id\":\"https:\/\/www.rijeka.hr\/it\/#website\",\"url\":\"https:\/\/www.rijeka.hr\/it\/\",\"name\":\"Citt\u00e0 di Fiume\",\"description\":\"Portale web della Citta&#039; di Fiume\",\"potentialAction\":[{\"@type\":\"SearchAction\",\"target\":{\"@type\":\"EntryPoint\",\"urlTemplate\":\"https:\/\/www.rijeka.hr\/it\/?s={search_term_string}\"},\"query-input\":{\"@type\":\"PropertyValueSpecification\",\"valueRequired\":true,\"valueName\":\"search_term_string\"}}],\"inLanguage\":\"it-IT\"},{\"@type\":\"Person\",\"@id\":\"https:\/\/www.rijeka.hr\/it\/#\/schema\/person\/f944eacc70b6a69bc142d9389862b37b\",\"name\":\"sradovic\",\"image\":{\"@type\":\"ImageObject\",\"inLanguage\":\"it-IT\",\"@id\":\"https:\/\/www.rijeka.hr\/it\/#\/schema\/person\/image\/\",\"url\":\"https:\/\/secure.gravatar.com\/avatar\/d438b95983d528813c6fe2e5812a4188?s=96&d=mm&r=g\",\"contentUrl\":\"https:\/\/secure.gravatar.com\/avatar\/d438b95983d528813c6fe2e5812a4188?s=96&d=mm&r=g\",\"caption\":\"sradovic\"},\"url\":\"https:\/\/www.rijeka.hr\/it\/author\/sradovic\/\"}]}<\/script>\n<!-- \/ Yoast SEO plugin. -->","yoast_head_json":{"title":"Premio Opera omnia al capitano Berislav Vrani\u0107 - Citt\u00e0 di Fiume","robots":{"index":"index","follow":"follow","max-snippet":"max-snippet:-1","max-image-preview":"max-image-preview:large","max-video-preview":"max-video-preview:-1"},"canonical":"https:\/\/www.rijeka.hr\/it\/premio-opera-omnia-al-capitano-berislav-vranic\/","og_locale":"it_IT","og_type":"article","og_title":"Premio Opera omnia al capitano Berislav Vrani\u0107 - Citt\u00e0 di Fiume","og_description":"Il Consiglio municipale ha deciso di assegnare il Premio Opera omnia della Citt\u00e0 di Fiume per il 2024 al capitano Berislav Vrani\u0107.","og_url":"https:\/\/www.rijeka.hr\/it\/premio-opera-omnia-al-capitano-berislav-vranic\/","og_site_name":"Citt\u00e0 di Fiume","article_published_time":"2024-06-06T10:46:49+00:00","article_modified_time":"2024-09-05T10:48:09+00:00","og_image":[{"width":900,"height":600,"url":"https:\/\/www.rijeka.hr\/it\/wp-content\/uploads\/sites\/3\/2024\/09\/Premio-Opera-omnia-al-capitano-Berislav-Vrani\u0107.jpg","type":"image\/jpeg"}],"author":"sradovic","twitter_card":"summary_large_image","twitter_misc":{"Written by":"sradovic","Est. reading time":"6 minutes"},"schema":{"@context":"https:\/\/schema.org","@graph":[{"@type":"WebPage","@id":"https:\/\/www.rijeka.hr\/it\/premio-opera-omnia-al-capitano-berislav-vranic\/","url":"https:\/\/www.rijeka.hr\/it\/premio-opera-omnia-al-capitano-berislav-vranic\/","name":"Premio Opera omnia al capitano Berislav Vrani\u0107 - Citt\u00e0 di Fiume","isPartOf":{"@id":"https:\/\/www.rijeka.hr\/it\/#website"},"primaryImageOfPage":{"@id":"https:\/\/www.rijeka.hr\/it\/premio-opera-omnia-al-capitano-berislav-vranic\/#primaryimage"},"image":{"@id":"https:\/\/www.rijeka.hr\/it\/premio-opera-omnia-al-capitano-berislav-vranic\/#primaryimage"},"thumbnailUrl":"https:\/\/www.rijeka.hr\/it\/wp-content\/uploads\/sites\/3\/2024\/09\/Premio-Opera-omnia-al-capitano-Berislav-Vrani\u0107.jpg","datePublished":"2024-06-06T10:46:49+00:00","dateModified":"2024-09-05T10:48:09+00:00","author":{"@id":"https:\/\/www.rijeka.hr\/it\/#\/schema\/person\/f944eacc70b6a69bc142d9389862b37b"},"breadcrumb":{"@id":"https:\/\/www.rijeka.hr\/it\/premio-opera-omnia-al-capitano-berislav-vranic\/#breadcrumb"},"inLanguage":"it-IT","potentialAction":[{"@type":"ReadAction","target":["https:\/\/www.rijeka.hr\/it\/premio-opera-omnia-al-capitano-berislav-vranic\/"]}]},{"@type":"ImageObject","inLanguage":"it-IT","@id":"https:\/\/www.rijeka.hr\/it\/premio-opera-omnia-al-capitano-berislav-vranic\/#primaryimage","url":"https:\/\/www.rijeka.hr\/it\/wp-content\/uploads\/sites\/3\/2024\/09\/Premio-Opera-omnia-al-capitano-Berislav-Vrani\u0107.jpg","contentUrl":"https:\/\/www.rijeka.hr\/it\/wp-content\/uploads\/sites\/3\/2024\/09\/Premio-Opera-omnia-al-capitano-Berislav-Vrani\u0107.jpg","width":900,"height":600,"caption":"Premio Opera omnia al capitano Berislav Vrani\u0107"},{"@type":"BreadcrumbList","@id":"https:\/\/www.rijeka.hr\/it\/premio-opera-omnia-al-capitano-berislav-vranic\/#breadcrumb","itemListElement":[{"@type":"ListItem","position":1,"name":"Po\u010detna stranica","item":"https:\/\/www.rijeka.hr\/it\/"},{"@type":"ListItem","position":2,"name":"Premio Opera omnia al capitano Berislav Vrani\u0107"}]},{"@type":"WebSite","@id":"https:\/\/www.rijeka.hr\/it\/#website","url":"https:\/\/www.rijeka.hr\/it\/","name":"Citt\u00e0 di Fiume","description":"Portale web della Citta&#039; di Fiume","potentialAction":[{"@type":"SearchAction","target":{"@type":"EntryPoint","urlTemplate":"https:\/\/www.rijeka.hr\/it\/?s={search_term_string}"},"query-input":{"@type":"PropertyValueSpecification","valueRequired":true,"valueName":"search_term_string"}}],"inLanguage":"it-IT"},{"@type":"Person","@id":"https:\/\/www.rijeka.hr\/it\/#\/schema\/person\/f944eacc70b6a69bc142d9389862b37b","name":"sradovic","image":{"@type":"ImageObject","inLanguage":"it-IT","@id":"https:\/\/www.rijeka.hr\/it\/#\/schema\/person\/image\/","url":"https:\/\/secure.gravatar.com\/avatar\/d438b95983d528813c6fe2e5812a4188?s=96&d=mm&r=g","contentUrl":"https:\/\/secure.gravatar.com\/avatar\/d438b95983d528813c6fe2e5812a4188?s=96&d=mm&r=g","caption":"sradovic"},"url":"https:\/\/www.rijeka.hr\/it\/author\/sradovic\/"}]}},"_links":{"self":[{"href":"https:\/\/www.rijeka.hr\/it\/wp-json\/wp\/v2\/posts\/19211","targetHints":{"allow":["GET"]}}],"collection":[{"href":"https:\/\/www.rijeka.hr\/it\/wp-json\/wp\/v2\/posts"}],"about":[{"href":"https:\/\/www.rijeka.hr\/it\/wp-json\/wp\/v2\/types\/post"}],"author":[{"embeddable":true,"href":"https:\/\/www.rijeka.hr\/it\/wp-json\/wp\/v2\/users\/8"}],"replies":[{"embeddable":true,"href":"https:\/\/www.rijeka.hr\/it\/wp-json\/wp\/v2\/comments?post=19211"}],"version-history":[{"count":2,"href":"https:\/\/www.rijeka.hr\/it\/wp-json\/wp\/v2\/posts\/19211\/revisions"}],"predecessor-version":[{"id":19214,"href":"https:\/\/www.rijeka.hr\/it\/wp-json\/wp\/v2\/posts\/19211\/revisions\/19214"}],"wp:featuredmedia":[{"embeddable":true,"href":"https:\/\/www.rijeka.hr\/it\/wp-json\/wp\/v2\/media\/19212"}],"wp:attachment":[{"href":"https:\/\/www.rijeka.hr\/it\/wp-json\/wp\/v2\/media?parent=19211"}],"wp:term":[{"taxonomy":"category","embeddable":true,"href":"https:\/\/www.rijeka.hr\/it\/wp-json\/wp\/v2\/categories?post=19211"},{"taxonomy":"post_tag","embeddable":true,"href":"https:\/\/www.rijeka.hr\/it\/wp-json\/wp\/v2\/tags?post=19211"}],"curies":[{"name":"wp","href":"https:\/\/api.w.org\/{rel}","templated":true}]}}