{"id":19230,"date":"2024-09-23T09:07:52","date_gmt":"2024-09-23T07:07:52","guid":{"rendered":"https:\/\/www.rijeka.hr\/it\/?p=19230"},"modified":"2024-09-24T09:35:49","modified_gmt":"2024-09-24T07:35:49","slug":"pubblicato-un-bando-per-il-finanziamento-delle-esigenze-pubbliche-ambito-culturale-della-citta-di-fiume-il-2025","status":"publish","type":"post","link":"https:\/\/www.rijeka.hr\/it\/pubblicato-un-bando-per-il-finanziamento-delle-esigenze-pubbliche-ambito-culturale-della-citta-di-fiume-il-2025\/","title":{"rendered":"Pubblicato un bando per il finanziamento delle esigenze pubbliche in ambito culturale della Citt\u00e0 di Fiume il 2025"},"content":{"rendered":"<p>In base al bando, verranno assegnati fondi per sostenere programmi e progetti, attivit\u00e0 e manifestazioni culturali di interesse per la Citt\u00e0 di Fiume. Il termine per la presentazione delle proposte di programma \u00e8 il 21 ottobre 2024 entro le ore 16:00. Le domande devono essere presentate esclusivamente in formato elettronico tramite moduli online disponibili sul sito web della Citt\u00e0 di Fiume.<\/p>\n<h3>Per il quinto bando di quest\u2019anno per l\u2019assegnazione di sovvenzioni agli imprenditori, sono stati stanziati 200.000 euro<\/h3>\n<p>Il sindaco ha inoltre deciso di pubblicare un bando per la presentazione di domande per l\u2019assegnazione di sovvenzioni a fondo perduto agli imprenditori, con un importo totale di 200.000 euro stanziato per il quinto bando di quest\u2019anno.<\/p>\n<p>L\u2019oggetto di questo bando \u00e8 l\u2019assegnazione di sovvenzioni a fondo perduto nell\u2019ambito del Programma generale di misure per incentivare lo sviluppo dell\u2019imprenditorialit\u00e0 nel territorio della Citt\u00e0 di Fiume, con l\u2019obiettivo di rafforzare la competitivit\u00e0 degli imprenditori sul mercato e migliorare la formazione pratica e l\u2019informazione nel settore imprenditoriale.<\/p>\n<p>A questo bando possono partecipare tutti gli imprenditori delle piccole imprese, ovvero micro, piccole e medie imprese interamente di propriet\u00e0 privata con sede nel territorio di Fiume, a condizione che negli ultimi due anni non abbiano ricevuto sovvenzioni per la misura per cui si candidano.<\/p>\n<p>Per questo bando, ogni richiedente pu\u00f2 presentare domanda per un massimo di due misure, con importi di sovvenzione che variano da un minimo di 2.000 a un massimo di 10.000 euro. Le domande al bando verranno accettate esclusivamente tramite il Servizio Informativo della Citt\u00e0 di Fiume (domanda online\/modulo elettronico \u2013 on-line prijava\/e-obrazac) disponibile sul portale eUsluge (eServizi) della Citt\u00e0 di Fiume. Le domande al bando verranno accettate fino all\u201911 ottobre alle ore 16:00.<\/p>\n<h3>Branka Ben\u010di\u0107 riconfermata direttrice del MMSU<\/h3>\n<p>Su proposta del Consiglio di Amministrazione del Museo di Arte Moderna e Contemporanea di Fiume, il sindaco Filipovi\u0107 ha affidato alla direttrice uscente Branka Ben\u010di\u0107 la gestione di questa istituzione cittadina per i prossimi quattro anni.<\/p>\n<p>Al bando pubblico per la nomina del nuovo direttore sono arrivate quattro domande, tutte conformi ai requisiti formali e legali del bando. Prima di prendere la decisione sulla nomina del direttore\/direttrice del Museo, il Consiglio di Amministrazione ha svolto un\u2019intervista con i candidati durante la sua 15\u00aa seduta tenutasi il 2 settembre 2024, nella quale i candidati hanno presentato il loro lavoro precedente e il programma di lavoro del Museo per il prossimo quadriennio.<\/p>\n<p>Durante il 92\u00ba collegio del sindaco sono stati inoltre definiti i progetti di modifica e integrazione del Piano Regolatore Urbanistico e del Piano Urbanistico Generale della citt\u00e0 di Fiume, ed \u00e8 stato incaricato il dipartimento competente di presentare i progetti al bando per l\u2019assegnazione gratuita di fondi a fondo perduto per la realizzazione di piani urbanistici di nuova generazione tramite il sistema elettronico \u201cePlanovi\u201d.<\/p>\n","protected":false},"excerpt":{"rendered":"<p>Durante il 92\u00ba collegio del sindaco, \u00e8 stata presa la decisione di pubblicare un bando per stabilire i programmi culturali di interesse per la citt\u00e0 di Fiume nei settori della cultura, dell\u2019arte e delle aree trasversali per l\u2019anno 2025.<\/p>\n","protected":false},"author":8,"featured_media":19232,"comment_status":"open","ping_status":"open","sticky":false,"template":"","format":"standard","meta":{"_acf_changed":false,"_trash_the_other_posts":false,"footnotes":"","_links_to":"","_links_to_target":""},"categories":[416],"tags":[487],"class_list":["post-19230","post","type-post","status-publish","format-standard","has-post-thumbnail","hentry","category-collegio-del-sindaco","tag-collegio-del-sindaco"],"acf":[],"yoast_head":"<!-- This site is optimized with the Yoast SEO plugin v24.4 - https:\/\/yoast.com\/wordpress\/plugins\/seo\/ -->\n<title>Pubblicato un bando per il finanziamento delle esigenze pubbliche in ambito culturale della Citt\u00e0 di Fiume il 2025 - Citt\u00e0 di Fiume<\/title>\n<meta name=\"robots\" content=\"index, follow, max-snippet:-1, max-image-preview:large, max-video-preview:-1\" \/>\n<link rel=\"canonical\" href=\"https:\/\/www.rijeka.hr\/it\/pubblicato-un-bando-per-il-finanziamento-delle-esigenze-pubbliche-ambito-culturale-della-citta-di-fiume-il-2025\/\" \/>\n<meta property=\"og:locale\" content=\"it_IT\" \/>\n<meta property=\"og:type\" content=\"article\" \/>\n<meta property=\"og:title\" content=\"Pubblicato un bando per il finanziamento delle esigenze pubbliche in ambito culturale della Citt\u00e0 di Fiume il 2025 - Citt\u00e0 di Fiume\" \/>\n<meta property=\"og:description\" content=\"Durante il 92\u00ba collegio del sindaco, \u00e8 stata presa la decisione di pubblicare un bando per stabilire i programmi culturali di interesse per la citt\u00e0 di Fiume nei settori della cultura, dell\u2019arte e delle aree trasversali per l\u2019anno 2025.\" \/>\n<meta property=\"og:url\" content=\"https:\/\/www.rijeka.hr\/it\/pubblicato-un-bando-per-il-finanziamento-delle-esigenze-pubbliche-ambito-culturale-della-citta-di-fiume-il-2025\/\" \/>\n<meta property=\"og:site_name\" content=\"Citt\u00e0 di Fiume\" \/>\n<meta property=\"article:published_time\" content=\"2024-09-23T07:07:52+00:00\" \/>\n<meta property=\"article:modified_time\" content=\"2024-09-24T07:35:49+00:00\" \/>\n<meta property=\"og:image\" content=\"https:\/\/www.rijeka.hr\/it\/wp-content\/uploads\/sites\/3\/2024\/09\/Teatro-nazionale-Croato-\u201cIvan-de-Zajc\u201d-di-Fiume.jpg\" \/>\n\t<meta property=\"og:image:width\" content=\"900\" \/>\n\t<meta property=\"og:image:height\" content=\"600\" \/>\n\t<meta property=\"og:image:type\" content=\"image\/jpeg\" \/>\n<meta name=\"author\" content=\"sradovic\" \/>\n<meta name=\"twitter:card\" content=\"summary_large_image\" \/>\n<meta name=\"twitter:label1\" content=\"Written by\" \/>\n\t<meta name=\"twitter:data1\" content=\"sradovic\" \/>\n\t<meta name=\"twitter:label2\" content=\"Est. reading time\" \/>\n\t<meta name=\"twitter:data2\" content=\"2 minutes\" \/>\n<script type=\"application\/ld+json\" class=\"yoast-schema-graph\">{\"@context\":\"https:\/\/schema.org\",\"@graph\":[{\"@type\":\"WebPage\",\"@id\":\"https:\/\/www.rijeka.hr\/it\/pubblicato-un-bando-per-il-finanziamento-delle-esigenze-pubbliche-ambito-culturale-della-citta-di-fiume-il-2025\/\",\"url\":\"https:\/\/www.rijeka.hr\/it\/pubblicato-un-bando-per-il-finanziamento-delle-esigenze-pubbliche-ambito-culturale-della-citta-di-fiume-il-2025\/\",\"name\":\"Pubblicato un bando per il finanziamento delle esigenze pubbliche in ambito culturale della Citt\u00e0 di Fiume il 2025 - Citt\u00e0 di Fiume\",\"isPartOf\":{\"@id\":\"https:\/\/www.rijeka.hr\/it\/#website\"},\"primaryImageOfPage\":{\"@id\":\"https:\/\/www.rijeka.hr\/it\/pubblicato-un-bando-per-il-finanziamento-delle-esigenze-pubbliche-ambito-culturale-della-citta-di-fiume-il-2025\/#primaryimage\"},\"image\":{\"@id\":\"https:\/\/www.rijeka.hr\/it\/pubblicato-un-bando-per-il-finanziamento-delle-esigenze-pubbliche-ambito-culturale-della-citta-di-fiume-il-2025\/#primaryimage\"},\"thumbnailUrl\":\"https:\/\/www.rijeka.hr\/it\/wp-content\/uploads\/sites\/3\/2024\/09\/Teatro-nazionale-Croato-\u201cIvan-de-Zajc\u201d-di-Fiume.jpg\",\"datePublished\":\"2024-09-23T07:07:52+00:00\",\"dateModified\":\"2024-09-24T07:35:49+00:00\",\"author\":{\"@id\":\"https:\/\/www.rijeka.hr\/it\/#\/schema\/person\/f944eacc70b6a69bc142d9389862b37b\"},\"breadcrumb\":{\"@id\":\"https:\/\/www.rijeka.hr\/it\/pubblicato-un-bando-per-il-finanziamento-delle-esigenze-pubbliche-ambito-culturale-della-citta-di-fiume-il-2025\/#breadcrumb\"},\"inLanguage\":\"it-IT\",\"potentialAction\":[{\"@type\":\"ReadAction\",\"target\":[\"https:\/\/www.rijeka.hr\/it\/pubblicato-un-bando-per-il-finanziamento-delle-esigenze-pubbliche-ambito-culturale-della-citta-di-fiume-il-2025\/\"]}]},{\"@type\":\"ImageObject\",\"inLanguage\":\"it-IT\",\"@id\":\"https:\/\/www.rijeka.hr\/it\/pubblicato-un-bando-per-il-finanziamento-delle-esigenze-pubbliche-ambito-culturale-della-citta-di-fiume-il-2025\/#primaryimage\",\"url\":\"https:\/\/www.rijeka.hr\/it\/wp-content\/uploads\/sites\/3\/2024\/09\/Teatro-nazionale-Croato-\u201cIvan-de-Zajc\u201d-di-Fiume.jpg\",\"contentUrl\":\"https:\/\/www.rijeka.hr\/it\/wp-content\/uploads\/sites\/3\/2024\/09\/Teatro-nazionale-Croato-\u201cIvan-de-Zajc\u201d-di-Fiume.jpg\",\"width\":900,\"height\":600,\"caption\":\"Teatro nazionale Croato \u201cIvan de Zajc\u201d di Fiume\"},{\"@type\":\"BreadcrumbList\",\"@id\":\"https:\/\/www.rijeka.hr\/it\/pubblicato-un-bando-per-il-finanziamento-delle-esigenze-pubbliche-ambito-culturale-della-citta-di-fiume-il-2025\/#breadcrumb\",\"itemListElement\":[{\"@type\":\"ListItem\",\"position\":1,\"name\":\"Po\u010detna stranica\",\"item\":\"https:\/\/www.rijeka.hr\/it\/\"},{\"@type\":\"ListItem\",\"position\":2,\"name\":\"Pubblicato un bando per il finanziamento delle esigenze pubbliche in ambito culturale della Citt\u00e0 di Fiume il 2025\"}]},{\"@type\":\"WebSite\",\"@id\":\"https:\/\/www.rijeka.hr\/it\/#website\",\"url\":\"https:\/\/www.rijeka.hr\/it\/\",\"name\":\"Citt\u00e0 di Fiume\",\"description\":\"Portale web della Citta&#039; di Fiume\",\"potentialAction\":[{\"@type\":\"SearchAction\",\"target\":{\"@type\":\"EntryPoint\",\"urlTemplate\":\"https:\/\/www.rijeka.hr\/it\/?s={search_term_string}\"},\"query-input\":{\"@type\":\"PropertyValueSpecification\",\"valueRequired\":true,\"valueName\":\"search_term_string\"}}],\"inLanguage\":\"it-IT\"},{\"@type\":\"Person\",\"@id\":\"https:\/\/www.rijeka.hr\/it\/#\/schema\/person\/f944eacc70b6a69bc142d9389862b37b\",\"name\":\"sradovic\",\"image\":{\"@type\":\"ImageObject\",\"inLanguage\":\"it-IT\",\"@id\":\"https:\/\/www.rijeka.hr\/it\/#\/schema\/person\/image\/\",\"url\":\"https:\/\/secure.gravatar.com\/avatar\/d438b95983d528813c6fe2e5812a4188?s=96&d=mm&r=g\",\"contentUrl\":\"https:\/\/secure.gravatar.com\/avatar\/d438b95983d528813c6fe2e5812a4188?s=96&d=mm&r=g\",\"caption\":\"sradovic\"},\"url\":\"https:\/\/www.rijeka.hr\/it\/author\/sradovic\/\"}]}<\/script>\n<!-- \/ Yoast SEO plugin. -->","yoast_head_json":{"title":"Pubblicato un bando per il finanziamento delle esigenze pubbliche in ambito culturale della Citt\u00e0 di Fiume il 2025 - Citt\u00e0 di Fiume","robots":{"index":"index","follow":"follow","max-snippet":"max-snippet:-1","max-image-preview":"max-image-preview:large","max-video-preview":"max-video-preview:-1"},"canonical":"https:\/\/www.rijeka.hr\/it\/pubblicato-un-bando-per-il-finanziamento-delle-esigenze-pubbliche-ambito-culturale-della-citta-di-fiume-il-2025\/","og_locale":"it_IT","og_type":"article","og_title":"Pubblicato un bando per il finanziamento delle esigenze pubbliche in ambito culturale della Citt\u00e0 di Fiume il 2025 - Citt\u00e0 di Fiume","og_description":"Durante il 92\u00ba collegio del sindaco, \u00e8 stata presa la decisione di pubblicare un bando per stabilire i programmi culturali di interesse per la citt\u00e0 di Fiume nei settori della cultura, dell\u2019arte e delle aree trasversali per l\u2019anno 2025.","og_url":"https:\/\/www.rijeka.hr\/it\/pubblicato-un-bando-per-il-finanziamento-delle-esigenze-pubbliche-ambito-culturale-della-citta-di-fiume-il-2025\/","og_site_name":"Citt\u00e0 di Fiume","article_published_time":"2024-09-23T07:07:52+00:00","article_modified_time":"2024-09-24T07:35:49+00:00","og_image":[{"width":900,"height":600,"url":"https:\/\/www.rijeka.hr\/it\/wp-content\/uploads\/sites\/3\/2024\/09\/Teatro-nazionale-Croato-\u201cIvan-de-Zajc\u201d-di-Fiume.jpg","type":"image\/jpeg"}],"author":"sradovic","twitter_card":"summary_large_image","twitter_misc":{"Written by":"sradovic","Est. reading time":"2 minutes"},"schema":{"@context":"https:\/\/schema.org","@graph":[{"@type":"WebPage","@id":"https:\/\/www.rijeka.hr\/it\/pubblicato-un-bando-per-il-finanziamento-delle-esigenze-pubbliche-ambito-culturale-della-citta-di-fiume-il-2025\/","url":"https:\/\/www.rijeka.hr\/it\/pubblicato-un-bando-per-il-finanziamento-delle-esigenze-pubbliche-ambito-culturale-della-citta-di-fiume-il-2025\/","name":"Pubblicato un bando per il finanziamento delle esigenze pubbliche in ambito culturale della Citt\u00e0 di Fiume il 2025 - Citt\u00e0 di Fiume","isPartOf":{"@id":"https:\/\/www.rijeka.hr\/it\/#website"},"primaryImageOfPage":{"@id":"https:\/\/www.rijeka.hr\/it\/pubblicato-un-bando-per-il-finanziamento-delle-esigenze-pubbliche-ambito-culturale-della-citta-di-fiume-il-2025\/#primaryimage"},"image":{"@id":"https:\/\/www.rijeka.hr\/it\/pubblicato-un-bando-per-il-finanziamento-delle-esigenze-pubbliche-ambito-culturale-della-citta-di-fiume-il-2025\/#primaryimage"},"thumbnailUrl":"https:\/\/www.rijeka.hr\/it\/wp-content\/uploads\/sites\/3\/2024\/09\/Teatro-nazionale-Croato-\u201cIvan-de-Zajc\u201d-di-Fiume.jpg","datePublished":"2024-09-23T07:07:52+00:00","dateModified":"2024-09-24T07:35:49+00:00","author":{"@id":"https:\/\/www.rijeka.hr\/it\/#\/schema\/person\/f944eacc70b6a69bc142d9389862b37b"},"breadcrumb":{"@id":"https:\/\/www.rijeka.hr\/it\/pubblicato-un-bando-per-il-finanziamento-delle-esigenze-pubbliche-ambito-culturale-della-citta-di-fiume-il-2025\/#breadcrumb"},"inLanguage":"it-IT","potentialAction":[{"@type":"ReadAction","target":["https:\/\/www.rijeka.hr\/it\/pubblicato-un-bando-per-il-finanziamento-delle-esigenze-pubbliche-ambito-culturale-della-citta-di-fiume-il-2025\/"]}]},{"@type":"ImageObject","inLanguage":"it-IT","@id":"https:\/\/www.rijeka.hr\/it\/pubblicato-un-bando-per-il-finanziamento-delle-esigenze-pubbliche-ambito-culturale-della-citta-di-fiume-il-2025\/#primaryimage","url":"https:\/\/www.rijeka.hr\/it\/wp-content\/uploads\/sites\/3\/2024\/09\/Teatro-nazionale-Croato-\u201cIvan-de-Zajc\u201d-di-Fiume.jpg","contentUrl":"https:\/\/www.rijeka.hr\/it\/wp-content\/uploads\/sites\/3\/2024\/09\/Teatro-nazionale-Croato-\u201cIvan-de-Zajc\u201d-di-Fiume.jpg","width":900,"height":600,"caption":"Teatro nazionale Croato \u201cIvan de Zajc\u201d di Fiume"},{"@type":"BreadcrumbList","@id":"https:\/\/www.rijeka.hr\/it\/pubblicato-un-bando-per-il-finanziamento-delle-esigenze-pubbliche-ambito-culturale-della-citta-di-fiume-il-2025\/#breadcrumb","itemListElement":[{"@type":"ListItem","position":1,"name":"Po\u010detna stranica","item":"https:\/\/www.rijeka.hr\/it\/"},{"@type":"ListItem","position":2,"name":"Pubblicato un bando per il finanziamento delle esigenze pubbliche in ambito culturale della Citt\u00e0 di Fiume il 2025"}]},{"@type":"WebSite","@id":"https:\/\/www.rijeka.hr\/it\/#website","url":"https:\/\/www.rijeka.hr\/it\/","name":"Citt\u00e0 di Fiume","description":"Portale web della Citta&#039; di Fiume","potentialAction":[{"@type":"SearchAction","target":{"@type":"EntryPoint","urlTemplate":"https:\/\/www.rijeka.hr\/it\/?s={search_term_string}"},"query-input":{"@type":"PropertyValueSpecification","valueRequired":true,"valueName":"search_term_string"}}],"inLanguage":"it-IT"},{"@type":"Person","@id":"https:\/\/www.rijeka.hr\/it\/#\/schema\/person\/f944eacc70b6a69bc142d9389862b37b","name":"sradovic","image":{"@type":"ImageObject","inLanguage":"it-IT","@id":"https:\/\/www.rijeka.hr\/it\/#\/schema\/person\/image\/","url":"https:\/\/secure.gravatar.com\/avatar\/d438b95983d528813c6fe2e5812a4188?s=96&d=mm&r=g","contentUrl":"https:\/\/secure.gravatar.com\/avatar\/d438b95983d528813c6fe2e5812a4188?s=96&d=mm&r=g","caption":"sradovic"},"url":"https:\/\/www.rijeka.hr\/it\/author\/sradovic\/"}]}},"_links":{"self":[{"href":"https:\/\/www.rijeka.hr\/it\/wp-json\/wp\/v2\/posts\/19230","targetHints":{"allow":["GET"]}}],"collection":[{"href":"https:\/\/www.rijeka.hr\/it\/wp-json\/wp\/v2\/posts"}],"about":[{"href":"https:\/\/www.rijeka.hr\/it\/wp-json\/wp\/v2\/types\/post"}],"author":[{"embeddable":true,"href":"https:\/\/www.rijeka.hr\/it\/wp-json\/wp\/v2\/users\/8"}],"replies":[{"embeddable":true,"href":"https:\/\/www.rijeka.hr\/it\/wp-json\/wp\/v2\/comments?post=19230"}],"version-history":[{"count":2,"href":"https:\/\/www.rijeka.hr\/it\/wp-json\/wp\/v2\/posts\/19230\/revisions"}],"predecessor-version":[{"id":19233,"href":"https:\/\/www.rijeka.hr\/it\/wp-json\/wp\/v2\/posts\/19230\/revisions\/19233"}],"wp:featuredmedia":[{"embeddable":true,"href":"https:\/\/www.rijeka.hr\/it\/wp-json\/wp\/v2\/media\/19232"}],"wp:attachment":[{"href":"https:\/\/www.rijeka.hr\/it\/wp-json\/wp\/v2\/media?parent=19230"}],"wp:term":[{"taxonomy":"category","embeddable":true,"href":"https:\/\/www.rijeka.hr\/it\/wp-json\/wp\/v2\/categories?post=19230"},{"taxonomy":"post_tag","embeddable":true,"href":"https:\/\/www.rijeka.hr\/it\/wp-json\/wp\/v2\/tags?post=19230"}],"curies":[{"name":"wp","href":"https:\/\/api.w.org\/{rel}","templated":true}]}}