{"id":19251,"date":"2024-10-17T11:10:22","date_gmt":"2024-10-17T09:10:22","guid":{"rendered":"https:\/\/www.rijeka.hr\/it\/?p=19251"},"modified":"2024-10-17T11:10:59","modified_gmt":"2024-10-17T09:10:59","slug":"il-sindaco-ha-accolto-il-rapporto-sulle-iscrizioni-agli-asili-nido-per-lanno-pedagogico-2023-2024","status":"publish","type":"post","link":"https:\/\/www.rijeka.hr\/it\/il-sindaco-ha-accolto-il-rapporto-sulle-iscrizioni-agli-asili-nido-per-lanno-pedagogico-2023-2024\/","title":{"rendered":"Il sindaco ha accolto il rapporto sulle iscrizioni agli asili nido per l\u2019anno pedagogico 2023\/2024."},"content":{"rendered":"<p>Tra le priorit\u00e0 della Citt\u00e0 c\u2019\u00e8 l\u2019ampliamento della partecipazione dei bambini in et\u00e0 prescolare ai programmi educativi, motivo per cui, nel 2023, sono state allestite nuove strutture per aprire ulteriori gruppi educativi, con una spesa totale di 164.400,00 euro.<\/p>\n<p>Con l\u2019apertura di questi nuovi gruppi, all\u2019inizio di ottobre sono stati iscritti un totale di 2990 bambini. Tuttavia, 104 bambini in et\u00e0 da asilo nido, pur essendo nella lista prioritaria, sono rimasti non iscritti. Circa la met\u00e0 dei genitori, chiamati in base alla lista d\u2019attesa, ha rifiutato i posti disponibili a causa della distanza delle strutture offerte dalle loro abitazioni.<\/p>\n<p>Di anno in anno, \u00e8 aumentato il numero di bambini con difficolt\u00e0, il che riduce il numero totale di iscritti nonostante l\u2019apertura di nuovi gruppi. Il problema \u00e8 la mancanza di personale specializzato in educazione e riabilitazione, influendo negativamente sulla qualit\u00e0 dei programmi e sul supporto ai bambini e alle loro famiglie.<\/p>\n<p>Negli ultimi anni, si \u00e8 notato un calo di interesse tra i membri della minoranza nazionale italiana per l\u2019iscrizione nei gruppi riservati alla minoranza.<\/p>\n<p>Gli asili nido della Citt\u00e0 di Fiume impiegano un totale di 601 persone a tempo indeterminato. Nel periodo dal 1\u00ba settembre 2023 al 31 agosto 2024, le spese totali degli asili nido comunali ammontano a 16.907.530,93 euro.<\/p>\n<p>Riguardo ai programmi prescolari negli asili gestiti da altri enti, la Citt\u00e0 di Fiume ha cofinanziato questi programmi con un importo mensile di 260,00 euro per bambino per il programma nido a tempo pieno e di 200,00 euro per bambino per il programma scuola materna a tempo pieno. Dal 1\u00ba gennaio 2024, grazie agli emendamenti del Consiglio comunale al Bilancio 2024, la tariffa per i genitori che utilizzano asili gestiti da altri enti sar\u00e0 ridotta di 25,00 euro.<\/p>\n<p>La Citt\u00e0 di Fiume da molti anni cofinanzia le attivit\u00e0 degli asili nei comuni limitrofi, fino a un massimo di 20 bambini residenti a Fiume. Nel 2023\/2024 \u00e8 stato approvato il cofinanziamento per una media di 17 bambini al mese, ospitati in otto asili nelle aree di Vi\u0161kovo, Castua, Buccari, Fu\u017eine e \u010cabar. Durante l\u2019ultimo anno pedagogico, sono stati erogati 21.066,76 euro dal bilancio comunale per il cofinanziamento delle attivit\u00e0 prescolari degli asili situati fuori da Fiume.<\/p>\n<p>Pre-finanziamento del progetto \u201cRInkluzija \u2013 Modello fiumano di supporto agli studenti con difficolt\u00e0\u201d nell\u2019anno scolastico 2024\/2025<\/p>\n<p>Dal 2014, l\u2019educazione inclusiva a Fiume viene realizzata attraverso il progetto UE \u201cRInkluzija \u2013 Modello fiumano di supporto agli studenti con difficolt\u00e0\u201d. Da allora, il numero di assistenti finanziati \u00e8 in costante aumento e a Fiume tutti gli studenti che necessitano di un assistente o di un mediatore comunicativo esperto hanno accesso a tale supporto.<\/p>\n<p>Il Ministero della Scienza, dell\u2019Istruzione e della Giovent\u00f9 ha stabilito un importo massimo di fondi a disposizione per tutte le amministrazioni locali e regionali. Per la Citt\u00e0 di Fiume, tale importo \u00e8 di 2.880.000,00 euro per un periodo di 36 mesi. Per l\u2019anno scolastico 2024\/2025, nell\u2019ambito del progetto \u201cRInkluzija\u201d, \u00e8 prevista l\u2019assunzione fino a un massimo di 130 assistenti, il che rappresenta un significativo aumento rispetto agli anni precedenti.<\/p>\n<p>La Citt\u00e0 di Fiume, per l\u2019anno scolastico 2024\/2025, finanzier\u00e0 le attivit\u00e0 extracurricolari nelle scuole elementari comunali per un totale di 148.500,00 euro, includendo i programmi di Educazione civica, il programma \u201cLa mia Fiume\u201d, attivit\u00e0 per studenti dotati, l\u2019aula matematica digitale e il programma LIADO, con una dotazione di 73.879,21 euro.<\/p>\n<p>La Citt\u00e0 di Fiume e la municipalizzata \u010cisto\u0107a continuano con le attivit\u00e0 per definire le ubicazioni dei contenitori comuni per la raccolta dei rifiuti urbani, nell\u2019ambito dell\u2019introduzione di un sistema di gestione individuale dei rifiuti. Le ultime attivit\u00e0 sono state realizzate nei quartieri di San Nicol\u00f2 e Drenova, mentre la commissione competente sta attualmente esaminando e analizzando le posizioni proposte dalla \u010cisto\u0107a nei quartieri di Scurigne, Draga di Scurigne e Bra\u0161\u0107ine-Pulac.<\/p>\n<p>Il Consiglio municipale ha ricevuto in dibattito e approvazione la proposta finale e definitiva del Piano urbanistico di regolazione del centro urbano secondario di Rujevica.<\/p>\n","protected":false},"excerpt":{"rendered":"<p>Tra le priorit\u00e0 della Citt\u00e0 c\u2019\u00e8 l\u2019ampliamento della partecipazione dei bambini in et\u00e0 prescolare ai programmi educativi, motivo per cui, nel 2023, sono state allestite nuove strutture per aprire ulteriori gruppi educativi, con una spesa totale di 164.400,00 euro. Con l\u2019apertura di questi nuovi gruppi, all\u2019inizio di ottobre sono stati iscritti un totale di 2990&#8230;<\/p>\n","protected":false},"author":8,"featured_media":19252,"comment_status":"open","ping_status":"open","sticky":false,"template":"","format":"standard","meta":{"_acf_changed":false,"_trash_the_other_posts":false,"footnotes":"","_links_to":"","_links_to_target":""},"categories":[416],"tags":[487],"class_list":["post-19251","post","type-post","status-publish","format-standard","has-post-thumbnail","hentry","category-collegio-del-sindaco","tag-collegio-del-sindaco"],"acf":[],"yoast_head":"<!-- This site is optimized with the Yoast SEO plugin v24.4 - https:\/\/yoast.com\/wordpress\/plugins\/seo\/ -->\n<title>Il sindaco ha accolto il rapporto sulle iscrizioni agli asili nido per l\u2019anno pedagogico 2023\/2024. - Citt\u00e0 di Fiume<\/title>\n<meta name=\"robots\" content=\"index, follow, max-snippet:-1, max-image-preview:large, max-video-preview:-1\" \/>\n<link rel=\"canonical\" href=\"https:\/\/www.rijeka.hr\/it\/il-sindaco-ha-accolto-il-rapporto-sulle-iscrizioni-agli-asili-nido-per-lanno-pedagogico-2023-2024\/\" \/>\n<meta property=\"og:locale\" content=\"it_IT\" \/>\n<meta property=\"og:type\" content=\"article\" \/>\n<meta property=\"og:title\" content=\"Il sindaco ha accolto il rapporto sulle iscrizioni agli asili nido per l\u2019anno pedagogico 2023\/2024. - Citt\u00e0 di Fiume\" \/>\n<meta property=\"og:description\" content=\"Tra le priorit\u00e0 della Citt\u00e0 c\u2019\u00e8 l\u2019ampliamento della partecipazione dei bambini in et\u00e0 prescolare ai programmi educativi, motivo per cui, nel 2023, sono state allestite nuove strutture per aprire ulteriori gruppi educativi, con una spesa totale di 164.400,00 euro. Con l\u2019apertura di questi nuovi gruppi, all\u2019inizio di ottobre sono stati iscritti un totale di 2990...\" \/>\n<meta property=\"og:url\" content=\"https:\/\/www.rijeka.hr\/it\/il-sindaco-ha-accolto-il-rapporto-sulle-iscrizioni-agli-asili-nido-per-lanno-pedagogico-2023-2024\/\" \/>\n<meta property=\"og:site_name\" content=\"Citt\u00e0 di Fiume\" \/>\n<meta property=\"article:published_time\" content=\"2024-10-17T09:10:22+00:00\" \/>\n<meta property=\"article:modified_time\" content=\"2024-10-17T09:10:59+00:00\" \/>\n<meta property=\"og:image\" content=\"https:\/\/www.rijeka.hr\/it\/wp-content\/uploads\/sites\/3\/2024\/10\/Vrtic-radost.jpg\" \/>\n\t<meta property=\"og:image:width\" content=\"900\" \/>\n\t<meta property=\"og:image:height\" content=\"600\" \/>\n\t<meta property=\"og:image:type\" content=\"image\/jpeg\" \/>\n<meta name=\"author\" content=\"sradovic\" \/>\n<meta name=\"twitter:card\" content=\"summary_large_image\" \/>\n<meta name=\"twitter:label1\" content=\"Written by\" \/>\n\t<meta name=\"twitter:data1\" content=\"sradovic\" \/>\n\t<meta name=\"twitter:label2\" content=\"Est. reading time\" \/>\n\t<meta name=\"twitter:data2\" content=\"3 minutes\" \/>\n<script type=\"application\/ld+json\" class=\"yoast-schema-graph\">{\"@context\":\"https:\/\/schema.org\",\"@graph\":[{\"@type\":\"WebPage\",\"@id\":\"https:\/\/www.rijeka.hr\/it\/il-sindaco-ha-accolto-il-rapporto-sulle-iscrizioni-agli-asili-nido-per-lanno-pedagogico-2023-2024\/\",\"url\":\"https:\/\/www.rijeka.hr\/it\/il-sindaco-ha-accolto-il-rapporto-sulle-iscrizioni-agli-asili-nido-per-lanno-pedagogico-2023-2024\/\",\"name\":\"Il sindaco ha accolto il rapporto sulle iscrizioni agli asili nido per l\u2019anno pedagogico 2023\/2024. - Citt\u00e0 di Fiume\",\"isPartOf\":{\"@id\":\"https:\/\/www.rijeka.hr\/it\/#website\"},\"primaryImageOfPage\":{\"@id\":\"https:\/\/www.rijeka.hr\/it\/il-sindaco-ha-accolto-il-rapporto-sulle-iscrizioni-agli-asili-nido-per-lanno-pedagogico-2023-2024\/#primaryimage\"},\"image\":{\"@id\":\"https:\/\/www.rijeka.hr\/it\/il-sindaco-ha-accolto-il-rapporto-sulle-iscrizioni-agli-asili-nido-per-lanno-pedagogico-2023-2024\/#primaryimage\"},\"thumbnailUrl\":\"https:\/\/www.rijeka.hr\/it\/wp-content\/uploads\/sites\/3\/2024\/10\/Vrtic-radost.jpg\",\"datePublished\":\"2024-10-17T09:10:22+00:00\",\"dateModified\":\"2024-10-17T09:10:59+00:00\",\"author\":{\"@id\":\"https:\/\/www.rijeka.hr\/it\/#\/schema\/person\/f944eacc70b6a69bc142d9389862b37b\"},\"breadcrumb\":{\"@id\":\"https:\/\/www.rijeka.hr\/it\/il-sindaco-ha-accolto-il-rapporto-sulle-iscrizioni-agli-asili-nido-per-lanno-pedagogico-2023-2024\/#breadcrumb\"},\"inLanguage\":\"it-IT\",\"potentialAction\":[{\"@type\":\"ReadAction\",\"target\":[\"https:\/\/www.rijeka.hr\/it\/il-sindaco-ha-accolto-il-rapporto-sulle-iscrizioni-agli-asili-nido-per-lanno-pedagogico-2023-2024\/\"]}]},{\"@type\":\"ImageObject\",\"inLanguage\":\"it-IT\",\"@id\":\"https:\/\/www.rijeka.hr\/it\/il-sindaco-ha-accolto-il-rapporto-sulle-iscrizioni-agli-asili-nido-per-lanno-pedagogico-2023-2024\/#primaryimage\",\"url\":\"https:\/\/www.rijeka.hr\/it\/wp-content\/uploads\/sites\/3\/2024\/10\/Vrtic-radost.jpg\",\"contentUrl\":\"https:\/\/www.rijeka.hr\/it\/wp-content\/uploads\/sites\/3\/2024\/10\/Vrtic-radost.jpg\",\"width\":900,\"height\":600,\"caption\":\"Vrtic radost\"},{\"@type\":\"BreadcrumbList\",\"@id\":\"https:\/\/www.rijeka.hr\/it\/il-sindaco-ha-accolto-il-rapporto-sulle-iscrizioni-agli-asili-nido-per-lanno-pedagogico-2023-2024\/#breadcrumb\",\"itemListElement\":[{\"@type\":\"ListItem\",\"position\":1,\"name\":\"Po\u010detna stranica\",\"item\":\"https:\/\/www.rijeka.hr\/it\/\"},{\"@type\":\"ListItem\",\"position\":2,\"name\":\"Il sindaco ha accolto il rapporto sulle iscrizioni agli asili nido per l\u2019anno pedagogico 2023\/2024.\"}]},{\"@type\":\"WebSite\",\"@id\":\"https:\/\/www.rijeka.hr\/it\/#website\",\"url\":\"https:\/\/www.rijeka.hr\/it\/\",\"name\":\"Citt\u00e0 di Fiume\",\"description\":\"Portale web della Citta&#039; di Fiume\",\"potentialAction\":[{\"@type\":\"SearchAction\",\"target\":{\"@type\":\"EntryPoint\",\"urlTemplate\":\"https:\/\/www.rijeka.hr\/it\/?s={search_term_string}\"},\"query-input\":{\"@type\":\"PropertyValueSpecification\",\"valueRequired\":true,\"valueName\":\"search_term_string\"}}],\"inLanguage\":\"it-IT\"},{\"@type\":\"Person\",\"@id\":\"https:\/\/www.rijeka.hr\/it\/#\/schema\/person\/f944eacc70b6a69bc142d9389862b37b\",\"name\":\"sradovic\",\"image\":{\"@type\":\"ImageObject\",\"inLanguage\":\"it-IT\",\"@id\":\"https:\/\/www.rijeka.hr\/it\/#\/schema\/person\/image\/\",\"url\":\"https:\/\/secure.gravatar.com\/avatar\/d438b95983d528813c6fe2e5812a4188?s=96&d=mm&r=g\",\"contentUrl\":\"https:\/\/secure.gravatar.com\/avatar\/d438b95983d528813c6fe2e5812a4188?s=96&d=mm&r=g\",\"caption\":\"sradovic\"},\"url\":\"https:\/\/www.rijeka.hr\/it\/author\/sradovic\/\"}]}<\/script>\n<!-- \/ Yoast SEO plugin. -->","yoast_head_json":{"title":"Il sindaco ha accolto il rapporto sulle iscrizioni agli asili nido per l\u2019anno pedagogico 2023\/2024. - Citt\u00e0 di Fiume","robots":{"index":"index","follow":"follow","max-snippet":"max-snippet:-1","max-image-preview":"max-image-preview:large","max-video-preview":"max-video-preview:-1"},"canonical":"https:\/\/www.rijeka.hr\/it\/il-sindaco-ha-accolto-il-rapporto-sulle-iscrizioni-agli-asili-nido-per-lanno-pedagogico-2023-2024\/","og_locale":"it_IT","og_type":"article","og_title":"Il sindaco ha accolto il rapporto sulle iscrizioni agli asili nido per l\u2019anno pedagogico 2023\/2024. - Citt\u00e0 di Fiume","og_description":"Tra le priorit\u00e0 della Citt\u00e0 c\u2019\u00e8 l\u2019ampliamento della partecipazione dei bambini in et\u00e0 prescolare ai programmi educativi, motivo per cui, nel 2023, sono state allestite nuove strutture per aprire ulteriori gruppi educativi, con una spesa totale di 164.400,00 euro. Con l\u2019apertura di questi nuovi gruppi, all\u2019inizio di ottobre sono stati iscritti un totale di 2990...","og_url":"https:\/\/www.rijeka.hr\/it\/il-sindaco-ha-accolto-il-rapporto-sulle-iscrizioni-agli-asili-nido-per-lanno-pedagogico-2023-2024\/","og_site_name":"Citt\u00e0 di Fiume","article_published_time":"2024-10-17T09:10:22+00:00","article_modified_time":"2024-10-17T09:10:59+00:00","og_image":[{"width":900,"height":600,"url":"https:\/\/www.rijeka.hr\/it\/wp-content\/uploads\/sites\/3\/2024\/10\/Vrtic-radost.jpg","type":"image\/jpeg"}],"author":"sradovic","twitter_card":"summary_large_image","twitter_misc":{"Written by":"sradovic","Est. reading time":"3 minutes"},"schema":{"@context":"https:\/\/schema.org","@graph":[{"@type":"WebPage","@id":"https:\/\/www.rijeka.hr\/it\/il-sindaco-ha-accolto-il-rapporto-sulle-iscrizioni-agli-asili-nido-per-lanno-pedagogico-2023-2024\/","url":"https:\/\/www.rijeka.hr\/it\/il-sindaco-ha-accolto-il-rapporto-sulle-iscrizioni-agli-asili-nido-per-lanno-pedagogico-2023-2024\/","name":"Il sindaco ha accolto il rapporto sulle iscrizioni agli asili nido per l\u2019anno pedagogico 2023\/2024. - Citt\u00e0 di Fiume","isPartOf":{"@id":"https:\/\/www.rijeka.hr\/it\/#website"},"primaryImageOfPage":{"@id":"https:\/\/www.rijeka.hr\/it\/il-sindaco-ha-accolto-il-rapporto-sulle-iscrizioni-agli-asili-nido-per-lanno-pedagogico-2023-2024\/#primaryimage"},"image":{"@id":"https:\/\/www.rijeka.hr\/it\/il-sindaco-ha-accolto-il-rapporto-sulle-iscrizioni-agli-asili-nido-per-lanno-pedagogico-2023-2024\/#primaryimage"},"thumbnailUrl":"https:\/\/www.rijeka.hr\/it\/wp-content\/uploads\/sites\/3\/2024\/10\/Vrtic-radost.jpg","datePublished":"2024-10-17T09:10:22+00:00","dateModified":"2024-10-17T09:10:59+00:00","author":{"@id":"https:\/\/www.rijeka.hr\/it\/#\/schema\/person\/f944eacc70b6a69bc142d9389862b37b"},"breadcrumb":{"@id":"https:\/\/www.rijeka.hr\/it\/il-sindaco-ha-accolto-il-rapporto-sulle-iscrizioni-agli-asili-nido-per-lanno-pedagogico-2023-2024\/#breadcrumb"},"inLanguage":"it-IT","potentialAction":[{"@type":"ReadAction","target":["https:\/\/www.rijeka.hr\/it\/il-sindaco-ha-accolto-il-rapporto-sulle-iscrizioni-agli-asili-nido-per-lanno-pedagogico-2023-2024\/"]}]},{"@type":"ImageObject","inLanguage":"it-IT","@id":"https:\/\/www.rijeka.hr\/it\/il-sindaco-ha-accolto-il-rapporto-sulle-iscrizioni-agli-asili-nido-per-lanno-pedagogico-2023-2024\/#primaryimage","url":"https:\/\/www.rijeka.hr\/it\/wp-content\/uploads\/sites\/3\/2024\/10\/Vrtic-radost.jpg","contentUrl":"https:\/\/www.rijeka.hr\/it\/wp-content\/uploads\/sites\/3\/2024\/10\/Vrtic-radost.jpg","width":900,"height":600,"caption":"Vrtic radost"},{"@type":"BreadcrumbList","@id":"https:\/\/www.rijeka.hr\/it\/il-sindaco-ha-accolto-il-rapporto-sulle-iscrizioni-agli-asili-nido-per-lanno-pedagogico-2023-2024\/#breadcrumb","itemListElement":[{"@type":"ListItem","position":1,"name":"Po\u010detna stranica","item":"https:\/\/www.rijeka.hr\/it\/"},{"@type":"ListItem","position":2,"name":"Il sindaco ha accolto il rapporto sulle iscrizioni agli asili nido per l\u2019anno pedagogico 2023\/2024."}]},{"@type":"WebSite","@id":"https:\/\/www.rijeka.hr\/it\/#website","url":"https:\/\/www.rijeka.hr\/it\/","name":"Citt\u00e0 di Fiume","description":"Portale web della Citta&#039; di Fiume","potentialAction":[{"@type":"SearchAction","target":{"@type":"EntryPoint","urlTemplate":"https:\/\/www.rijeka.hr\/it\/?s={search_term_string}"},"query-input":{"@type":"PropertyValueSpecification","valueRequired":true,"valueName":"search_term_string"}}],"inLanguage":"it-IT"},{"@type":"Person","@id":"https:\/\/www.rijeka.hr\/it\/#\/schema\/person\/f944eacc70b6a69bc142d9389862b37b","name":"sradovic","image":{"@type":"ImageObject","inLanguage":"it-IT","@id":"https:\/\/www.rijeka.hr\/it\/#\/schema\/person\/image\/","url":"https:\/\/secure.gravatar.com\/avatar\/d438b95983d528813c6fe2e5812a4188?s=96&d=mm&r=g","contentUrl":"https:\/\/secure.gravatar.com\/avatar\/d438b95983d528813c6fe2e5812a4188?s=96&d=mm&r=g","caption":"sradovic"},"url":"https:\/\/www.rijeka.hr\/it\/author\/sradovic\/"}]}},"_links":{"self":[{"href":"https:\/\/www.rijeka.hr\/it\/wp-json\/wp\/v2\/posts\/19251","targetHints":{"allow":["GET"]}}],"collection":[{"href":"https:\/\/www.rijeka.hr\/it\/wp-json\/wp\/v2\/posts"}],"about":[{"href":"https:\/\/www.rijeka.hr\/it\/wp-json\/wp\/v2\/types\/post"}],"author":[{"embeddable":true,"href":"https:\/\/www.rijeka.hr\/it\/wp-json\/wp\/v2\/users\/8"}],"replies":[{"embeddable":true,"href":"https:\/\/www.rijeka.hr\/it\/wp-json\/wp\/v2\/comments?post=19251"}],"version-history":[{"count":2,"href":"https:\/\/www.rijeka.hr\/it\/wp-json\/wp\/v2\/posts\/19251\/revisions"}],"predecessor-version":[{"id":19254,"href":"https:\/\/www.rijeka.hr\/it\/wp-json\/wp\/v2\/posts\/19251\/revisions\/19254"}],"wp:featuredmedia":[{"embeddable":true,"href":"https:\/\/www.rijeka.hr\/it\/wp-json\/wp\/v2\/media\/19252"}],"wp:attachment":[{"href":"https:\/\/www.rijeka.hr\/it\/wp-json\/wp\/v2\/media?parent=19251"}],"wp:term":[{"taxonomy":"category","embeddable":true,"href":"https:\/\/www.rijeka.hr\/it\/wp-json\/wp\/v2\/categories?post=19251"},{"taxonomy":"post_tag","embeddable":true,"href":"https:\/\/www.rijeka.hr\/it\/wp-json\/wp\/v2\/tags?post=19251"}],"curies":[{"name":"wp","href":"https:\/\/api.w.org\/{rel}","templated":true}]}}