{"id":19329,"date":"2024-10-03T19:55:30","date_gmt":"2024-10-03T17:55:30","guid":{"rendered":"https:\/\/www.rijeka.hr\/it\/?p=19329"},"modified":"2024-12-12T13:55:56","modified_gmt":"2024-12-12T12:55:56","slug":"sostegno-alla-celebrazione-della-giornata-mondiale-dellinsegnante-un-ringraziamento-tutti-gli-insegnanti-per-il-loro-lavoro","status":"publish","type":"post","link":"https:\/\/www.rijeka.hr\/it\/sostegno-alla-celebrazione-della-giornata-mondiale-dellinsegnante-un-ringraziamento-tutti-gli-insegnanti-per-il-loro-lavoro\/","title":{"rendered":"Sostegno alla celebrazione della Giornata mondiale dell\u2019insegnante, un ringraziamento a tutti gli insegnanti per il loro lavoro"},"content":{"rendered":"<p>La Giornata mondiale dell\u2019insegnante viene solennemente celebrata gi\u00e0 da lunghi anni a livello nazionale, come pure in alcune Regioni e Citt\u00e0, con la presentazione dei risultati del lavoro degli insegnanti e con appositi programmi. Obiettivo della celebrazione \u00e8 evidenziare l\u2019importanza del lavoro di tutti gli insegnanti, docenti, educatori e collaboratori professionali negli asili e nelle scuole, il loro ruolo nello sviluppo della societ\u00e0 nel suo insieme, l\u2019importanza della professione degli insegnanti, ma anche dell\u2019istruzione della quale sono i portatori. Svolgendo una delle professioni contraddistinte da un alto carico di responsabilit\u00e0 e impegno, gli insegnanti danno un contributo all\u2019obiettivo auspicato da tutti \u2013 la societ\u00e0 del sapere. La Giornata mondiale dell\u2019insegnante si celebrer\u00e0 a Fiume con il tradizionale incontro con gli operatori didattici e con i dipendenti degli asili e delle scuole elementari della Citt\u00e0 di Fiume che nello scorso anno pedagogico, ovvero scolastico, sono andati in meritata pensione.<\/p>\n<p>Il sindaco ha sostenuto la proposta di decisione sulla concessione dell\u2019assenso preventivo allo Statuto del Teatro dei burattini di Fiume e lo ha trasmesso al Consiglio municipale per il dibattito e l\u2019approvazione. \u00c8 stato approvato il Resoconto annuale unificato sui controlli effettuati in loco nella Citt\u00e0 di Fiume per il 2022.<\/p>\n<p>\u00c8 stata approvata la decisione con la quale si assicura il supporto tecnico per la realizzazione e l\u2019organizzazione della fiera Rijeka Boat Show, che si svolge a Fiume dal 5 all\u20198 ottobre.<\/p>\n","protected":false},"excerpt":{"rendered":"<p>Nel corso del 43\u00ba collegio, il sindaco di Fiume Marko Filipovi\u0107 ha approvato la conclusione sulle modalit\u00e0 di celebrazione della Giornata mondiale dell\u2019insegnante, il 5 ottobre<\/p>\n","protected":false},"author":8,"featured_media":19330,"comment_status":"open","ping_status":"open","sticky":false,"template":"","format":"standard","meta":{"_acf_changed":false,"_trash_the_other_posts":false,"footnotes":"","_links_to":"","_links_to_target":""},"categories":[416],"tags":[487],"class_list":["post-19329","post","type-post","status-publish","format-standard","has-post-thumbnail","hentry","category-collegio-del-sindaco","tag-collegio-del-sindaco"],"acf":[],"yoast_head":"<!-- This site is optimized with the Yoast SEO plugin v24.4 - https:\/\/yoast.com\/wordpress\/plugins\/seo\/ -->\n<title>Sostegno alla celebrazione della Giornata mondiale dell\u2019insegnante, un ringraziamento a tutti gli insegnanti per il loro lavoro - Citt\u00e0 di Fiume<\/title>\n<meta name=\"robots\" content=\"index, follow, max-snippet:-1, max-image-preview:large, max-video-preview:-1\" \/>\n<link rel=\"canonical\" href=\"https:\/\/www.rijeka.hr\/it\/sostegno-alla-celebrazione-della-giornata-mondiale-dellinsegnante-un-ringraziamento-tutti-gli-insegnanti-per-il-loro-lavoro\/\" \/>\n<meta property=\"og:locale\" content=\"it_IT\" \/>\n<meta property=\"og:type\" content=\"article\" \/>\n<meta property=\"og:title\" content=\"Sostegno alla celebrazione della Giornata mondiale dell\u2019insegnante, un ringraziamento a tutti gli insegnanti per il loro lavoro - Citt\u00e0 di Fiume\" \/>\n<meta property=\"og:description\" content=\"Nel corso del 43\u00ba collegio, il sindaco di Fiume Marko Filipovi\u0107 ha approvato la conclusione sulle modalit\u00e0 di celebrazione della Giornata mondiale dell\u2019insegnante, il 5 ottobre\" \/>\n<meta property=\"og:url\" content=\"https:\/\/www.rijeka.hr\/it\/sostegno-alla-celebrazione-della-giornata-mondiale-dellinsegnante-un-ringraziamento-tutti-gli-insegnanti-per-il-loro-lavoro\/\" \/>\n<meta property=\"og:site_name\" content=\"Citt\u00e0 di Fiume\" \/>\n<meta property=\"article:published_time\" content=\"2024-10-03T17:55:30+00:00\" \/>\n<meta property=\"article:modified_time\" content=\"2024-12-12T12:55:56+00:00\" \/>\n<meta property=\"og:image\" content=\"https:\/\/www.rijeka.hr\/it\/wp-content\/uploads\/sites\/3\/2024\/12\/Svjetski-dan-ucitelja-2023.jpg\" \/>\n\t<meta property=\"og:image:width\" content=\"610\" \/>\n\t<meta property=\"og:image:height\" content=\"381\" \/>\n\t<meta property=\"og:image:type\" content=\"image\/jpeg\" \/>\n<meta name=\"author\" content=\"sradovic\" \/>\n<meta name=\"twitter:card\" content=\"summary_large_image\" \/>\n<meta name=\"twitter:label1\" content=\"Written by\" \/>\n\t<meta name=\"twitter:data1\" content=\"sradovic\" \/>\n\t<meta name=\"twitter:label2\" content=\"Est. reading time\" \/>\n\t<meta name=\"twitter:data2\" content=\"1 minute\" \/>\n<script type=\"application\/ld+json\" class=\"yoast-schema-graph\">{\"@context\":\"https:\/\/schema.org\",\"@graph\":[{\"@type\":\"WebPage\",\"@id\":\"https:\/\/www.rijeka.hr\/it\/sostegno-alla-celebrazione-della-giornata-mondiale-dellinsegnante-un-ringraziamento-tutti-gli-insegnanti-per-il-loro-lavoro\/\",\"url\":\"https:\/\/www.rijeka.hr\/it\/sostegno-alla-celebrazione-della-giornata-mondiale-dellinsegnante-un-ringraziamento-tutti-gli-insegnanti-per-il-loro-lavoro\/\",\"name\":\"Sostegno alla celebrazione della Giornata mondiale dell\u2019insegnante, un ringraziamento a tutti gli insegnanti per il loro lavoro - Citt\u00e0 di Fiume\",\"isPartOf\":{\"@id\":\"https:\/\/www.rijeka.hr\/it\/#website\"},\"primaryImageOfPage\":{\"@id\":\"https:\/\/www.rijeka.hr\/it\/sostegno-alla-celebrazione-della-giornata-mondiale-dellinsegnante-un-ringraziamento-tutti-gli-insegnanti-per-il-loro-lavoro\/#primaryimage\"},\"image\":{\"@id\":\"https:\/\/www.rijeka.hr\/it\/sostegno-alla-celebrazione-della-giornata-mondiale-dellinsegnante-un-ringraziamento-tutti-gli-insegnanti-per-il-loro-lavoro\/#primaryimage\"},\"thumbnailUrl\":\"https:\/\/www.rijeka.hr\/it\/wp-content\/uploads\/sites\/3\/2024\/12\/Svjetski-dan-ucitelja-2023.jpg\",\"datePublished\":\"2024-10-03T17:55:30+00:00\",\"dateModified\":\"2024-12-12T12:55:56+00:00\",\"author\":{\"@id\":\"https:\/\/www.rijeka.hr\/it\/#\/schema\/person\/f944eacc70b6a69bc142d9389862b37b\"},\"breadcrumb\":{\"@id\":\"https:\/\/www.rijeka.hr\/it\/sostegno-alla-celebrazione-della-giornata-mondiale-dellinsegnante-un-ringraziamento-tutti-gli-insegnanti-per-il-loro-lavoro\/#breadcrumb\"},\"inLanguage\":\"it-IT\",\"potentialAction\":[{\"@type\":\"ReadAction\",\"target\":[\"https:\/\/www.rijeka.hr\/it\/sostegno-alla-celebrazione-della-giornata-mondiale-dellinsegnante-un-ringraziamento-tutti-gli-insegnanti-per-il-loro-lavoro\/\"]}]},{\"@type\":\"ImageObject\",\"inLanguage\":\"it-IT\",\"@id\":\"https:\/\/www.rijeka.hr\/it\/sostegno-alla-celebrazione-della-giornata-mondiale-dellinsegnante-un-ringraziamento-tutti-gli-insegnanti-per-il-loro-lavoro\/#primaryimage\",\"url\":\"https:\/\/www.rijeka.hr\/it\/wp-content\/uploads\/sites\/3\/2024\/12\/Svjetski-dan-ucitelja-2023.jpg\",\"contentUrl\":\"https:\/\/www.rijeka.hr\/it\/wp-content\/uploads\/sites\/3\/2024\/12\/Svjetski-dan-ucitelja-2023.jpg\",\"width\":610,\"height\":381,\"caption\":\"Svjetski dan ucitelja 2023\"},{\"@type\":\"BreadcrumbList\",\"@id\":\"https:\/\/www.rijeka.hr\/it\/sostegno-alla-celebrazione-della-giornata-mondiale-dellinsegnante-un-ringraziamento-tutti-gli-insegnanti-per-il-loro-lavoro\/#breadcrumb\",\"itemListElement\":[{\"@type\":\"ListItem\",\"position\":1,\"name\":\"Po\u010detna stranica\",\"item\":\"https:\/\/www.rijeka.hr\/it\/\"},{\"@type\":\"ListItem\",\"position\":2,\"name\":\"Sostegno alla celebrazione della Giornata mondiale dell\u2019insegnante, un ringraziamento a tutti gli insegnanti per il loro lavoro\"}]},{\"@type\":\"WebSite\",\"@id\":\"https:\/\/www.rijeka.hr\/it\/#website\",\"url\":\"https:\/\/www.rijeka.hr\/it\/\",\"name\":\"Citt\u00e0 di Fiume\",\"description\":\"Portale web della Citta&#039; di Fiume\",\"potentialAction\":[{\"@type\":\"SearchAction\",\"target\":{\"@type\":\"EntryPoint\",\"urlTemplate\":\"https:\/\/www.rijeka.hr\/it\/?s={search_term_string}\"},\"query-input\":{\"@type\":\"PropertyValueSpecification\",\"valueRequired\":true,\"valueName\":\"search_term_string\"}}],\"inLanguage\":\"it-IT\"},{\"@type\":\"Person\",\"@id\":\"https:\/\/www.rijeka.hr\/it\/#\/schema\/person\/f944eacc70b6a69bc142d9389862b37b\",\"name\":\"sradovic\",\"image\":{\"@type\":\"ImageObject\",\"inLanguage\":\"it-IT\",\"@id\":\"https:\/\/www.rijeka.hr\/it\/#\/schema\/person\/image\/\",\"url\":\"https:\/\/secure.gravatar.com\/avatar\/d438b95983d528813c6fe2e5812a4188?s=96&d=mm&r=g\",\"contentUrl\":\"https:\/\/secure.gravatar.com\/avatar\/d438b95983d528813c6fe2e5812a4188?s=96&d=mm&r=g\",\"caption\":\"sradovic\"},\"url\":\"https:\/\/www.rijeka.hr\/it\/author\/sradovic\/\"}]}<\/script>\n<!-- \/ Yoast SEO plugin. -->","yoast_head_json":{"title":"Sostegno alla celebrazione della Giornata mondiale dell\u2019insegnante, un ringraziamento a tutti gli insegnanti per il loro lavoro - Citt\u00e0 di Fiume","robots":{"index":"index","follow":"follow","max-snippet":"max-snippet:-1","max-image-preview":"max-image-preview:large","max-video-preview":"max-video-preview:-1"},"canonical":"https:\/\/www.rijeka.hr\/it\/sostegno-alla-celebrazione-della-giornata-mondiale-dellinsegnante-un-ringraziamento-tutti-gli-insegnanti-per-il-loro-lavoro\/","og_locale":"it_IT","og_type":"article","og_title":"Sostegno alla celebrazione della Giornata mondiale dell\u2019insegnante, un ringraziamento a tutti gli insegnanti per il loro lavoro - Citt\u00e0 di Fiume","og_description":"Nel corso del 43\u00ba collegio, il sindaco di Fiume Marko Filipovi\u0107 ha approvato la conclusione sulle modalit\u00e0 di celebrazione della Giornata mondiale dell\u2019insegnante, il 5 ottobre","og_url":"https:\/\/www.rijeka.hr\/it\/sostegno-alla-celebrazione-della-giornata-mondiale-dellinsegnante-un-ringraziamento-tutti-gli-insegnanti-per-il-loro-lavoro\/","og_site_name":"Citt\u00e0 di Fiume","article_published_time":"2024-10-03T17:55:30+00:00","article_modified_time":"2024-12-12T12:55:56+00:00","og_image":[{"width":610,"height":381,"url":"https:\/\/www.rijeka.hr\/it\/wp-content\/uploads\/sites\/3\/2024\/12\/Svjetski-dan-ucitelja-2023.jpg","type":"image\/jpeg"}],"author":"sradovic","twitter_card":"summary_large_image","twitter_misc":{"Written by":"sradovic","Est. reading time":"1 minute"},"schema":{"@context":"https:\/\/schema.org","@graph":[{"@type":"WebPage","@id":"https:\/\/www.rijeka.hr\/it\/sostegno-alla-celebrazione-della-giornata-mondiale-dellinsegnante-un-ringraziamento-tutti-gli-insegnanti-per-il-loro-lavoro\/","url":"https:\/\/www.rijeka.hr\/it\/sostegno-alla-celebrazione-della-giornata-mondiale-dellinsegnante-un-ringraziamento-tutti-gli-insegnanti-per-il-loro-lavoro\/","name":"Sostegno alla celebrazione della Giornata mondiale dell\u2019insegnante, un ringraziamento a tutti gli insegnanti per il loro lavoro - Citt\u00e0 di Fiume","isPartOf":{"@id":"https:\/\/www.rijeka.hr\/it\/#website"},"primaryImageOfPage":{"@id":"https:\/\/www.rijeka.hr\/it\/sostegno-alla-celebrazione-della-giornata-mondiale-dellinsegnante-un-ringraziamento-tutti-gli-insegnanti-per-il-loro-lavoro\/#primaryimage"},"image":{"@id":"https:\/\/www.rijeka.hr\/it\/sostegno-alla-celebrazione-della-giornata-mondiale-dellinsegnante-un-ringraziamento-tutti-gli-insegnanti-per-il-loro-lavoro\/#primaryimage"},"thumbnailUrl":"https:\/\/www.rijeka.hr\/it\/wp-content\/uploads\/sites\/3\/2024\/12\/Svjetski-dan-ucitelja-2023.jpg","datePublished":"2024-10-03T17:55:30+00:00","dateModified":"2024-12-12T12:55:56+00:00","author":{"@id":"https:\/\/www.rijeka.hr\/it\/#\/schema\/person\/f944eacc70b6a69bc142d9389862b37b"},"breadcrumb":{"@id":"https:\/\/www.rijeka.hr\/it\/sostegno-alla-celebrazione-della-giornata-mondiale-dellinsegnante-un-ringraziamento-tutti-gli-insegnanti-per-il-loro-lavoro\/#breadcrumb"},"inLanguage":"it-IT","potentialAction":[{"@type":"ReadAction","target":["https:\/\/www.rijeka.hr\/it\/sostegno-alla-celebrazione-della-giornata-mondiale-dellinsegnante-un-ringraziamento-tutti-gli-insegnanti-per-il-loro-lavoro\/"]}]},{"@type":"ImageObject","inLanguage":"it-IT","@id":"https:\/\/www.rijeka.hr\/it\/sostegno-alla-celebrazione-della-giornata-mondiale-dellinsegnante-un-ringraziamento-tutti-gli-insegnanti-per-il-loro-lavoro\/#primaryimage","url":"https:\/\/www.rijeka.hr\/it\/wp-content\/uploads\/sites\/3\/2024\/12\/Svjetski-dan-ucitelja-2023.jpg","contentUrl":"https:\/\/www.rijeka.hr\/it\/wp-content\/uploads\/sites\/3\/2024\/12\/Svjetski-dan-ucitelja-2023.jpg","width":610,"height":381,"caption":"Svjetski dan ucitelja 2023"},{"@type":"BreadcrumbList","@id":"https:\/\/www.rijeka.hr\/it\/sostegno-alla-celebrazione-della-giornata-mondiale-dellinsegnante-un-ringraziamento-tutti-gli-insegnanti-per-il-loro-lavoro\/#breadcrumb","itemListElement":[{"@type":"ListItem","position":1,"name":"Po\u010detna stranica","item":"https:\/\/www.rijeka.hr\/it\/"},{"@type":"ListItem","position":2,"name":"Sostegno alla celebrazione della Giornata mondiale dell\u2019insegnante, un ringraziamento a tutti gli insegnanti per il loro lavoro"}]},{"@type":"WebSite","@id":"https:\/\/www.rijeka.hr\/it\/#website","url":"https:\/\/www.rijeka.hr\/it\/","name":"Citt\u00e0 di Fiume","description":"Portale web della Citta&#039; di Fiume","potentialAction":[{"@type":"SearchAction","target":{"@type":"EntryPoint","urlTemplate":"https:\/\/www.rijeka.hr\/it\/?s={search_term_string}"},"query-input":{"@type":"PropertyValueSpecification","valueRequired":true,"valueName":"search_term_string"}}],"inLanguage":"it-IT"},{"@type":"Person","@id":"https:\/\/www.rijeka.hr\/it\/#\/schema\/person\/f944eacc70b6a69bc142d9389862b37b","name":"sradovic","image":{"@type":"ImageObject","inLanguage":"it-IT","@id":"https:\/\/www.rijeka.hr\/it\/#\/schema\/person\/image\/","url":"https:\/\/secure.gravatar.com\/avatar\/d438b95983d528813c6fe2e5812a4188?s=96&d=mm&r=g","contentUrl":"https:\/\/secure.gravatar.com\/avatar\/d438b95983d528813c6fe2e5812a4188?s=96&d=mm&r=g","caption":"sradovic"},"url":"https:\/\/www.rijeka.hr\/it\/author\/sradovic\/"}]}},"_links":{"self":[{"href":"https:\/\/www.rijeka.hr\/it\/wp-json\/wp\/v2\/posts\/19329","targetHints":{"allow":["GET"]}}],"collection":[{"href":"https:\/\/www.rijeka.hr\/it\/wp-json\/wp\/v2\/posts"}],"about":[{"href":"https:\/\/www.rijeka.hr\/it\/wp-json\/wp\/v2\/types\/post"}],"author":[{"embeddable":true,"href":"https:\/\/www.rijeka.hr\/it\/wp-json\/wp\/v2\/users\/8"}],"replies":[{"embeddable":true,"href":"https:\/\/www.rijeka.hr\/it\/wp-json\/wp\/v2\/comments?post=19329"}],"version-history":[{"count":1,"href":"https:\/\/www.rijeka.hr\/it\/wp-json\/wp\/v2\/posts\/19329\/revisions"}],"predecessor-version":[{"id":19331,"href":"https:\/\/www.rijeka.hr\/it\/wp-json\/wp\/v2\/posts\/19329\/revisions\/19331"}],"wp:featuredmedia":[{"embeddable":true,"href":"https:\/\/www.rijeka.hr\/it\/wp-json\/wp\/v2\/media\/19330"}],"wp:attachment":[{"href":"https:\/\/www.rijeka.hr\/it\/wp-json\/wp\/v2\/media?parent=19329"}],"wp:term":[{"taxonomy":"category","embeddable":true,"href":"https:\/\/www.rijeka.hr\/it\/wp-json\/wp\/v2\/categories?post=19329"},{"taxonomy":"post_tag","embeddable":true,"href":"https:\/\/www.rijeka.hr\/it\/wp-json\/wp\/v2\/tags?post=19329"}],"curies":[{"name":"wp","href":"https:\/\/api.w.org\/{rel}","templated":true}]}}